{"id":210828,"date":"2024-10-15T09:50:14","date_gmt":"2024-10-15T13:50:14","guid":{"rendered":"https:\/\/www.manaus.am.gov.br\/semasc\/?p=210828"},"modified":"2024-11-04T09:43:18","modified_gmt":"2024-11-04T13:43:18","slug":"prefeitura-participa-de-encontro-para-debater-acoes-de-atendimento-a-populacao-de-rua","status":"publish","type":"post","link":"https:\/\/www.manaus.am.gov.br\/semasc\/prefeitura-participa-de-encontro-para-debater-acoes-de-atendimento-a-populacao-de-rua\/","title":{"rendered":"Prefeitura participa de encontro para debater a\u00e7\u00f5es de atendimento \u00e0 popula\u00e7\u00e3o de rua"},"content":{"rendered":"\n<p>A Prefeitura de Manaus, por meio da Secretaria Municipal da Mulher, Assist\u00eancia Social e Cidadania (Semasc), participa, nesta semana, da 12\u00aa Reuni\u00e3o Ordin\u00e1ria do Comit\u00ea Intersetorial de Acompanhamento e Monitoramento da Pol\u00edtica Nacional para Popula\u00e7\u00e3o em Situa\u00e7\u00e3o de Rua (Ciamp-Rua).<\/p>\n\n\n\n<p>A abertura dos debates ocorreu nesta ter\u00e7a-feira, 24\/9, no audit\u00f3rio do Instituto Le\u00f4nidas e Maria Deane (ILMD\/Fiocruz Amaz\u00f4nia), na zona Centro-Sul, onde se reuniram representantes do governo federal, autoridades municipais e estaduais e Organiza\u00e7\u00f5es da Sociedade Civil dos sete estados da regi\u00e3o Norte do pa\u00eds.<\/p>\n\n\n\n<p>As discuss\u00f5es levantadas pelo encontro s\u00e3o de fundamental import\u00e2ncia para a gest\u00e3o municipal, que atualmente trabalha na elabora\u00e7\u00e3o de um plano municipal de pol\u00edticas p\u00fablicas voltadas para a popula\u00e7\u00e3o em situa\u00e7\u00e3o de rua da capital amazonense, como destaca a subsecret\u00e1ria de Pol\u00edticas Afirmativas para Mulheres e Direitos Humanos da Semasc e coordenadora do Ciamp-Manaus, Gra\u00e7a Prola.<\/p>\n\n\n\n<p>\u201cHoje vamos ouvir as experi\u00eancias de outros munic\u00edpios e estados, com uma participa\u00e7\u00e3o muito bem-vinda da sociedade civil no debate, para que possamos dar continuidade ao trabalho que estamos desenvolvendo. \u00c9 um evento muito importante para a regi\u00e3o Norte e para o munic\u00edpio de Manaus, que poder\u00e1 contribuir de maneira positiva para a qualifica\u00e7\u00e3o de pol\u00edticas voltadas a essa popula\u00e7\u00e3o\u201d, explicou.&nbsp;<\/p>\n\n\n\n<p>Coordenador-geral do Ciamp-Rua, Anderson Miranda Lopes, que tamb\u00e9m assume o posto de mediador dos debates ao longo dos tr\u00eas dias de evento, ressaltou a import\u00e2ncia do di\u00e1logo cont\u00ednuo para que as demandas da popula\u00e7\u00e3o de rua possam ser ouvidas com precis\u00e3o e de acordo com as possibilidades de cada munic\u00edpio e estado.<\/p>\n\n\n\n<p>\u201c\u00c9 um di\u00e1logo promovido para que todos os agentes envolvidos nesta pol\u00edtica, do governo e da sociedade civil, possam discutir, ser ouvidos e desenvolv\u00ea-la cada vez mais, desta vez com o enfoque na regi\u00e3o Norte do Brasil\u201d, finalizou.<\/p>\n\n\n\n<p>A programa\u00e7\u00e3o do evento, bem como a participa\u00e7\u00e3o da Prefeitura de Manaus, segue at\u00e9 a quinta-feira, 26\/9. Na quarta-feira, 26\/9, ainda ocorre a assinatura do Termo de Compromisso do munic\u00edpio de Manaus para a elabora\u00e7\u00e3o e publica\u00e7\u00e3o do plano municipal de pol\u00edticas voltadas para pessoas em situa\u00e7\u00e3o de rua.<\/p>\n\n\n\n<p><strong>\u2013 \u2013 \u2013<\/strong><\/p>\n\n\n\n<p><strong>Texto: <\/strong>\u00a0Guilherme Pacheco \/ Semasc<\/p>\n\n\n\n<p><strong>Fotos: <\/strong>Diego Lima \/ Semasc<\/p>\n","protected":false},"excerpt":{"rendered":"","protected":false},"author":56,"featured_media":210829,"comment_status":"closed","ping_status":"closed","sticky":false,"template":"","format":"standard","meta":{"footnotes":""},"categories":[272],"tags":[797,7,18],"acf":[],"yoast_head":"<!-- This site is optimized with the Yoast SEO plugin v23.0 - https:\/\/yoast.com\/wordpress\/plugins\/seo\/ -->\n<title>Prefeitura participa de encontro para debater a\u00e7\u00f5es de atendimento \u00e0 popula\u00e7\u00e3o de rua - SEMASC<\/title>\n<meta name=\"robots\" content=\"noindex, follow\" \/>\n<meta property=\"og:locale\" content=\"pt_BR\" \/>\n<meta property=\"og:type\" content=\"article\" \/>\n<meta property=\"og:title\" content=\"Prefeitura participa de encontro para debater a\u00e7\u00f5es de atendimento \u00e0 popula\u00e7\u00e3o de rua - SEMASC\" \/>\n<meta property=\"og:url\" content=\"https:\/\/www.manaus.am.gov.br\/semasc\/prefeitura-participa-de-encontro-para-debater-acoes-de-atendimento-a-populacao-de-rua\/\" \/>\n<meta property=\"og:site_name\" content=\"SEMASC\" \/>\n<meta property=\"article:publisher\" content=\"https:\/\/www.facebook.com\/semascmanaus\" \/>\n<meta property=\"article:published_time\" content=\"2024-10-15T13:50:14+00:00\" \/>\n<meta property=\"article:modified_time\" content=\"2024-11-04T13:43:18+00:00\" \/>\n<meta property=\"og:image\" content=\"https:\/\/www.manaus.am.gov.br\/semasc\/wp-content\/uploads\/sites\/17\/2024\/10\/IMG_2958-1024x683.jpg\" \/>\n\t<meta property=\"og:image:width\" content=\"1024\" \/>\n\t<meta property=\"og:image:height\" content=\"683\" \/>\n\t<meta property=\"og:image:type\" content=\"image\/jpeg\" \/>\n<meta name=\"author\" content=\"leofierro\" \/>\n<meta name=\"twitter:card\" content=\"summary_large_image\" \/>\n<meta name=\"twitter:label1\" content=\"Written by\" \/>\n\t<meta name=\"twitter:data1\" content=\"leofierro\" \/>\n\t<meta name=\"twitter:label2\" content=\"Est. reading time\" \/>\n\t<meta name=\"twitter:data2\" content=\"3 minutos\" \/>\n<script type=\"application\/ld+json\" class=\"yoast-schema-graph\">{\"@context\":\"https:\/\/schema.org\",\"@graph\":[{\"@type\":\"Article\",\"@id\":\"https:\/\/www.manaus.am.gov.br\/semasc\/prefeitura-participa-de-encontro-para-debater-acoes-de-atendimento-a-populacao-de-rua\/#article\",\"isPartOf\":{\"@id\":\"https:\/\/www.manaus.am.gov.br\/semasc\/prefeitura-participa-de-encontro-para-debater-acoes-de-atendimento-a-populacao-de-rua\/\"},\"author\":{\"name\":\"leofierro\",\"@id\":\"https:\/\/www.manaus.am.gov.br\/semasc\/#\/schema\/person\/68c6a77f3dcf3f40a0d6e6ad5076718c\"},\"headline\":\"Prefeitura participa de encontro para debater a\u00e7\u00f5es de atendimento \u00e0 popula\u00e7\u00e3o de rua\",\"datePublished\":\"2024-10-15T13:50:14+00:00\",\"dateModified\":\"2024-11-04T13:43:18+00:00\",\"mainEntityOfPage\":{\"@id\":\"https:\/\/www.manaus.am.gov.br\/semasc\/prefeitura-participa-de-encontro-para-debater-acoes-de-atendimento-a-populacao-de-rua\/\"},\"wordCount\":411,\"publisher\":{\"@id\":\"https:\/\/www.manaus.am.gov.br\/semasc\/#organization\"},\"image\":{\"@id\":\"https:\/\/www.manaus.am.gov.br\/semasc\/prefeitura-participa-de-encontro-para-debater-acoes-de-atendimento-a-populacao-de-rua\/#primaryimage\"},\"thumbnailUrl\":\"https:\/\/www.manaus.am.gov.br\/semasc\/wp-content\/uploads\/sites\/17\/2024\/10\/IMG_2958.jpg\",\"keywords\":[\"MDHC\",\"prefeitura de manaus\",\"Semasc\"],\"articleSection\":[\"Reuni\u00e3o\"],\"inLanguage\":\"pt-BR\"},{\"@type\":\"WebPage\",\"@id\":\"https:\/\/www.manaus.am.gov.br\/semasc\/prefeitura-participa-de-encontro-para-debater-acoes-de-atendimento-a-populacao-de-rua\/\",\"url\":\"https:\/\/www.manaus.am.gov.br\/semasc\/prefeitura-participa-de-encontro-para-debater-acoes-de-atendimento-a-populacao-de-rua\/\",\"name\":\"Prefeitura participa de encontro para debater a\u00e7\u00f5es de atendimento \u00e0 popula\u00e7\u00e3o de rua - SEMASC\",\"isPartOf\":{\"@id\":\"https:\/\/www.manaus.am.gov.br\/semasc\/#website\"},\"primaryImageOfPage\":{\"@id\":\"https:\/\/www.manaus.am.gov.br\/semasc\/prefeitura-participa-de-encontro-para-debater-acoes-de-atendimento-a-populacao-de-rua\/#primaryimage\"},\"image\":{\"@id\":\"https:\/\/www.manaus.am.gov.br\/semasc\/prefeitura-participa-de-encontro-para-debater-acoes-de-atendimento-a-populacao-de-rua\/#primaryimage\"},\"thumbnailUrl\":\"https:\/\/www.manaus.am.gov.br\/semasc\/wp-content\/uploads\/sites\/17\/2024\/10\/IMG_2958.jpg\",\"datePublished\":\"2024-10-15T13:50:14+00:00\",\"dateModified\":\"2024-11-04T13:43:18+00:00\",\"breadcrumb\":{\"@id\":\"https:\/\/www.manaus.am.gov.br\/semasc\/prefeitura-participa-de-encontro-para-debater-acoes-de-atendimento-a-populacao-de-rua\/#breadcrumb\"},\"inLanguage\":\"pt-BR\",\"potentialAction\":[{\"@type\":\"ReadAction\",\"target\":[\"https:\/\/www.manaus.am.gov.br\/semasc\/prefeitura-participa-de-encontro-para-debater-acoes-de-atendimento-a-populacao-de-rua\/\"]}]},{\"@type\":\"ImageObject\",\"inLanguage\":\"pt-BR\",\"@id\":\"https:\/\/www.manaus.am.gov.br\/semasc\/prefeitura-participa-de-encontro-para-debater-acoes-de-atendimento-a-populacao-de-rua\/#primaryimage\",\"url\":\"https:\/\/www.manaus.am.gov.br\/semasc\/wp-content\/uploads\/sites\/17\/2024\/10\/IMG_2958.jpg\",\"contentUrl\":\"https:\/\/www.manaus.am.gov.br\/semasc\/wp-content\/uploads\/sites\/17\/2024\/10\/IMG_2958.jpg\",\"width\":2592,\"height\":1728},{\"@type\":\"BreadcrumbList\",\"@id\":\"https:\/\/www.manaus.am.gov.br\/semasc\/prefeitura-participa-de-encontro-para-debater-acoes-de-atendimento-a-populacao-de-rua\/#breadcrumb\",\"itemListElement\":[{\"@type\":\"ListItem\",\"position\":1,\"name\":\"Home\",\"item\":\"https:\/\/www.manaus.am.gov.br\/semasc\/\"},{\"@type\":\"ListItem\",\"position\":2,\"name\":\"Prefeitura participa de encontro para debater a\u00e7\u00f5es de atendimento \u00e0 popula\u00e7\u00e3o de rua\"}]},{\"@type\":\"WebSite\",\"@id\":\"https:\/\/www.manaus.am.gov.br\/semasc\/#website\",\"url\":\"https:\/\/www.manaus.am.gov.br\/semasc\/\",\"name\":\"SEMASC\",\"description\":\"Secretaria Municipal da Mulher, Assist\u00eancia Social e Cidadania.\",\"publisher\":{\"@id\":\"https:\/\/www.manaus.am.gov.br\/semasc\/#organization\"},\"alternateName\":\"Secretaria Municipal da Mulher, Assist\u00eancia Social e Cidadania\",\"potentialAction\":[{\"@type\":\"SearchAction\",\"target\":{\"@type\":\"EntryPoint\",\"urlTemplate\":\"https:\/\/www.manaus.am.gov.br\/semasc\/?s={search_term_string}\"},\"query-input\":\"required name=search_term_string\"}],\"inLanguage\":\"pt-BR\"},{\"@type\":\"Organization\",\"@id\":\"https:\/\/www.manaus.am.gov.br\/semasc\/#organization\",\"name\":\"Prefeitura de Manaus\",\"alternateName\":\"Prefeitura Municipal de Manaus\",\"url\":\"https:\/\/www.manaus.am.gov.br\/semasc\/\",\"logo\":{\"@type\":\"ImageObject\",\"inLanguage\":\"pt-BR\",\"@id\":\"https:\/\/www.manaus.am.gov.br\/semasc\/#\/schema\/logo\/image\/\",\"url\":\"https:\/\/www.manaus.am.gov.br\/semasc\/wp-content\/uploads\/sites\/17\/2024\/07\/favicon.png\",\"contentUrl\":\"https:\/\/www.manaus.am.gov.br\/semasc\/wp-content\/uploads\/sites\/17\/2024\/07\/favicon.png\",\"width\":300,\"height\":300,\"caption\":\"Prefeitura de Manaus\"},\"image\":{\"@id\":\"https:\/\/www.manaus.am.gov.br\/semasc\/#\/schema\/logo\/image\/\"},\"sameAs\":[\"https:\/\/www.facebook.com\/semascmanaus\",\"https:\/\/www.instagram.com\/semascmanaus\/\"]},{\"@type\":\"Person\",\"@id\":\"https:\/\/www.manaus.am.gov.br\/semasc\/#\/schema\/person\/68c6a77f3dcf3f40a0d6e6ad5076718c\",\"name\":\"leofierro\",\"image\":{\"@type\":\"ImageObject\",\"inLanguage\":\"pt-BR\",\"@id\":\"https:\/\/www.manaus.am.gov.br\/semasc\/#\/schema\/person\/image\/\",\"url\":\"https:\/\/secure.gravatar.com\/avatar\/30d8783eede7767036ae574037a3f2de?s=96&d=mm&r=g\",\"contentUrl\":\"https:\/\/secure.gravatar.com\/avatar\/30d8783eede7767036ae574037a3f2de?s=96&d=mm&r=g\",\"caption\":\"leofierro\"}}]}<\/script>\n<!-- \/ Yoast SEO plugin. -->","yoast_head_json":{"title":"Prefeitura participa de encontro para debater a\u00e7\u00f5es de atendimento \u00e0 popula\u00e7\u00e3o de rua - SEMASC","robots":{"index":"noindex","follow":"follow"},"og_locale":"pt_BR","og_type":"article","og_title":"Prefeitura participa de encontro para debater a\u00e7\u00f5es de atendimento \u00e0 popula\u00e7\u00e3o de rua - SEMASC","og_url":"https:\/\/www.manaus.am.gov.br\/semasc\/prefeitura-participa-de-encontro-para-debater-acoes-de-atendimento-a-populacao-de-rua\/","og_site_name":"SEMASC","article_publisher":"https:\/\/www.facebook.com\/semascmanaus","article_published_time":"2024-10-15T13:50:14+00:00","article_modified_time":"2024-11-04T13:43:18+00:00","og_image":[{"width":1024,"height":683,"url":"https:\/\/www.manaus.am.gov.br\/semasc\/wp-content\/uploads\/sites\/17\/2024\/10\/IMG_2958-1024x683.jpg","type":"image\/jpeg"}],"author":"leofierro","twitter_card":"summary_large_image","twitter_misc":{"Written by":"leofierro","Est. reading time":"3 minutos"},"schema":{"@context":"https:\/\/schema.org","@graph":[{"@type":"Article","@id":"https:\/\/www.manaus.am.gov.br\/semasc\/prefeitura-participa-de-encontro-para-debater-acoes-de-atendimento-a-populacao-de-rua\/#article","isPartOf":{"@id":"https:\/\/www.manaus.am.gov.br\/semasc\/prefeitura-participa-de-encontro-para-debater-acoes-de-atendimento-a-populacao-de-rua\/"},"author":{"name":"leofierro","@id":"https:\/\/www.manaus.am.gov.br\/semasc\/#\/schema\/person\/68c6a77f3dcf3f40a0d6e6ad5076718c"},"headline":"Prefeitura participa de encontro para debater a\u00e7\u00f5es de atendimento \u00e0 popula\u00e7\u00e3o de rua","datePublished":"2024-10-15T13:50:14+00:00","dateModified":"2024-11-04T13:43:18+00:00","mainEntityOfPage":{"@id":"https:\/\/www.manaus.am.gov.br\/semasc\/prefeitura-participa-de-encontro-para-debater-acoes-de-atendimento-a-populacao-de-rua\/"},"wordCount":411,"publisher":{"@id":"https:\/\/www.manaus.am.gov.br\/semasc\/#organization"},"image":{"@id":"https:\/\/www.manaus.am.gov.br\/semasc\/prefeitura-participa-de-encontro-para-debater-acoes-de-atendimento-a-populacao-de-rua\/#primaryimage"},"thumbnailUrl":"https:\/\/www.manaus.am.gov.br\/semasc\/wp-content\/uploads\/sites\/17\/2024\/10\/IMG_2958.jpg","keywords":["MDHC","prefeitura de manaus","Semasc"],"articleSection":["Reuni\u00e3o"],"inLanguage":"pt-BR"},{"@type":"WebPage","@id":"https:\/\/www.manaus.am.gov.br\/semasc\/prefeitura-participa-de-encontro-para-debater-acoes-de-atendimento-a-populacao-de-rua\/","url":"https:\/\/www.manaus.am.gov.br\/semasc\/prefeitura-participa-de-encontro-para-debater-acoes-de-atendimento-a-populacao-de-rua\/","name":"Prefeitura participa de encontro para debater a\u00e7\u00f5es de atendimento \u00e0 popula\u00e7\u00e3o de rua - SEMASC","isPartOf":{"@id":"https:\/\/www.manaus.am.gov.br\/semasc\/#website"},"primaryImageOfPage":{"@id":"https:\/\/www.manaus.am.gov.br\/semasc\/prefeitura-participa-de-encontro-para-debater-acoes-de-atendimento-a-populacao-de-rua\/#primaryimage"},"image":{"@id":"https:\/\/www.manaus.am.gov.br\/semasc\/prefeitura-participa-de-encontro-para-debater-acoes-de-atendimento-a-populacao-de-rua\/#primaryimage"},"thumbnailUrl":"https:\/\/www.manaus.am.gov.br\/semasc\/wp-content\/uploads\/sites\/17\/2024\/10\/IMG_2958.jpg","datePublished":"2024-10-15T13:50:14+00:00","dateModified":"2024-11-04T13:43:18+00:00","breadcrumb":{"@id":"https:\/\/www.manaus.am.gov.br\/semasc\/prefeitura-participa-de-encontro-para-debater-acoes-de-atendimento-a-populacao-de-rua\/#breadcrumb"},"inLanguage":"pt-BR","potentialAction":[{"@type":"ReadAction","target":["https:\/\/www.manaus.am.gov.br\/semasc\/prefeitura-participa-de-encontro-para-debater-acoes-de-atendimento-a-populacao-de-rua\/"]}]},{"@type":"ImageObject","inLanguage":"pt-BR","@id":"https:\/\/www.manaus.am.gov.br\/semasc\/prefeitura-participa-de-encontro-para-debater-acoes-de-atendimento-a-populacao-de-rua\/#primaryimage","url":"https:\/\/www.manaus.am.gov.br\/semasc\/wp-content\/uploads\/sites\/17\/2024\/10\/IMG_2958.jpg","contentUrl":"https:\/\/www.manaus.am.gov.br\/semasc\/wp-content\/uploads\/sites\/17\/2024\/10\/IMG_2958.jpg","width":2592,"height":1728},{"@type":"BreadcrumbList","@id":"https:\/\/www.manaus.am.gov.br\/semasc\/prefeitura-participa-de-encontro-para-debater-acoes-de-atendimento-a-populacao-de-rua\/#breadcrumb","itemListElement":[{"@type":"ListItem","position":1,"name":"Home","item":"https:\/\/www.manaus.am.gov.br\/semasc\/"},{"@type":"ListItem","position":2,"name":"Prefeitura participa de encontro para debater a\u00e7\u00f5es de atendimento \u00e0 popula\u00e7\u00e3o de rua"}]},{"@type":"WebSite","@id":"https:\/\/www.manaus.am.gov.br\/semasc\/#website","url":"https:\/\/www.manaus.am.gov.br\/semasc\/","name":"SEMASC","description":"Secretaria Municipal da Mulher, Assist\u00eancia Social e Cidadania.","publisher":{"@id":"https:\/\/www.manaus.am.gov.br\/semasc\/#organization"},"alternateName":"Secretaria Municipal da Mulher, Assist\u00eancia Social e Cidadania","potentialAction":[{"@type":"SearchAction","target":{"@type":"EntryPoint","urlTemplate":"https:\/\/www.manaus.am.gov.br\/semasc\/?s={search_term_string}"},"query-input":"required name=search_term_string"}],"inLanguage":"pt-BR"},{"@type":"Organization","@id":"https:\/\/www.manaus.am.gov.br\/semasc\/#organization","name":"Prefeitura de Manaus","alternateName":"Prefeitura Municipal de Manaus","url":"https:\/\/www.manaus.am.gov.br\/semasc\/","logo":{"@type":"ImageObject","inLanguage":"pt-BR","@id":"https:\/\/www.manaus.am.gov.br\/semasc\/#\/schema\/logo\/image\/","url":"https:\/\/www.manaus.am.gov.br\/semasc\/wp-content\/uploads\/sites\/17\/2024\/07\/favicon.png","contentUrl":"https:\/\/www.manaus.am.gov.br\/semasc\/wp-content\/uploads\/sites\/17\/2024\/07\/favicon.png","width":300,"height":300,"caption":"Prefeitura de Manaus"},"image":{"@id":"https:\/\/www.manaus.am.gov.br\/semasc\/#\/schema\/logo\/image\/"},"sameAs":["https:\/\/www.facebook.com\/semascmanaus","https:\/\/www.instagram.com\/semascmanaus\/"]},{"@type":"Person","@id":"https:\/\/www.manaus.am.gov.br\/semasc\/#\/schema\/person\/68c6a77f3dcf3f40a0d6e6ad5076718c","name":"leofierro","image":{"@type":"ImageObject","inLanguage":"pt-BR","@id":"https:\/\/www.manaus.am.gov.br\/semasc\/#\/schema\/person\/image\/","url":"https:\/\/secure.gravatar.com\/avatar\/30d8783eede7767036ae574037a3f2de?s=96&d=mm&r=g","contentUrl":"https:\/\/secure.gravatar.com\/avatar\/30d8783eede7767036ae574037a3f2de?s=96&d=mm&r=g","caption":"leofierro"}}]}},"_links":{"self":[{"href":"https:\/\/www.manaus.am.gov.br\/semasc\/wp-json\/wp\/v2\/posts\/210828"}],"collection":[{"href":"https:\/\/www.manaus.am.gov.br\/semasc\/wp-json\/wp\/v2\/posts"}],"about":[{"href":"https:\/\/www.manaus.am.gov.br\/semasc\/wp-json\/wp\/v2\/types\/post"}],"author":[{"embeddable":true,"href":"https:\/\/www.manaus.am.gov.br\/semasc\/wp-json\/wp\/v2\/users\/56"}],"replies":[{"embeddable":true,"href":"https:\/\/www.manaus.am.gov.br\/semasc\/wp-json\/wp\/v2\/comments?post=210828"}],"version-history":[{"count":1,"href":"https:\/\/www.manaus.am.gov.br\/semasc\/wp-json\/wp\/v2\/posts\/210828\/revisions"}],"predecessor-version":[{"id":210830,"href":"https:\/\/www.manaus.am.gov.br\/semasc\/wp-json\/wp\/v2\/posts\/210828\/revisions\/210830"}],"wp:featuredmedia":[{"embeddable":true,"href":"https:\/\/www.manaus.am.gov.br\/semasc\/wp-json\/wp\/v2\/media\/210829"}],"wp:attachment":[{"href":"https:\/\/www.manaus.am.gov.br\/semasc\/wp-json\/wp\/v2\/media?parent=210828"}],"wp:term":[{"taxonomy":"category","embeddable":true,"href":"https:\/\/www.manaus.am.gov.br\/semasc\/wp-json\/wp\/v2\/categories?post=210828"},{"taxonomy":"post_tag","embeddable":true,"href":"https:\/\/www.manaus.am.gov.br\/semasc\/wp-json\/wp\/v2\/tags?post=210828"}],"curies":[{"name":"wp","href":"https:\/\/api.w.org\/{rel}","templated":true}]}}