{"id":210824,"date":"2024-10-15T09:41:18","date_gmt":"2024-10-15T13:41:18","guid":{"rendered":"https:\/\/www.manaus.am.gov.br\/semasc\/?p=210824"},"modified":"2024-10-30T14:11:31","modified_gmt":"2024-10-30T18:11:31","slug":"prefeitura-de-manaus-promove-capacitacao-para-conselheiras-e-servidoras-da-rede-de-atendimento-as-mulheres","status":"publish","type":"post","link":"https:\/\/www.manaus.am.gov.br\/semasc\/prefeitura-de-manaus-promove-capacitacao-para-conselheiras-e-servidoras-da-rede-de-atendimento-as-mulheres\/","title":{"rendered":"Prefeitura de Manaus promove capacita\u00e7\u00e3o para conselheiras e servidoras da rede de atendimento \u00e0s mulheres"},"content":{"rendered":"\n<p>A Prefeitura de Manaus, por meio do Conselho Municipal dos Direitos da Mulher (CMDM) e da Secretaria Municipal da Mulher, Assist\u00eancia e Cidadania (Semasc), com o apoio da casa C\u00e1ritas Arquidiocesana, realizou, nesta sexta-feira, 20\/9, uma capacita\u00e7\u00e3o voltada \u00e0 forma\u00e7\u00e3o de novas conselheiras e \u00e0 qualifica\u00e7\u00e3o das servidoras da rede de atendimento \u00e0s mulheres do munic\u00edpio.<\/p>\n\n\n\n<p>O objetivo da capacita\u00e7\u00e3o \u00e9 abordar temas essenciais como igualdade de g\u00eanero, masculinidades, viola\u00e7\u00e3o de direitos e, especialmente, o papel das conselheiras e do Conselho como \u00f3rg\u00e3o de controle social. Esses temas s\u00e3o cruciais para fortalecer o atendimento e as pol\u00edticas p\u00fablicas voltadas para a prote\u00e7\u00e3o e empoderamento das mulheres.<\/p>\n\n\n\n<p>A presidente do CMDM e subsecret\u00e1ria de Pol\u00edticas Afirmativas para Mulheres e Direitos Humanos da Semasc, Gra\u00e7a Prola, destacou a import\u00e2ncia da forma\u00e7\u00e3o para aprimorar o atendimento \u00e0s demandas femininas na capital.<\/p>\n\n\n\n<p>\u201cEstamos aproveitando este evento para apresentar a rede de aten\u00e7\u00e3o \u00e0s mulheres do munic\u00edpio, permitindo que organiza\u00e7\u00f5es e \u00f3rg\u00e3os p\u00fablicos presentes possam se integrar e encaminhar as demandas \u00e0s inst\u00e2ncias adequadas. Nosso objetivo \u00e9 cobrir Manaus com a\u00e7\u00f5es afirmativas e preventivas, com foco especial no combate ao feminic\u00eddio\u201d, afirmou Prola.<\/p>\n\n\n\n<p>A iniciativa visa n\u00e3o apenas promover a conscientiza\u00e7\u00e3o, mas tamb\u00e9m criar uma rede mais eficiente e conectada para atender \u00e0s mulheres que enfrentam situa\u00e7\u00f5es de vulnerabilidade e viol\u00eancia, fortalecendo o compromisso da Prefeitura de Manaus com a prote\u00e7\u00e3o dos direitos das mulheres.<\/p>\n\n\n\n<p>\u2013 \u2013 \u2013<\/p>\n\n\n\n<p><strong>Texto: <\/strong>Maria Fernanda Rodrigues \/ Semasc<\/p>\n\n\n\n<p><strong>Fotos: <\/strong>\u00a0Diego Lima \/ Semasc<\/p>\n","protected":false},"excerpt":{"rendered":"","protected":false},"author":56,"featured_media":210825,"comment_status":"closed","ping_status":"closed","sticky":false,"template":"","format":"standard","meta":{"footnotes":""},"categories":[1019],"tags":[737,77,7],"acf":[],"yoast_head":"<!-- This site is optimized with the Yoast SEO plugin v23.0 - https:\/\/yoast.com\/wordpress\/plugins\/seo\/ -->\n<title>Prefeitura de Manaus promove capacita\u00e7\u00e3o para conselheiras e servidoras da rede de atendimento \u00e0s mulheres - SEMASC<\/title>\n<meta name=\"robots\" content=\"noindex, follow\" \/>\n<meta property=\"og:locale\" content=\"pt_BR\" \/>\n<meta property=\"og:type\" content=\"article\" \/>\n<meta property=\"og:title\" content=\"Prefeitura de Manaus promove capacita\u00e7\u00e3o para conselheiras e servidoras da rede de atendimento \u00e0s mulheres - SEMASC\" \/>\n<meta property=\"og:url\" content=\"https:\/\/www.manaus.am.gov.br\/semasc\/prefeitura-de-manaus-promove-capacitacao-para-conselheiras-e-servidoras-da-rede-de-atendimento-as-mulheres\/\" \/>\n<meta property=\"og:site_name\" content=\"SEMASC\" \/>\n<meta property=\"article:publisher\" content=\"https:\/\/www.facebook.com\/semascmanaus\" \/>\n<meta property=\"article:published_time\" content=\"2024-10-15T13:41:18+00:00\" \/>\n<meta property=\"article:modified_time\" content=\"2024-10-30T18:11:31+00:00\" \/>\n<meta property=\"og:image\" content=\"https:\/\/www.manaus.am.gov.br\/semasc\/wp-content\/uploads\/sites\/17\/2024\/10\/IMG_2750.jpg\" \/>\n\t<meta property=\"og:image:width\" content=\"2592\" \/>\n\t<meta property=\"og:image:height\" content=\"1728\" \/>\n\t<meta property=\"og:image:type\" content=\"image\/jpeg\" \/>\n<meta name=\"author\" content=\"leofierro\" \/>\n<meta name=\"twitter:card\" content=\"summary_large_image\" \/>\n<meta name=\"twitter:label1\" content=\"Written by\" \/>\n\t<meta name=\"twitter:data1\" content=\"leofierro\" \/>\n\t<meta name=\"twitter:label2\" content=\"Est. reading time\" \/>\n\t<meta name=\"twitter:data2\" content=\"2 minutos\" \/>\n<script type=\"application\/ld+json\" class=\"yoast-schema-graph\">{\"@context\":\"https:\/\/schema.org\",\"@graph\":[{\"@type\":\"Article\",\"@id\":\"https:\/\/www.manaus.am.gov.br\/semasc\/prefeitura-de-manaus-promove-capacitacao-para-conselheiras-e-servidoras-da-rede-de-atendimento-as-mulheres\/#article\",\"isPartOf\":{\"@id\":\"https:\/\/www.manaus.am.gov.br\/semasc\/prefeitura-de-manaus-promove-capacitacao-para-conselheiras-e-servidoras-da-rede-de-atendimento-as-mulheres\/\"},\"author\":{\"name\":\"leofierro\",\"@id\":\"https:\/\/www.manaus.am.gov.br\/semasc\/#\/schema\/person\/68c6a77f3dcf3f40a0d6e6ad5076718c\"},\"headline\":\"Prefeitura de Manaus promove capacita\u00e7\u00e3o para conselheiras e servidoras da rede de atendimento \u00e0s mulheres\",\"datePublished\":\"2024-10-15T13:41:18+00:00\",\"dateModified\":\"2024-10-30T18:11:31+00:00\",\"mainEntityOfPage\":{\"@id\":\"https:\/\/www.manaus.am.gov.br\/semasc\/prefeitura-de-manaus-promove-capacitacao-para-conselheiras-e-servidoras-da-rede-de-atendimento-as-mulheres\/\"},\"wordCount\":283,\"publisher\":{\"@id\":\"https:\/\/www.manaus.am.gov.br\/semasc\/#organization\"},\"image\":{\"@id\":\"https:\/\/www.manaus.am.gov.br\/semasc\/prefeitura-de-manaus-promove-capacitacao-para-conselheiras-e-servidoras-da-rede-de-atendimento-as-mulheres\/#primaryimage\"},\"thumbnailUrl\":\"https:\/\/www.manaus.am.gov.br\/semasc\/wp-content\/uploads\/sites\/17\/2024\/10\/IMG_2750.jpg\",\"keywords\":[\"Assist\u00eancia Social e Cidadania (Semasc)\",\"capacita\u00e7\u00e3o\",\"prefeitura de manaus\"],\"articleSection\":[\"Treinamento\"],\"inLanguage\":\"pt-BR\"},{\"@type\":\"WebPage\",\"@id\":\"https:\/\/www.manaus.am.gov.br\/semasc\/prefeitura-de-manaus-promove-capacitacao-para-conselheiras-e-servidoras-da-rede-de-atendimento-as-mulheres\/\",\"url\":\"https:\/\/www.manaus.am.gov.br\/semasc\/prefeitura-de-manaus-promove-capacitacao-para-conselheiras-e-servidoras-da-rede-de-atendimento-as-mulheres\/\",\"name\":\"Prefeitura de Manaus promove capacita\u00e7\u00e3o para conselheiras e servidoras da rede de atendimento \u00e0s mulheres - SEMASC\",\"isPartOf\":{\"@id\":\"https:\/\/www.manaus.am.gov.br\/semasc\/#website\"},\"primaryImageOfPage\":{\"@id\":\"https:\/\/www.manaus.am.gov.br\/semasc\/prefeitura-de-manaus-promove-capacitacao-para-conselheiras-e-servidoras-da-rede-de-atendimento-as-mulheres\/#primaryimage\"},\"image\":{\"@id\":\"https:\/\/www.manaus.am.gov.br\/semasc\/prefeitura-de-manaus-promove-capacitacao-para-conselheiras-e-servidoras-da-rede-de-atendimento-as-mulheres\/#primaryimage\"},\"thumbnailUrl\":\"https:\/\/www.manaus.am.gov.br\/semasc\/wp-content\/uploads\/sites\/17\/2024\/10\/IMG_2750.jpg\",\"datePublished\":\"2024-10-15T13:41:18+00:00\",\"dateModified\":\"2024-10-30T18:11:31+00:00\",\"breadcrumb\":{\"@id\":\"https:\/\/www.manaus.am.gov.br\/semasc\/prefeitura-de-manaus-promove-capacitacao-para-conselheiras-e-servidoras-da-rede-de-atendimento-as-mulheres\/#breadcrumb\"},\"inLanguage\":\"pt-BR\",\"potentialAction\":[{\"@type\":\"ReadAction\",\"target\":[\"https:\/\/www.manaus.am.gov.br\/semasc\/prefeitura-de-manaus-promove-capacitacao-para-conselheiras-e-servidoras-da-rede-de-atendimento-as-mulheres\/\"]}]},{\"@type\":\"ImageObject\",\"inLanguage\":\"pt-BR\",\"@id\":\"https:\/\/www.manaus.am.gov.br\/semasc\/prefeitura-de-manaus-promove-capacitacao-para-conselheiras-e-servidoras-da-rede-de-atendimento-as-mulheres\/#primaryimage\",\"url\":\"https:\/\/www.manaus.am.gov.br\/semasc\/wp-content\/uploads\/sites\/17\/2024\/10\/IMG_2750.jpg\",\"contentUrl\":\"https:\/\/www.manaus.am.gov.br\/semasc\/wp-content\/uploads\/sites\/17\/2024\/10\/IMG_2750.jpg\",\"width\":2592,\"height\":1728},{\"@type\":\"BreadcrumbList\",\"@id\":\"https:\/\/www.manaus.am.gov.br\/semasc\/prefeitura-de-manaus-promove-capacitacao-para-conselheiras-e-servidoras-da-rede-de-atendimento-as-mulheres\/#breadcrumb\",\"itemListElement\":[{\"@type\":\"ListItem\",\"position\":1,\"name\":\"Home\",\"item\":\"https:\/\/www.manaus.am.gov.br\/semasc\/\"},{\"@type\":\"ListItem\",\"position\":2,\"name\":\"Prefeitura de Manaus promove capacita\u00e7\u00e3o para conselheiras e servidoras da rede de atendimento \u00e0s mulheres\"}]},{\"@type\":\"WebSite\",\"@id\":\"https:\/\/www.manaus.am.gov.br\/semasc\/#website\",\"url\":\"https:\/\/www.manaus.am.gov.br\/semasc\/\",\"name\":\"SEMASC\",\"description\":\"Secretaria Municipal da Mulher, Assist\u00eancia Social e Cidadania.\",\"publisher\":{\"@id\":\"https:\/\/www.manaus.am.gov.br\/semasc\/#organization\"},\"alternateName\":\"Secretaria Municipal da Mulher, Assist\u00eancia Social e Cidadania\",\"potentialAction\":[{\"@type\":\"SearchAction\",\"target\":{\"@type\":\"EntryPoint\",\"urlTemplate\":\"https:\/\/www.manaus.am.gov.br\/semasc\/?s={search_term_string}\"},\"query-input\":\"required name=search_term_string\"}],\"inLanguage\":\"pt-BR\"},{\"@type\":\"Organization\",\"@id\":\"https:\/\/www.manaus.am.gov.br\/semasc\/#organization\",\"name\":\"Prefeitura de Manaus\",\"alternateName\":\"Prefeitura Municipal de Manaus\",\"url\":\"https:\/\/www.manaus.am.gov.br\/semasc\/\",\"logo\":{\"@type\":\"ImageObject\",\"inLanguage\":\"pt-BR\",\"@id\":\"https:\/\/www.manaus.am.gov.br\/semasc\/#\/schema\/logo\/image\/\",\"url\":\"https:\/\/www.manaus.am.gov.br\/semasc\/wp-content\/uploads\/sites\/17\/2024\/07\/favicon.png\",\"contentUrl\":\"https:\/\/www.manaus.am.gov.br\/semasc\/wp-content\/uploads\/sites\/17\/2024\/07\/favicon.png\",\"width\":300,\"height\":300,\"caption\":\"Prefeitura de Manaus\"},\"image\":{\"@id\":\"https:\/\/www.manaus.am.gov.br\/semasc\/#\/schema\/logo\/image\/\"},\"sameAs\":[\"https:\/\/www.facebook.com\/semascmanaus\",\"https:\/\/www.instagram.com\/semascmanaus\/\"]},{\"@type\":\"Person\",\"@id\":\"https:\/\/www.manaus.am.gov.br\/semasc\/#\/schema\/person\/68c6a77f3dcf3f40a0d6e6ad5076718c\",\"name\":\"leofierro\",\"image\":{\"@type\":\"ImageObject\",\"inLanguage\":\"pt-BR\",\"@id\":\"https:\/\/www.manaus.am.gov.br\/semasc\/#\/schema\/person\/image\/\",\"url\":\"https:\/\/secure.gravatar.com\/avatar\/30d8783eede7767036ae574037a3f2de?s=96&d=mm&r=g\",\"contentUrl\":\"https:\/\/secure.gravatar.com\/avatar\/30d8783eede7767036ae574037a3f2de?s=96&d=mm&r=g\",\"caption\":\"leofierro\"}}]}<\/script>\n<!-- \/ Yoast SEO plugin. -->","yoast_head_json":{"title":"Prefeitura de Manaus promove capacita\u00e7\u00e3o para conselheiras e servidoras da rede de atendimento \u00e0s mulheres - SEMASC","robots":{"index":"noindex","follow":"follow"},"og_locale":"pt_BR","og_type":"article","og_title":"Prefeitura de Manaus promove capacita\u00e7\u00e3o para conselheiras e servidoras da rede de atendimento \u00e0s mulheres - SEMASC","og_url":"https:\/\/www.manaus.am.gov.br\/semasc\/prefeitura-de-manaus-promove-capacitacao-para-conselheiras-e-servidoras-da-rede-de-atendimento-as-mulheres\/","og_site_name":"SEMASC","article_publisher":"https:\/\/www.facebook.com\/semascmanaus","article_published_time":"2024-10-15T13:41:18+00:00","article_modified_time":"2024-10-30T18:11:31+00:00","og_image":[{"width":2592,"height":1728,"url":"https:\/\/www.manaus.am.gov.br\/semasc\/wp-content\/uploads\/sites\/17\/2024\/10\/IMG_2750.jpg","type":"image\/jpeg"}],"author":"leofierro","twitter_card":"summary_large_image","twitter_misc":{"Written by":"leofierro","Est. reading time":"2 minutos"},"schema":{"@context":"https:\/\/schema.org","@graph":[{"@type":"Article","@id":"https:\/\/www.manaus.am.gov.br\/semasc\/prefeitura-de-manaus-promove-capacitacao-para-conselheiras-e-servidoras-da-rede-de-atendimento-as-mulheres\/#article","isPartOf":{"@id":"https:\/\/www.manaus.am.gov.br\/semasc\/prefeitura-de-manaus-promove-capacitacao-para-conselheiras-e-servidoras-da-rede-de-atendimento-as-mulheres\/"},"author":{"name":"leofierro","@id":"https:\/\/www.manaus.am.gov.br\/semasc\/#\/schema\/person\/68c6a77f3dcf3f40a0d6e6ad5076718c"},"headline":"Prefeitura de Manaus promove capacita\u00e7\u00e3o para conselheiras e servidoras da rede de atendimento \u00e0s mulheres","datePublished":"2024-10-15T13:41:18+00:00","dateModified":"2024-10-30T18:11:31+00:00","mainEntityOfPage":{"@id":"https:\/\/www.manaus.am.gov.br\/semasc\/prefeitura-de-manaus-promove-capacitacao-para-conselheiras-e-servidoras-da-rede-de-atendimento-as-mulheres\/"},"wordCount":283,"publisher":{"@id":"https:\/\/www.manaus.am.gov.br\/semasc\/#organization"},"image":{"@id":"https:\/\/www.manaus.am.gov.br\/semasc\/prefeitura-de-manaus-promove-capacitacao-para-conselheiras-e-servidoras-da-rede-de-atendimento-as-mulheres\/#primaryimage"},"thumbnailUrl":"https:\/\/www.manaus.am.gov.br\/semasc\/wp-content\/uploads\/sites\/17\/2024\/10\/IMG_2750.jpg","keywords":["Assist\u00eancia Social e Cidadania (Semasc)","capacita\u00e7\u00e3o","prefeitura de manaus"],"articleSection":["Treinamento"],"inLanguage":"pt-BR"},{"@type":"WebPage","@id":"https:\/\/www.manaus.am.gov.br\/semasc\/prefeitura-de-manaus-promove-capacitacao-para-conselheiras-e-servidoras-da-rede-de-atendimento-as-mulheres\/","url":"https:\/\/www.manaus.am.gov.br\/semasc\/prefeitura-de-manaus-promove-capacitacao-para-conselheiras-e-servidoras-da-rede-de-atendimento-as-mulheres\/","name":"Prefeitura de Manaus promove capacita\u00e7\u00e3o para conselheiras e servidoras da rede de atendimento \u00e0s mulheres - SEMASC","isPartOf":{"@id":"https:\/\/www.manaus.am.gov.br\/semasc\/#website"},"primaryImageOfPage":{"@id":"https:\/\/www.manaus.am.gov.br\/semasc\/prefeitura-de-manaus-promove-capacitacao-para-conselheiras-e-servidoras-da-rede-de-atendimento-as-mulheres\/#primaryimage"},"image":{"@id":"https:\/\/www.manaus.am.gov.br\/semasc\/prefeitura-de-manaus-promove-capacitacao-para-conselheiras-e-servidoras-da-rede-de-atendimento-as-mulheres\/#primaryimage"},"thumbnailUrl":"https:\/\/www.manaus.am.gov.br\/semasc\/wp-content\/uploads\/sites\/17\/2024\/10\/IMG_2750.jpg","datePublished":"2024-10-15T13:41:18+00:00","dateModified":"2024-10-30T18:11:31+00:00","breadcrumb":{"@id":"https:\/\/www.manaus.am.gov.br\/semasc\/prefeitura-de-manaus-promove-capacitacao-para-conselheiras-e-servidoras-da-rede-de-atendimento-as-mulheres\/#breadcrumb"},"inLanguage":"pt-BR","potentialAction":[{"@type":"ReadAction","target":["https:\/\/www.manaus.am.gov.br\/semasc\/prefeitura-de-manaus-promove-capacitacao-para-conselheiras-e-servidoras-da-rede-de-atendimento-as-mulheres\/"]}]},{"@type":"ImageObject","inLanguage":"pt-BR","@id":"https:\/\/www.manaus.am.gov.br\/semasc\/prefeitura-de-manaus-promove-capacitacao-para-conselheiras-e-servidoras-da-rede-de-atendimento-as-mulheres\/#primaryimage","url":"https:\/\/www.manaus.am.gov.br\/semasc\/wp-content\/uploads\/sites\/17\/2024\/10\/IMG_2750.jpg","contentUrl":"https:\/\/www.manaus.am.gov.br\/semasc\/wp-content\/uploads\/sites\/17\/2024\/10\/IMG_2750.jpg","width":2592,"height":1728},{"@type":"BreadcrumbList","@id":"https:\/\/www.manaus.am.gov.br\/semasc\/prefeitura-de-manaus-promove-capacitacao-para-conselheiras-e-servidoras-da-rede-de-atendimento-as-mulheres\/#breadcrumb","itemListElement":[{"@type":"ListItem","position":1,"name":"Home","item":"https:\/\/www.manaus.am.gov.br\/semasc\/"},{"@type":"ListItem","position":2,"name":"Prefeitura de Manaus promove capacita\u00e7\u00e3o para conselheiras e servidoras da rede de atendimento \u00e0s mulheres"}]},{"@type":"WebSite","@id":"https:\/\/www.manaus.am.gov.br\/semasc\/#website","url":"https:\/\/www.manaus.am.gov.br\/semasc\/","name":"SEMASC","description":"Secretaria Municipal da Mulher, Assist\u00eancia Social e Cidadania.","publisher":{"@id":"https:\/\/www.manaus.am.gov.br\/semasc\/#organization"},"alternateName":"Secretaria Municipal da Mulher, Assist\u00eancia Social e Cidadania","potentialAction":[{"@type":"SearchAction","target":{"@type":"EntryPoint","urlTemplate":"https:\/\/www.manaus.am.gov.br\/semasc\/?s={search_term_string}"},"query-input":"required name=search_term_string"}],"inLanguage":"pt-BR"},{"@type":"Organization","@id":"https:\/\/www.manaus.am.gov.br\/semasc\/#organization","name":"Prefeitura de Manaus","alternateName":"Prefeitura Municipal de Manaus","url":"https:\/\/www.manaus.am.gov.br\/semasc\/","logo":{"@type":"ImageObject","inLanguage":"pt-BR","@id":"https:\/\/www.manaus.am.gov.br\/semasc\/#\/schema\/logo\/image\/","url":"https:\/\/www.manaus.am.gov.br\/semasc\/wp-content\/uploads\/sites\/17\/2024\/07\/favicon.png","contentUrl":"https:\/\/www.manaus.am.gov.br\/semasc\/wp-content\/uploads\/sites\/17\/2024\/07\/favicon.png","width":300,"height":300,"caption":"Prefeitura de Manaus"},"image":{"@id":"https:\/\/www.manaus.am.gov.br\/semasc\/#\/schema\/logo\/image\/"},"sameAs":["https:\/\/www.facebook.com\/semascmanaus","https:\/\/www.instagram.com\/semascmanaus\/"]},{"@type":"Person","@id":"https:\/\/www.manaus.am.gov.br\/semasc\/#\/schema\/person\/68c6a77f3dcf3f40a0d6e6ad5076718c","name":"leofierro","image":{"@type":"ImageObject","inLanguage":"pt-BR","@id":"https:\/\/www.manaus.am.gov.br\/semasc\/#\/schema\/person\/image\/","url":"https:\/\/secure.gravatar.com\/avatar\/30d8783eede7767036ae574037a3f2de?s=96&d=mm&r=g","contentUrl":"https:\/\/secure.gravatar.com\/avatar\/30d8783eede7767036ae574037a3f2de?s=96&d=mm&r=g","caption":"leofierro"}}]}},"_links":{"self":[{"href":"https:\/\/www.manaus.am.gov.br\/semasc\/wp-json\/wp\/v2\/posts\/210824"}],"collection":[{"href":"https:\/\/www.manaus.am.gov.br\/semasc\/wp-json\/wp\/v2\/posts"}],"about":[{"href":"https:\/\/www.manaus.am.gov.br\/semasc\/wp-json\/wp\/v2\/types\/post"}],"author":[{"embeddable":true,"href":"https:\/\/www.manaus.am.gov.br\/semasc\/wp-json\/wp\/v2\/users\/56"}],"replies":[{"embeddable":true,"href":"https:\/\/www.manaus.am.gov.br\/semasc\/wp-json\/wp\/v2\/comments?post=210824"}],"version-history":[{"count":1,"href":"https:\/\/www.manaus.am.gov.br\/semasc\/wp-json\/wp\/v2\/posts\/210824\/revisions"}],"predecessor-version":[{"id":210826,"href":"https:\/\/www.manaus.am.gov.br\/semasc\/wp-json\/wp\/v2\/posts\/210824\/revisions\/210826"}],"wp:featuredmedia":[{"embeddable":true,"href":"https:\/\/www.manaus.am.gov.br\/semasc\/wp-json\/wp\/v2\/media\/210825"}],"wp:attachment":[{"href":"https:\/\/www.manaus.am.gov.br\/semasc\/wp-json\/wp\/v2\/media?parent=210824"}],"wp:term":[{"taxonomy":"category","embeddable":true,"href":"https:\/\/www.manaus.am.gov.br\/semasc\/wp-json\/wp\/v2\/categories?post=210824"},{"taxonomy":"post_tag","embeddable":true,"href":"https:\/\/www.manaus.am.gov.br\/semasc\/wp-json\/wp\/v2\/tags?post=210824"}],"curies":[{"name":"wp","href":"https:\/\/api.w.org\/{rel}","templated":true}]}}