{"id":210818,"date":"2024-10-15T09:34:59","date_gmt":"2024-10-15T13:34:59","guid":{"rendered":"https:\/\/www.manaus.am.gov.br\/semasc\/?p=210818"},"modified":"2024-10-30T14:12:17","modified_gmt":"2024-10-30T18:12:17","slug":"equipes-da-prefeitura-garantem-o-acesso-de-familias-ribeirinhas-a-suprimentos-em-meio-a-estiagem","status":"publish","type":"post","link":"https:\/\/www.manaus.am.gov.br\/semasc\/equipes-da-prefeitura-garantem-o-acesso-de-familias-ribeirinhas-a-suprimentos-em-meio-a-estiagem\/","title":{"rendered":"Equipes da Prefeitura garantem o acesso de fam\u00edlias ribeirinhas a suprimentos em meio \u00e0 estiagem"},"content":{"rendered":"\n<p>A Prefeitura de Manaus, por meio da Secretaria Municipal de Seguran\u00e7a P\u00fablica e Defesa Social (Semseg), com apoio de secretarias como a Secretaria da Mulher, Assist\u00eancia Social e Cidadania (Semasc), tem trabalhado diariamente para que as fam\u00edlias ribeirinhas afetadas pela estiagem dos rios Negro e Solim\u00f5es.<\/p>\n\n\n\n<p>Por meio da &#8220;Opera\u00e7\u00e3o Estiagem&#8221;, a gest\u00e3o municipal tem buscado garantir que as 93 comunidades mapeadas possam receber a entrega de 5,5 mil cestas b\u00e1sicas, 110 m litros de \u00e1gua, kits de higiene pessoal e outros benef\u00edcios eventuais para amenizar os impactos da seca.<\/p>\n\n\n\n<p>Na comunidade de Nossa Senhora de F\u00e1tima, no Rio Negro, onde residem mais de 300 fam\u00edlias, a secret\u00e1ria da Semasc, Dermi Rayol, destacou o empenho total da Prefeitura de Manaus no atendimento \u00e0 popula\u00e7\u00e3o.<\/p>\n\n\n\n<p>&#8220;Buscamos dar a certeza para essas fam\u00edlias de que elas receber\u00e3o suas cestas b\u00e1sicas, \u00e1gua pot\u00e1vel e seus kits de higiene pessoal da maneira mais r\u00e1pida que a atual situa\u00e7\u00e3o nos permitir. S\u00e3o tempos de seca, onde milhares de fam\u00edlias se encontram em situa\u00e7\u00e3o de vulnerabilidade extrema, ent\u00e3o nosso trabalho \u00e9 chegar at\u00e9 essas fam\u00edlias e garantir que sejam atendidas&#8221;, concluiu.<\/p>\n\n\n\n<p>A diretora do Departamento de Prote\u00e7\u00e3o Social Especial (DPSE), Helane Moreira, tamb\u00e9m reiterou a atua\u00e7\u00e3o das equipes do Servi\u00e7o de Prote\u00e7\u00e3o a Calamidades e Emerg\u00eancias junto \u00e0 Defesa Civil na garantia de direitos das comunidades afetadas.<\/p>\n\n\n\n<p>&#8220;\u00c9 uma quest\u00e3o humanit\u00e1ria que requer um esfor\u00e7o conjunto de todas as secretarias e \u00f3rg\u00e3os envolvidos para que se possa diminuir o sofrimento vivido por essas comunidades em um per\u00edodo t\u00e3o dif\u00edcil&#8221;, finalizou.<\/p>\n\n\n\n<p>&#8212; &#8212; &#8212;<\/p>\n\n\n\n<p><strong>Texto<\/strong>: Guilherme Pacheco \/ Semasc <\/p>\n\n\n\n<p><strong>Fotos<\/strong>: Diego Lima \/ Semasc<\/p>\n","protected":false},"excerpt":{"rendered":"","protected":false},"author":56,"featured_media":210819,"comment_status":"closed","ping_status":"closed","sticky":false,"template":"","format":"standard","meta":{"footnotes":""},"categories":[34],"tags":[737,620,7],"acf":[],"yoast_head":"<!-- This site is optimized with the Yoast SEO plugin v23.0 - https:\/\/yoast.com\/wordpress\/plugins\/seo\/ -->\n<title>Equipes da Prefeitura garantem o acesso de fam\u00edlias ribeirinhas a suprimentos em meio \u00e0 estiagem - SEMASC<\/title>\n<meta name=\"robots\" content=\"noindex, follow\" \/>\n<meta property=\"og:locale\" content=\"pt_BR\" \/>\n<meta property=\"og:type\" content=\"article\" \/>\n<meta property=\"og:title\" content=\"Equipes da Prefeitura garantem o acesso de fam\u00edlias ribeirinhas a suprimentos em meio \u00e0 estiagem - SEMASC\" \/>\n<meta property=\"og:url\" content=\"https:\/\/www.manaus.am.gov.br\/semasc\/equipes-da-prefeitura-garantem-o-acesso-de-familias-ribeirinhas-a-suprimentos-em-meio-a-estiagem\/\" \/>\n<meta property=\"og:site_name\" content=\"SEMASC\" \/>\n<meta property=\"article:publisher\" content=\"https:\/\/www.facebook.com\/semascmanaus\" \/>\n<meta property=\"article:published_time\" content=\"2024-10-15T13:34:59+00:00\" \/>\n<meta property=\"article:modified_time\" content=\"2024-10-30T18:12:17+00:00\" \/>\n<meta property=\"og:image\" content=\"https:\/\/www.manaus.am.gov.br\/semasc\/wp-content\/uploads\/sites\/17\/2024\/10\/IMG_2677-1024x683.jpg\" \/>\n\t<meta property=\"og:image:width\" content=\"1024\" \/>\n\t<meta property=\"og:image:height\" content=\"683\" \/>\n\t<meta property=\"og:image:type\" content=\"image\/jpeg\" \/>\n<meta name=\"author\" content=\"leofierro\" \/>\n<meta name=\"twitter:card\" content=\"summary_large_image\" \/>\n<meta name=\"twitter:label1\" content=\"Written by\" \/>\n\t<meta name=\"twitter:data1\" content=\"leofierro\" \/>\n\t<meta name=\"twitter:label2\" content=\"Est. reading time\" \/>\n\t<meta name=\"twitter:data2\" content=\"2 minutos\" \/>\n<script type=\"application\/ld+json\" class=\"yoast-schema-graph\">{\"@context\":\"https:\/\/schema.org\",\"@graph\":[{\"@type\":\"Article\",\"@id\":\"https:\/\/www.manaus.am.gov.br\/semasc\/equipes-da-prefeitura-garantem-o-acesso-de-familias-ribeirinhas-a-suprimentos-em-meio-a-estiagem\/#article\",\"isPartOf\":{\"@id\":\"https:\/\/www.manaus.am.gov.br\/semasc\/equipes-da-prefeitura-garantem-o-acesso-de-familias-ribeirinhas-a-suprimentos-em-meio-a-estiagem\/\"},\"author\":{\"name\":\"leofierro\",\"@id\":\"https:\/\/www.manaus.am.gov.br\/semasc\/#\/schema\/person\/68c6a77f3dcf3f40a0d6e6ad5076718c\"},\"headline\":\"Equipes da Prefeitura garantem o acesso de fam\u00edlias ribeirinhas a suprimentos em meio \u00e0 estiagem\",\"datePublished\":\"2024-10-15T13:34:59+00:00\",\"dateModified\":\"2024-10-30T18:12:17+00:00\",\"mainEntityOfPage\":{\"@id\":\"https:\/\/www.manaus.am.gov.br\/semasc\/equipes-da-prefeitura-garantem-o-acesso-de-familias-ribeirinhas-a-suprimentos-em-meio-a-estiagem\/\"},\"wordCount\":309,\"publisher\":{\"@id\":\"https:\/\/www.manaus.am.gov.br\/semasc\/#organization\"},\"image\":{\"@id\":\"https:\/\/www.manaus.am.gov.br\/semasc\/equipes-da-prefeitura-garantem-o-acesso-de-familias-ribeirinhas-a-suprimentos-em-meio-a-estiagem\/#primaryimage\"},\"thumbnailUrl\":\"https:\/\/www.manaus.am.gov.br\/semasc\/wp-content\/uploads\/sites\/17\/2024\/10\/IMG_2677.jpg\",\"keywords\":[\"Assist\u00eancia Social e Cidadania (Semasc)\",\"estiagem\",\"prefeitura de manaus\"],\"articleSection\":[\"Assist\u00eancia Social\"],\"inLanguage\":\"pt-BR\"},{\"@type\":\"WebPage\",\"@id\":\"https:\/\/www.manaus.am.gov.br\/semasc\/equipes-da-prefeitura-garantem-o-acesso-de-familias-ribeirinhas-a-suprimentos-em-meio-a-estiagem\/\",\"url\":\"https:\/\/www.manaus.am.gov.br\/semasc\/equipes-da-prefeitura-garantem-o-acesso-de-familias-ribeirinhas-a-suprimentos-em-meio-a-estiagem\/\",\"name\":\"Equipes da Prefeitura garantem o acesso de fam\u00edlias ribeirinhas a suprimentos em meio \u00e0 estiagem - SEMASC\",\"isPartOf\":{\"@id\":\"https:\/\/www.manaus.am.gov.br\/semasc\/#website\"},\"primaryImageOfPage\":{\"@id\":\"https:\/\/www.manaus.am.gov.br\/semasc\/equipes-da-prefeitura-garantem-o-acesso-de-familias-ribeirinhas-a-suprimentos-em-meio-a-estiagem\/#primaryimage\"},\"image\":{\"@id\":\"https:\/\/www.manaus.am.gov.br\/semasc\/equipes-da-prefeitura-garantem-o-acesso-de-familias-ribeirinhas-a-suprimentos-em-meio-a-estiagem\/#primaryimage\"},\"thumbnailUrl\":\"https:\/\/www.manaus.am.gov.br\/semasc\/wp-content\/uploads\/sites\/17\/2024\/10\/IMG_2677.jpg\",\"datePublished\":\"2024-10-15T13:34:59+00:00\",\"dateModified\":\"2024-10-30T18:12:17+00:00\",\"breadcrumb\":{\"@id\":\"https:\/\/www.manaus.am.gov.br\/semasc\/equipes-da-prefeitura-garantem-o-acesso-de-familias-ribeirinhas-a-suprimentos-em-meio-a-estiagem\/#breadcrumb\"},\"inLanguage\":\"pt-BR\",\"potentialAction\":[{\"@type\":\"ReadAction\",\"target\":[\"https:\/\/www.manaus.am.gov.br\/semasc\/equipes-da-prefeitura-garantem-o-acesso-de-familias-ribeirinhas-a-suprimentos-em-meio-a-estiagem\/\"]}]},{\"@type\":\"ImageObject\",\"inLanguage\":\"pt-BR\",\"@id\":\"https:\/\/www.manaus.am.gov.br\/semasc\/equipes-da-prefeitura-garantem-o-acesso-de-familias-ribeirinhas-a-suprimentos-em-meio-a-estiagem\/#primaryimage\",\"url\":\"https:\/\/www.manaus.am.gov.br\/semasc\/wp-content\/uploads\/sites\/17\/2024\/10\/IMG_2677.jpg\",\"contentUrl\":\"https:\/\/www.manaus.am.gov.br\/semasc\/wp-content\/uploads\/sites\/17\/2024\/10\/IMG_2677.jpg\",\"width\":2592,\"height\":1728},{\"@type\":\"BreadcrumbList\",\"@id\":\"https:\/\/www.manaus.am.gov.br\/semasc\/equipes-da-prefeitura-garantem-o-acesso-de-familias-ribeirinhas-a-suprimentos-em-meio-a-estiagem\/#breadcrumb\",\"itemListElement\":[{\"@type\":\"ListItem\",\"position\":1,\"name\":\"Home\",\"item\":\"https:\/\/www.manaus.am.gov.br\/semasc\/\"},{\"@type\":\"ListItem\",\"position\":2,\"name\":\"Equipes da Prefeitura garantem o acesso de fam\u00edlias ribeirinhas a suprimentos em meio \u00e0 estiagem\"}]},{\"@type\":\"WebSite\",\"@id\":\"https:\/\/www.manaus.am.gov.br\/semasc\/#website\",\"url\":\"https:\/\/www.manaus.am.gov.br\/semasc\/\",\"name\":\"SEMASC\",\"description\":\"Secretaria Municipal da Mulher, Assist\u00eancia Social e Cidadania.\",\"publisher\":{\"@id\":\"https:\/\/www.manaus.am.gov.br\/semasc\/#organization\"},\"alternateName\":\"Secretaria Municipal da Mulher, Assist\u00eancia Social e Cidadania\",\"potentialAction\":[{\"@type\":\"SearchAction\",\"target\":{\"@type\":\"EntryPoint\",\"urlTemplate\":\"https:\/\/www.manaus.am.gov.br\/semasc\/?s={search_term_string}\"},\"query-input\":\"required name=search_term_string\"}],\"inLanguage\":\"pt-BR\"},{\"@type\":\"Organization\",\"@id\":\"https:\/\/www.manaus.am.gov.br\/semasc\/#organization\",\"name\":\"Prefeitura de Manaus\",\"alternateName\":\"Prefeitura Municipal de Manaus\",\"url\":\"https:\/\/www.manaus.am.gov.br\/semasc\/\",\"logo\":{\"@type\":\"ImageObject\",\"inLanguage\":\"pt-BR\",\"@id\":\"https:\/\/www.manaus.am.gov.br\/semasc\/#\/schema\/logo\/image\/\",\"url\":\"https:\/\/www.manaus.am.gov.br\/semasc\/wp-content\/uploads\/sites\/17\/2024\/07\/favicon.png\",\"contentUrl\":\"https:\/\/www.manaus.am.gov.br\/semasc\/wp-content\/uploads\/sites\/17\/2024\/07\/favicon.png\",\"width\":300,\"height\":300,\"caption\":\"Prefeitura de Manaus\"},\"image\":{\"@id\":\"https:\/\/www.manaus.am.gov.br\/semasc\/#\/schema\/logo\/image\/\"},\"sameAs\":[\"https:\/\/www.facebook.com\/semascmanaus\",\"https:\/\/www.instagram.com\/semascmanaus\/\"]},{\"@type\":\"Person\",\"@id\":\"https:\/\/www.manaus.am.gov.br\/semasc\/#\/schema\/person\/68c6a77f3dcf3f40a0d6e6ad5076718c\",\"name\":\"leofierro\",\"image\":{\"@type\":\"ImageObject\",\"inLanguage\":\"pt-BR\",\"@id\":\"https:\/\/www.manaus.am.gov.br\/semasc\/#\/schema\/person\/image\/\",\"url\":\"https:\/\/secure.gravatar.com\/avatar\/30d8783eede7767036ae574037a3f2de?s=96&d=mm&r=g\",\"contentUrl\":\"https:\/\/secure.gravatar.com\/avatar\/30d8783eede7767036ae574037a3f2de?s=96&d=mm&r=g\",\"caption\":\"leofierro\"}}]}<\/script>\n<!-- \/ Yoast SEO plugin. -->","yoast_head_json":{"title":"Equipes da Prefeitura garantem o acesso de fam\u00edlias ribeirinhas a suprimentos em meio \u00e0 estiagem - SEMASC","robots":{"index":"noindex","follow":"follow"},"og_locale":"pt_BR","og_type":"article","og_title":"Equipes da Prefeitura garantem o acesso de fam\u00edlias ribeirinhas a suprimentos em meio \u00e0 estiagem - SEMASC","og_url":"https:\/\/www.manaus.am.gov.br\/semasc\/equipes-da-prefeitura-garantem-o-acesso-de-familias-ribeirinhas-a-suprimentos-em-meio-a-estiagem\/","og_site_name":"SEMASC","article_publisher":"https:\/\/www.facebook.com\/semascmanaus","article_published_time":"2024-10-15T13:34:59+00:00","article_modified_time":"2024-10-30T18:12:17+00:00","og_image":[{"width":1024,"height":683,"url":"https:\/\/www.manaus.am.gov.br\/semasc\/wp-content\/uploads\/sites\/17\/2024\/10\/IMG_2677-1024x683.jpg","type":"image\/jpeg"}],"author":"leofierro","twitter_card":"summary_large_image","twitter_misc":{"Written by":"leofierro","Est. reading time":"2 minutos"},"schema":{"@context":"https:\/\/schema.org","@graph":[{"@type":"Article","@id":"https:\/\/www.manaus.am.gov.br\/semasc\/equipes-da-prefeitura-garantem-o-acesso-de-familias-ribeirinhas-a-suprimentos-em-meio-a-estiagem\/#article","isPartOf":{"@id":"https:\/\/www.manaus.am.gov.br\/semasc\/equipes-da-prefeitura-garantem-o-acesso-de-familias-ribeirinhas-a-suprimentos-em-meio-a-estiagem\/"},"author":{"name":"leofierro","@id":"https:\/\/www.manaus.am.gov.br\/semasc\/#\/schema\/person\/68c6a77f3dcf3f40a0d6e6ad5076718c"},"headline":"Equipes da Prefeitura garantem o acesso de fam\u00edlias ribeirinhas a suprimentos em meio \u00e0 estiagem","datePublished":"2024-10-15T13:34:59+00:00","dateModified":"2024-10-30T18:12:17+00:00","mainEntityOfPage":{"@id":"https:\/\/www.manaus.am.gov.br\/semasc\/equipes-da-prefeitura-garantem-o-acesso-de-familias-ribeirinhas-a-suprimentos-em-meio-a-estiagem\/"},"wordCount":309,"publisher":{"@id":"https:\/\/www.manaus.am.gov.br\/semasc\/#organization"},"image":{"@id":"https:\/\/www.manaus.am.gov.br\/semasc\/equipes-da-prefeitura-garantem-o-acesso-de-familias-ribeirinhas-a-suprimentos-em-meio-a-estiagem\/#primaryimage"},"thumbnailUrl":"https:\/\/www.manaus.am.gov.br\/semasc\/wp-content\/uploads\/sites\/17\/2024\/10\/IMG_2677.jpg","keywords":["Assist\u00eancia Social e Cidadania (Semasc)","estiagem","prefeitura de manaus"],"articleSection":["Assist\u00eancia Social"],"inLanguage":"pt-BR"},{"@type":"WebPage","@id":"https:\/\/www.manaus.am.gov.br\/semasc\/equipes-da-prefeitura-garantem-o-acesso-de-familias-ribeirinhas-a-suprimentos-em-meio-a-estiagem\/","url":"https:\/\/www.manaus.am.gov.br\/semasc\/equipes-da-prefeitura-garantem-o-acesso-de-familias-ribeirinhas-a-suprimentos-em-meio-a-estiagem\/","name":"Equipes da Prefeitura garantem o acesso de fam\u00edlias ribeirinhas a suprimentos em meio \u00e0 estiagem - SEMASC","isPartOf":{"@id":"https:\/\/www.manaus.am.gov.br\/semasc\/#website"},"primaryImageOfPage":{"@id":"https:\/\/www.manaus.am.gov.br\/semasc\/equipes-da-prefeitura-garantem-o-acesso-de-familias-ribeirinhas-a-suprimentos-em-meio-a-estiagem\/#primaryimage"},"image":{"@id":"https:\/\/www.manaus.am.gov.br\/semasc\/equipes-da-prefeitura-garantem-o-acesso-de-familias-ribeirinhas-a-suprimentos-em-meio-a-estiagem\/#primaryimage"},"thumbnailUrl":"https:\/\/www.manaus.am.gov.br\/semasc\/wp-content\/uploads\/sites\/17\/2024\/10\/IMG_2677.jpg","datePublished":"2024-10-15T13:34:59+00:00","dateModified":"2024-10-30T18:12:17+00:00","breadcrumb":{"@id":"https:\/\/www.manaus.am.gov.br\/semasc\/equipes-da-prefeitura-garantem-o-acesso-de-familias-ribeirinhas-a-suprimentos-em-meio-a-estiagem\/#breadcrumb"},"inLanguage":"pt-BR","potentialAction":[{"@type":"ReadAction","target":["https:\/\/www.manaus.am.gov.br\/semasc\/equipes-da-prefeitura-garantem-o-acesso-de-familias-ribeirinhas-a-suprimentos-em-meio-a-estiagem\/"]}]},{"@type":"ImageObject","inLanguage":"pt-BR","@id":"https:\/\/www.manaus.am.gov.br\/semasc\/equipes-da-prefeitura-garantem-o-acesso-de-familias-ribeirinhas-a-suprimentos-em-meio-a-estiagem\/#primaryimage","url":"https:\/\/www.manaus.am.gov.br\/semasc\/wp-content\/uploads\/sites\/17\/2024\/10\/IMG_2677.jpg","contentUrl":"https:\/\/www.manaus.am.gov.br\/semasc\/wp-content\/uploads\/sites\/17\/2024\/10\/IMG_2677.jpg","width":2592,"height":1728},{"@type":"BreadcrumbList","@id":"https:\/\/www.manaus.am.gov.br\/semasc\/equipes-da-prefeitura-garantem-o-acesso-de-familias-ribeirinhas-a-suprimentos-em-meio-a-estiagem\/#breadcrumb","itemListElement":[{"@type":"ListItem","position":1,"name":"Home","item":"https:\/\/www.manaus.am.gov.br\/semasc\/"},{"@type":"ListItem","position":2,"name":"Equipes da Prefeitura garantem o acesso de fam\u00edlias ribeirinhas a suprimentos em meio \u00e0 estiagem"}]},{"@type":"WebSite","@id":"https:\/\/www.manaus.am.gov.br\/semasc\/#website","url":"https:\/\/www.manaus.am.gov.br\/semasc\/","name":"SEMASC","description":"Secretaria Municipal da Mulher, Assist\u00eancia Social e Cidadania.","publisher":{"@id":"https:\/\/www.manaus.am.gov.br\/semasc\/#organization"},"alternateName":"Secretaria Municipal da Mulher, Assist\u00eancia Social e Cidadania","potentialAction":[{"@type":"SearchAction","target":{"@type":"EntryPoint","urlTemplate":"https:\/\/www.manaus.am.gov.br\/semasc\/?s={search_term_string}"},"query-input":"required name=search_term_string"}],"inLanguage":"pt-BR"},{"@type":"Organization","@id":"https:\/\/www.manaus.am.gov.br\/semasc\/#organization","name":"Prefeitura de Manaus","alternateName":"Prefeitura Municipal de Manaus","url":"https:\/\/www.manaus.am.gov.br\/semasc\/","logo":{"@type":"ImageObject","inLanguage":"pt-BR","@id":"https:\/\/www.manaus.am.gov.br\/semasc\/#\/schema\/logo\/image\/","url":"https:\/\/www.manaus.am.gov.br\/semasc\/wp-content\/uploads\/sites\/17\/2024\/07\/favicon.png","contentUrl":"https:\/\/www.manaus.am.gov.br\/semasc\/wp-content\/uploads\/sites\/17\/2024\/07\/favicon.png","width":300,"height":300,"caption":"Prefeitura de Manaus"},"image":{"@id":"https:\/\/www.manaus.am.gov.br\/semasc\/#\/schema\/logo\/image\/"},"sameAs":["https:\/\/www.facebook.com\/semascmanaus","https:\/\/www.instagram.com\/semascmanaus\/"]},{"@type":"Person","@id":"https:\/\/www.manaus.am.gov.br\/semasc\/#\/schema\/person\/68c6a77f3dcf3f40a0d6e6ad5076718c","name":"leofierro","image":{"@type":"ImageObject","inLanguage":"pt-BR","@id":"https:\/\/www.manaus.am.gov.br\/semasc\/#\/schema\/person\/image\/","url":"https:\/\/secure.gravatar.com\/avatar\/30d8783eede7767036ae574037a3f2de?s=96&d=mm&r=g","contentUrl":"https:\/\/secure.gravatar.com\/avatar\/30d8783eede7767036ae574037a3f2de?s=96&d=mm&r=g","caption":"leofierro"}}]}},"_links":{"self":[{"href":"https:\/\/www.manaus.am.gov.br\/semasc\/wp-json\/wp\/v2\/posts\/210818"}],"collection":[{"href":"https:\/\/www.manaus.am.gov.br\/semasc\/wp-json\/wp\/v2\/posts"}],"about":[{"href":"https:\/\/www.manaus.am.gov.br\/semasc\/wp-json\/wp\/v2\/types\/post"}],"author":[{"embeddable":true,"href":"https:\/\/www.manaus.am.gov.br\/semasc\/wp-json\/wp\/v2\/users\/56"}],"replies":[{"embeddable":true,"href":"https:\/\/www.manaus.am.gov.br\/semasc\/wp-json\/wp\/v2\/comments?post=210818"}],"version-history":[{"count":1,"href":"https:\/\/www.manaus.am.gov.br\/semasc\/wp-json\/wp\/v2\/posts\/210818\/revisions"}],"predecessor-version":[{"id":210820,"href":"https:\/\/www.manaus.am.gov.br\/semasc\/wp-json\/wp\/v2\/posts\/210818\/revisions\/210820"}],"wp:featuredmedia":[{"embeddable":true,"href":"https:\/\/www.manaus.am.gov.br\/semasc\/wp-json\/wp\/v2\/media\/210819"}],"wp:attachment":[{"href":"https:\/\/www.manaus.am.gov.br\/semasc\/wp-json\/wp\/v2\/media?parent=210818"}],"wp:term":[{"taxonomy":"category","embeddable":true,"href":"https:\/\/www.manaus.am.gov.br\/semasc\/wp-json\/wp\/v2\/categories?post=210818"},{"taxonomy":"post_tag","embeddable":true,"href":"https:\/\/www.manaus.am.gov.br\/semasc\/wp-json\/wp\/v2\/tags?post=210818"}],"curies":[{"name":"wp","href":"https:\/\/api.w.org\/{rel}","templated":true}]}}