{"id":210800,"date":"2024-08-29T12:21:12","date_gmt":"2024-08-29T16:21:12","guid":{"rendered":"https:\/\/www.manaus.am.gov.br\/semasc\/?p=210800"},"modified":"2024-10-17T10:45:30","modified_gmt":"2024-10-17T14:45:30","slug":"prefeitura-de-manaus-promove-curso-de-informatica-para-mulheres-indigenas-no-senac-cidade-nova-zona-norte","status":"publish","type":"post","link":"https:\/\/www.manaus.am.gov.br\/semasc\/prefeitura-de-manaus-promove-curso-de-informatica-para-mulheres-indigenas-no-senac-cidade-nova-zona-norte\/","title":{"rendered":"Prefeitura de Manaus promove curso de inform\u00e1tica para mulheres ind\u00edgenas no SENAC Cidade Nova, zona Norte"},"content":{"rendered":"\n<p>A Prefeitura de Manaus, por meio da Secretaria Municipal da Mulher, Assist\u00eancia Social e Cidadania (Semasc), deu continuidade, nesta quinta-feira, 29\/8, \u00e0s aulas do Curso de Inform\u00e1tica para Mulheres Ind\u00edgenas, promovido em parceria com o Servi\u00e7o Nacional de Aprendizagem Comercial (Senac).<\/p>\n\n\n\n<p>A iniciativa inclui participantes das etnias Kokama, Ticuna, Mundurucu, Sater\u00e9 e Apurin\u00e3 da Coordena\u00e7\u00e3o dos Povos Ind\u00edgenas de Manaus e Entornos (Copime), proporcionando capacita\u00e7\u00e3o e crescimento profissional, com o intuito de alavancar a comercializa\u00e7\u00e3o de artesanato, gerando renda e valoriza\u00e7\u00e3o cultural. O curso est\u00e1 realizado no Senac do bairro Cidade Nova, na zona Norte.<\/p>\n\n\n\n<p>&#8220;O objetivo principal \u00e9 assegurar o aprendizado necess\u00e1rio para o desenvolvimento dessas mulheres. Numa sociedade cada vez mais digitalizada, o dom\u00ednio de tais ferramentas tecnol\u00f3gicas se torna uma compet\u00eancia essencial, garantindo que tenham as mesmas oportunidades de crescimento e inclus\u00e3o mediante o mundo conectado, impactando positivamente em seu cotidiano e entornos\u201d destacou a coordenadora do Centro de Refer\u00eancia dos Direitos da Mulher (CRDM), Elianne Domingues.<\/p>\n\n\n\n<p>A gestora do Senac Cidade Nova, La\u00eds Serr\u00e3o, refor\u00e7ou a import\u00e2ncia da capacita\u00e7\u00e3o das participantes como um meio para impulsionar suas habilidades pessoais, propiciando um amadurecimento significativo.<\/p>\n\n\n\n<p>\u201cMuitas dessas mulheres s\u00e3o empreendedoras e artes\u00e3s que enfrentam desafios para alavancar seus neg\u00f3cios devido \u00e0 falta de conhecimentos digitais. Atrav\u00e9s deste curso, buscamos n\u00e3o apenas promover a inclus\u00e3o social, mas tamb\u00e9m equip\u00e1-las com as ferramentas necess\u00e1rias para explorar o uso de tecnologias, que \u00e9 crucial para o sucesso e crescimento dos seus empreendimentos no mercado moderno\u201d, frisou.<\/p>\n\n\n\n<p>A artes\u00e3 Maria Solange, 22 anos, ressaltou que o curso ser\u00e1 vital para expandir suas vendas, al\u00e9m de contribuir com sua comunidade ao compartilhar o conhecimento obtido.<\/p>\n\n\n\n<p>&#8220;Acredito que o curso ser\u00e1 necess\u00e1rio para expandir minhas vendas com os produtos artesanais que eu produzo, al\u00e9m disso, estou confiante de que essa experi\u00eancia ser\u00e1 valiosa para a minha comunidade, pois poderei compartilhar esse conhecimento com meus familiares e amigos\u201d concluiu.<\/p>\n\n\n\n<p>\u2013 \u2013 \u2013<\/p>\n\n\n\n<p><strong>Texto: <\/strong>Igor Costa \/ Semasc<\/p>\n\n\n\n<p><strong>Fotos: <\/strong>Diego Lima \/ Semasc<\/p>\n","protected":false},"excerpt":{"rendered":"","protected":false},"author":56,"featured_media":210798,"comment_status":"closed","ping_status":"closed","sticky":false,"template":"","format":"standard","meta":{"footnotes":""},"categories":[76],"tags":[107,7,18,944],"acf":[],"yoast_head":"<!-- This site is optimized with the Yoast SEO plugin v23.0 - https:\/\/yoast.com\/wordpress\/plugins\/seo\/ -->\n<title>Prefeitura de Manaus promove curso de inform\u00e1tica para mulheres ind\u00edgenas no SENAC Cidade Nova, zona Norte - SEMASC<\/title>\n<meta name=\"robots\" content=\"noindex, follow\" \/>\n<meta property=\"og:locale\" content=\"pt_BR\" \/>\n<meta property=\"og:type\" content=\"article\" \/>\n<meta property=\"og:title\" content=\"Prefeitura de Manaus promove curso de inform\u00e1tica para mulheres ind\u00edgenas no SENAC Cidade Nova, zona Norte - SEMASC\" \/>\n<meta property=\"og:url\" content=\"https:\/\/www.manaus.am.gov.br\/semasc\/prefeitura-de-manaus-promove-curso-de-informatica-para-mulheres-indigenas-no-senac-cidade-nova-zona-norte\/\" \/>\n<meta property=\"og:site_name\" content=\"SEMASC\" \/>\n<meta property=\"article:publisher\" content=\"https:\/\/www.facebook.com\/semascmanaus\" \/>\n<meta property=\"article:published_time\" content=\"2024-08-29T16:21:12+00:00\" \/>\n<meta property=\"article:modified_time\" content=\"2024-10-17T14:45:30+00:00\" \/>\n<meta property=\"og:image\" content=\"https:\/\/www.manaus.am.gov.br\/semasc\/wp-content\/uploads\/sites\/17\/2024\/08\/IMG_1205.jpg\" \/>\n\t<meta property=\"og:image:width\" content=\"2592\" \/>\n\t<meta property=\"og:image:height\" content=\"1728\" \/>\n\t<meta property=\"og:image:type\" content=\"image\/jpeg\" \/>\n<meta name=\"author\" content=\"leofierro\" \/>\n<meta name=\"twitter:card\" content=\"summary_large_image\" \/>\n<meta name=\"twitter:label1\" content=\"Written by\" \/>\n\t<meta name=\"twitter:data1\" content=\"leofierro\" \/>\n\t<meta name=\"twitter:label2\" content=\"Est. reading time\" \/>\n\t<meta name=\"twitter:data2\" content=\"2 minutos\" \/>\n<script type=\"application\/ld+json\" class=\"yoast-schema-graph\">{\"@context\":\"https:\/\/schema.org\",\"@graph\":[{\"@type\":\"Article\",\"@id\":\"https:\/\/www.manaus.am.gov.br\/semasc\/prefeitura-de-manaus-promove-curso-de-informatica-para-mulheres-indigenas-no-senac-cidade-nova-zona-norte\/#article\",\"isPartOf\":{\"@id\":\"https:\/\/www.manaus.am.gov.br\/semasc\/prefeitura-de-manaus-promove-curso-de-informatica-para-mulheres-indigenas-no-senac-cidade-nova-zona-norte\/\"},\"author\":{\"name\":\"leofierro\",\"@id\":\"https:\/\/www.manaus.am.gov.br\/semasc\/#\/schema\/person\/68c6a77f3dcf3f40a0d6e6ad5076718c\"},\"headline\":\"Prefeitura de Manaus promove curso de inform\u00e1tica para mulheres ind\u00edgenas no SENAC Cidade Nova, zona Norte\",\"datePublished\":\"2024-08-29T16:21:12+00:00\",\"dateModified\":\"2024-10-17T14:45:30+00:00\",\"mainEntityOfPage\":{\"@id\":\"https:\/\/www.manaus.am.gov.br\/semasc\/prefeitura-de-manaus-promove-curso-de-informatica-para-mulheres-indigenas-no-senac-cidade-nova-zona-norte\/\"},\"wordCount\":368,\"publisher\":{\"@id\":\"https:\/\/www.manaus.am.gov.br\/semasc\/#organization\"},\"image\":{\"@id\":\"https:\/\/www.manaus.am.gov.br\/semasc\/prefeitura-de-manaus-promove-curso-de-informatica-para-mulheres-indigenas-no-senac-cidade-nova-zona-norte\/#primaryimage\"},\"thumbnailUrl\":\"https:\/\/www.manaus.am.gov.br\/semasc\/wp-content\/uploads\/sites\/17\/2024\/08\/IMG_1205.jpg\",\"keywords\":[\"CRDM\",\"prefeitura de manaus\",\"Semasc\",\"senac\"],\"articleSection\":[\"Capacita\u00e7\u00e3o\"],\"inLanguage\":\"pt-BR\"},{\"@type\":\"WebPage\",\"@id\":\"https:\/\/www.manaus.am.gov.br\/semasc\/prefeitura-de-manaus-promove-curso-de-informatica-para-mulheres-indigenas-no-senac-cidade-nova-zona-norte\/\",\"url\":\"https:\/\/www.manaus.am.gov.br\/semasc\/prefeitura-de-manaus-promove-curso-de-informatica-para-mulheres-indigenas-no-senac-cidade-nova-zona-norte\/\",\"name\":\"Prefeitura de Manaus promove curso de inform\u00e1tica para mulheres ind\u00edgenas no SENAC Cidade Nova, zona Norte - SEMASC\",\"isPartOf\":{\"@id\":\"https:\/\/www.manaus.am.gov.br\/semasc\/#website\"},\"primaryImageOfPage\":{\"@id\":\"https:\/\/www.manaus.am.gov.br\/semasc\/prefeitura-de-manaus-promove-curso-de-informatica-para-mulheres-indigenas-no-senac-cidade-nova-zona-norte\/#primaryimage\"},\"image\":{\"@id\":\"https:\/\/www.manaus.am.gov.br\/semasc\/prefeitura-de-manaus-promove-curso-de-informatica-para-mulheres-indigenas-no-senac-cidade-nova-zona-norte\/#primaryimage\"},\"thumbnailUrl\":\"https:\/\/www.manaus.am.gov.br\/semasc\/wp-content\/uploads\/sites\/17\/2024\/08\/IMG_1205.jpg\",\"datePublished\":\"2024-08-29T16:21:12+00:00\",\"dateModified\":\"2024-10-17T14:45:30+00:00\",\"breadcrumb\":{\"@id\":\"https:\/\/www.manaus.am.gov.br\/semasc\/prefeitura-de-manaus-promove-curso-de-informatica-para-mulheres-indigenas-no-senac-cidade-nova-zona-norte\/#breadcrumb\"},\"inLanguage\":\"pt-BR\",\"potentialAction\":[{\"@type\":\"ReadAction\",\"target\":[\"https:\/\/www.manaus.am.gov.br\/semasc\/prefeitura-de-manaus-promove-curso-de-informatica-para-mulheres-indigenas-no-senac-cidade-nova-zona-norte\/\"]}]},{\"@type\":\"ImageObject\",\"inLanguage\":\"pt-BR\",\"@id\":\"https:\/\/www.manaus.am.gov.br\/semasc\/prefeitura-de-manaus-promove-curso-de-informatica-para-mulheres-indigenas-no-senac-cidade-nova-zona-norte\/#primaryimage\",\"url\":\"https:\/\/www.manaus.am.gov.br\/semasc\/wp-content\/uploads\/sites\/17\/2024\/08\/IMG_1205.jpg\",\"contentUrl\":\"https:\/\/www.manaus.am.gov.br\/semasc\/wp-content\/uploads\/sites\/17\/2024\/08\/IMG_1205.jpg\",\"width\":2592,\"height\":1728},{\"@type\":\"BreadcrumbList\",\"@id\":\"https:\/\/www.manaus.am.gov.br\/semasc\/prefeitura-de-manaus-promove-curso-de-informatica-para-mulheres-indigenas-no-senac-cidade-nova-zona-norte\/#breadcrumb\",\"itemListElement\":[{\"@type\":\"ListItem\",\"position\":1,\"name\":\"Home\",\"item\":\"https:\/\/www.manaus.am.gov.br\/semasc\/\"},{\"@type\":\"ListItem\",\"position\":2,\"name\":\"Prefeitura de Manaus promove curso de inform\u00e1tica para mulheres ind\u00edgenas no SENAC Cidade Nova, zona Norte\"}]},{\"@type\":\"WebSite\",\"@id\":\"https:\/\/www.manaus.am.gov.br\/semasc\/#website\",\"url\":\"https:\/\/www.manaus.am.gov.br\/semasc\/\",\"name\":\"SEMASC\",\"description\":\"Secretaria Municipal da Mulher, Assist\u00eancia Social e Cidadania.\",\"publisher\":{\"@id\":\"https:\/\/www.manaus.am.gov.br\/semasc\/#organization\"},\"alternateName\":\"Secretaria Municipal da Mulher, Assist\u00eancia Social e Cidadania\",\"potentialAction\":[{\"@type\":\"SearchAction\",\"target\":{\"@type\":\"EntryPoint\",\"urlTemplate\":\"https:\/\/www.manaus.am.gov.br\/semasc\/?s={search_term_string}\"},\"query-input\":\"required name=search_term_string\"}],\"inLanguage\":\"pt-BR\"},{\"@type\":\"Organization\",\"@id\":\"https:\/\/www.manaus.am.gov.br\/semasc\/#organization\",\"name\":\"Prefeitura de Manaus\",\"alternateName\":\"Prefeitura Municipal de Manaus\",\"url\":\"https:\/\/www.manaus.am.gov.br\/semasc\/\",\"logo\":{\"@type\":\"ImageObject\",\"inLanguage\":\"pt-BR\",\"@id\":\"https:\/\/www.manaus.am.gov.br\/semasc\/#\/schema\/logo\/image\/\",\"url\":\"https:\/\/www.manaus.am.gov.br\/semasc\/wp-content\/uploads\/sites\/17\/2024\/07\/favicon.png\",\"contentUrl\":\"https:\/\/www.manaus.am.gov.br\/semasc\/wp-content\/uploads\/sites\/17\/2024\/07\/favicon.png\",\"width\":300,\"height\":300,\"caption\":\"Prefeitura de Manaus\"},\"image\":{\"@id\":\"https:\/\/www.manaus.am.gov.br\/semasc\/#\/schema\/logo\/image\/\"},\"sameAs\":[\"https:\/\/www.facebook.com\/semascmanaus\",\"https:\/\/www.instagram.com\/semascmanaus\/\"]},{\"@type\":\"Person\",\"@id\":\"https:\/\/www.manaus.am.gov.br\/semasc\/#\/schema\/person\/68c6a77f3dcf3f40a0d6e6ad5076718c\",\"name\":\"leofierro\",\"image\":{\"@type\":\"ImageObject\",\"inLanguage\":\"pt-BR\",\"@id\":\"https:\/\/www.manaus.am.gov.br\/semasc\/#\/schema\/person\/image\/\",\"url\":\"https:\/\/secure.gravatar.com\/avatar\/30d8783eede7767036ae574037a3f2de?s=96&d=mm&r=g\",\"contentUrl\":\"https:\/\/secure.gravatar.com\/avatar\/30d8783eede7767036ae574037a3f2de?s=96&d=mm&r=g\",\"caption\":\"leofierro\"}}]}<\/script>\n<!-- \/ Yoast SEO plugin. -->","yoast_head_json":{"title":"Prefeitura de Manaus promove curso de inform\u00e1tica para mulheres ind\u00edgenas no SENAC Cidade Nova, zona Norte - SEMASC","robots":{"index":"noindex","follow":"follow"},"og_locale":"pt_BR","og_type":"article","og_title":"Prefeitura de Manaus promove curso de inform\u00e1tica para mulheres ind\u00edgenas no SENAC Cidade Nova, zona Norte - SEMASC","og_url":"https:\/\/www.manaus.am.gov.br\/semasc\/prefeitura-de-manaus-promove-curso-de-informatica-para-mulheres-indigenas-no-senac-cidade-nova-zona-norte\/","og_site_name":"SEMASC","article_publisher":"https:\/\/www.facebook.com\/semascmanaus","article_published_time":"2024-08-29T16:21:12+00:00","article_modified_time":"2024-10-17T14:45:30+00:00","og_image":[{"width":2592,"height":1728,"url":"https:\/\/www.manaus.am.gov.br\/semasc\/wp-content\/uploads\/sites\/17\/2024\/08\/IMG_1205.jpg","type":"image\/jpeg"}],"author":"leofierro","twitter_card":"summary_large_image","twitter_misc":{"Written by":"leofierro","Est. reading time":"2 minutos"},"schema":{"@context":"https:\/\/schema.org","@graph":[{"@type":"Article","@id":"https:\/\/www.manaus.am.gov.br\/semasc\/prefeitura-de-manaus-promove-curso-de-informatica-para-mulheres-indigenas-no-senac-cidade-nova-zona-norte\/#article","isPartOf":{"@id":"https:\/\/www.manaus.am.gov.br\/semasc\/prefeitura-de-manaus-promove-curso-de-informatica-para-mulheres-indigenas-no-senac-cidade-nova-zona-norte\/"},"author":{"name":"leofierro","@id":"https:\/\/www.manaus.am.gov.br\/semasc\/#\/schema\/person\/68c6a77f3dcf3f40a0d6e6ad5076718c"},"headline":"Prefeitura de Manaus promove curso de inform\u00e1tica para mulheres ind\u00edgenas no SENAC Cidade Nova, zona Norte","datePublished":"2024-08-29T16:21:12+00:00","dateModified":"2024-10-17T14:45:30+00:00","mainEntityOfPage":{"@id":"https:\/\/www.manaus.am.gov.br\/semasc\/prefeitura-de-manaus-promove-curso-de-informatica-para-mulheres-indigenas-no-senac-cidade-nova-zona-norte\/"},"wordCount":368,"publisher":{"@id":"https:\/\/www.manaus.am.gov.br\/semasc\/#organization"},"image":{"@id":"https:\/\/www.manaus.am.gov.br\/semasc\/prefeitura-de-manaus-promove-curso-de-informatica-para-mulheres-indigenas-no-senac-cidade-nova-zona-norte\/#primaryimage"},"thumbnailUrl":"https:\/\/www.manaus.am.gov.br\/semasc\/wp-content\/uploads\/sites\/17\/2024\/08\/IMG_1205.jpg","keywords":["CRDM","prefeitura de manaus","Semasc","senac"],"articleSection":["Capacita\u00e7\u00e3o"],"inLanguage":"pt-BR"},{"@type":"WebPage","@id":"https:\/\/www.manaus.am.gov.br\/semasc\/prefeitura-de-manaus-promove-curso-de-informatica-para-mulheres-indigenas-no-senac-cidade-nova-zona-norte\/","url":"https:\/\/www.manaus.am.gov.br\/semasc\/prefeitura-de-manaus-promove-curso-de-informatica-para-mulheres-indigenas-no-senac-cidade-nova-zona-norte\/","name":"Prefeitura de Manaus promove curso de inform\u00e1tica para mulheres ind\u00edgenas no SENAC Cidade Nova, zona Norte - SEMASC","isPartOf":{"@id":"https:\/\/www.manaus.am.gov.br\/semasc\/#website"},"primaryImageOfPage":{"@id":"https:\/\/www.manaus.am.gov.br\/semasc\/prefeitura-de-manaus-promove-curso-de-informatica-para-mulheres-indigenas-no-senac-cidade-nova-zona-norte\/#primaryimage"},"image":{"@id":"https:\/\/www.manaus.am.gov.br\/semasc\/prefeitura-de-manaus-promove-curso-de-informatica-para-mulheres-indigenas-no-senac-cidade-nova-zona-norte\/#primaryimage"},"thumbnailUrl":"https:\/\/www.manaus.am.gov.br\/semasc\/wp-content\/uploads\/sites\/17\/2024\/08\/IMG_1205.jpg","datePublished":"2024-08-29T16:21:12+00:00","dateModified":"2024-10-17T14:45:30+00:00","breadcrumb":{"@id":"https:\/\/www.manaus.am.gov.br\/semasc\/prefeitura-de-manaus-promove-curso-de-informatica-para-mulheres-indigenas-no-senac-cidade-nova-zona-norte\/#breadcrumb"},"inLanguage":"pt-BR","potentialAction":[{"@type":"ReadAction","target":["https:\/\/www.manaus.am.gov.br\/semasc\/prefeitura-de-manaus-promove-curso-de-informatica-para-mulheres-indigenas-no-senac-cidade-nova-zona-norte\/"]}]},{"@type":"ImageObject","inLanguage":"pt-BR","@id":"https:\/\/www.manaus.am.gov.br\/semasc\/prefeitura-de-manaus-promove-curso-de-informatica-para-mulheres-indigenas-no-senac-cidade-nova-zona-norte\/#primaryimage","url":"https:\/\/www.manaus.am.gov.br\/semasc\/wp-content\/uploads\/sites\/17\/2024\/08\/IMG_1205.jpg","contentUrl":"https:\/\/www.manaus.am.gov.br\/semasc\/wp-content\/uploads\/sites\/17\/2024\/08\/IMG_1205.jpg","width":2592,"height":1728},{"@type":"BreadcrumbList","@id":"https:\/\/www.manaus.am.gov.br\/semasc\/prefeitura-de-manaus-promove-curso-de-informatica-para-mulheres-indigenas-no-senac-cidade-nova-zona-norte\/#breadcrumb","itemListElement":[{"@type":"ListItem","position":1,"name":"Home","item":"https:\/\/www.manaus.am.gov.br\/semasc\/"},{"@type":"ListItem","position":2,"name":"Prefeitura de Manaus promove curso de inform\u00e1tica para mulheres ind\u00edgenas no SENAC Cidade Nova, zona Norte"}]},{"@type":"WebSite","@id":"https:\/\/www.manaus.am.gov.br\/semasc\/#website","url":"https:\/\/www.manaus.am.gov.br\/semasc\/","name":"SEMASC","description":"Secretaria Municipal da Mulher, Assist\u00eancia Social e Cidadania.","publisher":{"@id":"https:\/\/www.manaus.am.gov.br\/semasc\/#organization"},"alternateName":"Secretaria Municipal da Mulher, Assist\u00eancia Social e Cidadania","potentialAction":[{"@type":"SearchAction","target":{"@type":"EntryPoint","urlTemplate":"https:\/\/www.manaus.am.gov.br\/semasc\/?s={search_term_string}"},"query-input":"required name=search_term_string"}],"inLanguage":"pt-BR"},{"@type":"Organization","@id":"https:\/\/www.manaus.am.gov.br\/semasc\/#organization","name":"Prefeitura de Manaus","alternateName":"Prefeitura Municipal de Manaus","url":"https:\/\/www.manaus.am.gov.br\/semasc\/","logo":{"@type":"ImageObject","inLanguage":"pt-BR","@id":"https:\/\/www.manaus.am.gov.br\/semasc\/#\/schema\/logo\/image\/","url":"https:\/\/www.manaus.am.gov.br\/semasc\/wp-content\/uploads\/sites\/17\/2024\/07\/favicon.png","contentUrl":"https:\/\/www.manaus.am.gov.br\/semasc\/wp-content\/uploads\/sites\/17\/2024\/07\/favicon.png","width":300,"height":300,"caption":"Prefeitura de Manaus"},"image":{"@id":"https:\/\/www.manaus.am.gov.br\/semasc\/#\/schema\/logo\/image\/"},"sameAs":["https:\/\/www.facebook.com\/semascmanaus","https:\/\/www.instagram.com\/semascmanaus\/"]},{"@type":"Person","@id":"https:\/\/www.manaus.am.gov.br\/semasc\/#\/schema\/person\/68c6a77f3dcf3f40a0d6e6ad5076718c","name":"leofierro","image":{"@type":"ImageObject","inLanguage":"pt-BR","@id":"https:\/\/www.manaus.am.gov.br\/semasc\/#\/schema\/person\/image\/","url":"https:\/\/secure.gravatar.com\/avatar\/30d8783eede7767036ae574037a3f2de?s=96&d=mm&r=g","contentUrl":"https:\/\/secure.gravatar.com\/avatar\/30d8783eede7767036ae574037a3f2de?s=96&d=mm&r=g","caption":"leofierro"}}]}},"_links":{"self":[{"href":"https:\/\/www.manaus.am.gov.br\/semasc\/wp-json\/wp\/v2\/posts\/210800"}],"collection":[{"href":"https:\/\/www.manaus.am.gov.br\/semasc\/wp-json\/wp\/v2\/posts"}],"about":[{"href":"https:\/\/www.manaus.am.gov.br\/semasc\/wp-json\/wp\/v2\/types\/post"}],"author":[{"embeddable":true,"href":"https:\/\/www.manaus.am.gov.br\/semasc\/wp-json\/wp\/v2\/users\/56"}],"replies":[{"embeddable":true,"href":"https:\/\/www.manaus.am.gov.br\/semasc\/wp-json\/wp\/v2\/comments?post=210800"}],"version-history":[{"count":1,"href":"https:\/\/www.manaus.am.gov.br\/semasc\/wp-json\/wp\/v2\/posts\/210800\/revisions"}],"predecessor-version":[{"id":210801,"href":"https:\/\/www.manaus.am.gov.br\/semasc\/wp-json\/wp\/v2\/posts\/210800\/revisions\/210801"}],"wp:featuredmedia":[{"embeddable":true,"href":"https:\/\/www.manaus.am.gov.br\/semasc\/wp-json\/wp\/v2\/media\/210798"}],"wp:attachment":[{"href":"https:\/\/www.manaus.am.gov.br\/semasc\/wp-json\/wp\/v2\/media?parent=210800"}],"wp:term":[{"taxonomy":"category","embeddable":true,"href":"https:\/\/www.manaus.am.gov.br\/semasc\/wp-json\/wp\/v2\/categories?post=210800"},{"taxonomy":"post_tag","embeddable":true,"href":"https:\/\/www.manaus.am.gov.br\/semasc\/wp-json\/wp\/v2\/tags?post=210800"}],"curies":[{"name":"wp","href":"https:\/\/api.w.org\/{rel}","templated":true}]}}