{"id":210797,"date":"2024-08-29T12:18:53","date_gmt":"2024-08-29T16:18:53","guid":{"rendered":"https:\/\/www.manaus.am.gov.br\/semasc\/?p=210797"},"modified":"2024-10-17T10:45:16","modified_gmt":"2024-10-17T14:45:16","slug":"servidores-da-assistencia-social-participam-de-capacitacao-promovida-pelo-unfpa-sobre-violencia-baseada-em-genero","status":"publish","type":"post","link":"https:\/\/www.manaus.am.gov.br\/semasc\/servidores-da-assistencia-social-participam-de-capacitacao-promovida-pelo-unfpa-sobre-violencia-baseada-em-genero\/","title":{"rendered":"Servidores da assist\u00eancia social participam de capacita\u00e7\u00e3o promovida pelo UNFPA sobre viol\u00eancia baseada em g\u00eanero"},"content":{"rendered":"\n<p>A Prefeitura de Manaus, por meio da Secretaria Municipal da Mulher, Assist\u00eancia Social e Cidadania (Semasc), deu in\u00edcio, nesta quarta-feira, 28\/8, \u00e0 \u201cForma\u00e7\u00e3o em Diretrizes Interagenciais para Atendimento Humanizado em Rede de Sobreviventes de Viol\u00eancia Baseada no G\u00eanero\u201d. O objetivo \u00e9 fortalecer as capacidades t\u00e9cnicas e habilidades dos agentes p\u00fablicos para a preven\u00e7\u00e3o e gest\u00e3o de casos de prote\u00e7\u00e3o em viol\u00eancia baseada no g\u00eanero.<\/p>\n\n\n\n<p>A capacita\u00e7\u00e3o \u00e9 promovida pelo Fundo de Popula\u00e7\u00e3o das Na\u00e7\u00f5es Unidas (Unfpa) e \u00e9 direcionada especificamente para t\u00e9cnicos da prote\u00e7\u00e3o social especial, respons\u00e1veis pelos atendimentos realizados em Centros de Refer\u00eancia Especializados de Assist\u00eancia Social (Creas), no Centro de Refer\u00eancia Especializado para Pessoas em Situa\u00e7\u00e3o de Rua (Centro POP) e servi\u00e7os de acolhimento institucional. O primeiro dia de evento ocorreu no Comfort Hotel Manaus, na zona Sul.<\/p>\n\n\n\n<p>\u201cO que desejamos aqui \u00e9 nivelar os conhecimentos da nossa equipe t\u00e9cnica, aproveitando essa oportunidade para que conhecimentos sejam trocados e possamos promover o melhor atendimento aos nossos usu\u00e1rios, que de fato necessitam do nosso melhor empenho\u201d, destacou a diretora do Departamento de Prote\u00e7\u00e3o Social Especial (DPSE), Helane Moreira.<\/p>\n\n\n\n<p>Para D\u00e9bora Rodrigues, Chefe de Escrit\u00f3rio do Unfpa em Manaus, a parceria com a gest\u00e3o municipal \u00e9 de suma import\u00e2ncia para que o atendimento oferecidos por equipamentos socioassistenciais possa continuar \u00e0 altura do que os usu\u00e1rios merecem e promover uma mudan\u00e7a de paradigma gradativa e concreta no munic\u00edpio e no estado.<\/p>\n\n\n\n<p>Segundo o 18\u00ba Anu\u00e1rio Brasileiro de Seguran\u00e7a P\u00fablica, no ano de 2023, foram registrados no Amazonas 3.564 casos por les\u00e3o corporal dolosa contra mulheres, 1.877 casos de persegui\u00e7\u00e3o (<em>stalking<\/em>) e concedidas mais de 14 mil medidas protetivas.<\/p>\n\n\n\n<p>\u201cEssa forma\u00e7\u00e3o \u00e9 muito especial para a gente e \u00e9 extremamente importante para o enfrentamento e na preven\u00e7\u00e3o de viol\u00eancia baseada no g\u00eanero, pois \u00e9 assim que trabalhamos para assegurar que haja uma qualidade desse atendimento, que esse atendimento seja integral, seja intersetorial e que, principalmente, acolha com dignidade e respeito qualquer mulher que possa a vir precisar dele\u201d, destacou.<\/p>\n\n\n\n<p>M\u00e1rcia Matos, assistente social da Ger\u00eancia de A\u00e7\u00f5es Estrat\u00e9gicas do Programa de Erradica\u00e7\u00e3o do Trabalho Infantil, ressaltou a import\u00e2ncia da forma\u00e7\u00e3o para ela e outras colegas.<\/p>\n\n\n\n<p>\u201c\u00c9 de grande import\u00e2ncia pararmos um pouquinho o trabalho para estarmos nos atualizando, nos questionando e at\u00e9 mesmo questionando os procedimentos que n\u00f3s estamos adotando. Isso \u00e9 necess\u00e1rio para um atendimento ao p\u00fablico mais humanizado, mas para isso \u00e9 necess\u00e1rio enxergar a sociedade de maneira respeitosa e entender suas modifica\u00e7\u00f5es, sempre buscando se informar\u201d, afirmou.<\/p>\n\n\n\n<p>A capacita\u00e7\u00e3o segue at\u00e9 o dia 30\/8, onde os servidores discutir\u00e3o conceitos relacionados \u00e0 tem\u00e1tica, o papel da assist\u00eancia social na oferta de prote\u00e7\u00e3o social integral e as poss\u00edveis mudan\u00e7as necess\u00e1rias para a amplia\u00e7\u00e3o de compet\u00eancias e habilidades de rede de prote\u00e7\u00e3o municipal.<\/p>\n\n\n\n<p>\u2013 \u2013 \u2013<\/p>\n\n\n\n<p><strong>Texto: <\/strong>Guilherme Pacheco \/ Semasc<\/p>\n\n\n\n<p><strong>Fotos: <\/strong>Diego Lima \/ Semasc<\/p>\n","protected":false},"excerpt":{"rendered":"","protected":false},"author":56,"featured_media":210805,"comment_status":"closed","ping_status":"closed","sticky":false,"template":"","format":"standard","meta":{"footnotes":""},"categories":[76],"tags":[77,135,7,18,781],"acf":[],"yoast_head":"<!-- This site is optimized with the Yoast SEO plugin v23.0 - https:\/\/yoast.com\/wordpress\/plugins\/seo\/ -->\n<title>Servidores da assist\u00eancia social participam de capacita\u00e7\u00e3o promovida pelo UNFPA sobre viol\u00eancia baseada em g\u00eanero - SEMASC<\/title>\n<meta name=\"robots\" content=\"noindex, follow\" \/>\n<meta property=\"og:locale\" content=\"pt_BR\" \/>\n<meta property=\"og:type\" content=\"article\" \/>\n<meta property=\"og:title\" content=\"Servidores da assist\u00eancia social participam de capacita\u00e7\u00e3o promovida pelo UNFPA sobre viol\u00eancia baseada em g\u00eanero - SEMASC\" \/>\n<meta property=\"og:url\" content=\"https:\/\/www.manaus.am.gov.br\/semasc\/servidores-da-assistencia-social-participam-de-capacitacao-promovida-pelo-unfpa-sobre-violencia-baseada-em-genero\/\" \/>\n<meta property=\"og:site_name\" content=\"SEMASC\" \/>\n<meta property=\"article:publisher\" content=\"https:\/\/www.facebook.com\/semascmanaus\" \/>\n<meta property=\"article:published_time\" content=\"2024-08-29T16:18:53+00:00\" \/>\n<meta property=\"article:modified_time\" content=\"2024-10-17T14:45:16+00:00\" \/>\n<meta property=\"og:image\" content=\"https:\/\/www.manaus.am.gov.br\/semasc\/wp-content\/uploads\/sites\/17\/2024\/08\/IMG_1129.jpg\" \/>\n\t<meta property=\"og:image:width\" content=\"2592\" \/>\n\t<meta property=\"og:image:height\" content=\"1728\" \/>\n\t<meta property=\"og:image:type\" content=\"image\/jpeg\" \/>\n<meta name=\"author\" content=\"leofierro\" \/>\n<meta name=\"twitter:card\" content=\"summary_large_image\" \/>\n<meta name=\"twitter:label1\" content=\"Written by\" \/>\n\t<meta name=\"twitter:data1\" content=\"leofierro\" \/>\n\t<meta name=\"twitter:label2\" content=\"Est. reading time\" \/>\n\t<meta name=\"twitter:data2\" content=\"3 minutos\" \/>\n<script type=\"application\/ld+json\" class=\"yoast-schema-graph\">{\"@context\":\"https:\/\/schema.org\",\"@graph\":[{\"@type\":\"Article\",\"@id\":\"https:\/\/www.manaus.am.gov.br\/semasc\/servidores-da-assistencia-social-participam-de-capacitacao-promovida-pelo-unfpa-sobre-violencia-baseada-em-genero\/#article\",\"isPartOf\":{\"@id\":\"https:\/\/www.manaus.am.gov.br\/semasc\/servidores-da-assistencia-social-participam-de-capacitacao-promovida-pelo-unfpa-sobre-violencia-baseada-em-genero\/\"},\"author\":{\"name\":\"leofierro\",\"@id\":\"https:\/\/www.manaus.am.gov.br\/semasc\/#\/schema\/person\/68c6a77f3dcf3f40a0d6e6ad5076718c\"},\"headline\":\"Servidores da assist\u00eancia social participam de capacita\u00e7\u00e3o promovida pelo UNFPA sobre viol\u00eancia baseada em g\u00eanero\",\"datePublished\":\"2024-08-29T16:18:53+00:00\",\"dateModified\":\"2024-10-17T14:45:16+00:00\",\"mainEntityOfPage\":{\"@id\":\"https:\/\/www.manaus.am.gov.br\/semasc\/servidores-da-assistencia-social-participam-de-capacitacao-promovida-pelo-unfpa-sobre-violencia-baseada-em-genero\/\"},\"wordCount\":523,\"publisher\":{\"@id\":\"https:\/\/www.manaus.am.gov.br\/semasc\/#organization\"},\"image\":{\"@id\":\"https:\/\/www.manaus.am.gov.br\/semasc\/servidores-da-assistencia-social-participam-de-capacitacao-promovida-pelo-unfpa-sobre-violencia-baseada-em-genero\/#primaryimage\"},\"thumbnailUrl\":\"https:\/\/www.manaus.am.gov.br\/semasc\/wp-content\/uploads\/sites\/17\/2024\/08\/IMG_1129.jpg\",\"keywords\":[\"capacita\u00e7\u00e3o\",\"onu\",\"prefeitura de manaus\",\"Semasc\",\"UNFPA\"],\"articleSection\":[\"Capacita\u00e7\u00e3o\"],\"inLanguage\":\"pt-BR\"},{\"@type\":\"WebPage\",\"@id\":\"https:\/\/www.manaus.am.gov.br\/semasc\/servidores-da-assistencia-social-participam-de-capacitacao-promovida-pelo-unfpa-sobre-violencia-baseada-em-genero\/\",\"url\":\"https:\/\/www.manaus.am.gov.br\/semasc\/servidores-da-assistencia-social-participam-de-capacitacao-promovida-pelo-unfpa-sobre-violencia-baseada-em-genero\/\",\"name\":\"Servidores da assist\u00eancia social participam de capacita\u00e7\u00e3o promovida pelo UNFPA sobre viol\u00eancia baseada em g\u00eanero - SEMASC\",\"isPartOf\":{\"@id\":\"https:\/\/www.manaus.am.gov.br\/semasc\/#website\"},\"primaryImageOfPage\":{\"@id\":\"https:\/\/www.manaus.am.gov.br\/semasc\/servidores-da-assistencia-social-participam-de-capacitacao-promovida-pelo-unfpa-sobre-violencia-baseada-em-genero\/#primaryimage\"},\"image\":{\"@id\":\"https:\/\/www.manaus.am.gov.br\/semasc\/servidores-da-assistencia-social-participam-de-capacitacao-promovida-pelo-unfpa-sobre-violencia-baseada-em-genero\/#primaryimage\"},\"thumbnailUrl\":\"https:\/\/www.manaus.am.gov.br\/semasc\/wp-content\/uploads\/sites\/17\/2024\/08\/IMG_1129.jpg\",\"datePublished\":\"2024-08-29T16:18:53+00:00\",\"dateModified\":\"2024-10-17T14:45:16+00:00\",\"breadcrumb\":{\"@id\":\"https:\/\/www.manaus.am.gov.br\/semasc\/servidores-da-assistencia-social-participam-de-capacitacao-promovida-pelo-unfpa-sobre-violencia-baseada-em-genero\/#breadcrumb\"},\"inLanguage\":\"pt-BR\",\"potentialAction\":[{\"@type\":\"ReadAction\",\"target\":[\"https:\/\/www.manaus.am.gov.br\/semasc\/servidores-da-assistencia-social-participam-de-capacitacao-promovida-pelo-unfpa-sobre-violencia-baseada-em-genero\/\"]}]},{\"@type\":\"ImageObject\",\"inLanguage\":\"pt-BR\",\"@id\":\"https:\/\/www.manaus.am.gov.br\/semasc\/servidores-da-assistencia-social-participam-de-capacitacao-promovida-pelo-unfpa-sobre-violencia-baseada-em-genero\/#primaryimage\",\"url\":\"https:\/\/www.manaus.am.gov.br\/semasc\/wp-content\/uploads\/sites\/17\/2024\/08\/IMG_1129.jpg\",\"contentUrl\":\"https:\/\/www.manaus.am.gov.br\/semasc\/wp-content\/uploads\/sites\/17\/2024\/08\/IMG_1129.jpg\",\"width\":2592,\"height\":1728},{\"@type\":\"BreadcrumbList\",\"@id\":\"https:\/\/www.manaus.am.gov.br\/semasc\/servidores-da-assistencia-social-participam-de-capacitacao-promovida-pelo-unfpa-sobre-violencia-baseada-em-genero\/#breadcrumb\",\"itemListElement\":[{\"@type\":\"ListItem\",\"position\":1,\"name\":\"Home\",\"item\":\"https:\/\/www.manaus.am.gov.br\/semasc\/\"},{\"@type\":\"ListItem\",\"position\":2,\"name\":\"Servidores da assist\u00eancia social participam de capacita\u00e7\u00e3o promovida pelo UNFPA sobre viol\u00eancia baseada em g\u00eanero\"}]},{\"@type\":\"WebSite\",\"@id\":\"https:\/\/www.manaus.am.gov.br\/semasc\/#website\",\"url\":\"https:\/\/www.manaus.am.gov.br\/semasc\/\",\"name\":\"SEMASC\",\"description\":\"Secretaria Municipal da Mulher, Assist\u00eancia Social e Cidadania.\",\"publisher\":{\"@id\":\"https:\/\/www.manaus.am.gov.br\/semasc\/#organization\"},\"alternateName\":\"Secretaria Municipal da Mulher, Assist\u00eancia Social e Cidadania\",\"potentialAction\":[{\"@type\":\"SearchAction\",\"target\":{\"@type\":\"EntryPoint\",\"urlTemplate\":\"https:\/\/www.manaus.am.gov.br\/semasc\/?s={search_term_string}\"},\"query-input\":\"required name=search_term_string\"}],\"inLanguage\":\"pt-BR\"},{\"@type\":\"Organization\",\"@id\":\"https:\/\/www.manaus.am.gov.br\/semasc\/#organization\",\"name\":\"Prefeitura de Manaus\",\"alternateName\":\"Prefeitura Municipal de Manaus\",\"url\":\"https:\/\/www.manaus.am.gov.br\/semasc\/\",\"logo\":{\"@type\":\"ImageObject\",\"inLanguage\":\"pt-BR\",\"@id\":\"https:\/\/www.manaus.am.gov.br\/semasc\/#\/schema\/logo\/image\/\",\"url\":\"https:\/\/www.manaus.am.gov.br\/semasc\/wp-content\/uploads\/sites\/17\/2024\/07\/favicon.png\",\"contentUrl\":\"https:\/\/www.manaus.am.gov.br\/semasc\/wp-content\/uploads\/sites\/17\/2024\/07\/favicon.png\",\"width\":300,\"height\":300,\"caption\":\"Prefeitura de Manaus\"},\"image\":{\"@id\":\"https:\/\/www.manaus.am.gov.br\/semasc\/#\/schema\/logo\/image\/\"},\"sameAs\":[\"https:\/\/www.facebook.com\/semascmanaus\",\"https:\/\/www.instagram.com\/semascmanaus\/\"]},{\"@type\":\"Person\",\"@id\":\"https:\/\/www.manaus.am.gov.br\/semasc\/#\/schema\/person\/68c6a77f3dcf3f40a0d6e6ad5076718c\",\"name\":\"leofierro\",\"image\":{\"@type\":\"ImageObject\",\"inLanguage\":\"pt-BR\",\"@id\":\"https:\/\/www.manaus.am.gov.br\/semasc\/#\/schema\/person\/image\/\",\"url\":\"https:\/\/secure.gravatar.com\/avatar\/30d8783eede7767036ae574037a3f2de?s=96&d=mm&r=g\",\"contentUrl\":\"https:\/\/secure.gravatar.com\/avatar\/30d8783eede7767036ae574037a3f2de?s=96&d=mm&r=g\",\"caption\":\"leofierro\"}}]}<\/script>\n<!-- \/ Yoast SEO plugin. -->","yoast_head_json":{"title":"Servidores da assist\u00eancia social participam de capacita\u00e7\u00e3o promovida pelo UNFPA sobre viol\u00eancia baseada em g\u00eanero - SEMASC","robots":{"index":"noindex","follow":"follow"},"og_locale":"pt_BR","og_type":"article","og_title":"Servidores da assist\u00eancia social participam de capacita\u00e7\u00e3o promovida pelo UNFPA sobre viol\u00eancia baseada em g\u00eanero - SEMASC","og_url":"https:\/\/www.manaus.am.gov.br\/semasc\/servidores-da-assistencia-social-participam-de-capacitacao-promovida-pelo-unfpa-sobre-violencia-baseada-em-genero\/","og_site_name":"SEMASC","article_publisher":"https:\/\/www.facebook.com\/semascmanaus","article_published_time":"2024-08-29T16:18:53+00:00","article_modified_time":"2024-10-17T14:45:16+00:00","og_image":[{"width":2592,"height":1728,"url":"https:\/\/www.manaus.am.gov.br\/semasc\/wp-content\/uploads\/sites\/17\/2024\/08\/IMG_1129.jpg","type":"image\/jpeg"}],"author":"leofierro","twitter_card":"summary_large_image","twitter_misc":{"Written by":"leofierro","Est. reading time":"3 minutos"},"schema":{"@context":"https:\/\/schema.org","@graph":[{"@type":"Article","@id":"https:\/\/www.manaus.am.gov.br\/semasc\/servidores-da-assistencia-social-participam-de-capacitacao-promovida-pelo-unfpa-sobre-violencia-baseada-em-genero\/#article","isPartOf":{"@id":"https:\/\/www.manaus.am.gov.br\/semasc\/servidores-da-assistencia-social-participam-de-capacitacao-promovida-pelo-unfpa-sobre-violencia-baseada-em-genero\/"},"author":{"name":"leofierro","@id":"https:\/\/www.manaus.am.gov.br\/semasc\/#\/schema\/person\/68c6a77f3dcf3f40a0d6e6ad5076718c"},"headline":"Servidores da assist\u00eancia social participam de capacita\u00e7\u00e3o promovida pelo UNFPA sobre viol\u00eancia baseada em g\u00eanero","datePublished":"2024-08-29T16:18:53+00:00","dateModified":"2024-10-17T14:45:16+00:00","mainEntityOfPage":{"@id":"https:\/\/www.manaus.am.gov.br\/semasc\/servidores-da-assistencia-social-participam-de-capacitacao-promovida-pelo-unfpa-sobre-violencia-baseada-em-genero\/"},"wordCount":523,"publisher":{"@id":"https:\/\/www.manaus.am.gov.br\/semasc\/#organization"},"image":{"@id":"https:\/\/www.manaus.am.gov.br\/semasc\/servidores-da-assistencia-social-participam-de-capacitacao-promovida-pelo-unfpa-sobre-violencia-baseada-em-genero\/#primaryimage"},"thumbnailUrl":"https:\/\/www.manaus.am.gov.br\/semasc\/wp-content\/uploads\/sites\/17\/2024\/08\/IMG_1129.jpg","keywords":["capacita\u00e7\u00e3o","onu","prefeitura de manaus","Semasc","UNFPA"],"articleSection":["Capacita\u00e7\u00e3o"],"inLanguage":"pt-BR"},{"@type":"WebPage","@id":"https:\/\/www.manaus.am.gov.br\/semasc\/servidores-da-assistencia-social-participam-de-capacitacao-promovida-pelo-unfpa-sobre-violencia-baseada-em-genero\/","url":"https:\/\/www.manaus.am.gov.br\/semasc\/servidores-da-assistencia-social-participam-de-capacitacao-promovida-pelo-unfpa-sobre-violencia-baseada-em-genero\/","name":"Servidores da assist\u00eancia social participam de capacita\u00e7\u00e3o promovida pelo UNFPA sobre viol\u00eancia baseada em g\u00eanero - SEMASC","isPartOf":{"@id":"https:\/\/www.manaus.am.gov.br\/semasc\/#website"},"primaryImageOfPage":{"@id":"https:\/\/www.manaus.am.gov.br\/semasc\/servidores-da-assistencia-social-participam-de-capacitacao-promovida-pelo-unfpa-sobre-violencia-baseada-em-genero\/#primaryimage"},"image":{"@id":"https:\/\/www.manaus.am.gov.br\/semasc\/servidores-da-assistencia-social-participam-de-capacitacao-promovida-pelo-unfpa-sobre-violencia-baseada-em-genero\/#primaryimage"},"thumbnailUrl":"https:\/\/www.manaus.am.gov.br\/semasc\/wp-content\/uploads\/sites\/17\/2024\/08\/IMG_1129.jpg","datePublished":"2024-08-29T16:18:53+00:00","dateModified":"2024-10-17T14:45:16+00:00","breadcrumb":{"@id":"https:\/\/www.manaus.am.gov.br\/semasc\/servidores-da-assistencia-social-participam-de-capacitacao-promovida-pelo-unfpa-sobre-violencia-baseada-em-genero\/#breadcrumb"},"inLanguage":"pt-BR","potentialAction":[{"@type":"ReadAction","target":["https:\/\/www.manaus.am.gov.br\/semasc\/servidores-da-assistencia-social-participam-de-capacitacao-promovida-pelo-unfpa-sobre-violencia-baseada-em-genero\/"]}]},{"@type":"ImageObject","inLanguage":"pt-BR","@id":"https:\/\/www.manaus.am.gov.br\/semasc\/servidores-da-assistencia-social-participam-de-capacitacao-promovida-pelo-unfpa-sobre-violencia-baseada-em-genero\/#primaryimage","url":"https:\/\/www.manaus.am.gov.br\/semasc\/wp-content\/uploads\/sites\/17\/2024\/08\/IMG_1129.jpg","contentUrl":"https:\/\/www.manaus.am.gov.br\/semasc\/wp-content\/uploads\/sites\/17\/2024\/08\/IMG_1129.jpg","width":2592,"height":1728},{"@type":"BreadcrumbList","@id":"https:\/\/www.manaus.am.gov.br\/semasc\/servidores-da-assistencia-social-participam-de-capacitacao-promovida-pelo-unfpa-sobre-violencia-baseada-em-genero\/#breadcrumb","itemListElement":[{"@type":"ListItem","position":1,"name":"Home","item":"https:\/\/www.manaus.am.gov.br\/semasc\/"},{"@type":"ListItem","position":2,"name":"Servidores da assist\u00eancia social participam de capacita\u00e7\u00e3o promovida pelo UNFPA sobre viol\u00eancia baseada em g\u00eanero"}]},{"@type":"WebSite","@id":"https:\/\/www.manaus.am.gov.br\/semasc\/#website","url":"https:\/\/www.manaus.am.gov.br\/semasc\/","name":"SEMASC","description":"Secretaria Municipal da Mulher, Assist\u00eancia Social e Cidadania.","publisher":{"@id":"https:\/\/www.manaus.am.gov.br\/semasc\/#organization"},"alternateName":"Secretaria Municipal da Mulher, Assist\u00eancia Social e Cidadania","potentialAction":[{"@type":"SearchAction","target":{"@type":"EntryPoint","urlTemplate":"https:\/\/www.manaus.am.gov.br\/semasc\/?s={search_term_string}"},"query-input":"required name=search_term_string"}],"inLanguage":"pt-BR"},{"@type":"Organization","@id":"https:\/\/www.manaus.am.gov.br\/semasc\/#organization","name":"Prefeitura de Manaus","alternateName":"Prefeitura Municipal de Manaus","url":"https:\/\/www.manaus.am.gov.br\/semasc\/","logo":{"@type":"ImageObject","inLanguage":"pt-BR","@id":"https:\/\/www.manaus.am.gov.br\/semasc\/#\/schema\/logo\/image\/","url":"https:\/\/www.manaus.am.gov.br\/semasc\/wp-content\/uploads\/sites\/17\/2024\/07\/favicon.png","contentUrl":"https:\/\/www.manaus.am.gov.br\/semasc\/wp-content\/uploads\/sites\/17\/2024\/07\/favicon.png","width":300,"height":300,"caption":"Prefeitura de Manaus"},"image":{"@id":"https:\/\/www.manaus.am.gov.br\/semasc\/#\/schema\/logo\/image\/"},"sameAs":["https:\/\/www.facebook.com\/semascmanaus","https:\/\/www.instagram.com\/semascmanaus\/"]},{"@type":"Person","@id":"https:\/\/www.manaus.am.gov.br\/semasc\/#\/schema\/person\/68c6a77f3dcf3f40a0d6e6ad5076718c","name":"leofierro","image":{"@type":"ImageObject","inLanguage":"pt-BR","@id":"https:\/\/www.manaus.am.gov.br\/semasc\/#\/schema\/person\/image\/","url":"https:\/\/secure.gravatar.com\/avatar\/30d8783eede7767036ae574037a3f2de?s=96&d=mm&r=g","contentUrl":"https:\/\/secure.gravatar.com\/avatar\/30d8783eede7767036ae574037a3f2de?s=96&d=mm&r=g","caption":"leofierro"}}]}},"_links":{"self":[{"href":"https:\/\/www.manaus.am.gov.br\/semasc\/wp-json\/wp\/v2\/posts\/210797"}],"collection":[{"href":"https:\/\/www.manaus.am.gov.br\/semasc\/wp-json\/wp\/v2\/posts"}],"about":[{"href":"https:\/\/www.manaus.am.gov.br\/semasc\/wp-json\/wp\/v2\/types\/post"}],"author":[{"embeddable":true,"href":"https:\/\/www.manaus.am.gov.br\/semasc\/wp-json\/wp\/v2\/users\/56"}],"replies":[{"embeddable":true,"href":"https:\/\/www.manaus.am.gov.br\/semasc\/wp-json\/wp\/v2\/comments?post=210797"}],"version-history":[{"count":1,"href":"https:\/\/www.manaus.am.gov.br\/semasc\/wp-json\/wp\/v2\/posts\/210797\/revisions"}],"predecessor-version":[{"id":210799,"href":"https:\/\/www.manaus.am.gov.br\/semasc\/wp-json\/wp\/v2\/posts\/210797\/revisions\/210799"}],"wp:featuredmedia":[{"embeddable":true,"href":"https:\/\/www.manaus.am.gov.br\/semasc\/wp-json\/wp\/v2\/media\/210805"}],"wp:attachment":[{"href":"https:\/\/www.manaus.am.gov.br\/semasc\/wp-json\/wp\/v2\/media?parent=210797"}],"wp:term":[{"taxonomy":"category","embeddable":true,"href":"https:\/\/www.manaus.am.gov.br\/semasc\/wp-json\/wp\/v2\/categories?post=210797"},{"taxonomy":"post_tag","embeddable":true,"href":"https:\/\/www.manaus.am.gov.br\/semasc\/wp-json\/wp\/v2\/tags?post=210797"}],"curies":[{"name":"wp","href":"https:\/\/api.w.org\/{rel}","templated":true}]}}