{"id":210794,"date":"2024-08-29T11:55:59","date_gmt":"2024-08-29T15:55:59","guid":{"rendered":"https:\/\/www.manaus.am.gov.br\/semasc\/?p=210794"},"modified":"2024-10-17T10:45:01","modified_gmt":"2024-10-17T14:45:01","slug":"prefeitura-de-manaus-se-reune-com-defensoria-publica-e-parceiros-da-sociedade-civil-para-apresentar-ferramenta-virtual-de-apoio-ao-suas","status":"publish","type":"post","link":"https:\/\/www.manaus.am.gov.br\/semasc\/prefeitura-de-manaus-se-reune-com-defensoria-publica-e-parceiros-da-sociedade-civil-para-apresentar-ferramenta-virtual-de-apoio-ao-suas\/","title":{"rendered":"Prefeitura de Manaus se re\u00fane com Defensoria P\u00fablica e parceiros da sociedade civil para apresentar ferramenta virtual de apoio ao SUAS"},"content":{"rendered":"\n<p>A Prefeitura de Manaus, por meio da Secretaria Municipal da Mulher, Assist\u00eancia Social e Cidadania (Semasc), realizou nesta ter\u00e7a-feira, 27\/8, uma reuni\u00e3o com representantes da Defensoria P\u00fablica do Estado do Amazonas (DPE-AM) e da sociedade civil para apresentar e discutir a amplia\u00e7\u00e3o do uso do Gesuas, ferramenta virtual utilizada pela gest\u00e3o municipal no atendimento socioassistencial da popula\u00e7\u00e3o manauara.<\/p>\n\n\n\n<p>A reuni\u00e3o ocorreu no Centro de Refer\u00eancia dos Direitos da Mulher (CRDM), na zona Centro-Sul, e teve como destaque das discuss\u00f5es o uso do prontu\u00e1rio eletr\u00f4nico no cruzamento de dados e qualifica\u00e7\u00e3o do atendimento voltado a pessoas em situa\u00e7\u00e3o de rua de maneira conjunta entre o munic\u00edpio e outros agentes do poder p\u00fablico e Organiza\u00e7\u00f5es da Sociedade Civil (OSCs).<\/p>\n\n\n\n<p>\u201c\u00c9 uma ferramenta que apenas a cidade de Manaus faz uso quando falamos do estado do Amazonas, ent\u00e3o nosso objetivo hoje \u00e9 apresentar o Gesuas aos nossos parceiros para que eles saibam como funciona o prontu\u00e1rio eletr\u00f4nico e possamos integrar essas informa\u00e7\u00f5es do munic\u00edpio e quem sabe do restante do estado\u201d, explicou a diretora do Departamento de Gest\u00e3o do Sistema \u00danico de Assist\u00eancia Social (DGSUAS) da Semasc, Priscilla Martiniano.<\/p>\n\n\n\n<p>Utilizado h\u00e1 cerca de um ano e meio por todos os equipamentos socioassistenciais administrados pela Semasc, o Gesuas \u00e9 um <em>software <\/em>que re\u00fane em um \u00fanico espa\u00e7o diferentes informa\u00e7\u00f5es acerca dos usu\u00e1rios atendidos pela rede de prote\u00e7\u00e3o da capital amazonense, cruzando os diferentes dados expedidos pelos equipamentos.<\/p>\n\n\n\n<p>\u00c9 a partir do Gesuas que o munic\u00edpio \u00e9 capaz de montar e avaliar perfis espec\u00edficos de indiv\u00edduos e fam\u00edlias em situa\u00e7\u00e3o de vulnerabilidade social, ajudando a qualificar e desenvolver melhores protocolos e pol\u00edticas de atendimento.<\/p>\n\n\n\n<p>De acordo com o defensor p\u00fablico Thiago Nobre Rosas, a reuni\u00e3o tem uma import\u00e2ncia \u00edmpar para o trabalho que a DPE tem constru\u00eddo em rela\u00e7\u00e3o ao acolhimento e atendimento de pessoas em situa\u00e7\u00e3o de rua no estado, principalmente na implementa\u00e7\u00e3o de novos equipamentos.<\/p>\n\n\n\n<p>\u201cIsso vai viabilizar a otimiza\u00e7\u00e3o dos servi\u00e7os prestados dos futuros equipamentos de atendimento \u00e0 popula\u00e7\u00e3o em situa\u00e7\u00e3o de rua que devem passar a funcionar no munic\u00edpio de Manaus, unindo diferentes frentes de a\u00e7\u00e3o e an\u00e1lise de cada caso e demanda\u201d, destacou.<\/p>\n\n\n\n<p>\u2013 \u2013 \u2013<\/p>\n\n\n\n<p><strong>Texto: <\/strong>Guilherme Pacheco \/ Semasc<\/p>\n\n\n\n<p><strong>Fotos: <\/strong>Diego Lima \/ Semasc<\/p>\n\n\n\n<p><\/p>\n","protected":false},"excerpt":{"rendered":"","protected":false},"author":56,"featured_media":210795,"comment_status":"closed","ping_status":"closed","sticky":false,"template":"","format":"standard","meta":{"footnotes":""},"categories":[272],"tags":[1049,7,18],"acf":[],"yoast_head":"<!-- This site is optimized with the Yoast SEO plugin v23.0 - https:\/\/yoast.com\/wordpress\/plugins\/seo\/ -->\n<title>Prefeitura de Manaus se re\u00fane com Defensoria P\u00fablica e parceiros da sociedade civil para apresentar ferramenta virtual de apoio ao SUAS - SEMASC<\/title>\n<meta name=\"robots\" content=\"noindex, follow\" \/>\n<meta property=\"og:locale\" content=\"pt_BR\" \/>\n<meta property=\"og:type\" content=\"article\" \/>\n<meta property=\"og:title\" content=\"Prefeitura de Manaus se re\u00fane com Defensoria P\u00fablica e parceiros da sociedade civil para apresentar ferramenta virtual de apoio ao SUAS - SEMASC\" \/>\n<meta property=\"og:url\" content=\"https:\/\/www.manaus.am.gov.br\/semasc\/prefeitura-de-manaus-se-reune-com-defensoria-publica-e-parceiros-da-sociedade-civil-para-apresentar-ferramenta-virtual-de-apoio-ao-suas\/\" \/>\n<meta property=\"og:site_name\" content=\"SEMASC\" \/>\n<meta property=\"article:publisher\" content=\"https:\/\/www.facebook.com\/semascmanaus\" \/>\n<meta property=\"article:published_time\" content=\"2024-08-29T15:55:59+00:00\" \/>\n<meta property=\"article:modified_time\" content=\"2024-10-17T14:45:01+00:00\" \/>\n<meta property=\"og:image\" content=\"https:\/\/www.manaus.am.gov.br\/semasc\/wp-content\/uploads\/sites\/17\/2024\/08\/IMG_1115.jpg\" \/>\n\t<meta property=\"og:image:width\" content=\"2592\" \/>\n\t<meta property=\"og:image:height\" content=\"1728\" \/>\n\t<meta property=\"og:image:type\" content=\"image\/jpeg\" \/>\n<meta name=\"author\" content=\"leofierro\" \/>\n<meta name=\"twitter:card\" content=\"summary_large_image\" \/>\n<meta name=\"twitter:label1\" content=\"Written by\" \/>\n\t<meta name=\"twitter:data1\" content=\"leofierro\" \/>\n\t<meta name=\"twitter:label2\" content=\"Est. reading time\" \/>\n\t<meta name=\"twitter:data2\" content=\"3 minutos\" \/>\n<script type=\"application\/ld+json\" class=\"yoast-schema-graph\">{\"@context\":\"https:\/\/schema.org\",\"@graph\":[{\"@type\":\"Article\",\"@id\":\"https:\/\/www.manaus.am.gov.br\/semasc\/prefeitura-de-manaus-se-reune-com-defensoria-publica-e-parceiros-da-sociedade-civil-para-apresentar-ferramenta-virtual-de-apoio-ao-suas\/#article\",\"isPartOf\":{\"@id\":\"https:\/\/www.manaus.am.gov.br\/semasc\/prefeitura-de-manaus-se-reune-com-defensoria-publica-e-parceiros-da-sociedade-civil-para-apresentar-ferramenta-virtual-de-apoio-ao-suas\/\"},\"author\":{\"name\":\"leofierro\",\"@id\":\"https:\/\/www.manaus.am.gov.br\/semasc\/#\/schema\/person\/68c6a77f3dcf3f40a0d6e6ad5076718c\"},\"headline\":\"Prefeitura de Manaus se re\u00fane com Defensoria P\u00fablica e parceiros da sociedade civil para apresentar ferramenta virtual de apoio ao SUAS\",\"datePublished\":\"2024-08-29T15:55:59+00:00\",\"dateModified\":\"2024-10-17T14:45:01+00:00\",\"mainEntityOfPage\":{\"@id\":\"https:\/\/www.manaus.am.gov.br\/semasc\/prefeitura-de-manaus-se-reune-com-defensoria-publica-e-parceiros-da-sociedade-civil-para-apresentar-ferramenta-virtual-de-apoio-ao-suas\/\"},\"wordCount\":426,\"publisher\":{\"@id\":\"https:\/\/www.manaus.am.gov.br\/semasc\/#organization\"},\"image\":{\"@id\":\"https:\/\/www.manaus.am.gov.br\/semasc\/prefeitura-de-manaus-se-reune-com-defensoria-publica-e-parceiros-da-sociedade-civil-para-apresentar-ferramenta-virtual-de-apoio-ao-suas\/#primaryimage\"},\"thumbnailUrl\":\"https:\/\/www.manaus.am.gov.br\/semasc\/wp-content\/uploads\/sites\/17\/2024\/08\/IMG_1115.jpg\",\"keywords\":[\"Gesuas\",\"prefeitura de manaus\",\"Semasc\"],\"articleSection\":[\"Reuni\u00e3o\"],\"inLanguage\":\"pt-BR\"},{\"@type\":\"WebPage\",\"@id\":\"https:\/\/www.manaus.am.gov.br\/semasc\/prefeitura-de-manaus-se-reune-com-defensoria-publica-e-parceiros-da-sociedade-civil-para-apresentar-ferramenta-virtual-de-apoio-ao-suas\/\",\"url\":\"https:\/\/www.manaus.am.gov.br\/semasc\/prefeitura-de-manaus-se-reune-com-defensoria-publica-e-parceiros-da-sociedade-civil-para-apresentar-ferramenta-virtual-de-apoio-ao-suas\/\",\"name\":\"Prefeitura de Manaus se re\u00fane com Defensoria P\u00fablica e parceiros da sociedade civil para apresentar ferramenta virtual de apoio ao SUAS - SEMASC\",\"isPartOf\":{\"@id\":\"https:\/\/www.manaus.am.gov.br\/semasc\/#website\"},\"primaryImageOfPage\":{\"@id\":\"https:\/\/www.manaus.am.gov.br\/semasc\/prefeitura-de-manaus-se-reune-com-defensoria-publica-e-parceiros-da-sociedade-civil-para-apresentar-ferramenta-virtual-de-apoio-ao-suas\/#primaryimage\"},\"image\":{\"@id\":\"https:\/\/www.manaus.am.gov.br\/semasc\/prefeitura-de-manaus-se-reune-com-defensoria-publica-e-parceiros-da-sociedade-civil-para-apresentar-ferramenta-virtual-de-apoio-ao-suas\/#primaryimage\"},\"thumbnailUrl\":\"https:\/\/www.manaus.am.gov.br\/semasc\/wp-content\/uploads\/sites\/17\/2024\/08\/IMG_1115.jpg\",\"datePublished\":\"2024-08-29T15:55:59+00:00\",\"dateModified\":\"2024-10-17T14:45:01+00:00\",\"breadcrumb\":{\"@id\":\"https:\/\/www.manaus.am.gov.br\/semasc\/prefeitura-de-manaus-se-reune-com-defensoria-publica-e-parceiros-da-sociedade-civil-para-apresentar-ferramenta-virtual-de-apoio-ao-suas\/#breadcrumb\"},\"inLanguage\":\"pt-BR\",\"potentialAction\":[{\"@type\":\"ReadAction\",\"target\":[\"https:\/\/www.manaus.am.gov.br\/semasc\/prefeitura-de-manaus-se-reune-com-defensoria-publica-e-parceiros-da-sociedade-civil-para-apresentar-ferramenta-virtual-de-apoio-ao-suas\/\"]}]},{\"@type\":\"ImageObject\",\"inLanguage\":\"pt-BR\",\"@id\":\"https:\/\/www.manaus.am.gov.br\/semasc\/prefeitura-de-manaus-se-reune-com-defensoria-publica-e-parceiros-da-sociedade-civil-para-apresentar-ferramenta-virtual-de-apoio-ao-suas\/#primaryimage\",\"url\":\"https:\/\/www.manaus.am.gov.br\/semasc\/wp-content\/uploads\/sites\/17\/2024\/08\/IMG_1115.jpg\",\"contentUrl\":\"https:\/\/www.manaus.am.gov.br\/semasc\/wp-content\/uploads\/sites\/17\/2024\/08\/IMG_1115.jpg\",\"width\":2592,\"height\":1728},{\"@type\":\"BreadcrumbList\",\"@id\":\"https:\/\/www.manaus.am.gov.br\/semasc\/prefeitura-de-manaus-se-reune-com-defensoria-publica-e-parceiros-da-sociedade-civil-para-apresentar-ferramenta-virtual-de-apoio-ao-suas\/#breadcrumb\",\"itemListElement\":[{\"@type\":\"ListItem\",\"position\":1,\"name\":\"Home\",\"item\":\"https:\/\/www.manaus.am.gov.br\/semasc\/\"},{\"@type\":\"ListItem\",\"position\":2,\"name\":\"Prefeitura de Manaus se re\u00fane com Defensoria P\u00fablica e parceiros da sociedade civil para apresentar ferramenta virtual de apoio ao SUAS\"}]},{\"@type\":\"WebSite\",\"@id\":\"https:\/\/www.manaus.am.gov.br\/semasc\/#website\",\"url\":\"https:\/\/www.manaus.am.gov.br\/semasc\/\",\"name\":\"SEMASC\",\"description\":\"Secretaria Municipal da Mulher, Assist\u00eancia Social e Cidadania.\",\"publisher\":{\"@id\":\"https:\/\/www.manaus.am.gov.br\/semasc\/#organization\"},\"alternateName\":\"Secretaria Municipal da Mulher, Assist\u00eancia Social e Cidadania\",\"potentialAction\":[{\"@type\":\"SearchAction\",\"target\":{\"@type\":\"EntryPoint\",\"urlTemplate\":\"https:\/\/www.manaus.am.gov.br\/semasc\/?s={search_term_string}\"},\"query-input\":\"required name=search_term_string\"}],\"inLanguage\":\"pt-BR\"},{\"@type\":\"Organization\",\"@id\":\"https:\/\/www.manaus.am.gov.br\/semasc\/#organization\",\"name\":\"Prefeitura de Manaus\",\"alternateName\":\"Prefeitura Municipal de Manaus\",\"url\":\"https:\/\/www.manaus.am.gov.br\/semasc\/\",\"logo\":{\"@type\":\"ImageObject\",\"inLanguage\":\"pt-BR\",\"@id\":\"https:\/\/www.manaus.am.gov.br\/semasc\/#\/schema\/logo\/image\/\",\"url\":\"https:\/\/www.manaus.am.gov.br\/semasc\/wp-content\/uploads\/sites\/17\/2024\/07\/favicon.png\",\"contentUrl\":\"https:\/\/www.manaus.am.gov.br\/semasc\/wp-content\/uploads\/sites\/17\/2024\/07\/favicon.png\",\"width\":300,\"height\":300,\"caption\":\"Prefeitura de Manaus\"},\"image\":{\"@id\":\"https:\/\/www.manaus.am.gov.br\/semasc\/#\/schema\/logo\/image\/\"},\"sameAs\":[\"https:\/\/www.facebook.com\/semascmanaus\",\"https:\/\/www.instagram.com\/semascmanaus\/\"]},{\"@type\":\"Person\",\"@id\":\"https:\/\/www.manaus.am.gov.br\/semasc\/#\/schema\/person\/68c6a77f3dcf3f40a0d6e6ad5076718c\",\"name\":\"leofierro\",\"image\":{\"@type\":\"ImageObject\",\"inLanguage\":\"pt-BR\",\"@id\":\"https:\/\/www.manaus.am.gov.br\/semasc\/#\/schema\/person\/image\/\",\"url\":\"https:\/\/secure.gravatar.com\/avatar\/30d8783eede7767036ae574037a3f2de?s=96&d=mm&r=g\",\"contentUrl\":\"https:\/\/secure.gravatar.com\/avatar\/30d8783eede7767036ae574037a3f2de?s=96&d=mm&r=g\",\"caption\":\"leofierro\"}}]}<\/script>\n<!-- \/ Yoast SEO plugin. -->","yoast_head_json":{"title":"Prefeitura de Manaus se re\u00fane com Defensoria P\u00fablica e parceiros da sociedade civil para apresentar ferramenta virtual de apoio ao SUAS - SEMASC","robots":{"index":"noindex","follow":"follow"},"og_locale":"pt_BR","og_type":"article","og_title":"Prefeitura de Manaus se re\u00fane com Defensoria P\u00fablica e parceiros da sociedade civil para apresentar ferramenta virtual de apoio ao SUAS - SEMASC","og_url":"https:\/\/www.manaus.am.gov.br\/semasc\/prefeitura-de-manaus-se-reune-com-defensoria-publica-e-parceiros-da-sociedade-civil-para-apresentar-ferramenta-virtual-de-apoio-ao-suas\/","og_site_name":"SEMASC","article_publisher":"https:\/\/www.facebook.com\/semascmanaus","article_published_time":"2024-08-29T15:55:59+00:00","article_modified_time":"2024-10-17T14:45:01+00:00","og_image":[{"width":2592,"height":1728,"url":"https:\/\/www.manaus.am.gov.br\/semasc\/wp-content\/uploads\/sites\/17\/2024\/08\/IMG_1115.jpg","type":"image\/jpeg"}],"author":"leofierro","twitter_card":"summary_large_image","twitter_misc":{"Written by":"leofierro","Est. reading time":"3 minutos"},"schema":{"@context":"https:\/\/schema.org","@graph":[{"@type":"Article","@id":"https:\/\/www.manaus.am.gov.br\/semasc\/prefeitura-de-manaus-se-reune-com-defensoria-publica-e-parceiros-da-sociedade-civil-para-apresentar-ferramenta-virtual-de-apoio-ao-suas\/#article","isPartOf":{"@id":"https:\/\/www.manaus.am.gov.br\/semasc\/prefeitura-de-manaus-se-reune-com-defensoria-publica-e-parceiros-da-sociedade-civil-para-apresentar-ferramenta-virtual-de-apoio-ao-suas\/"},"author":{"name":"leofierro","@id":"https:\/\/www.manaus.am.gov.br\/semasc\/#\/schema\/person\/68c6a77f3dcf3f40a0d6e6ad5076718c"},"headline":"Prefeitura de Manaus se re\u00fane com Defensoria P\u00fablica e parceiros da sociedade civil para apresentar ferramenta virtual de apoio ao SUAS","datePublished":"2024-08-29T15:55:59+00:00","dateModified":"2024-10-17T14:45:01+00:00","mainEntityOfPage":{"@id":"https:\/\/www.manaus.am.gov.br\/semasc\/prefeitura-de-manaus-se-reune-com-defensoria-publica-e-parceiros-da-sociedade-civil-para-apresentar-ferramenta-virtual-de-apoio-ao-suas\/"},"wordCount":426,"publisher":{"@id":"https:\/\/www.manaus.am.gov.br\/semasc\/#organization"},"image":{"@id":"https:\/\/www.manaus.am.gov.br\/semasc\/prefeitura-de-manaus-se-reune-com-defensoria-publica-e-parceiros-da-sociedade-civil-para-apresentar-ferramenta-virtual-de-apoio-ao-suas\/#primaryimage"},"thumbnailUrl":"https:\/\/www.manaus.am.gov.br\/semasc\/wp-content\/uploads\/sites\/17\/2024\/08\/IMG_1115.jpg","keywords":["Gesuas","prefeitura de manaus","Semasc"],"articleSection":["Reuni\u00e3o"],"inLanguage":"pt-BR"},{"@type":"WebPage","@id":"https:\/\/www.manaus.am.gov.br\/semasc\/prefeitura-de-manaus-se-reune-com-defensoria-publica-e-parceiros-da-sociedade-civil-para-apresentar-ferramenta-virtual-de-apoio-ao-suas\/","url":"https:\/\/www.manaus.am.gov.br\/semasc\/prefeitura-de-manaus-se-reune-com-defensoria-publica-e-parceiros-da-sociedade-civil-para-apresentar-ferramenta-virtual-de-apoio-ao-suas\/","name":"Prefeitura de Manaus se re\u00fane com Defensoria P\u00fablica e parceiros da sociedade civil para apresentar ferramenta virtual de apoio ao SUAS - SEMASC","isPartOf":{"@id":"https:\/\/www.manaus.am.gov.br\/semasc\/#website"},"primaryImageOfPage":{"@id":"https:\/\/www.manaus.am.gov.br\/semasc\/prefeitura-de-manaus-se-reune-com-defensoria-publica-e-parceiros-da-sociedade-civil-para-apresentar-ferramenta-virtual-de-apoio-ao-suas\/#primaryimage"},"image":{"@id":"https:\/\/www.manaus.am.gov.br\/semasc\/prefeitura-de-manaus-se-reune-com-defensoria-publica-e-parceiros-da-sociedade-civil-para-apresentar-ferramenta-virtual-de-apoio-ao-suas\/#primaryimage"},"thumbnailUrl":"https:\/\/www.manaus.am.gov.br\/semasc\/wp-content\/uploads\/sites\/17\/2024\/08\/IMG_1115.jpg","datePublished":"2024-08-29T15:55:59+00:00","dateModified":"2024-10-17T14:45:01+00:00","breadcrumb":{"@id":"https:\/\/www.manaus.am.gov.br\/semasc\/prefeitura-de-manaus-se-reune-com-defensoria-publica-e-parceiros-da-sociedade-civil-para-apresentar-ferramenta-virtual-de-apoio-ao-suas\/#breadcrumb"},"inLanguage":"pt-BR","potentialAction":[{"@type":"ReadAction","target":["https:\/\/www.manaus.am.gov.br\/semasc\/prefeitura-de-manaus-se-reune-com-defensoria-publica-e-parceiros-da-sociedade-civil-para-apresentar-ferramenta-virtual-de-apoio-ao-suas\/"]}]},{"@type":"ImageObject","inLanguage":"pt-BR","@id":"https:\/\/www.manaus.am.gov.br\/semasc\/prefeitura-de-manaus-se-reune-com-defensoria-publica-e-parceiros-da-sociedade-civil-para-apresentar-ferramenta-virtual-de-apoio-ao-suas\/#primaryimage","url":"https:\/\/www.manaus.am.gov.br\/semasc\/wp-content\/uploads\/sites\/17\/2024\/08\/IMG_1115.jpg","contentUrl":"https:\/\/www.manaus.am.gov.br\/semasc\/wp-content\/uploads\/sites\/17\/2024\/08\/IMG_1115.jpg","width":2592,"height":1728},{"@type":"BreadcrumbList","@id":"https:\/\/www.manaus.am.gov.br\/semasc\/prefeitura-de-manaus-se-reune-com-defensoria-publica-e-parceiros-da-sociedade-civil-para-apresentar-ferramenta-virtual-de-apoio-ao-suas\/#breadcrumb","itemListElement":[{"@type":"ListItem","position":1,"name":"Home","item":"https:\/\/www.manaus.am.gov.br\/semasc\/"},{"@type":"ListItem","position":2,"name":"Prefeitura de Manaus se re\u00fane com Defensoria P\u00fablica e parceiros da sociedade civil para apresentar ferramenta virtual de apoio ao SUAS"}]},{"@type":"WebSite","@id":"https:\/\/www.manaus.am.gov.br\/semasc\/#website","url":"https:\/\/www.manaus.am.gov.br\/semasc\/","name":"SEMASC","description":"Secretaria Municipal da Mulher, Assist\u00eancia Social e Cidadania.","publisher":{"@id":"https:\/\/www.manaus.am.gov.br\/semasc\/#organization"},"alternateName":"Secretaria Municipal da Mulher, Assist\u00eancia Social e Cidadania","potentialAction":[{"@type":"SearchAction","target":{"@type":"EntryPoint","urlTemplate":"https:\/\/www.manaus.am.gov.br\/semasc\/?s={search_term_string}"},"query-input":"required name=search_term_string"}],"inLanguage":"pt-BR"},{"@type":"Organization","@id":"https:\/\/www.manaus.am.gov.br\/semasc\/#organization","name":"Prefeitura de Manaus","alternateName":"Prefeitura Municipal de Manaus","url":"https:\/\/www.manaus.am.gov.br\/semasc\/","logo":{"@type":"ImageObject","inLanguage":"pt-BR","@id":"https:\/\/www.manaus.am.gov.br\/semasc\/#\/schema\/logo\/image\/","url":"https:\/\/www.manaus.am.gov.br\/semasc\/wp-content\/uploads\/sites\/17\/2024\/07\/favicon.png","contentUrl":"https:\/\/www.manaus.am.gov.br\/semasc\/wp-content\/uploads\/sites\/17\/2024\/07\/favicon.png","width":300,"height":300,"caption":"Prefeitura de Manaus"},"image":{"@id":"https:\/\/www.manaus.am.gov.br\/semasc\/#\/schema\/logo\/image\/"},"sameAs":["https:\/\/www.facebook.com\/semascmanaus","https:\/\/www.instagram.com\/semascmanaus\/"]},{"@type":"Person","@id":"https:\/\/www.manaus.am.gov.br\/semasc\/#\/schema\/person\/68c6a77f3dcf3f40a0d6e6ad5076718c","name":"leofierro","image":{"@type":"ImageObject","inLanguage":"pt-BR","@id":"https:\/\/www.manaus.am.gov.br\/semasc\/#\/schema\/person\/image\/","url":"https:\/\/secure.gravatar.com\/avatar\/30d8783eede7767036ae574037a3f2de?s=96&d=mm&r=g","contentUrl":"https:\/\/secure.gravatar.com\/avatar\/30d8783eede7767036ae574037a3f2de?s=96&d=mm&r=g","caption":"leofierro"}}]}},"_links":{"self":[{"href":"https:\/\/www.manaus.am.gov.br\/semasc\/wp-json\/wp\/v2\/posts\/210794"}],"collection":[{"href":"https:\/\/www.manaus.am.gov.br\/semasc\/wp-json\/wp\/v2\/posts"}],"about":[{"href":"https:\/\/www.manaus.am.gov.br\/semasc\/wp-json\/wp\/v2\/types\/post"}],"author":[{"embeddable":true,"href":"https:\/\/www.manaus.am.gov.br\/semasc\/wp-json\/wp\/v2\/users\/56"}],"replies":[{"embeddable":true,"href":"https:\/\/www.manaus.am.gov.br\/semasc\/wp-json\/wp\/v2\/comments?post=210794"}],"version-history":[{"count":1,"href":"https:\/\/www.manaus.am.gov.br\/semasc\/wp-json\/wp\/v2\/posts\/210794\/revisions"}],"predecessor-version":[{"id":210796,"href":"https:\/\/www.manaus.am.gov.br\/semasc\/wp-json\/wp\/v2\/posts\/210794\/revisions\/210796"}],"wp:featuredmedia":[{"embeddable":true,"href":"https:\/\/www.manaus.am.gov.br\/semasc\/wp-json\/wp\/v2\/media\/210795"}],"wp:attachment":[{"href":"https:\/\/www.manaus.am.gov.br\/semasc\/wp-json\/wp\/v2\/media?parent=210794"}],"wp:term":[{"taxonomy":"category","embeddable":true,"href":"https:\/\/www.manaus.am.gov.br\/semasc\/wp-json\/wp\/v2\/categories?post=210794"},{"taxonomy":"post_tag","embeddable":true,"href":"https:\/\/www.manaus.am.gov.br\/semasc\/wp-json\/wp\/v2\/tags?post=210794"}],"curies":[{"name":"wp","href":"https:\/\/api.w.org\/{rel}","templated":true}]}}