{"id":210787,"date":"2024-08-29T11:34:36","date_gmt":"2024-08-29T15:34:36","guid":{"rendered":"https:\/\/www.manaus.am.gov.br\/semasc\/?p=210787"},"modified":"2024-10-17T10:44:07","modified_gmt":"2024-10-17T14:44:07","slug":"prefeitura-de-manaus-realiza-reuniao-intersetorial-junto-as-coordenadorias-municipais-do-cadastro-unico-e-do-programa-bolsa-familia","status":"publish","type":"post","link":"https:\/\/www.manaus.am.gov.br\/semasc\/prefeitura-de-manaus-realiza-reuniao-intersetorial-junto-as-coordenadorias-municipais-do-cadastro-unico-e-do-programa-bolsa-familia\/","title":{"rendered":"Prefeitura de Manaus realiza reuni\u00e3o intersetorial junto \u00e0s coordenadorias municipais do Cadastro \u00danico e do programa Bolsa Fam\u00edlia"},"content":{"rendered":"\n<p>A Prefeitura de Manaus, por meio da Secretaria Municipal da Mulher, Assist\u00eancia Social e Cidadania (Semasc), realizou, nesta quarta-feira, 21\/8, uma reuni\u00e3o intersetorial junto a representantes das secretarias municipais de Sa\u00fade (Semsa) e Educa\u00e7\u00e3o (Semed) para discutir metas e a\u00e7\u00f5es relacionadas ao programa Bolsa Fam\u00edlia e ao sistema do Cadastro \u00danico. A reuni\u00e3o ocorreu no Casar\u00e3o da Inova\u00e7\u00e3o Cassina, no Centro Hist\u00f3rico de Manaus.<\/p>\n\n\n\n<p>O encontro abordou a\u00e7\u00f5es espec\u00edficas de cada pol\u00edtica p\u00fablica envolvida, al\u00e9m de discutir as taxas de acompanhamento, realizando uma an\u00e1lise dos resultados obtidos no primeiro semestre deste ano.<\/p>\n\n\n\n<p>\u201cNosso foco central \u00e9 verificar se as metas estipuladas foram alcan\u00e7adas com \u00eaxito, especialmente em rela\u00e7\u00e3o ao \u00cdndice de Gest\u00e3o Descentralizada do SUAS. Esse \u00edndice desempenha um papel fundamental na adapta\u00e7\u00e3o e personaliza\u00e7\u00e3o do programa Bolsa Fam\u00edlia no munic\u00edpio, garantindo que as estrat\u00e9gias implementadas estejam alinhadas com os objetivos propostos para o aperfei\u00e7oamento da gest\u00e3o e o impacto das a\u00e7\u00f5es no \u00e2mbito municipal\u201d, ressaltou a Diretora de \u00c1rea de Gest\u00e3o do Sistema \u00danico de Assist\u00eancia Social e Coordenadora do Programa Bolsa Fam\u00edlia e Cadastro \u00danico da Semasc, Lorena Barreto.<\/p>\n\n\n\n<p>De forma simplificada, o \u00cdndice de Gest\u00e3o Descentralizada (IGD-PBF) \u00e9 um indicador que mede os resultados da gest\u00e3o do Programa Bolsa Fam\u00edlia e do Cadastro \u00danico obtidos. Ele representa uma estrat\u00e9gia para medir o desempenho de cada munic\u00edpio, estimular resultados cada vez mais qualitativos e tamb\u00e9m compor a base de c\u00e1lculo de recursos a serem transferidos aos munic\u00edpios brasileiros.<\/p>\n\n\n\n<p>Segundo o gerente pedag\u00f3gico de Atividades Complementares e Programas Especiais da Secretaria Municipal de Educa\u00e7\u00e3o (Semed), M\u00e1rio Jorge, a complexidade do trabalho \u00e9 amplificada pela diversidade geogr\u00e1fica das crian\u00e7as e adolescentes inseridas no Cad\u00danico, o que \u00e9 refletido no programa Bolsa Fam\u00edlia e dificulta a implementa\u00e7\u00e3o uniforme de pol\u00edticas educacionais.<\/p>\n\n\n\n<p>\u201cEssa varia\u00e7\u00e3o nas condi\u00e7\u00f5es e necessidades dos benefici\u00e1rios requer uma abordagem adaptativa e cuidadosamente planejada para assegurar que todas as estrat\u00e9gias sejam adaptadas \u00e0s diferentes realidades locais\u201d, frisou.<\/p>\n\n\n\n<p>J\u00e1 o coordenador das Condicionalidades de Sa\u00fade do Programa Bolsa Fam\u00edlia da Secretaria Municipal de Sa\u00fade (Semsa), Victor Costa, destacou a import\u00e2ncia da reuni\u00e3o para o alinhamento na gest\u00e3o intersetorial do programa, a fim de favorecer o desenvolvimento de novos planos e discuss\u00f5es que promovam uma abordagem mais precisa e eficiente no atendimento \u00e0s demandas da popula\u00e7\u00e3o.<\/p>\n\n\n\n<p>&#8220;A reuni\u00e3o proporciona um ambiente prop\u00edcio para a formula\u00e7\u00e3o de novos planos e a realiza\u00e7\u00e3o de discuss\u00f5es aprofundadas. A integra\u00e7\u00e3o e a an\u00e1lise detalhada das informa\u00e7\u00f5es permitem que otimizemos nossos recursos e estrat\u00e9gias relacionados \u00e0 sa\u00fade, garantindo que o programa cumpra seu papel de forma eficaz e impacte positivamente a vida dos benefici\u00e1rios\u201d, concluiu.<\/p>\n\n\n\n<p>\u2013 \u2013 \u2013<\/p>\n\n\n\n<p>Texto: Igor Costa \/ Semasc<\/p>\n\n\n\n<p>Fotos: Diego Lima \/ Semasc <\/p>\n","protected":false},"excerpt":{"rendered":"","protected":false},"author":56,"featured_media":210788,"comment_status":"closed","ping_status":"closed","sticky":false,"template":"","format":"standard","meta":{"footnotes":""},"categories":[272],"tags":[887,74,18,515,189],"acf":[],"yoast_head":"<!-- This site is optimized with the Yoast SEO plugin v23.0 - https:\/\/yoast.com\/wordpress\/plugins\/seo\/ -->\n<title>Prefeitura de Manaus realiza reuni\u00e3o intersetorial junto \u00e0s coordenadorias municipais do Cadastro \u00danico e do programa Bolsa Fam\u00edlia - SEMASC<\/title>\n<meta name=\"robots\" content=\"noindex, follow\" \/>\n<meta property=\"og:locale\" content=\"pt_BR\" \/>\n<meta property=\"og:type\" content=\"article\" \/>\n<meta property=\"og:title\" content=\"Prefeitura de Manaus realiza reuni\u00e3o intersetorial junto \u00e0s coordenadorias municipais do Cadastro \u00danico e do programa Bolsa Fam\u00edlia - SEMASC\" \/>\n<meta property=\"og:url\" content=\"https:\/\/www.manaus.am.gov.br\/semasc\/prefeitura-de-manaus-realiza-reuniao-intersetorial-junto-as-coordenadorias-municipais-do-cadastro-unico-e-do-programa-bolsa-familia\/\" \/>\n<meta property=\"og:site_name\" content=\"SEMASC\" \/>\n<meta property=\"article:publisher\" content=\"https:\/\/www.facebook.com\/semascmanaus\" \/>\n<meta property=\"article:published_time\" content=\"2024-08-29T15:34:36+00:00\" \/>\n<meta property=\"article:modified_time\" content=\"2024-10-17T14:44:07+00:00\" \/>\n<meta property=\"og:image\" content=\"https:\/\/www.manaus.am.gov.br\/semasc\/wp-content\/uploads\/sites\/17\/2024\/08\/IMG_0288.jpg\" \/>\n\t<meta property=\"og:image:width\" content=\"2592\" \/>\n\t<meta property=\"og:image:height\" content=\"1728\" \/>\n\t<meta property=\"og:image:type\" content=\"image\/jpeg\" \/>\n<meta name=\"author\" content=\"leofierro\" \/>\n<meta name=\"twitter:card\" content=\"summary_large_image\" \/>\n<meta name=\"twitter:label1\" content=\"Written by\" \/>\n\t<meta name=\"twitter:data1\" content=\"leofierro\" \/>\n\t<meta name=\"twitter:label2\" content=\"Est. reading time\" \/>\n\t<meta name=\"twitter:data2\" content=\"3 minutos\" \/>\n<script type=\"application\/ld+json\" class=\"yoast-schema-graph\">{\"@context\":\"https:\/\/schema.org\",\"@graph\":[{\"@type\":\"Article\",\"@id\":\"https:\/\/www.manaus.am.gov.br\/semasc\/prefeitura-de-manaus-realiza-reuniao-intersetorial-junto-as-coordenadorias-municipais-do-cadastro-unico-e-do-programa-bolsa-familia\/#article\",\"isPartOf\":{\"@id\":\"https:\/\/www.manaus.am.gov.br\/semasc\/prefeitura-de-manaus-realiza-reuniao-intersetorial-junto-as-coordenadorias-municipais-do-cadastro-unico-e-do-programa-bolsa-familia\/\"},\"author\":{\"name\":\"leofierro\",\"@id\":\"https:\/\/www.manaus.am.gov.br\/semasc\/#\/schema\/person\/68c6a77f3dcf3f40a0d6e6ad5076718c\"},\"headline\":\"Prefeitura de Manaus realiza reuni\u00e3o intersetorial junto \u00e0s coordenadorias municipais do Cadastro \u00danico e do programa Bolsa Fam\u00edlia\",\"datePublished\":\"2024-08-29T15:34:36+00:00\",\"dateModified\":\"2024-10-17T14:44:07+00:00\",\"mainEntityOfPage\":{\"@id\":\"https:\/\/www.manaus.am.gov.br\/semasc\/prefeitura-de-manaus-realiza-reuniao-intersetorial-junto-as-coordenadorias-municipais-do-cadastro-unico-e-do-programa-bolsa-familia\/\"},\"wordCount\":521,\"publisher\":{\"@id\":\"https:\/\/www.manaus.am.gov.br\/semasc\/#organization\"},\"image\":{\"@id\":\"https:\/\/www.manaus.am.gov.br\/semasc\/prefeitura-de-manaus-realiza-reuniao-intersetorial-junto-as-coordenadorias-municipais-do-cadastro-unico-e-do-programa-bolsa-familia\/#primaryimage\"},\"thumbnailUrl\":\"https:\/\/www.manaus.am.gov.br\/semasc\/wp-content\/uploads\/sites\/17\/2024\/08\/IMG_0288.jpg\",\"keywords\":[\"bolsa fam\u00edlia\",\"Cadastro \u00danico\",\"Semasc\",\"semed\",\"semsa\"],\"articleSection\":[\"Reuni\u00e3o\"],\"inLanguage\":\"pt-BR\"},{\"@type\":\"WebPage\",\"@id\":\"https:\/\/www.manaus.am.gov.br\/semasc\/prefeitura-de-manaus-realiza-reuniao-intersetorial-junto-as-coordenadorias-municipais-do-cadastro-unico-e-do-programa-bolsa-familia\/\",\"url\":\"https:\/\/www.manaus.am.gov.br\/semasc\/prefeitura-de-manaus-realiza-reuniao-intersetorial-junto-as-coordenadorias-municipais-do-cadastro-unico-e-do-programa-bolsa-familia\/\",\"name\":\"Prefeitura de Manaus realiza reuni\u00e3o intersetorial junto \u00e0s coordenadorias municipais do Cadastro \u00danico e do programa Bolsa Fam\u00edlia - SEMASC\",\"isPartOf\":{\"@id\":\"https:\/\/www.manaus.am.gov.br\/semasc\/#website\"},\"primaryImageOfPage\":{\"@id\":\"https:\/\/www.manaus.am.gov.br\/semasc\/prefeitura-de-manaus-realiza-reuniao-intersetorial-junto-as-coordenadorias-municipais-do-cadastro-unico-e-do-programa-bolsa-familia\/#primaryimage\"},\"image\":{\"@id\":\"https:\/\/www.manaus.am.gov.br\/semasc\/prefeitura-de-manaus-realiza-reuniao-intersetorial-junto-as-coordenadorias-municipais-do-cadastro-unico-e-do-programa-bolsa-familia\/#primaryimage\"},\"thumbnailUrl\":\"https:\/\/www.manaus.am.gov.br\/semasc\/wp-content\/uploads\/sites\/17\/2024\/08\/IMG_0288.jpg\",\"datePublished\":\"2024-08-29T15:34:36+00:00\",\"dateModified\":\"2024-10-17T14:44:07+00:00\",\"breadcrumb\":{\"@id\":\"https:\/\/www.manaus.am.gov.br\/semasc\/prefeitura-de-manaus-realiza-reuniao-intersetorial-junto-as-coordenadorias-municipais-do-cadastro-unico-e-do-programa-bolsa-familia\/#breadcrumb\"},\"inLanguage\":\"pt-BR\",\"potentialAction\":[{\"@type\":\"ReadAction\",\"target\":[\"https:\/\/www.manaus.am.gov.br\/semasc\/prefeitura-de-manaus-realiza-reuniao-intersetorial-junto-as-coordenadorias-municipais-do-cadastro-unico-e-do-programa-bolsa-familia\/\"]}]},{\"@type\":\"ImageObject\",\"inLanguage\":\"pt-BR\",\"@id\":\"https:\/\/www.manaus.am.gov.br\/semasc\/prefeitura-de-manaus-realiza-reuniao-intersetorial-junto-as-coordenadorias-municipais-do-cadastro-unico-e-do-programa-bolsa-familia\/#primaryimage\",\"url\":\"https:\/\/www.manaus.am.gov.br\/semasc\/wp-content\/uploads\/sites\/17\/2024\/08\/IMG_0288.jpg\",\"contentUrl\":\"https:\/\/www.manaus.am.gov.br\/semasc\/wp-content\/uploads\/sites\/17\/2024\/08\/IMG_0288.jpg\",\"width\":2592,\"height\":1728},{\"@type\":\"BreadcrumbList\",\"@id\":\"https:\/\/www.manaus.am.gov.br\/semasc\/prefeitura-de-manaus-realiza-reuniao-intersetorial-junto-as-coordenadorias-municipais-do-cadastro-unico-e-do-programa-bolsa-familia\/#breadcrumb\",\"itemListElement\":[{\"@type\":\"ListItem\",\"position\":1,\"name\":\"Home\",\"item\":\"https:\/\/www.manaus.am.gov.br\/semasc\/\"},{\"@type\":\"ListItem\",\"position\":2,\"name\":\"Prefeitura de Manaus realiza reuni\u00e3o intersetorial junto \u00e0s coordenadorias municipais do Cadastro \u00danico e do programa Bolsa Fam\u00edlia\"}]},{\"@type\":\"WebSite\",\"@id\":\"https:\/\/www.manaus.am.gov.br\/semasc\/#website\",\"url\":\"https:\/\/www.manaus.am.gov.br\/semasc\/\",\"name\":\"SEMASC\",\"description\":\"Secretaria Municipal da Mulher, Assist\u00eancia Social e Cidadania.\",\"publisher\":{\"@id\":\"https:\/\/www.manaus.am.gov.br\/semasc\/#organization\"},\"alternateName\":\"Secretaria Municipal da Mulher, Assist\u00eancia Social e Cidadania\",\"potentialAction\":[{\"@type\":\"SearchAction\",\"target\":{\"@type\":\"EntryPoint\",\"urlTemplate\":\"https:\/\/www.manaus.am.gov.br\/semasc\/?s={search_term_string}\"},\"query-input\":\"required name=search_term_string\"}],\"inLanguage\":\"pt-BR\"},{\"@type\":\"Organization\",\"@id\":\"https:\/\/www.manaus.am.gov.br\/semasc\/#organization\",\"name\":\"Prefeitura de Manaus\",\"alternateName\":\"Prefeitura Municipal de Manaus\",\"url\":\"https:\/\/www.manaus.am.gov.br\/semasc\/\",\"logo\":{\"@type\":\"ImageObject\",\"inLanguage\":\"pt-BR\",\"@id\":\"https:\/\/www.manaus.am.gov.br\/semasc\/#\/schema\/logo\/image\/\",\"url\":\"https:\/\/www.manaus.am.gov.br\/semasc\/wp-content\/uploads\/sites\/17\/2024\/07\/favicon.png\",\"contentUrl\":\"https:\/\/www.manaus.am.gov.br\/semasc\/wp-content\/uploads\/sites\/17\/2024\/07\/favicon.png\",\"width\":300,\"height\":300,\"caption\":\"Prefeitura de Manaus\"},\"image\":{\"@id\":\"https:\/\/www.manaus.am.gov.br\/semasc\/#\/schema\/logo\/image\/\"},\"sameAs\":[\"https:\/\/www.facebook.com\/semascmanaus\",\"https:\/\/www.instagram.com\/semascmanaus\/\"]},{\"@type\":\"Person\",\"@id\":\"https:\/\/www.manaus.am.gov.br\/semasc\/#\/schema\/person\/68c6a77f3dcf3f40a0d6e6ad5076718c\",\"name\":\"leofierro\",\"image\":{\"@type\":\"ImageObject\",\"inLanguage\":\"pt-BR\",\"@id\":\"https:\/\/www.manaus.am.gov.br\/semasc\/#\/schema\/person\/image\/\",\"url\":\"https:\/\/secure.gravatar.com\/avatar\/30d8783eede7767036ae574037a3f2de?s=96&d=mm&r=g\",\"contentUrl\":\"https:\/\/secure.gravatar.com\/avatar\/30d8783eede7767036ae574037a3f2de?s=96&d=mm&r=g\",\"caption\":\"leofierro\"}}]}<\/script>\n<!-- \/ Yoast SEO plugin. -->","yoast_head_json":{"title":"Prefeitura de Manaus realiza reuni\u00e3o intersetorial junto \u00e0s coordenadorias municipais do Cadastro \u00danico e do programa Bolsa Fam\u00edlia - SEMASC","robots":{"index":"noindex","follow":"follow"},"og_locale":"pt_BR","og_type":"article","og_title":"Prefeitura de Manaus realiza reuni\u00e3o intersetorial junto \u00e0s coordenadorias municipais do Cadastro \u00danico e do programa Bolsa Fam\u00edlia - SEMASC","og_url":"https:\/\/www.manaus.am.gov.br\/semasc\/prefeitura-de-manaus-realiza-reuniao-intersetorial-junto-as-coordenadorias-municipais-do-cadastro-unico-e-do-programa-bolsa-familia\/","og_site_name":"SEMASC","article_publisher":"https:\/\/www.facebook.com\/semascmanaus","article_published_time":"2024-08-29T15:34:36+00:00","article_modified_time":"2024-10-17T14:44:07+00:00","og_image":[{"width":2592,"height":1728,"url":"https:\/\/www.manaus.am.gov.br\/semasc\/wp-content\/uploads\/sites\/17\/2024\/08\/IMG_0288.jpg","type":"image\/jpeg"}],"author":"leofierro","twitter_card":"summary_large_image","twitter_misc":{"Written by":"leofierro","Est. reading time":"3 minutos"},"schema":{"@context":"https:\/\/schema.org","@graph":[{"@type":"Article","@id":"https:\/\/www.manaus.am.gov.br\/semasc\/prefeitura-de-manaus-realiza-reuniao-intersetorial-junto-as-coordenadorias-municipais-do-cadastro-unico-e-do-programa-bolsa-familia\/#article","isPartOf":{"@id":"https:\/\/www.manaus.am.gov.br\/semasc\/prefeitura-de-manaus-realiza-reuniao-intersetorial-junto-as-coordenadorias-municipais-do-cadastro-unico-e-do-programa-bolsa-familia\/"},"author":{"name":"leofierro","@id":"https:\/\/www.manaus.am.gov.br\/semasc\/#\/schema\/person\/68c6a77f3dcf3f40a0d6e6ad5076718c"},"headline":"Prefeitura de Manaus realiza reuni\u00e3o intersetorial junto \u00e0s coordenadorias municipais do Cadastro \u00danico e do programa Bolsa Fam\u00edlia","datePublished":"2024-08-29T15:34:36+00:00","dateModified":"2024-10-17T14:44:07+00:00","mainEntityOfPage":{"@id":"https:\/\/www.manaus.am.gov.br\/semasc\/prefeitura-de-manaus-realiza-reuniao-intersetorial-junto-as-coordenadorias-municipais-do-cadastro-unico-e-do-programa-bolsa-familia\/"},"wordCount":521,"publisher":{"@id":"https:\/\/www.manaus.am.gov.br\/semasc\/#organization"},"image":{"@id":"https:\/\/www.manaus.am.gov.br\/semasc\/prefeitura-de-manaus-realiza-reuniao-intersetorial-junto-as-coordenadorias-municipais-do-cadastro-unico-e-do-programa-bolsa-familia\/#primaryimage"},"thumbnailUrl":"https:\/\/www.manaus.am.gov.br\/semasc\/wp-content\/uploads\/sites\/17\/2024\/08\/IMG_0288.jpg","keywords":["bolsa fam\u00edlia","Cadastro \u00danico","Semasc","semed","semsa"],"articleSection":["Reuni\u00e3o"],"inLanguage":"pt-BR"},{"@type":"WebPage","@id":"https:\/\/www.manaus.am.gov.br\/semasc\/prefeitura-de-manaus-realiza-reuniao-intersetorial-junto-as-coordenadorias-municipais-do-cadastro-unico-e-do-programa-bolsa-familia\/","url":"https:\/\/www.manaus.am.gov.br\/semasc\/prefeitura-de-manaus-realiza-reuniao-intersetorial-junto-as-coordenadorias-municipais-do-cadastro-unico-e-do-programa-bolsa-familia\/","name":"Prefeitura de Manaus realiza reuni\u00e3o intersetorial junto \u00e0s coordenadorias municipais do Cadastro \u00danico e do programa Bolsa Fam\u00edlia - SEMASC","isPartOf":{"@id":"https:\/\/www.manaus.am.gov.br\/semasc\/#website"},"primaryImageOfPage":{"@id":"https:\/\/www.manaus.am.gov.br\/semasc\/prefeitura-de-manaus-realiza-reuniao-intersetorial-junto-as-coordenadorias-municipais-do-cadastro-unico-e-do-programa-bolsa-familia\/#primaryimage"},"image":{"@id":"https:\/\/www.manaus.am.gov.br\/semasc\/prefeitura-de-manaus-realiza-reuniao-intersetorial-junto-as-coordenadorias-municipais-do-cadastro-unico-e-do-programa-bolsa-familia\/#primaryimage"},"thumbnailUrl":"https:\/\/www.manaus.am.gov.br\/semasc\/wp-content\/uploads\/sites\/17\/2024\/08\/IMG_0288.jpg","datePublished":"2024-08-29T15:34:36+00:00","dateModified":"2024-10-17T14:44:07+00:00","breadcrumb":{"@id":"https:\/\/www.manaus.am.gov.br\/semasc\/prefeitura-de-manaus-realiza-reuniao-intersetorial-junto-as-coordenadorias-municipais-do-cadastro-unico-e-do-programa-bolsa-familia\/#breadcrumb"},"inLanguage":"pt-BR","potentialAction":[{"@type":"ReadAction","target":["https:\/\/www.manaus.am.gov.br\/semasc\/prefeitura-de-manaus-realiza-reuniao-intersetorial-junto-as-coordenadorias-municipais-do-cadastro-unico-e-do-programa-bolsa-familia\/"]}]},{"@type":"ImageObject","inLanguage":"pt-BR","@id":"https:\/\/www.manaus.am.gov.br\/semasc\/prefeitura-de-manaus-realiza-reuniao-intersetorial-junto-as-coordenadorias-municipais-do-cadastro-unico-e-do-programa-bolsa-familia\/#primaryimage","url":"https:\/\/www.manaus.am.gov.br\/semasc\/wp-content\/uploads\/sites\/17\/2024\/08\/IMG_0288.jpg","contentUrl":"https:\/\/www.manaus.am.gov.br\/semasc\/wp-content\/uploads\/sites\/17\/2024\/08\/IMG_0288.jpg","width":2592,"height":1728},{"@type":"BreadcrumbList","@id":"https:\/\/www.manaus.am.gov.br\/semasc\/prefeitura-de-manaus-realiza-reuniao-intersetorial-junto-as-coordenadorias-municipais-do-cadastro-unico-e-do-programa-bolsa-familia\/#breadcrumb","itemListElement":[{"@type":"ListItem","position":1,"name":"Home","item":"https:\/\/www.manaus.am.gov.br\/semasc\/"},{"@type":"ListItem","position":2,"name":"Prefeitura de Manaus realiza reuni\u00e3o intersetorial junto \u00e0s coordenadorias municipais do Cadastro \u00danico e do programa Bolsa Fam\u00edlia"}]},{"@type":"WebSite","@id":"https:\/\/www.manaus.am.gov.br\/semasc\/#website","url":"https:\/\/www.manaus.am.gov.br\/semasc\/","name":"SEMASC","description":"Secretaria Municipal da Mulher, Assist\u00eancia Social e Cidadania.","publisher":{"@id":"https:\/\/www.manaus.am.gov.br\/semasc\/#organization"},"alternateName":"Secretaria Municipal da Mulher, Assist\u00eancia Social e Cidadania","potentialAction":[{"@type":"SearchAction","target":{"@type":"EntryPoint","urlTemplate":"https:\/\/www.manaus.am.gov.br\/semasc\/?s={search_term_string}"},"query-input":"required name=search_term_string"}],"inLanguage":"pt-BR"},{"@type":"Organization","@id":"https:\/\/www.manaus.am.gov.br\/semasc\/#organization","name":"Prefeitura de Manaus","alternateName":"Prefeitura Municipal de Manaus","url":"https:\/\/www.manaus.am.gov.br\/semasc\/","logo":{"@type":"ImageObject","inLanguage":"pt-BR","@id":"https:\/\/www.manaus.am.gov.br\/semasc\/#\/schema\/logo\/image\/","url":"https:\/\/www.manaus.am.gov.br\/semasc\/wp-content\/uploads\/sites\/17\/2024\/07\/favicon.png","contentUrl":"https:\/\/www.manaus.am.gov.br\/semasc\/wp-content\/uploads\/sites\/17\/2024\/07\/favicon.png","width":300,"height":300,"caption":"Prefeitura de Manaus"},"image":{"@id":"https:\/\/www.manaus.am.gov.br\/semasc\/#\/schema\/logo\/image\/"},"sameAs":["https:\/\/www.facebook.com\/semascmanaus","https:\/\/www.instagram.com\/semascmanaus\/"]},{"@type":"Person","@id":"https:\/\/www.manaus.am.gov.br\/semasc\/#\/schema\/person\/68c6a77f3dcf3f40a0d6e6ad5076718c","name":"leofierro","image":{"@type":"ImageObject","inLanguage":"pt-BR","@id":"https:\/\/www.manaus.am.gov.br\/semasc\/#\/schema\/person\/image\/","url":"https:\/\/secure.gravatar.com\/avatar\/30d8783eede7767036ae574037a3f2de?s=96&d=mm&r=g","contentUrl":"https:\/\/secure.gravatar.com\/avatar\/30d8783eede7767036ae574037a3f2de?s=96&d=mm&r=g","caption":"leofierro"}}]}},"_links":{"self":[{"href":"https:\/\/www.manaus.am.gov.br\/semasc\/wp-json\/wp\/v2\/posts\/210787"}],"collection":[{"href":"https:\/\/www.manaus.am.gov.br\/semasc\/wp-json\/wp\/v2\/posts"}],"about":[{"href":"https:\/\/www.manaus.am.gov.br\/semasc\/wp-json\/wp\/v2\/types\/post"}],"author":[{"embeddable":true,"href":"https:\/\/www.manaus.am.gov.br\/semasc\/wp-json\/wp\/v2\/users\/56"}],"replies":[{"embeddable":true,"href":"https:\/\/www.manaus.am.gov.br\/semasc\/wp-json\/wp\/v2\/comments?post=210787"}],"version-history":[{"count":1,"href":"https:\/\/www.manaus.am.gov.br\/semasc\/wp-json\/wp\/v2\/posts\/210787\/revisions"}],"predecessor-version":[{"id":210789,"href":"https:\/\/www.manaus.am.gov.br\/semasc\/wp-json\/wp\/v2\/posts\/210787\/revisions\/210789"}],"wp:featuredmedia":[{"embeddable":true,"href":"https:\/\/www.manaus.am.gov.br\/semasc\/wp-json\/wp\/v2\/media\/210788"}],"wp:attachment":[{"href":"https:\/\/www.manaus.am.gov.br\/semasc\/wp-json\/wp\/v2\/media?parent=210787"}],"wp:term":[{"taxonomy":"category","embeddable":true,"href":"https:\/\/www.manaus.am.gov.br\/semasc\/wp-json\/wp\/v2\/categories?post=210787"},{"taxonomy":"post_tag","embeddable":true,"href":"https:\/\/www.manaus.am.gov.br\/semasc\/wp-json\/wp\/v2\/tags?post=210787"}],"curies":[{"name":"wp","href":"https:\/\/api.w.org\/{rel}","templated":true}]}}