{"id":210777,"date":"2024-08-15T14:39:31","date_gmt":"2024-08-15T18:39:31","guid":{"rendered":"https:\/\/www.manaus.am.gov.br\/semasc\/?p=210777"},"modified":"2024-10-17T10:44:19","modified_gmt":"2024-10-17T14:44:19","slug":"prefeitura-de-manaus-promove-atividade-cultural-para-familias-atendidas-pelo-creas-centro-oeste","status":"publish","type":"post","link":"https:\/\/www.manaus.am.gov.br\/semasc\/prefeitura-de-manaus-promove-atividade-cultural-para-familias-atendidas-pelo-creas-centro-oeste\/","title":{"rendered":"Prefeitura de Manaus promove atividade cultural para fam\u00edlias atendidas pelo CREAS Centro-Oeste"},"content":{"rendered":"\n<p>A Prefeitura de Manaus, por meio da Secretaria Municipal da Mulher, Assist\u00eancia Social e Cidadania (Semasc), promoveu, nesta quinta-feira, 15\/8, um passeio para fam\u00edlias atendidas pelo Centro de Refer\u00eancia Especializado de Assist\u00eancia Social (CREAS) Centro-Oeste, nos espa\u00e7os culturais Mirante L\u00facia Almeida, Museu da Cidade (Pa\u00e7o da Liberdade) e o Pal\u00e1cio Rio Branco, localizados no Centro Hist\u00f3rico de Manaus.<\/p>\n\n\n\n<p>A iniciativa tem como objetivo oferecer momentos de lazer e socializa\u00e7\u00e3o para os usu\u00e1rios do Programa de Atendimento Especializado a Fam\u00edlias e Indiv\u00edduos (PAEFI), garantindo acesso a ambientes que ofere\u00e7am desenvolvimento integral.<\/p>\n\n\n\n<p>\u201cO objetivo central desta atividade foi propiciar conhecimento e viv\u00eancias nos espa\u00e7os culturais da cidade. Al\u00e9m de enriquecer o aprendizado dos participantes, com isso, buscamos criar um ambiente que favore\u00e7a momentos de divers\u00e3o, inclus\u00e3o e fortalecimento dos v\u00ednculo sociais, contribuindo para o bem-estar e a coes\u00e3o dessas fam\u00edlias\u201d, destacou C\u00e1tia Batista, Gerente do PAEFI na Semasc.<\/p>\n\n\n\n<p>A psic\u00f3loga do CREAS Centro-Oeste, Diana Barroso, refor\u00e7ou a import\u00e2ncia de a\u00e7\u00f5es como esta para o fortalecimento dos v\u00ednculos entre pais e filhos, refletindo em um espa\u00e7o de confian\u00e7a e apoio m\u00fatuo na constru\u00e7\u00e3o de ambiente s\u00f3lido para conviv\u00eancia familiar.<\/p>\n\n\n\n<p>\u201c\u00c9 importante que atua\u00e7\u00f5es como estas sejam realizadas, pois desempenham um papel crucial no incremento dos v\u00ednculos pessoais. Quando facilitamos a cria\u00e7\u00e3o de um ambiente onde predomina a confian\u00e7a e o apoio bilateral, contribu\u00edmos para a constru\u00e7\u00e3o de uma estrutura familiar saud\u00e1vel, propiciando para um crescimento emocional e social de todos os membros da fam\u00edlia, o que, por sua vez, reflete positivamente na qualidade das rela\u00e7\u00f5es interpessoais\u201d, real\u00e7ou.<\/p>\n\n\n\n<p>A dona de casa C.N, 35 anos, estava entusiasmada ao participar do evento, evidenciando uma compreens\u00e3o mais profunda sobre as ra\u00edzes e tradi\u00e7\u00f5es locais, enriquecendo ainda mais sua experi\u00eancia.<\/p>\n\n\n\n<p>\u201cEstou lisonjeada pela chance de participar da atividade proposta pelo CREAS Centro-Oeste. Foi uma oportunidade incr\u00edvel para me conectar com as nossas ra\u00edzes e aprender mais sobre as tradi\u00e7\u00f5es que fazem parte da nossa hist\u00f3ria. Cada detalhe aqui me fez sentir ainda mais orgulhosa da nossa cultura\u201d, frisou.<\/p>\n\n\n\n<p>A estudante C.N, 18 anos, compartilhou a experi\u00eancia de conhecer pela primeira vez o Mirante L\u00facia Almeida e o Pal\u00e1cio Rio Branco.<\/p>\n\n\n\n<p>&#8220;Foi incr\u00edvel. O Mirante L\u00facia Almeida oferece uma vista panor\u00e2mica de tirar o f\u00f4lego, e estar l\u00e1 pela primeira vez me fez sentir uma conex\u00e3o especial com a cidade. J\u00e1 o Pal\u00e1cio Rio Branco, com toda a sua grandiosidade e hist\u00f3ria, me deixou impressionada. Sinto que aprendi muito sobre a nossa hist\u00f3ria\u201d, concluiu.<\/p>\n\n\n\n<p>\u2013 \u2013 \u2013<\/p>\n\n\n\n<p><strong>Texto<\/strong>: Igor Costa \/ Semasc<\/p>\n\n\n\n<p><strong>Fotos<\/strong>: Diego Lima \/ Semasc<\/p>\n","protected":false},"excerpt":{"rendered":"","protected":false},"author":56,"featured_media":210778,"comment_status":"closed","ping_status":"closed","sticky":false,"template":"","format":"standard","meta":{"footnotes":""},"categories":[54],"tags":[],"acf":[],"yoast_head":"<!-- This site is optimized with the Yoast SEO plugin v23.0 - https:\/\/yoast.com\/wordpress\/plugins\/seo\/ -->\n<title>Prefeitura de Manaus promove atividade cultural para fam\u00edlias atendidas pelo CREAS Centro-Oeste - SEMASC<\/title>\n<meta name=\"robots\" content=\"noindex, follow\" \/>\n<meta property=\"og:locale\" content=\"pt_BR\" \/>\n<meta property=\"og:type\" content=\"article\" \/>\n<meta property=\"og:title\" content=\"Prefeitura de Manaus promove atividade cultural para fam\u00edlias atendidas pelo CREAS Centro-Oeste - SEMASC\" \/>\n<meta property=\"og:url\" content=\"https:\/\/www.manaus.am.gov.br\/semasc\/prefeitura-de-manaus-promove-atividade-cultural-para-familias-atendidas-pelo-creas-centro-oeste\/\" \/>\n<meta property=\"og:site_name\" content=\"SEMASC\" \/>\n<meta property=\"article:publisher\" content=\"https:\/\/www.facebook.com\/semascmanaus\" \/>\n<meta property=\"article:published_time\" content=\"2024-08-15T18:39:31+00:00\" \/>\n<meta property=\"article:modified_time\" content=\"2024-10-17T14:44:19+00:00\" \/>\n<meta property=\"og:image\" content=\"https:\/\/www.manaus.am.gov.br\/semasc\/wp-content\/uploads\/sites\/17\/2024\/08\/IMG_9993.jpg\" \/>\n\t<meta property=\"og:image:width\" content=\"2592\" \/>\n\t<meta property=\"og:image:height\" content=\"1728\" \/>\n\t<meta property=\"og:image:type\" content=\"image\/jpeg\" \/>\n<meta name=\"author\" content=\"leofierro\" \/>\n<meta name=\"twitter:card\" content=\"summary_large_image\" \/>\n<meta name=\"twitter:label1\" content=\"Written by\" \/>\n\t<meta name=\"twitter:data1\" content=\"leofierro\" \/>\n\t<meta name=\"twitter:label2\" content=\"Est. reading time\" \/>\n\t<meta name=\"twitter:data2\" content=\"3 minutos\" \/>\n<script type=\"application\/ld+json\" class=\"yoast-schema-graph\">{\"@context\":\"https:\/\/schema.org\",\"@graph\":[{\"@type\":\"Article\",\"@id\":\"https:\/\/www.manaus.am.gov.br\/semasc\/prefeitura-de-manaus-promove-atividade-cultural-para-familias-atendidas-pelo-creas-centro-oeste\/#article\",\"isPartOf\":{\"@id\":\"https:\/\/www.manaus.am.gov.br\/semasc\/prefeitura-de-manaus-promove-atividade-cultural-para-familias-atendidas-pelo-creas-centro-oeste\/\"},\"author\":{\"name\":\"leofierro\",\"@id\":\"https:\/\/www.manaus.am.gov.br\/semasc\/#\/schema\/person\/68c6a77f3dcf3f40a0d6e6ad5076718c\"},\"headline\":\"Prefeitura de Manaus promove atividade cultural para fam\u00edlias atendidas pelo CREAS Centro-Oeste\",\"datePublished\":\"2024-08-15T18:39:31+00:00\",\"dateModified\":\"2024-10-17T14:44:19+00:00\",\"mainEntityOfPage\":{\"@id\":\"https:\/\/www.manaus.am.gov.br\/semasc\/prefeitura-de-manaus-promove-atividade-cultural-para-familias-atendidas-pelo-creas-centro-oeste\/\"},\"wordCount\":489,\"publisher\":{\"@id\":\"https:\/\/www.manaus.am.gov.br\/semasc\/#organization\"},\"image\":{\"@id\":\"https:\/\/www.manaus.am.gov.br\/semasc\/prefeitura-de-manaus-promove-atividade-cultural-para-familias-atendidas-pelo-creas-centro-oeste\/#primaryimage\"},\"thumbnailUrl\":\"https:\/\/www.manaus.am.gov.br\/semasc\/wp-content\/uploads\/sites\/17\/2024\/08\/IMG_9993.jpg\",\"articleSection\":[\"Atividades\"],\"inLanguage\":\"pt-BR\"},{\"@type\":\"WebPage\",\"@id\":\"https:\/\/www.manaus.am.gov.br\/semasc\/prefeitura-de-manaus-promove-atividade-cultural-para-familias-atendidas-pelo-creas-centro-oeste\/\",\"url\":\"https:\/\/www.manaus.am.gov.br\/semasc\/prefeitura-de-manaus-promove-atividade-cultural-para-familias-atendidas-pelo-creas-centro-oeste\/\",\"name\":\"Prefeitura de Manaus promove atividade cultural para fam\u00edlias atendidas pelo CREAS Centro-Oeste - SEMASC\",\"isPartOf\":{\"@id\":\"https:\/\/www.manaus.am.gov.br\/semasc\/#website\"},\"primaryImageOfPage\":{\"@id\":\"https:\/\/www.manaus.am.gov.br\/semasc\/prefeitura-de-manaus-promove-atividade-cultural-para-familias-atendidas-pelo-creas-centro-oeste\/#primaryimage\"},\"image\":{\"@id\":\"https:\/\/www.manaus.am.gov.br\/semasc\/prefeitura-de-manaus-promove-atividade-cultural-para-familias-atendidas-pelo-creas-centro-oeste\/#primaryimage\"},\"thumbnailUrl\":\"https:\/\/www.manaus.am.gov.br\/semasc\/wp-content\/uploads\/sites\/17\/2024\/08\/IMG_9993.jpg\",\"datePublished\":\"2024-08-15T18:39:31+00:00\",\"dateModified\":\"2024-10-17T14:44:19+00:00\",\"breadcrumb\":{\"@id\":\"https:\/\/www.manaus.am.gov.br\/semasc\/prefeitura-de-manaus-promove-atividade-cultural-para-familias-atendidas-pelo-creas-centro-oeste\/#breadcrumb\"},\"inLanguage\":\"pt-BR\",\"potentialAction\":[{\"@type\":\"ReadAction\",\"target\":[\"https:\/\/www.manaus.am.gov.br\/semasc\/prefeitura-de-manaus-promove-atividade-cultural-para-familias-atendidas-pelo-creas-centro-oeste\/\"]}]},{\"@type\":\"ImageObject\",\"inLanguage\":\"pt-BR\",\"@id\":\"https:\/\/www.manaus.am.gov.br\/semasc\/prefeitura-de-manaus-promove-atividade-cultural-para-familias-atendidas-pelo-creas-centro-oeste\/#primaryimage\",\"url\":\"https:\/\/www.manaus.am.gov.br\/semasc\/wp-content\/uploads\/sites\/17\/2024\/08\/IMG_9993.jpg\",\"contentUrl\":\"https:\/\/www.manaus.am.gov.br\/semasc\/wp-content\/uploads\/sites\/17\/2024\/08\/IMG_9993.jpg\",\"width\":2592,\"height\":1728},{\"@type\":\"BreadcrumbList\",\"@id\":\"https:\/\/www.manaus.am.gov.br\/semasc\/prefeitura-de-manaus-promove-atividade-cultural-para-familias-atendidas-pelo-creas-centro-oeste\/#breadcrumb\",\"itemListElement\":[{\"@type\":\"ListItem\",\"position\":1,\"name\":\"Home\",\"item\":\"https:\/\/www.manaus.am.gov.br\/semasc\/\"},{\"@type\":\"ListItem\",\"position\":2,\"name\":\"Prefeitura de Manaus promove atividade cultural para fam\u00edlias atendidas pelo CREAS Centro-Oeste\"}]},{\"@type\":\"WebSite\",\"@id\":\"https:\/\/www.manaus.am.gov.br\/semasc\/#website\",\"url\":\"https:\/\/www.manaus.am.gov.br\/semasc\/\",\"name\":\"SEMASC\",\"description\":\"Secretaria Municipal da Mulher, Assist\u00eancia Social e Cidadania.\",\"publisher\":{\"@id\":\"https:\/\/www.manaus.am.gov.br\/semasc\/#organization\"},\"alternateName\":\"Secretaria Municipal da Mulher, Assist\u00eancia Social e Cidadania\",\"potentialAction\":[{\"@type\":\"SearchAction\",\"target\":{\"@type\":\"EntryPoint\",\"urlTemplate\":\"https:\/\/www.manaus.am.gov.br\/semasc\/?s={search_term_string}\"},\"query-input\":\"required name=search_term_string\"}],\"inLanguage\":\"pt-BR\"},{\"@type\":\"Organization\",\"@id\":\"https:\/\/www.manaus.am.gov.br\/semasc\/#organization\",\"name\":\"Prefeitura de Manaus\",\"alternateName\":\"Prefeitura Municipal de Manaus\",\"url\":\"https:\/\/www.manaus.am.gov.br\/semasc\/\",\"logo\":{\"@type\":\"ImageObject\",\"inLanguage\":\"pt-BR\",\"@id\":\"https:\/\/www.manaus.am.gov.br\/semasc\/#\/schema\/logo\/image\/\",\"url\":\"https:\/\/www.manaus.am.gov.br\/semasc\/wp-content\/uploads\/sites\/17\/2024\/07\/favicon.png\",\"contentUrl\":\"https:\/\/www.manaus.am.gov.br\/semasc\/wp-content\/uploads\/sites\/17\/2024\/07\/favicon.png\",\"width\":300,\"height\":300,\"caption\":\"Prefeitura de Manaus\"},\"image\":{\"@id\":\"https:\/\/www.manaus.am.gov.br\/semasc\/#\/schema\/logo\/image\/\"},\"sameAs\":[\"https:\/\/www.facebook.com\/semascmanaus\",\"https:\/\/www.instagram.com\/semascmanaus\/\"]},{\"@type\":\"Person\",\"@id\":\"https:\/\/www.manaus.am.gov.br\/semasc\/#\/schema\/person\/68c6a77f3dcf3f40a0d6e6ad5076718c\",\"name\":\"leofierro\",\"image\":{\"@type\":\"ImageObject\",\"inLanguage\":\"pt-BR\",\"@id\":\"https:\/\/www.manaus.am.gov.br\/semasc\/#\/schema\/person\/image\/\",\"url\":\"https:\/\/secure.gravatar.com\/avatar\/30d8783eede7767036ae574037a3f2de?s=96&d=mm&r=g\",\"contentUrl\":\"https:\/\/secure.gravatar.com\/avatar\/30d8783eede7767036ae574037a3f2de?s=96&d=mm&r=g\",\"caption\":\"leofierro\"}}]}<\/script>\n<!-- \/ Yoast SEO plugin. -->","yoast_head_json":{"title":"Prefeitura de Manaus promove atividade cultural para fam\u00edlias atendidas pelo CREAS Centro-Oeste - SEMASC","robots":{"index":"noindex","follow":"follow"},"og_locale":"pt_BR","og_type":"article","og_title":"Prefeitura de Manaus promove atividade cultural para fam\u00edlias atendidas pelo CREAS Centro-Oeste - SEMASC","og_url":"https:\/\/www.manaus.am.gov.br\/semasc\/prefeitura-de-manaus-promove-atividade-cultural-para-familias-atendidas-pelo-creas-centro-oeste\/","og_site_name":"SEMASC","article_publisher":"https:\/\/www.facebook.com\/semascmanaus","article_published_time":"2024-08-15T18:39:31+00:00","article_modified_time":"2024-10-17T14:44:19+00:00","og_image":[{"width":2592,"height":1728,"url":"https:\/\/www.manaus.am.gov.br\/semasc\/wp-content\/uploads\/sites\/17\/2024\/08\/IMG_9993.jpg","type":"image\/jpeg"}],"author":"leofierro","twitter_card":"summary_large_image","twitter_misc":{"Written by":"leofierro","Est. reading time":"3 minutos"},"schema":{"@context":"https:\/\/schema.org","@graph":[{"@type":"Article","@id":"https:\/\/www.manaus.am.gov.br\/semasc\/prefeitura-de-manaus-promove-atividade-cultural-para-familias-atendidas-pelo-creas-centro-oeste\/#article","isPartOf":{"@id":"https:\/\/www.manaus.am.gov.br\/semasc\/prefeitura-de-manaus-promove-atividade-cultural-para-familias-atendidas-pelo-creas-centro-oeste\/"},"author":{"name":"leofierro","@id":"https:\/\/www.manaus.am.gov.br\/semasc\/#\/schema\/person\/68c6a77f3dcf3f40a0d6e6ad5076718c"},"headline":"Prefeitura de Manaus promove atividade cultural para fam\u00edlias atendidas pelo CREAS Centro-Oeste","datePublished":"2024-08-15T18:39:31+00:00","dateModified":"2024-10-17T14:44:19+00:00","mainEntityOfPage":{"@id":"https:\/\/www.manaus.am.gov.br\/semasc\/prefeitura-de-manaus-promove-atividade-cultural-para-familias-atendidas-pelo-creas-centro-oeste\/"},"wordCount":489,"publisher":{"@id":"https:\/\/www.manaus.am.gov.br\/semasc\/#organization"},"image":{"@id":"https:\/\/www.manaus.am.gov.br\/semasc\/prefeitura-de-manaus-promove-atividade-cultural-para-familias-atendidas-pelo-creas-centro-oeste\/#primaryimage"},"thumbnailUrl":"https:\/\/www.manaus.am.gov.br\/semasc\/wp-content\/uploads\/sites\/17\/2024\/08\/IMG_9993.jpg","articleSection":["Atividades"],"inLanguage":"pt-BR"},{"@type":"WebPage","@id":"https:\/\/www.manaus.am.gov.br\/semasc\/prefeitura-de-manaus-promove-atividade-cultural-para-familias-atendidas-pelo-creas-centro-oeste\/","url":"https:\/\/www.manaus.am.gov.br\/semasc\/prefeitura-de-manaus-promove-atividade-cultural-para-familias-atendidas-pelo-creas-centro-oeste\/","name":"Prefeitura de Manaus promove atividade cultural para fam\u00edlias atendidas pelo CREAS Centro-Oeste - SEMASC","isPartOf":{"@id":"https:\/\/www.manaus.am.gov.br\/semasc\/#website"},"primaryImageOfPage":{"@id":"https:\/\/www.manaus.am.gov.br\/semasc\/prefeitura-de-manaus-promove-atividade-cultural-para-familias-atendidas-pelo-creas-centro-oeste\/#primaryimage"},"image":{"@id":"https:\/\/www.manaus.am.gov.br\/semasc\/prefeitura-de-manaus-promove-atividade-cultural-para-familias-atendidas-pelo-creas-centro-oeste\/#primaryimage"},"thumbnailUrl":"https:\/\/www.manaus.am.gov.br\/semasc\/wp-content\/uploads\/sites\/17\/2024\/08\/IMG_9993.jpg","datePublished":"2024-08-15T18:39:31+00:00","dateModified":"2024-10-17T14:44:19+00:00","breadcrumb":{"@id":"https:\/\/www.manaus.am.gov.br\/semasc\/prefeitura-de-manaus-promove-atividade-cultural-para-familias-atendidas-pelo-creas-centro-oeste\/#breadcrumb"},"inLanguage":"pt-BR","potentialAction":[{"@type":"ReadAction","target":["https:\/\/www.manaus.am.gov.br\/semasc\/prefeitura-de-manaus-promove-atividade-cultural-para-familias-atendidas-pelo-creas-centro-oeste\/"]}]},{"@type":"ImageObject","inLanguage":"pt-BR","@id":"https:\/\/www.manaus.am.gov.br\/semasc\/prefeitura-de-manaus-promove-atividade-cultural-para-familias-atendidas-pelo-creas-centro-oeste\/#primaryimage","url":"https:\/\/www.manaus.am.gov.br\/semasc\/wp-content\/uploads\/sites\/17\/2024\/08\/IMG_9993.jpg","contentUrl":"https:\/\/www.manaus.am.gov.br\/semasc\/wp-content\/uploads\/sites\/17\/2024\/08\/IMG_9993.jpg","width":2592,"height":1728},{"@type":"BreadcrumbList","@id":"https:\/\/www.manaus.am.gov.br\/semasc\/prefeitura-de-manaus-promove-atividade-cultural-para-familias-atendidas-pelo-creas-centro-oeste\/#breadcrumb","itemListElement":[{"@type":"ListItem","position":1,"name":"Home","item":"https:\/\/www.manaus.am.gov.br\/semasc\/"},{"@type":"ListItem","position":2,"name":"Prefeitura de Manaus promove atividade cultural para fam\u00edlias atendidas pelo CREAS Centro-Oeste"}]},{"@type":"WebSite","@id":"https:\/\/www.manaus.am.gov.br\/semasc\/#website","url":"https:\/\/www.manaus.am.gov.br\/semasc\/","name":"SEMASC","description":"Secretaria Municipal da Mulher, Assist\u00eancia Social e Cidadania.","publisher":{"@id":"https:\/\/www.manaus.am.gov.br\/semasc\/#organization"},"alternateName":"Secretaria Municipal da Mulher, Assist\u00eancia Social e Cidadania","potentialAction":[{"@type":"SearchAction","target":{"@type":"EntryPoint","urlTemplate":"https:\/\/www.manaus.am.gov.br\/semasc\/?s={search_term_string}"},"query-input":"required name=search_term_string"}],"inLanguage":"pt-BR"},{"@type":"Organization","@id":"https:\/\/www.manaus.am.gov.br\/semasc\/#organization","name":"Prefeitura de Manaus","alternateName":"Prefeitura Municipal de Manaus","url":"https:\/\/www.manaus.am.gov.br\/semasc\/","logo":{"@type":"ImageObject","inLanguage":"pt-BR","@id":"https:\/\/www.manaus.am.gov.br\/semasc\/#\/schema\/logo\/image\/","url":"https:\/\/www.manaus.am.gov.br\/semasc\/wp-content\/uploads\/sites\/17\/2024\/07\/favicon.png","contentUrl":"https:\/\/www.manaus.am.gov.br\/semasc\/wp-content\/uploads\/sites\/17\/2024\/07\/favicon.png","width":300,"height":300,"caption":"Prefeitura de Manaus"},"image":{"@id":"https:\/\/www.manaus.am.gov.br\/semasc\/#\/schema\/logo\/image\/"},"sameAs":["https:\/\/www.facebook.com\/semascmanaus","https:\/\/www.instagram.com\/semascmanaus\/"]},{"@type":"Person","@id":"https:\/\/www.manaus.am.gov.br\/semasc\/#\/schema\/person\/68c6a77f3dcf3f40a0d6e6ad5076718c","name":"leofierro","image":{"@type":"ImageObject","inLanguage":"pt-BR","@id":"https:\/\/www.manaus.am.gov.br\/semasc\/#\/schema\/person\/image\/","url":"https:\/\/secure.gravatar.com\/avatar\/30d8783eede7767036ae574037a3f2de?s=96&d=mm&r=g","contentUrl":"https:\/\/secure.gravatar.com\/avatar\/30d8783eede7767036ae574037a3f2de?s=96&d=mm&r=g","caption":"leofierro"}}]}},"_links":{"self":[{"href":"https:\/\/www.manaus.am.gov.br\/semasc\/wp-json\/wp\/v2\/posts\/210777"}],"collection":[{"href":"https:\/\/www.manaus.am.gov.br\/semasc\/wp-json\/wp\/v2\/posts"}],"about":[{"href":"https:\/\/www.manaus.am.gov.br\/semasc\/wp-json\/wp\/v2\/types\/post"}],"author":[{"embeddable":true,"href":"https:\/\/www.manaus.am.gov.br\/semasc\/wp-json\/wp\/v2\/users\/56"}],"replies":[{"embeddable":true,"href":"https:\/\/www.manaus.am.gov.br\/semasc\/wp-json\/wp\/v2\/comments?post=210777"}],"version-history":[{"count":1,"href":"https:\/\/www.manaus.am.gov.br\/semasc\/wp-json\/wp\/v2\/posts\/210777\/revisions"}],"predecessor-version":[{"id":210779,"href":"https:\/\/www.manaus.am.gov.br\/semasc\/wp-json\/wp\/v2\/posts\/210777\/revisions\/210779"}],"wp:featuredmedia":[{"embeddable":true,"href":"https:\/\/www.manaus.am.gov.br\/semasc\/wp-json\/wp\/v2\/media\/210778"}],"wp:attachment":[{"href":"https:\/\/www.manaus.am.gov.br\/semasc\/wp-json\/wp\/v2\/media?parent=210777"}],"wp:term":[{"taxonomy":"category","embeddable":true,"href":"https:\/\/www.manaus.am.gov.br\/semasc\/wp-json\/wp\/v2\/categories?post=210777"},{"taxonomy":"post_tag","embeddable":true,"href":"https:\/\/www.manaus.am.gov.br\/semasc\/wp-json\/wp\/v2\/tags?post=210777"}],"curies":[{"name":"wp","href":"https:\/\/api.w.org\/{rel}","templated":true}]}}