{"id":210770,"date":"2024-08-14T13:06:54","date_gmt":"2024-08-14T17:06:54","guid":{"rendered":"https:\/\/www.manaus.am.gov.br\/semasc\/?p=210770"},"modified":"2024-09-03T14:18:40","modified_gmt":"2024-09-03T18:18:40","slug":"prefeitura-de-manaus-leva-palestra-de-conscientizacao-sobre-violencia-domestica-para-alunos-da-rede-publica","status":"publish","type":"post","link":"https:\/\/www.manaus.am.gov.br\/semasc\/prefeitura-de-manaus-leva-palestra-de-conscientizacao-sobre-violencia-domestica-para-alunos-da-rede-publica\/","title":{"rendered":"Prefeitura de Manaus leva palestra de conscientiza\u00e7\u00e3o sobre viol\u00eancia dom\u00e9stica para alunos da rede p\u00fablica"},"content":{"rendered":"\n<p>A Prefeitura de Manaus, por meio da Secretaria Municipal da Mulher, Assist\u00eancia Social e Cidadania (Semasc), realizou, nesta ter\u00e7a-feira, 13\/8, uma palestra sobre viol\u00eancia dom\u00e9stica contra mulheres para os alunos da Escola Municipal Themistocles Pinheiro Gadelha, localizada no bairro Jorge Teixeira, zona Leste.<\/p>\n\n\n\n<p>A iniciativa faz parte da Opera\u00e7\u00e3o Shamar e est\u00e1 dentro da programa\u00e7\u00e3o do \u2018Agosto Lil\u00e1s\u2019, m\u00eas dedicado a conscientiza\u00e7\u00e3o e ao combate \u00e0 viol\u00eancia contra as mulheres, e destacou a import\u00e2ncia de a\u00e7\u00f5es preventivas e educativas para a amplia\u00e7\u00e3o da rede de prote\u00e7\u00e3o social do munic\u00edpio.&nbsp;<\/p>\n\n\n\n<p>\u201cNosso objetivo ao realizar essas palestras \u00e9 prevenir esse tipo de viol\u00eancia, especialmente no \u00e2mbito dom\u00e9stico e familiar, reduzindo os casos e oferecendo ferramentas necess\u00e1rias para que meninas e mulheres possam se proteger. Al\u00e9m da preven\u00e7\u00e3o, visamos orientar as participantes sobre os caminhos a serem seguidos para denunciar agress\u00f5es e buscar apoio, seja por meio de institui\u00e7\u00f5es da sociedade civil ou outros servi\u00e7os de prote\u00e7\u00e3o \u00e0 mulher\u201d, destacou a Assistente Social do Centro de Refer\u00eancia dos Direitos da Mulher (CRDM), Patr\u00edcia Rezende.<\/p>\n\n\n\n<p>A psic\u00f3loga do CRDM, Doralice Costa, enfatizou sobre como as v\u00edtimas de viol\u00eancia dom\u00e9stica s\u00e3o afetadas de v\u00e1rias maneiras, destacando, para al\u00e9m de agress\u00f5es f\u00edsicas, a viol\u00eancia psicol\u00f3gica, moral e patrimonial.<\/p>\n\n\n\n<p>\u201cOs primeiros sinais de que uma mulher est\u00e1 sendo submetida \u00e0 viol\u00eancia dom\u00e9stica, podem ser observados em mudan\u00e7as no seu comportamento, pois a v\u00edtima se torna mais reclusa, evitando encontros com familiares, eventos sociais e intera\u00e7\u00f5es com amigos. Al\u00e9m disso, \u00e9 poss\u00edvel notar um impacto em sua vida profissional e educacional, pois param de trabalhar e estudar como resultado do abuso. Esse retraimento social e profissional n\u00e3o s\u00f3 \u00e9 uma resposta ao trauma que est\u00e3o vivenciando, mas tamb\u00e9m uma tentativa de evitar situa\u00e7\u00f5es que possam agravar ainda mais a situa\u00e7\u00e3o. O reconhecimento e a compreens\u00e3o dessas manifesta\u00e7\u00f5es s\u00e3o cruciais para proporcionar o apoio adequado e romper o ciclo de viol\u00eancia\u201d, frisou.<\/p>\n\n\n\n<p>A diretora da escola, Daniele Santos, reiterou que a palestra al\u00e9m de educar, tamb\u00e9m encoraja a den\u00fancia e o suporte \u00e0s v\u00edtimas, criando um ambiente seguro e acolhedor para todos, incluindo os alunos.<\/p>\n\n\n\n<p>\u201cA palestra desempenhou um papel crucial ao educar sobre a viol\u00eancia dom\u00e9stica, mas sua import\u00e2ncia vai al\u00e9m disso, visando encorajar a den\u00fancia e ajudar as v\u00edtimas, aspectos fundamentais para a cria\u00e7\u00e3o de um ambiente escolar seguro e acolhedor. Nosso objetivo \u00e9 assegurar que todos os alunos se sintam protegidos e amparados, proporcionando-lhes n\u00e3o apenas conhecimento, mas tamb\u00e9m recursos e apoio necess\u00e1rios para enfrentar e superar situa\u00e7\u00f5es de viol\u00eancia\u201d, ressaltou.<\/p>\n\n\n\n<p>A estudante Fernanda Vit\u00f3ria, 13 anos, compartilhou sua experi\u00eancia sobre a palestra e afirmou que a discuss\u00e3o sobre viol\u00eancia dom\u00e9stica a fez refletir sobre a import\u00e2ncia de identificar sinais de abuso e apoiar as v\u00edtimas.<\/p>\n\n\n\n<p>\u201cFoi um momento de grande reflex\u00e3o para mim. Aprendi como \u00e9 crucial identificar sinais de abuso e como podemos apoiar as v\u00edtimas. Esse momento, me fez perceber a responsabilidade que temos para ajudar pessoas que passam por esses tipos de situa\u00e7\u00f5es\u201d, finalizou.<\/p>\n\n\n\n<p>\u2013 \u2013 \u2013<\/p>\n\n\n\n<p><strong>Texto<\/strong>: Igor Costa \/ Semasc <\/p>\n\n\n\n<p><strong>Fotos<\/strong>: Diego Lima \/ Semasc<\/p>\n","protected":false},"excerpt":{"rendered":"","protected":false},"author":56,"featured_media":210771,"comment_status":"closed","ping_status":"closed","sticky":false,"template":"","format":"standard","meta":{"footnotes":""},"categories":[54],"tags":[],"acf":[],"yoast_head":"<!-- This site is optimized with the Yoast SEO plugin v23.0 - https:\/\/yoast.com\/wordpress\/plugins\/seo\/ -->\n<title>Prefeitura de Manaus leva palestra de conscientiza\u00e7\u00e3o sobre viol\u00eancia dom\u00e9stica para alunos da rede p\u00fablica - SEMASC<\/title>\n<meta name=\"robots\" content=\"noindex, follow\" \/>\n<meta property=\"og:locale\" content=\"pt_BR\" \/>\n<meta property=\"og:type\" content=\"article\" \/>\n<meta property=\"og:title\" content=\"Prefeitura de Manaus leva palestra de conscientiza\u00e7\u00e3o sobre viol\u00eancia dom\u00e9stica para alunos da rede p\u00fablica - SEMASC\" \/>\n<meta property=\"og:url\" content=\"https:\/\/www.manaus.am.gov.br\/semasc\/prefeitura-de-manaus-leva-palestra-de-conscientizacao-sobre-violencia-domestica-para-alunos-da-rede-publica\/\" \/>\n<meta property=\"og:site_name\" content=\"SEMASC\" \/>\n<meta property=\"article:publisher\" content=\"https:\/\/www.facebook.com\/semascmanaus\" \/>\n<meta property=\"article:published_time\" content=\"2024-08-14T17:06:54+00:00\" \/>\n<meta property=\"article:modified_time\" content=\"2024-09-03T18:18:40+00:00\" \/>\n<meta property=\"og:image\" content=\"https:\/\/www.manaus.am.gov.br\/semasc\/wp-content\/uploads\/sites\/17\/2024\/08\/IMG_9856.jpg\" \/>\n\t<meta property=\"og:image:width\" content=\"2592\" \/>\n\t<meta property=\"og:image:height\" content=\"1728\" \/>\n\t<meta property=\"og:image:type\" content=\"image\/jpeg\" \/>\n<meta name=\"author\" content=\"leofierro\" \/>\n<meta name=\"twitter:card\" content=\"summary_large_image\" \/>\n<meta name=\"twitter:label1\" content=\"Written by\" \/>\n\t<meta name=\"twitter:data1\" content=\"leofierro\" \/>\n\t<meta name=\"twitter:label2\" content=\"Est. reading time\" \/>\n\t<meta name=\"twitter:data2\" content=\"3 minutos\" \/>\n<script type=\"application\/ld+json\" class=\"yoast-schema-graph\">{\"@context\":\"https:\/\/schema.org\",\"@graph\":[{\"@type\":\"Article\",\"@id\":\"https:\/\/www.manaus.am.gov.br\/semasc\/prefeitura-de-manaus-leva-palestra-de-conscientizacao-sobre-violencia-domestica-para-alunos-da-rede-publica\/#article\",\"isPartOf\":{\"@id\":\"https:\/\/www.manaus.am.gov.br\/semasc\/prefeitura-de-manaus-leva-palestra-de-conscientizacao-sobre-violencia-domestica-para-alunos-da-rede-publica\/\"},\"author\":{\"name\":\"leofierro\",\"@id\":\"https:\/\/www.manaus.am.gov.br\/semasc\/#\/schema\/person\/68c6a77f3dcf3f40a0d6e6ad5076718c\"},\"headline\":\"Prefeitura de Manaus leva palestra de conscientiza\u00e7\u00e3o sobre viol\u00eancia dom\u00e9stica para alunos da rede p\u00fablica\",\"datePublished\":\"2024-08-14T17:06:54+00:00\",\"dateModified\":\"2024-09-03T18:18:40+00:00\",\"mainEntityOfPage\":{\"@id\":\"https:\/\/www.manaus.am.gov.br\/semasc\/prefeitura-de-manaus-leva-palestra-de-conscientizacao-sobre-violencia-domestica-para-alunos-da-rede-publica\/\"},\"wordCount\":589,\"publisher\":{\"@id\":\"https:\/\/www.manaus.am.gov.br\/semasc\/#organization\"},\"image\":{\"@id\":\"https:\/\/www.manaus.am.gov.br\/semasc\/prefeitura-de-manaus-leva-palestra-de-conscientizacao-sobre-violencia-domestica-para-alunos-da-rede-publica\/#primaryimage\"},\"thumbnailUrl\":\"https:\/\/www.manaus.am.gov.br\/semasc\/wp-content\/uploads\/sites\/17\/2024\/08\/IMG_9856.jpg\",\"articleSection\":[\"Atividades\"],\"inLanguage\":\"pt-BR\"},{\"@type\":\"WebPage\",\"@id\":\"https:\/\/www.manaus.am.gov.br\/semasc\/prefeitura-de-manaus-leva-palestra-de-conscientizacao-sobre-violencia-domestica-para-alunos-da-rede-publica\/\",\"url\":\"https:\/\/www.manaus.am.gov.br\/semasc\/prefeitura-de-manaus-leva-palestra-de-conscientizacao-sobre-violencia-domestica-para-alunos-da-rede-publica\/\",\"name\":\"Prefeitura de Manaus leva palestra de conscientiza\u00e7\u00e3o sobre viol\u00eancia dom\u00e9stica para alunos da rede p\u00fablica - SEMASC\",\"isPartOf\":{\"@id\":\"https:\/\/www.manaus.am.gov.br\/semasc\/#website\"},\"primaryImageOfPage\":{\"@id\":\"https:\/\/www.manaus.am.gov.br\/semasc\/prefeitura-de-manaus-leva-palestra-de-conscientizacao-sobre-violencia-domestica-para-alunos-da-rede-publica\/#primaryimage\"},\"image\":{\"@id\":\"https:\/\/www.manaus.am.gov.br\/semasc\/prefeitura-de-manaus-leva-palestra-de-conscientizacao-sobre-violencia-domestica-para-alunos-da-rede-publica\/#primaryimage\"},\"thumbnailUrl\":\"https:\/\/www.manaus.am.gov.br\/semasc\/wp-content\/uploads\/sites\/17\/2024\/08\/IMG_9856.jpg\",\"datePublished\":\"2024-08-14T17:06:54+00:00\",\"dateModified\":\"2024-09-03T18:18:40+00:00\",\"breadcrumb\":{\"@id\":\"https:\/\/www.manaus.am.gov.br\/semasc\/prefeitura-de-manaus-leva-palestra-de-conscientizacao-sobre-violencia-domestica-para-alunos-da-rede-publica\/#breadcrumb\"},\"inLanguage\":\"pt-BR\",\"potentialAction\":[{\"@type\":\"ReadAction\",\"target\":[\"https:\/\/www.manaus.am.gov.br\/semasc\/prefeitura-de-manaus-leva-palestra-de-conscientizacao-sobre-violencia-domestica-para-alunos-da-rede-publica\/\"]}]},{\"@type\":\"ImageObject\",\"inLanguage\":\"pt-BR\",\"@id\":\"https:\/\/www.manaus.am.gov.br\/semasc\/prefeitura-de-manaus-leva-palestra-de-conscientizacao-sobre-violencia-domestica-para-alunos-da-rede-publica\/#primaryimage\",\"url\":\"https:\/\/www.manaus.am.gov.br\/semasc\/wp-content\/uploads\/sites\/17\/2024\/08\/IMG_9856.jpg\",\"contentUrl\":\"https:\/\/www.manaus.am.gov.br\/semasc\/wp-content\/uploads\/sites\/17\/2024\/08\/IMG_9856.jpg\",\"width\":2592,\"height\":1728},{\"@type\":\"BreadcrumbList\",\"@id\":\"https:\/\/www.manaus.am.gov.br\/semasc\/prefeitura-de-manaus-leva-palestra-de-conscientizacao-sobre-violencia-domestica-para-alunos-da-rede-publica\/#breadcrumb\",\"itemListElement\":[{\"@type\":\"ListItem\",\"position\":1,\"name\":\"Home\",\"item\":\"https:\/\/www.manaus.am.gov.br\/semasc\/\"},{\"@type\":\"ListItem\",\"position\":2,\"name\":\"Prefeitura de Manaus leva palestra de conscientiza\u00e7\u00e3o sobre viol\u00eancia dom\u00e9stica para alunos da rede p\u00fablica\"}]},{\"@type\":\"WebSite\",\"@id\":\"https:\/\/www.manaus.am.gov.br\/semasc\/#website\",\"url\":\"https:\/\/www.manaus.am.gov.br\/semasc\/\",\"name\":\"SEMASC\",\"description\":\"Secretaria Municipal da Mulher, Assist\u00eancia Social e Cidadania.\",\"publisher\":{\"@id\":\"https:\/\/www.manaus.am.gov.br\/semasc\/#organization\"},\"alternateName\":\"Secretaria Municipal da Mulher, Assist\u00eancia Social e Cidadania\",\"potentialAction\":[{\"@type\":\"SearchAction\",\"target\":{\"@type\":\"EntryPoint\",\"urlTemplate\":\"https:\/\/www.manaus.am.gov.br\/semasc\/?s={search_term_string}\"},\"query-input\":\"required name=search_term_string\"}],\"inLanguage\":\"pt-BR\"},{\"@type\":\"Organization\",\"@id\":\"https:\/\/www.manaus.am.gov.br\/semasc\/#organization\",\"name\":\"Prefeitura de Manaus\",\"alternateName\":\"Prefeitura Municipal de Manaus\",\"url\":\"https:\/\/www.manaus.am.gov.br\/semasc\/\",\"logo\":{\"@type\":\"ImageObject\",\"inLanguage\":\"pt-BR\",\"@id\":\"https:\/\/www.manaus.am.gov.br\/semasc\/#\/schema\/logo\/image\/\",\"url\":\"https:\/\/www.manaus.am.gov.br\/semasc\/wp-content\/uploads\/sites\/17\/2024\/07\/favicon.png\",\"contentUrl\":\"https:\/\/www.manaus.am.gov.br\/semasc\/wp-content\/uploads\/sites\/17\/2024\/07\/favicon.png\",\"width\":300,\"height\":300,\"caption\":\"Prefeitura de Manaus\"},\"image\":{\"@id\":\"https:\/\/www.manaus.am.gov.br\/semasc\/#\/schema\/logo\/image\/\"},\"sameAs\":[\"https:\/\/www.facebook.com\/semascmanaus\",\"https:\/\/www.instagram.com\/semascmanaus\/\"]},{\"@type\":\"Person\",\"@id\":\"https:\/\/www.manaus.am.gov.br\/semasc\/#\/schema\/person\/68c6a77f3dcf3f40a0d6e6ad5076718c\",\"name\":\"leofierro\",\"image\":{\"@type\":\"ImageObject\",\"inLanguage\":\"pt-BR\",\"@id\":\"https:\/\/www.manaus.am.gov.br\/semasc\/#\/schema\/person\/image\/\",\"url\":\"https:\/\/secure.gravatar.com\/avatar\/30d8783eede7767036ae574037a3f2de?s=96&d=mm&r=g\",\"contentUrl\":\"https:\/\/secure.gravatar.com\/avatar\/30d8783eede7767036ae574037a3f2de?s=96&d=mm&r=g\",\"caption\":\"leofierro\"}}]}<\/script>\n<!-- \/ Yoast SEO plugin. -->","yoast_head_json":{"title":"Prefeitura de Manaus leva palestra de conscientiza\u00e7\u00e3o sobre viol\u00eancia dom\u00e9stica para alunos da rede p\u00fablica - SEMASC","robots":{"index":"noindex","follow":"follow"},"og_locale":"pt_BR","og_type":"article","og_title":"Prefeitura de Manaus leva palestra de conscientiza\u00e7\u00e3o sobre viol\u00eancia dom\u00e9stica para alunos da rede p\u00fablica - SEMASC","og_url":"https:\/\/www.manaus.am.gov.br\/semasc\/prefeitura-de-manaus-leva-palestra-de-conscientizacao-sobre-violencia-domestica-para-alunos-da-rede-publica\/","og_site_name":"SEMASC","article_publisher":"https:\/\/www.facebook.com\/semascmanaus","article_published_time":"2024-08-14T17:06:54+00:00","article_modified_time":"2024-09-03T18:18:40+00:00","og_image":[{"width":2592,"height":1728,"url":"https:\/\/www.manaus.am.gov.br\/semasc\/wp-content\/uploads\/sites\/17\/2024\/08\/IMG_9856.jpg","type":"image\/jpeg"}],"author":"leofierro","twitter_card":"summary_large_image","twitter_misc":{"Written by":"leofierro","Est. reading time":"3 minutos"},"schema":{"@context":"https:\/\/schema.org","@graph":[{"@type":"Article","@id":"https:\/\/www.manaus.am.gov.br\/semasc\/prefeitura-de-manaus-leva-palestra-de-conscientizacao-sobre-violencia-domestica-para-alunos-da-rede-publica\/#article","isPartOf":{"@id":"https:\/\/www.manaus.am.gov.br\/semasc\/prefeitura-de-manaus-leva-palestra-de-conscientizacao-sobre-violencia-domestica-para-alunos-da-rede-publica\/"},"author":{"name":"leofierro","@id":"https:\/\/www.manaus.am.gov.br\/semasc\/#\/schema\/person\/68c6a77f3dcf3f40a0d6e6ad5076718c"},"headline":"Prefeitura de Manaus leva palestra de conscientiza\u00e7\u00e3o sobre viol\u00eancia dom\u00e9stica para alunos da rede p\u00fablica","datePublished":"2024-08-14T17:06:54+00:00","dateModified":"2024-09-03T18:18:40+00:00","mainEntityOfPage":{"@id":"https:\/\/www.manaus.am.gov.br\/semasc\/prefeitura-de-manaus-leva-palestra-de-conscientizacao-sobre-violencia-domestica-para-alunos-da-rede-publica\/"},"wordCount":589,"publisher":{"@id":"https:\/\/www.manaus.am.gov.br\/semasc\/#organization"},"image":{"@id":"https:\/\/www.manaus.am.gov.br\/semasc\/prefeitura-de-manaus-leva-palestra-de-conscientizacao-sobre-violencia-domestica-para-alunos-da-rede-publica\/#primaryimage"},"thumbnailUrl":"https:\/\/www.manaus.am.gov.br\/semasc\/wp-content\/uploads\/sites\/17\/2024\/08\/IMG_9856.jpg","articleSection":["Atividades"],"inLanguage":"pt-BR"},{"@type":"WebPage","@id":"https:\/\/www.manaus.am.gov.br\/semasc\/prefeitura-de-manaus-leva-palestra-de-conscientizacao-sobre-violencia-domestica-para-alunos-da-rede-publica\/","url":"https:\/\/www.manaus.am.gov.br\/semasc\/prefeitura-de-manaus-leva-palestra-de-conscientizacao-sobre-violencia-domestica-para-alunos-da-rede-publica\/","name":"Prefeitura de Manaus leva palestra de conscientiza\u00e7\u00e3o sobre viol\u00eancia dom\u00e9stica para alunos da rede p\u00fablica - SEMASC","isPartOf":{"@id":"https:\/\/www.manaus.am.gov.br\/semasc\/#website"},"primaryImageOfPage":{"@id":"https:\/\/www.manaus.am.gov.br\/semasc\/prefeitura-de-manaus-leva-palestra-de-conscientizacao-sobre-violencia-domestica-para-alunos-da-rede-publica\/#primaryimage"},"image":{"@id":"https:\/\/www.manaus.am.gov.br\/semasc\/prefeitura-de-manaus-leva-palestra-de-conscientizacao-sobre-violencia-domestica-para-alunos-da-rede-publica\/#primaryimage"},"thumbnailUrl":"https:\/\/www.manaus.am.gov.br\/semasc\/wp-content\/uploads\/sites\/17\/2024\/08\/IMG_9856.jpg","datePublished":"2024-08-14T17:06:54+00:00","dateModified":"2024-09-03T18:18:40+00:00","breadcrumb":{"@id":"https:\/\/www.manaus.am.gov.br\/semasc\/prefeitura-de-manaus-leva-palestra-de-conscientizacao-sobre-violencia-domestica-para-alunos-da-rede-publica\/#breadcrumb"},"inLanguage":"pt-BR","potentialAction":[{"@type":"ReadAction","target":["https:\/\/www.manaus.am.gov.br\/semasc\/prefeitura-de-manaus-leva-palestra-de-conscientizacao-sobre-violencia-domestica-para-alunos-da-rede-publica\/"]}]},{"@type":"ImageObject","inLanguage":"pt-BR","@id":"https:\/\/www.manaus.am.gov.br\/semasc\/prefeitura-de-manaus-leva-palestra-de-conscientizacao-sobre-violencia-domestica-para-alunos-da-rede-publica\/#primaryimage","url":"https:\/\/www.manaus.am.gov.br\/semasc\/wp-content\/uploads\/sites\/17\/2024\/08\/IMG_9856.jpg","contentUrl":"https:\/\/www.manaus.am.gov.br\/semasc\/wp-content\/uploads\/sites\/17\/2024\/08\/IMG_9856.jpg","width":2592,"height":1728},{"@type":"BreadcrumbList","@id":"https:\/\/www.manaus.am.gov.br\/semasc\/prefeitura-de-manaus-leva-palestra-de-conscientizacao-sobre-violencia-domestica-para-alunos-da-rede-publica\/#breadcrumb","itemListElement":[{"@type":"ListItem","position":1,"name":"Home","item":"https:\/\/www.manaus.am.gov.br\/semasc\/"},{"@type":"ListItem","position":2,"name":"Prefeitura de Manaus leva palestra de conscientiza\u00e7\u00e3o sobre viol\u00eancia dom\u00e9stica para alunos da rede p\u00fablica"}]},{"@type":"WebSite","@id":"https:\/\/www.manaus.am.gov.br\/semasc\/#website","url":"https:\/\/www.manaus.am.gov.br\/semasc\/","name":"SEMASC","description":"Secretaria Municipal da Mulher, Assist\u00eancia Social e Cidadania.","publisher":{"@id":"https:\/\/www.manaus.am.gov.br\/semasc\/#organization"},"alternateName":"Secretaria Municipal da Mulher, Assist\u00eancia Social e Cidadania","potentialAction":[{"@type":"SearchAction","target":{"@type":"EntryPoint","urlTemplate":"https:\/\/www.manaus.am.gov.br\/semasc\/?s={search_term_string}"},"query-input":"required name=search_term_string"}],"inLanguage":"pt-BR"},{"@type":"Organization","@id":"https:\/\/www.manaus.am.gov.br\/semasc\/#organization","name":"Prefeitura de Manaus","alternateName":"Prefeitura Municipal de Manaus","url":"https:\/\/www.manaus.am.gov.br\/semasc\/","logo":{"@type":"ImageObject","inLanguage":"pt-BR","@id":"https:\/\/www.manaus.am.gov.br\/semasc\/#\/schema\/logo\/image\/","url":"https:\/\/www.manaus.am.gov.br\/semasc\/wp-content\/uploads\/sites\/17\/2024\/07\/favicon.png","contentUrl":"https:\/\/www.manaus.am.gov.br\/semasc\/wp-content\/uploads\/sites\/17\/2024\/07\/favicon.png","width":300,"height":300,"caption":"Prefeitura de Manaus"},"image":{"@id":"https:\/\/www.manaus.am.gov.br\/semasc\/#\/schema\/logo\/image\/"},"sameAs":["https:\/\/www.facebook.com\/semascmanaus","https:\/\/www.instagram.com\/semascmanaus\/"]},{"@type":"Person","@id":"https:\/\/www.manaus.am.gov.br\/semasc\/#\/schema\/person\/68c6a77f3dcf3f40a0d6e6ad5076718c","name":"leofierro","image":{"@type":"ImageObject","inLanguage":"pt-BR","@id":"https:\/\/www.manaus.am.gov.br\/semasc\/#\/schema\/person\/image\/","url":"https:\/\/secure.gravatar.com\/avatar\/30d8783eede7767036ae574037a3f2de?s=96&d=mm&r=g","contentUrl":"https:\/\/secure.gravatar.com\/avatar\/30d8783eede7767036ae574037a3f2de?s=96&d=mm&r=g","caption":"leofierro"}}]}},"_links":{"self":[{"href":"https:\/\/www.manaus.am.gov.br\/semasc\/wp-json\/wp\/v2\/posts\/210770"}],"collection":[{"href":"https:\/\/www.manaus.am.gov.br\/semasc\/wp-json\/wp\/v2\/posts"}],"about":[{"href":"https:\/\/www.manaus.am.gov.br\/semasc\/wp-json\/wp\/v2\/types\/post"}],"author":[{"embeddable":true,"href":"https:\/\/www.manaus.am.gov.br\/semasc\/wp-json\/wp\/v2\/users\/56"}],"replies":[{"embeddable":true,"href":"https:\/\/www.manaus.am.gov.br\/semasc\/wp-json\/wp\/v2\/comments?post=210770"}],"version-history":[{"count":1,"href":"https:\/\/www.manaus.am.gov.br\/semasc\/wp-json\/wp\/v2\/posts\/210770\/revisions"}],"predecessor-version":[{"id":210772,"href":"https:\/\/www.manaus.am.gov.br\/semasc\/wp-json\/wp\/v2\/posts\/210770\/revisions\/210772"}],"wp:featuredmedia":[{"embeddable":true,"href":"https:\/\/www.manaus.am.gov.br\/semasc\/wp-json\/wp\/v2\/media\/210771"}],"wp:attachment":[{"href":"https:\/\/www.manaus.am.gov.br\/semasc\/wp-json\/wp\/v2\/media?parent=210770"}],"wp:term":[{"taxonomy":"category","embeddable":true,"href":"https:\/\/www.manaus.am.gov.br\/semasc\/wp-json\/wp\/v2\/categories?post=210770"},{"taxonomy":"post_tag","embeddable":true,"href":"https:\/\/www.manaus.am.gov.br\/semasc\/wp-json\/wp\/v2\/tags?post=210770"}],"curies":[{"name":"wp","href":"https:\/\/api.w.org\/{rel}","templated":true}]}}