{"id":210756,"date":"2024-08-01T13:41:13","date_gmt":"2024-08-01T17:41:13","guid":{"rendered":"https:\/\/www.manaus.am.gov.br\/semasc\/?p=210756"},"modified":"2024-09-03T14:19:20","modified_gmt":"2024-09-03T18:19:20","slug":"prefeitura-de-manaus-promove-passeio-para-idosos-atendidos-pelo-cras-redencao-no-mirante-lucia-almeida","status":"publish","type":"post","link":"https:\/\/www.manaus.am.gov.br\/semasc\/prefeitura-de-manaus-promove-passeio-para-idosos-atendidos-pelo-cras-redencao-no-mirante-lucia-almeida\/","title":{"rendered":"Prefeitura de Manaus promove passeio para idosos atendidos pelo CRAS Reden\u00e7\u00e3o no Mirante L\u00facia Almeida"},"content":{"rendered":"\n<p>A Prefeitura de Manaus, por meio da Secretaria Municipal da Mulher, Assist\u00eancia Social e Cidadania (Semasc), promoveu, nesta quinta-feira, 1\u00ba\/7, um passeio para os idosos atendidos pelo Centro de Refer\u00eancia de Assist\u00eancia Social (Cras) Reden\u00e7\u00e3o, no Mirante L\u00facia Almeida, localizado no Centro Hist\u00f3rico de Manaus.<\/p>\n\n\n\n<p>A a\u00e7\u00e3o tem como objetivo promover o bem-estar e a integra\u00e7\u00e3o social dos participantes, fortalecendo os la\u00e7os comunit\u00e1rios e oferecendo atividades f\u00edsicas, uma vista panor\u00e2mica das \u00e1guas do Rio Negro, caminhadas e observa\u00e7\u00e3o da natureza local.<\/p>\n\n\n\n<p>\u201cEssa iniciativa visa n\u00e3o apenas promover o turismo local entre os idosos, mas tamb\u00e9m fomentar a conviv\u00eancia familiar e comunit\u00e1ria. Para muitos dos participantes, esta \u00e9 a primeira vez que t\u00eam a chance de conhecer um ponto tur\u00edstico da cidade, o que torna este dia particularmente especial. Estamos comprometidos em continuar proporcionando momentos como este, que enriquecem a vida dos nossos idosos e fortalecem os seus la\u00e7os\u201d, destacou a assistente social do Cras Reden\u00e7\u00e3o, Alcione Monteiro.<\/p>\n\n\n\n<p>O aposentado Francisco Pereira, 66, compartilhou sua experi\u00eancia, ao ter a oportunidade de conhecer o Mirante L\u00facia Almeida. &#8220;\u00c9 muito bom conhecer lugares sobre os quais ouvimos falar, mas nunca tivemos a chance de visitar. \u00c9 uma experi\u00eancia diferente e muito positiva, especialmente com a vista do rio, o contato com a natureza e a tranquilidade oferecida pelo local. Com certeza, pretendo voltar mais vezes com minha fam\u00edlia e prestigiar esses momentos especiais\u201d, frisou.<\/p>\n\n\n\n<p>A dona de casa Sandra Moraes, 57, sentiu-se prestigiada ao receber o convite para participar do passeio e enfatizou a import\u00e2ncia da iniciativa para engajar e enriquecer a vida social e cultural dos idosos da comunidade.<\/p>\n\n\n\n<p>\u201cMe senti lisonjeada ao receber o convite para este passeio. Estou aqui para conhecer o local e aproveitar as atividades que o Cras nos proporciona. Para n\u00f3s, da terceira idade, \u00e9 uma oportunidade valiosa de explorar novos lugares e participar dessas atividades recreativas, o que acaba melhorando significativamente nossa vida social\u201d, finalizou.<\/p>\n\n\n\n<p>\u2013 \u2013 \u2013<\/p>\n\n\n\n<p><strong>Texto: <\/strong>Igor Costa \/ Semasc<\/p>\n\n\n\n<p><strong>Foto: <\/strong>&nbsp;Diego Lima \/ Semasc<\/p>\n","protected":false},"excerpt":{"rendered":"","protected":false},"author":56,"featured_media":210757,"comment_status":"closed","ping_status":"closed","sticky":false,"template":"","format":"standard","meta":{"footnotes":""},"categories":[54],"tags":[],"acf":[],"yoast_head":"<!-- This site is optimized with the Yoast SEO plugin v23.0 - https:\/\/yoast.com\/wordpress\/plugins\/seo\/ -->\n<title>Prefeitura de Manaus promove passeio para idosos atendidos pelo CRAS Reden\u00e7\u00e3o no Mirante L\u00facia Almeida - SEMASC<\/title>\n<meta name=\"robots\" content=\"noindex, follow\" \/>\n<meta property=\"og:locale\" content=\"pt_BR\" \/>\n<meta property=\"og:type\" content=\"article\" \/>\n<meta property=\"og:title\" content=\"Prefeitura de Manaus promove passeio para idosos atendidos pelo CRAS Reden\u00e7\u00e3o no Mirante L\u00facia Almeida - SEMASC\" \/>\n<meta property=\"og:url\" content=\"https:\/\/www.manaus.am.gov.br\/semasc\/prefeitura-de-manaus-promove-passeio-para-idosos-atendidos-pelo-cras-redencao-no-mirante-lucia-almeida\/\" \/>\n<meta property=\"og:site_name\" content=\"SEMASC\" \/>\n<meta property=\"article:publisher\" content=\"https:\/\/www.facebook.com\/semascmanaus\" \/>\n<meta property=\"article:published_time\" content=\"2024-08-01T17:41:13+00:00\" \/>\n<meta property=\"article:modified_time\" content=\"2024-09-03T18:19:20+00:00\" \/>\n<meta property=\"og:image\" content=\"https:\/\/www.manaus.am.gov.br\/semasc\/wp-content\/uploads\/sites\/17\/2024\/08\/IMG_9271.jpeg\" \/>\n\t<meta property=\"og:image:width\" content=\"2592\" \/>\n\t<meta property=\"og:image:height\" content=\"1728\" \/>\n\t<meta property=\"og:image:type\" content=\"image\/jpeg\" \/>\n<meta name=\"author\" content=\"leofierro\" \/>\n<meta name=\"twitter:card\" content=\"summary_large_image\" \/>\n<meta name=\"twitter:label1\" content=\"Written by\" \/>\n\t<meta name=\"twitter:data1\" content=\"leofierro\" \/>\n\t<meta name=\"twitter:label2\" content=\"Est. reading time\" \/>\n\t<meta name=\"twitter:data2\" content=\"3 minutos\" \/>\n<script type=\"application\/ld+json\" class=\"yoast-schema-graph\">{\"@context\":\"https:\/\/schema.org\",\"@graph\":[{\"@type\":\"Article\",\"@id\":\"https:\/\/www.manaus.am.gov.br\/semasc\/prefeitura-de-manaus-promove-passeio-para-idosos-atendidos-pelo-cras-redencao-no-mirante-lucia-almeida\/#article\",\"isPartOf\":{\"@id\":\"https:\/\/www.manaus.am.gov.br\/semasc\/prefeitura-de-manaus-promove-passeio-para-idosos-atendidos-pelo-cras-redencao-no-mirante-lucia-almeida\/\"},\"author\":{\"name\":\"leofierro\",\"@id\":\"https:\/\/www.manaus.am.gov.br\/semasc\/#\/schema\/person\/68c6a77f3dcf3f40a0d6e6ad5076718c\"},\"headline\":\"Prefeitura de Manaus promove passeio para idosos atendidos pelo CRAS Reden\u00e7\u00e3o no Mirante L\u00facia Almeida\",\"datePublished\":\"2024-08-01T17:41:13+00:00\",\"dateModified\":\"2024-09-03T18:19:20+00:00\",\"mainEntityOfPage\":{\"@id\":\"https:\/\/www.manaus.am.gov.br\/semasc\/prefeitura-de-manaus-promove-passeio-para-idosos-atendidos-pelo-cras-redencao-no-mirante-lucia-almeida\/\"},\"wordCount\":365,\"publisher\":{\"@id\":\"https:\/\/www.manaus.am.gov.br\/semasc\/#organization\"},\"image\":{\"@id\":\"https:\/\/www.manaus.am.gov.br\/semasc\/prefeitura-de-manaus-promove-passeio-para-idosos-atendidos-pelo-cras-redencao-no-mirante-lucia-almeida\/#primaryimage\"},\"thumbnailUrl\":\"https:\/\/www.manaus.am.gov.br\/semasc\/wp-content\/uploads\/sites\/17\/2024\/08\/IMG_9271.jpeg\",\"articleSection\":[\"Atividades\"],\"inLanguage\":\"pt-BR\"},{\"@type\":\"WebPage\",\"@id\":\"https:\/\/www.manaus.am.gov.br\/semasc\/prefeitura-de-manaus-promove-passeio-para-idosos-atendidos-pelo-cras-redencao-no-mirante-lucia-almeida\/\",\"url\":\"https:\/\/www.manaus.am.gov.br\/semasc\/prefeitura-de-manaus-promove-passeio-para-idosos-atendidos-pelo-cras-redencao-no-mirante-lucia-almeida\/\",\"name\":\"Prefeitura de Manaus promove passeio para idosos atendidos pelo CRAS Reden\u00e7\u00e3o no Mirante L\u00facia Almeida - SEMASC\",\"isPartOf\":{\"@id\":\"https:\/\/www.manaus.am.gov.br\/semasc\/#website\"},\"primaryImageOfPage\":{\"@id\":\"https:\/\/www.manaus.am.gov.br\/semasc\/prefeitura-de-manaus-promove-passeio-para-idosos-atendidos-pelo-cras-redencao-no-mirante-lucia-almeida\/#primaryimage\"},\"image\":{\"@id\":\"https:\/\/www.manaus.am.gov.br\/semasc\/prefeitura-de-manaus-promove-passeio-para-idosos-atendidos-pelo-cras-redencao-no-mirante-lucia-almeida\/#primaryimage\"},\"thumbnailUrl\":\"https:\/\/www.manaus.am.gov.br\/semasc\/wp-content\/uploads\/sites\/17\/2024\/08\/IMG_9271.jpeg\",\"datePublished\":\"2024-08-01T17:41:13+00:00\",\"dateModified\":\"2024-09-03T18:19:20+00:00\",\"breadcrumb\":{\"@id\":\"https:\/\/www.manaus.am.gov.br\/semasc\/prefeitura-de-manaus-promove-passeio-para-idosos-atendidos-pelo-cras-redencao-no-mirante-lucia-almeida\/#breadcrumb\"},\"inLanguage\":\"pt-BR\",\"potentialAction\":[{\"@type\":\"ReadAction\",\"target\":[\"https:\/\/www.manaus.am.gov.br\/semasc\/prefeitura-de-manaus-promove-passeio-para-idosos-atendidos-pelo-cras-redencao-no-mirante-lucia-almeida\/\"]}]},{\"@type\":\"ImageObject\",\"inLanguage\":\"pt-BR\",\"@id\":\"https:\/\/www.manaus.am.gov.br\/semasc\/prefeitura-de-manaus-promove-passeio-para-idosos-atendidos-pelo-cras-redencao-no-mirante-lucia-almeida\/#primaryimage\",\"url\":\"https:\/\/www.manaus.am.gov.br\/semasc\/wp-content\/uploads\/sites\/17\/2024\/08\/IMG_9271.jpeg\",\"contentUrl\":\"https:\/\/www.manaus.am.gov.br\/semasc\/wp-content\/uploads\/sites\/17\/2024\/08\/IMG_9271.jpeg\",\"width\":2592,\"height\":1728},{\"@type\":\"BreadcrumbList\",\"@id\":\"https:\/\/www.manaus.am.gov.br\/semasc\/prefeitura-de-manaus-promove-passeio-para-idosos-atendidos-pelo-cras-redencao-no-mirante-lucia-almeida\/#breadcrumb\",\"itemListElement\":[{\"@type\":\"ListItem\",\"position\":1,\"name\":\"Home\",\"item\":\"https:\/\/www.manaus.am.gov.br\/semasc\/\"},{\"@type\":\"ListItem\",\"position\":2,\"name\":\"Prefeitura de Manaus promove passeio para idosos atendidos pelo CRAS Reden\u00e7\u00e3o no Mirante L\u00facia Almeida\"}]},{\"@type\":\"WebSite\",\"@id\":\"https:\/\/www.manaus.am.gov.br\/semasc\/#website\",\"url\":\"https:\/\/www.manaus.am.gov.br\/semasc\/\",\"name\":\"SEMASC\",\"description\":\"Secretaria Municipal da Mulher, Assist\u00eancia Social e Cidadania.\",\"publisher\":{\"@id\":\"https:\/\/www.manaus.am.gov.br\/semasc\/#organization\"},\"alternateName\":\"Secretaria Municipal da Mulher, Assist\u00eancia Social e Cidadania\",\"potentialAction\":[{\"@type\":\"SearchAction\",\"target\":{\"@type\":\"EntryPoint\",\"urlTemplate\":\"https:\/\/www.manaus.am.gov.br\/semasc\/?s={search_term_string}\"},\"query-input\":\"required name=search_term_string\"}],\"inLanguage\":\"pt-BR\"},{\"@type\":\"Organization\",\"@id\":\"https:\/\/www.manaus.am.gov.br\/semasc\/#organization\",\"name\":\"Prefeitura de Manaus\",\"alternateName\":\"Prefeitura Municipal de Manaus\",\"url\":\"https:\/\/www.manaus.am.gov.br\/semasc\/\",\"logo\":{\"@type\":\"ImageObject\",\"inLanguage\":\"pt-BR\",\"@id\":\"https:\/\/www.manaus.am.gov.br\/semasc\/#\/schema\/logo\/image\/\",\"url\":\"https:\/\/www.manaus.am.gov.br\/semasc\/wp-content\/uploads\/sites\/17\/2024\/07\/favicon.png\",\"contentUrl\":\"https:\/\/www.manaus.am.gov.br\/semasc\/wp-content\/uploads\/sites\/17\/2024\/07\/favicon.png\",\"width\":300,\"height\":300,\"caption\":\"Prefeitura de Manaus\"},\"image\":{\"@id\":\"https:\/\/www.manaus.am.gov.br\/semasc\/#\/schema\/logo\/image\/\"},\"sameAs\":[\"https:\/\/www.facebook.com\/semascmanaus\",\"https:\/\/www.instagram.com\/semascmanaus\/\"]},{\"@type\":\"Person\",\"@id\":\"https:\/\/www.manaus.am.gov.br\/semasc\/#\/schema\/person\/68c6a77f3dcf3f40a0d6e6ad5076718c\",\"name\":\"leofierro\",\"image\":{\"@type\":\"ImageObject\",\"inLanguage\":\"pt-BR\",\"@id\":\"https:\/\/www.manaus.am.gov.br\/semasc\/#\/schema\/person\/image\/\",\"url\":\"https:\/\/secure.gravatar.com\/avatar\/30d8783eede7767036ae574037a3f2de?s=96&d=mm&r=g\",\"contentUrl\":\"https:\/\/secure.gravatar.com\/avatar\/30d8783eede7767036ae574037a3f2de?s=96&d=mm&r=g\",\"caption\":\"leofierro\"}}]}<\/script>\n<!-- \/ Yoast SEO plugin. -->","yoast_head_json":{"title":"Prefeitura de Manaus promove passeio para idosos atendidos pelo CRAS Reden\u00e7\u00e3o no Mirante L\u00facia Almeida - SEMASC","robots":{"index":"noindex","follow":"follow"},"og_locale":"pt_BR","og_type":"article","og_title":"Prefeitura de Manaus promove passeio para idosos atendidos pelo CRAS Reden\u00e7\u00e3o no Mirante L\u00facia Almeida - SEMASC","og_url":"https:\/\/www.manaus.am.gov.br\/semasc\/prefeitura-de-manaus-promove-passeio-para-idosos-atendidos-pelo-cras-redencao-no-mirante-lucia-almeida\/","og_site_name":"SEMASC","article_publisher":"https:\/\/www.facebook.com\/semascmanaus","article_published_time":"2024-08-01T17:41:13+00:00","article_modified_time":"2024-09-03T18:19:20+00:00","og_image":[{"width":2592,"height":1728,"url":"https:\/\/www.manaus.am.gov.br\/semasc\/wp-content\/uploads\/sites\/17\/2024\/08\/IMG_9271.jpeg","type":"image\/jpeg"}],"author":"leofierro","twitter_card":"summary_large_image","twitter_misc":{"Written by":"leofierro","Est. reading time":"3 minutos"},"schema":{"@context":"https:\/\/schema.org","@graph":[{"@type":"Article","@id":"https:\/\/www.manaus.am.gov.br\/semasc\/prefeitura-de-manaus-promove-passeio-para-idosos-atendidos-pelo-cras-redencao-no-mirante-lucia-almeida\/#article","isPartOf":{"@id":"https:\/\/www.manaus.am.gov.br\/semasc\/prefeitura-de-manaus-promove-passeio-para-idosos-atendidos-pelo-cras-redencao-no-mirante-lucia-almeida\/"},"author":{"name":"leofierro","@id":"https:\/\/www.manaus.am.gov.br\/semasc\/#\/schema\/person\/68c6a77f3dcf3f40a0d6e6ad5076718c"},"headline":"Prefeitura de Manaus promove passeio para idosos atendidos pelo CRAS Reden\u00e7\u00e3o no Mirante L\u00facia Almeida","datePublished":"2024-08-01T17:41:13+00:00","dateModified":"2024-09-03T18:19:20+00:00","mainEntityOfPage":{"@id":"https:\/\/www.manaus.am.gov.br\/semasc\/prefeitura-de-manaus-promove-passeio-para-idosos-atendidos-pelo-cras-redencao-no-mirante-lucia-almeida\/"},"wordCount":365,"publisher":{"@id":"https:\/\/www.manaus.am.gov.br\/semasc\/#organization"},"image":{"@id":"https:\/\/www.manaus.am.gov.br\/semasc\/prefeitura-de-manaus-promove-passeio-para-idosos-atendidos-pelo-cras-redencao-no-mirante-lucia-almeida\/#primaryimage"},"thumbnailUrl":"https:\/\/www.manaus.am.gov.br\/semasc\/wp-content\/uploads\/sites\/17\/2024\/08\/IMG_9271.jpeg","articleSection":["Atividades"],"inLanguage":"pt-BR"},{"@type":"WebPage","@id":"https:\/\/www.manaus.am.gov.br\/semasc\/prefeitura-de-manaus-promove-passeio-para-idosos-atendidos-pelo-cras-redencao-no-mirante-lucia-almeida\/","url":"https:\/\/www.manaus.am.gov.br\/semasc\/prefeitura-de-manaus-promove-passeio-para-idosos-atendidos-pelo-cras-redencao-no-mirante-lucia-almeida\/","name":"Prefeitura de Manaus promove passeio para idosos atendidos pelo CRAS Reden\u00e7\u00e3o no Mirante L\u00facia Almeida - SEMASC","isPartOf":{"@id":"https:\/\/www.manaus.am.gov.br\/semasc\/#website"},"primaryImageOfPage":{"@id":"https:\/\/www.manaus.am.gov.br\/semasc\/prefeitura-de-manaus-promove-passeio-para-idosos-atendidos-pelo-cras-redencao-no-mirante-lucia-almeida\/#primaryimage"},"image":{"@id":"https:\/\/www.manaus.am.gov.br\/semasc\/prefeitura-de-manaus-promove-passeio-para-idosos-atendidos-pelo-cras-redencao-no-mirante-lucia-almeida\/#primaryimage"},"thumbnailUrl":"https:\/\/www.manaus.am.gov.br\/semasc\/wp-content\/uploads\/sites\/17\/2024\/08\/IMG_9271.jpeg","datePublished":"2024-08-01T17:41:13+00:00","dateModified":"2024-09-03T18:19:20+00:00","breadcrumb":{"@id":"https:\/\/www.manaus.am.gov.br\/semasc\/prefeitura-de-manaus-promove-passeio-para-idosos-atendidos-pelo-cras-redencao-no-mirante-lucia-almeida\/#breadcrumb"},"inLanguage":"pt-BR","potentialAction":[{"@type":"ReadAction","target":["https:\/\/www.manaus.am.gov.br\/semasc\/prefeitura-de-manaus-promove-passeio-para-idosos-atendidos-pelo-cras-redencao-no-mirante-lucia-almeida\/"]}]},{"@type":"ImageObject","inLanguage":"pt-BR","@id":"https:\/\/www.manaus.am.gov.br\/semasc\/prefeitura-de-manaus-promove-passeio-para-idosos-atendidos-pelo-cras-redencao-no-mirante-lucia-almeida\/#primaryimage","url":"https:\/\/www.manaus.am.gov.br\/semasc\/wp-content\/uploads\/sites\/17\/2024\/08\/IMG_9271.jpeg","contentUrl":"https:\/\/www.manaus.am.gov.br\/semasc\/wp-content\/uploads\/sites\/17\/2024\/08\/IMG_9271.jpeg","width":2592,"height":1728},{"@type":"BreadcrumbList","@id":"https:\/\/www.manaus.am.gov.br\/semasc\/prefeitura-de-manaus-promove-passeio-para-idosos-atendidos-pelo-cras-redencao-no-mirante-lucia-almeida\/#breadcrumb","itemListElement":[{"@type":"ListItem","position":1,"name":"Home","item":"https:\/\/www.manaus.am.gov.br\/semasc\/"},{"@type":"ListItem","position":2,"name":"Prefeitura de Manaus promove passeio para idosos atendidos pelo CRAS Reden\u00e7\u00e3o no Mirante L\u00facia Almeida"}]},{"@type":"WebSite","@id":"https:\/\/www.manaus.am.gov.br\/semasc\/#website","url":"https:\/\/www.manaus.am.gov.br\/semasc\/","name":"SEMASC","description":"Secretaria Municipal da Mulher, Assist\u00eancia Social e Cidadania.","publisher":{"@id":"https:\/\/www.manaus.am.gov.br\/semasc\/#organization"},"alternateName":"Secretaria Municipal da Mulher, Assist\u00eancia Social e Cidadania","potentialAction":[{"@type":"SearchAction","target":{"@type":"EntryPoint","urlTemplate":"https:\/\/www.manaus.am.gov.br\/semasc\/?s={search_term_string}"},"query-input":"required name=search_term_string"}],"inLanguage":"pt-BR"},{"@type":"Organization","@id":"https:\/\/www.manaus.am.gov.br\/semasc\/#organization","name":"Prefeitura de Manaus","alternateName":"Prefeitura Municipal de Manaus","url":"https:\/\/www.manaus.am.gov.br\/semasc\/","logo":{"@type":"ImageObject","inLanguage":"pt-BR","@id":"https:\/\/www.manaus.am.gov.br\/semasc\/#\/schema\/logo\/image\/","url":"https:\/\/www.manaus.am.gov.br\/semasc\/wp-content\/uploads\/sites\/17\/2024\/07\/favicon.png","contentUrl":"https:\/\/www.manaus.am.gov.br\/semasc\/wp-content\/uploads\/sites\/17\/2024\/07\/favicon.png","width":300,"height":300,"caption":"Prefeitura de Manaus"},"image":{"@id":"https:\/\/www.manaus.am.gov.br\/semasc\/#\/schema\/logo\/image\/"},"sameAs":["https:\/\/www.facebook.com\/semascmanaus","https:\/\/www.instagram.com\/semascmanaus\/"]},{"@type":"Person","@id":"https:\/\/www.manaus.am.gov.br\/semasc\/#\/schema\/person\/68c6a77f3dcf3f40a0d6e6ad5076718c","name":"leofierro","image":{"@type":"ImageObject","inLanguage":"pt-BR","@id":"https:\/\/www.manaus.am.gov.br\/semasc\/#\/schema\/person\/image\/","url":"https:\/\/secure.gravatar.com\/avatar\/30d8783eede7767036ae574037a3f2de?s=96&d=mm&r=g","contentUrl":"https:\/\/secure.gravatar.com\/avatar\/30d8783eede7767036ae574037a3f2de?s=96&d=mm&r=g","caption":"leofierro"}}]}},"_links":{"self":[{"href":"https:\/\/www.manaus.am.gov.br\/semasc\/wp-json\/wp\/v2\/posts\/210756"}],"collection":[{"href":"https:\/\/www.manaus.am.gov.br\/semasc\/wp-json\/wp\/v2\/posts"}],"about":[{"href":"https:\/\/www.manaus.am.gov.br\/semasc\/wp-json\/wp\/v2\/types\/post"}],"author":[{"embeddable":true,"href":"https:\/\/www.manaus.am.gov.br\/semasc\/wp-json\/wp\/v2\/users\/56"}],"replies":[{"embeddable":true,"href":"https:\/\/www.manaus.am.gov.br\/semasc\/wp-json\/wp\/v2\/comments?post=210756"}],"version-history":[{"count":1,"href":"https:\/\/www.manaus.am.gov.br\/semasc\/wp-json\/wp\/v2\/posts\/210756\/revisions"}],"predecessor-version":[{"id":210758,"href":"https:\/\/www.manaus.am.gov.br\/semasc\/wp-json\/wp\/v2\/posts\/210756\/revisions\/210758"}],"wp:featuredmedia":[{"embeddable":true,"href":"https:\/\/www.manaus.am.gov.br\/semasc\/wp-json\/wp\/v2\/media\/210757"}],"wp:attachment":[{"href":"https:\/\/www.manaus.am.gov.br\/semasc\/wp-json\/wp\/v2\/media?parent=210756"}],"wp:term":[{"taxonomy":"category","embeddable":true,"href":"https:\/\/www.manaus.am.gov.br\/semasc\/wp-json\/wp\/v2\/categories?post=210756"},{"taxonomy":"post_tag","embeddable":true,"href":"https:\/\/www.manaus.am.gov.br\/semasc\/wp-json\/wp\/v2\/tags?post=210756"}],"curies":[{"name":"wp","href":"https:\/\/api.w.org\/{rel}","templated":true}]}}