{"id":210752,"date":"2024-08-01T13:38:40","date_gmt":"2024-08-01T17:38:40","guid":{"rendered":"https:\/\/www.manaus.am.gov.br\/semasc\/?p=210752"},"modified":"2024-09-03T14:19:32","modified_gmt":"2024-09-03T18:19:32","slug":"cras-betania-promove-integracao-intergeracional-em-arraial-para-familias-atendidas-pelo-equipamento","status":"publish","type":"post","link":"https:\/\/www.manaus.am.gov.br\/semasc\/cras-betania-promove-integracao-intergeracional-em-arraial-para-familias-atendidas-pelo-equipamento\/","title":{"rendered":"Cras Bet\u00e2nia promove integra\u00e7\u00e3o intergeracional em arraial para fam\u00edlias atendidas pelo equipamento"},"content":{"rendered":"\n<p>A Prefeitura de Manaus, por meio da Secretaria Municipal da Mulher, Assist\u00eancia Social e Cidadania (Semasc), realizou, nesta quarta-feira, 31\/07, o \u201cArraial do Cras Bet\u00e2nia\u201d, proporcionando uma tarde de festividade e intera\u00e7\u00e3o entre as fam\u00edlias atendidas pelo Servi\u00e7o de Conviv\u00eancia e Fortalecimento de V\u00ednculos do equipamento.<\/p>\n\n\n\n<p>O evento foi realizado na na Quadra Poliesportiva Jos\u00e9 David da Silva Sobrinho, no Bairro Morro da Liberdade, zona Sul, contando com uma variedade de atra\u00e7\u00f5es, como dan\u00e7as tradicionais, comidas t\u00edpicas, brincadeiras e muito mais.<\/p>\n\n\n\n<p>\u201cEsta \u00e9 apenas uma das in\u00fameras atividades desenvolvidas pelo Cras Bet\u00e2nia e outros equipamentos de prote\u00e7\u00e3o social b\u00e1sica da nossa secretaria. \u00c9 extremamente gratificante observar a alegria de todos os presentes aqui hoje, de usu\u00e1rios a servidores, porque mostra o qu\u00e3o incans\u00e1vel nossa equipe \u00e9 no que diz respeito ao atendimento da popula\u00e7\u00e3o\u201d, destacou a secret\u00e1ria Dermi Rayol, da Semasc.<\/p>\n\n\n\n<p>A coordenadora do Cras Bet\u00e2nia, Lucicleide Campos da Silva, tamb\u00e9m enfatizou a import\u00e2ncia dessas iniciativas para a promo\u00e7\u00e3o da integra\u00e7\u00e3o entre os diferentes grupos referenciados nos servi\u00e7os sociais do equipamento.<\/p>\n\n\n\n<p>\u201cHoje, para o Servi\u00e7o de Conviv\u00eancia e Fortalecimento de V\u00ednculos do Cras Bet\u00e2nia, \u00e9 uma grande oportunidade de unir as fam\u00edlias que s\u00e3o usu\u00e1rias do nosso servi\u00e7o. Resolvemos chamar todos os grupos referenciados para juntos participarmos de uma festa junina, que tem como \u00fanico objetivo a integra\u00e7\u00e3o da fam\u00edlia, j\u00e1 que neste servi\u00e7o n\u00f3s reunimos as crian\u00e7as, os adolescentes, os jovens e os idosos,\u201d explicou.<\/p>\n\n\n\n<p>Uma das participantes do evento, Maria de F\u00e1tima Ramalho, 31, compartilhou sua felicidade ao participar, juntamente de sua fam\u00edlia, da festividade.<\/p>\n\n\n\n<p>\u201cEstamos gostando muito, eu, minhas filhas e meu marido. Costumamos usufruir de muitos dos servi\u00e7os oferecidos pelo Cras e poder participar desse arraial ao lado de todos \u00e9 um privil\u00e9gio que nos deixa muito felizes\u201d, concluiu.<\/p>\n\n\n\n<p>\u2013 \u2013 \u2013<\/p>\n\n\n\n<p><strong>Texto:<\/strong> Camili Vit\u00f3ria \/ Semasc<\/p>\n\n\n\n<p><strong>Fotos:<\/strong> Diego Lima \/ Semasc<\/p>\n","protected":false},"excerpt":{"rendered":"","protected":false},"author":56,"featured_media":210753,"comment_status":"closed","ping_status":"closed","sticky":false,"template":"","format":"standard","meta":{"footnotes":""},"categories":[54],"tags":[],"acf":[],"yoast_head":"<!-- This site is optimized with the Yoast SEO plugin v23.0 - https:\/\/yoast.com\/wordpress\/plugins\/seo\/ -->\n<title>Cras Bet\u00e2nia promove integra\u00e7\u00e3o intergeracional em arraial para fam\u00edlias atendidas pelo equipamento - SEMASC<\/title>\n<meta name=\"robots\" content=\"noindex, follow\" \/>\n<meta property=\"og:locale\" content=\"pt_BR\" \/>\n<meta property=\"og:type\" content=\"article\" \/>\n<meta property=\"og:title\" content=\"Cras Bet\u00e2nia promove integra\u00e7\u00e3o intergeracional em arraial para fam\u00edlias atendidas pelo equipamento - SEMASC\" \/>\n<meta property=\"og:url\" content=\"https:\/\/www.manaus.am.gov.br\/semasc\/cras-betania-promove-integracao-intergeracional-em-arraial-para-familias-atendidas-pelo-equipamento\/\" \/>\n<meta property=\"og:site_name\" content=\"SEMASC\" \/>\n<meta property=\"article:publisher\" content=\"https:\/\/www.facebook.com\/semascmanaus\" \/>\n<meta property=\"article:published_time\" content=\"2024-08-01T17:38:40+00:00\" \/>\n<meta property=\"article:modified_time\" content=\"2024-09-03T18:19:32+00:00\" \/>\n<meta property=\"og:image\" content=\"https:\/\/www.manaus.am.gov.br\/semasc\/wp-content\/uploads\/sites\/17\/2024\/08\/WhatsApp-Image-2024-08-01-at-13.27.09.jpeg\" \/>\n\t<meta property=\"og:image:width\" content=\"2592\" \/>\n\t<meta property=\"og:image:height\" content=\"1728\" \/>\n\t<meta property=\"og:image:type\" content=\"image\/jpeg\" \/>\n<meta name=\"author\" content=\"leofierro\" \/>\n<meta name=\"twitter:card\" content=\"summary_large_image\" \/>\n<meta name=\"twitter:label1\" content=\"Written by\" \/>\n\t<meta name=\"twitter:data1\" content=\"leofierro\" \/>\n\t<meta name=\"twitter:label2\" content=\"Est. reading time\" \/>\n\t<meta name=\"twitter:data2\" content=\"2 minutos\" \/>\n<script type=\"application\/ld+json\" class=\"yoast-schema-graph\">{\"@context\":\"https:\/\/schema.org\",\"@graph\":[{\"@type\":\"Article\",\"@id\":\"https:\/\/www.manaus.am.gov.br\/semasc\/cras-betania-promove-integracao-intergeracional-em-arraial-para-familias-atendidas-pelo-equipamento\/#article\",\"isPartOf\":{\"@id\":\"https:\/\/www.manaus.am.gov.br\/semasc\/cras-betania-promove-integracao-intergeracional-em-arraial-para-familias-atendidas-pelo-equipamento\/\"},\"author\":{\"name\":\"leofierro\",\"@id\":\"https:\/\/www.manaus.am.gov.br\/semasc\/#\/schema\/person\/68c6a77f3dcf3f40a0d6e6ad5076718c\"},\"headline\":\"Cras Bet\u00e2nia promove integra\u00e7\u00e3o intergeracional em arraial para fam\u00edlias atendidas pelo equipamento\",\"datePublished\":\"2024-08-01T17:38:40+00:00\",\"dateModified\":\"2024-09-03T18:19:32+00:00\",\"mainEntityOfPage\":{\"@id\":\"https:\/\/www.manaus.am.gov.br\/semasc\/cras-betania-promove-integracao-intergeracional-em-arraial-para-familias-atendidas-pelo-equipamento\/\"},\"wordCount\":352,\"publisher\":{\"@id\":\"https:\/\/www.manaus.am.gov.br\/semasc\/#organization\"},\"image\":{\"@id\":\"https:\/\/www.manaus.am.gov.br\/semasc\/cras-betania-promove-integracao-intergeracional-em-arraial-para-familias-atendidas-pelo-equipamento\/#primaryimage\"},\"thumbnailUrl\":\"https:\/\/www.manaus.am.gov.br\/semasc\/wp-content\/uploads\/sites\/17\/2024\/08\/WhatsApp-Image-2024-08-01-at-13.27.09.jpeg\",\"articleSection\":[\"Atividades\"],\"inLanguage\":\"pt-BR\"},{\"@type\":\"WebPage\",\"@id\":\"https:\/\/www.manaus.am.gov.br\/semasc\/cras-betania-promove-integracao-intergeracional-em-arraial-para-familias-atendidas-pelo-equipamento\/\",\"url\":\"https:\/\/www.manaus.am.gov.br\/semasc\/cras-betania-promove-integracao-intergeracional-em-arraial-para-familias-atendidas-pelo-equipamento\/\",\"name\":\"Cras Bet\u00e2nia promove integra\u00e7\u00e3o intergeracional em arraial para fam\u00edlias atendidas pelo equipamento - SEMASC\",\"isPartOf\":{\"@id\":\"https:\/\/www.manaus.am.gov.br\/semasc\/#website\"},\"primaryImageOfPage\":{\"@id\":\"https:\/\/www.manaus.am.gov.br\/semasc\/cras-betania-promove-integracao-intergeracional-em-arraial-para-familias-atendidas-pelo-equipamento\/#primaryimage\"},\"image\":{\"@id\":\"https:\/\/www.manaus.am.gov.br\/semasc\/cras-betania-promove-integracao-intergeracional-em-arraial-para-familias-atendidas-pelo-equipamento\/#primaryimage\"},\"thumbnailUrl\":\"https:\/\/www.manaus.am.gov.br\/semasc\/wp-content\/uploads\/sites\/17\/2024\/08\/WhatsApp-Image-2024-08-01-at-13.27.09.jpeg\",\"datePublished\":\"2024-08-01T17:38:40+00:00\",\"dateModified\":\"2024-09-03T18:19:32+00:00\",\"breadcrumb\":{\"@id\":\"https:\/\/www.manaus.am.gov.br\/semasc\/cras-betania-promove-integracao-intergeracional-em-arraial-para-familias-atendidas-pelo-equipamento\/#breadcrumb\"},\"inLanguage\":\"pt-BR\",\"potentialAction\":[{\"@type\":\"ReadAction\",\"target\":[\"https:\/\/www.manaus.am.gov.br\/semasc\/cras-betania-promove-integracao-intergeracional-em-arraial-para-familias-atendidas-pelo-equipamento\/\"]}]},{\"@type\":\"ImageObject\",\"inLanguage\":\"pt-BR\",\"@id\":\"https:\/\/www.manaus.am.gov.br\/semasc\/cras-betania-promove-integracao-intergeracional-em-arraial-para-familias-atendidas-pelo-equipamento\/#primaryimage\",\"url\":\"https:\/\/www.manaus.am.gov.br\/semasc\/wp-content\/uploads\/sites\/17\/2024\/08\/WhatsApp-Image-2024-08-01-at-13.27.09.jpeg\",\"contentUrl\":\"https:\/\/www.manaus.am.gov.br\/semasc\/wp-content\/uploads\/sites\/17\/2024\/08\/WhatsApp-Image-2024-08-01-at-13.27.09.jpeg\",\"width\":2592,\"height\":1728},{\"@type\":\"BreadcrumbList\",\"@id\":\"https:\/\/www.manaus.am.gov.br\/semasc\/cras-betania-promove-integracao-intergeracional-em-arraial-para-familias-atendidas-pelo-equipamento\/#breadcrumb\",\"itemListElement\":[{\"@type\":\"ListItem\",\"position\":1,\"name\":\"Home\",\"item\":\"https:\/\/www.manaus.am.gov.br\/semasc\/\"},{\"@type\":\"ListItem\",\"position\":2,\"name\":\"Cras Bet\u00e2nia promove integra\u00e7\u00e3o intergeracional em arraial para fam\u00edlias atendidas pelo equipamento\"}]},{\"@type\":\"WebSite\",\"@id\":\"https:\/\/www.manaus.am.gov.br\/semasc\/#website\",\"url\":\"https:\/\/www.manaus.am.gov.br\/semasc\/\",\"name\":\"SEMASC\",\"description\":\"Secretaria Municipal da Mulher, Assist\u00eancia Social e Cidadania.\",\"publisher\":{\"@id\":\"https:\/\/www.manaus.am.gov.br\/semasc\/#organization\"},\"alternateName\":\"Secretaria Municipal da Mulher, Assist\u00eancia Social e Cidadania\",\"potentialAction\":[{\"@type\":\"SearchAction\",\"target\":{\"@type\":\"EntryPoint\",\"urlTemplate\":\"https:\/\/www.manaus.am.gov.br\/semasc\/?s={search_term_string}\"},\"query-input\":\"required name=search_term_string\"}],\"inLanguage\":\"pt-BR\"},{\"@type\":\"Organization\",\"@id\":\"https:\/\/www.manaus.am.gov.br\/semasc\/#organization\",\"name\":\"Prefeitura de Manaus\",\"alternateName\":\"Prefeitura Municipal de Manaus\",\"url\":\"https:\/\/www.manaus.am.gov.br\/semasc\/\",\"logo\":{\"@type\":\"ImageObject\",\"inLanguage\":\"pt-BR\",\"@id\":\"https:\/\/www.manaus.am.gov.br\/semasc\/#\/schema\/logo\/image\/\",\"url\":\"https:\/\/www.manaus.am.gov.br\/semasc\/wp-content\/uploads\/sites\/17\/2024\/07\/favicon.png\",\"contentUrl\":\"https:\/\/www.manaus.am.gov.br\/semasc\/wp-content\/uploads\/sites\/17\/2024\/07\/favicon.png\",\"width\":300,\"height\":300,\"caption\":\"Prefeitura de Manaus\"},\"image\":{\"@id\":\"https:\/\/www.manaus.am.gov.br\/semasc\/#\/schema\/logo\/image\/\"},\"sameAs\":[\"https:\/\/www.facebook.com\/semascmanaus\",\"https:\/\/www.instagram.com\/semascmanaus\/\"]},{\"@type\":\"Person\",\"@id\":\"https:\/\/www.manaus.am.gov.br\/semasc\/#\/schema\/person\/68c6a77f3dcf3f40a0d6e6ad5076718c\",\"name\":\"leofierro\",\"image\":{\"@type\":\"ImageObject\",\"inLanguage\":\"pt-BR\",\"@id\":\"https:\/\/www.manaus.am.gov.br\/semasc\/#\/schema\/person\/image\/\",\"url\":\"https:\/\/secure.gravatar.com\/avatar\/30d8783eede7767036ae574037a3f2de?s=96&d=mm&r=g\",\"contentUrl\":\"https:\/\/secure.gravatar.com\/avatar\/30d8783eede7767036ae574037a3f2de?s=96&d=mm&r=g\",\"caption\":\"leofierro\"}}]}<\/script>\n<!-- \/ Yoast SEO plugin. -->","yoast_head_json":{"title":"Cras Bet\u00e2nia promove integra\u00e7\u00e3o intergeracional em arraial para fam\u00edlias atendidas pelo equipamento - SEMASC","robots":{"index":"noindex","follow":"follow"},"og_locale":"pt_BR","og_type":"article","og_title":"Cras Bet\u00e2nia promove integra\u00e7\u00e3o intergeracional em arraial para fam\u00edlias atendidas pelo equipamento - SEMASC","og_url":"https:\/\/www.manaus.am.gov.br\/semasc\/cras-betania-promove-integracao-intergeracional-em-arraial-para-familias-atendidas-pelo-equipamento\/","og_site_name":"SEMASC","article_publisher":"https:\/\/www.facebook.com\/semascmanaus","article_published_time":"2024-08-01T17:38:40+00:00","article_modified_time":"2024-09-03T18:19:32+00:00","og_image":[{"width":2592,"height":1728,"url":"https:\/\/www.manaus.am.gov.br\/semasc\/wp-content\/uploads\/sites\/17\/2024\/08\/WhatsApp-Image-2024-08-01-at-13.27.09.jpeg","type":"image\/jpeg"}],"author":"leofierro","twitter_card":"summary_large_image","twitter_misc":{"Written by":"leofierro","Est. reading time":"2 minutos"},"schema":{"@context":"https:\/\/schema.org","@graph":[{"@type":"Article","@id":"https:\/\/www.manaus.am.gov.br\/semasc\/cras-betania-promove-integracao-intergeracional-em-arraial-para-familias-atendidas-pelo-equipamento\/#article","isPartOf":{"@id":"https:\/\/www.manaus.am.gov.br\/semasc\/cras-betania-promove-integracao-intergeracional-em-arraial-para-familias-atendidas-pelo-equipamento\/"},"author":{"name":"leofierro","@id":"https:\/\/www.manaus.am.gov.br\/semasc\/#\/schema\/person\/68c6a77f3dcf3f40a0d6e6ad5076718c"},"headline":"Cras Bet\u00e2nia promove integra\u00e7\u00e3o intergeracional em arraial para fam\u00edlias atendidas pelo equipamento","datePublished":"2024-08-01T17:38:40+00:00","dateModified":"2024-09-03T18:19:32+00:00","mainEntityOfPage":{"@id":"https:\/\/www.manaus.am.gov.br\/semasc\/cras-betania-promove-integracao-intergeracional-em-arraial-para-familias-atendidas-pelo-equipamento\/"},"wordCount":352,"publisher":{"@id":"https:\/\/www.manaus.am.gov.br\/semasc\/#organization"},"image":{"@id":"https:\/\/www.manaus.am.gov.br\/semasc\/cras-betania-promove-integracao-intergeracional-em-arraial-para-familias-atendidas-pelo-equipamento\/#primaryimage"},"thumbnailUrl":"https:\/\/www.manaus.am.gov.br\/semasc\/wp-content\/uploads\/sites\/17\/2024\/08\/WhatsApp-Image-2024-08-01-at-13.27.09.jpeg","articleSection":["Atividades"],"inLanguage":"pt-BR"},{"@type":"WebPage","@id":"https:\/\/www.manaus.am.gov.br\/semasc\/cras-betania-promove-integracao-intergeracional-em-arraial-para-familias-atendidas-pelo-equipamento\/","url":"https:\/\/www.manaus.am.gov.br\/semasc\/cras-betania-promove-integracao-intergeracional-em-arraial-para-familias-atendidas-pelo-equipamento\/","name":"Cras Bet\u00e2nia promove integra\u00e7\u00e3o intergeracional em arraial para fam\u00edlias atendidas pelo equipamento - SEMASC","isPartOf":{"@id":"https:\/\/www.manaus.am.gov.br\/semasc\/#website"},"primaryImageOfPage":{"@id":"https:\/\/www.manaus.am.gov.br\/semasc\/cras-betania-promove-integracao-intergeracional-em-arraial-para-familias-atendidas-pelo-equipamento\/#primaryimage"},"image":{"@id":"https:\/\/www.manaus.am.gov.br\/semasc\/cras-betania-promove-integracao-intergeracional-em-arraial-para-familias-atendidas-pelo-equipamento\/#primaryimage"},"thumbnailUrl":"https:\/\/www.manaus.am.gov.br\/semasc\/wp-content\/uploads\/sites\/17\/2024\/08\/WhatsApp-Image-2024-08-01-at-13.27.09.jpeg","datePublished":"2024-08-01T17:38:40+00:00","dateModified":"2024-09-03T18:19:32+00:00","breadcrumb":{"@id":"https:\/\/www.manaus.am.gov.br\/semasc\/cras-betania-promove-integracao-intergeracional-em-arraial-para-familias-atendidas-pelo-equipamento\/#breadcrumb"},"inLanguage":"pt-BR","potentialAction":[{"@type":"ReadAction","target":["https:\/\/www.manaus.am.gov.br\/semasc\/cras-betania-promove-integracao-intergeracional-em-arraial-para-familias-atendidas-pelo-equipamento\/"]}]},{"@type":"ImageObject","inLanguage":"pt-BR","@id":"https:\/\/www.manaus.am.gov.br\/semasc\/cras-betania-promove-integracao-intergeracional-em-arraial-para-familias-atendidas-pelo-equipamento\/#primaryimage","url":"https:\/\/www.manaus.am.gov.br\/semasc\/wp-content\/uploads\/sites\/17\/2024\/08\/WhatsApp-Image-2024-08-01-at-13.27.09.jpeg","contentUrl":"https:\/\/www.manaus.am.gov.br\/semasc\/wp-content\/uploads\/sites\/17\/2024\/08\/WhatsApp-Image-2024-08-01-at-13.27.09.jpeg","width":2592,"height":1728},{"@type":"BreadcrumbList","@id":"https:\/\/www.manaus.am.gov.br\/semasc\/cras-betania-promove-integracao-intergeracional-em-arraial-para-familias-atendidas-pelo-equipamento\/#breadcrumb","itemListElement":[{"@type":"ListItem","position":1,"name":"Home","item":"https:\/\/www.manaus.am.gov.br\/semasc\/"},{"@type":"ListItem","position":2,"name":"Cras Bet\u00e2nia promove integra\u00e7\u00e3o intergeracional em arraial para fam\u00edlias atendidas pelo equipamento"}]},{"@type":"WebSite","@id":"https:\/\/www.manaus.am.gov.br\/semasc\/#website","url":"https:\/\/www.manaus.am.gov.br\/semasc\/","name":"SEMASC","description":"Secretaria Municipal da Mulher, Assist\u00eancia Social e Cidadania.","publisher":{"@id":"https:\/\/www.manaus.am.gov.br\/semasc\/#organization"},"alternateName":"Secretaria Municipal da Mulher, Assist\u00eancia Social e Cidadania","potentialAction":[{"@type":"SearchAction","target":{"@type":"EntryPoint","urlTemplate":"https:\/\/www.manaus.am.gov.br\/semasc\/?s={search_term_string}"},"query-input":"required name=search_term_string"}],"inLanguage":"pt-BR"},{"@type":"Organization","@id":"https:\/\/www.manaus.am.gov.br\/semasc\/#organization","name":"Prefeitura de Manaus","alternateName":"Prefeitura Municipal de Manaus","url":"https:\/\/www.manaus.am.gov.br\/semasc\/","logo":{"@type":"ImageObject","inLanguage":"pt-BR","@id":"https:\/\/www.manaus.am.gov.br\/semasc\/#\/schema\/logo\/image\/","url":"https:\/\/www.manaus.am.gov.br\/semasc\/wp-content\/uploads\/sites\/17\/2024\/07\/favicon.png","contentUrl":"https:\/\/www.manaus.am.gov.br\/semasc\/wp-content\/uploads\/sites\/17\/2024\/07\/favicon.png","width":300,"height":300,"caption":"Prefeitura de Manaus"},"image":{"@id":"https:\/\/www.manaus.am.gov.br\/semasc\/#\/schema\/logo\/image\/"},"sameAs":["https:\/\/www.facebook.com\/semascmanaus","https:\/\/www.instagram.com\/semascmanaus\/"]},{"@type":"Person","@id":"https:\/\/www.manaus.am.gov.br\/semasc\/#\/schema\/person\/68c6a77f3dcf3f40a0d6e6ad5076718c","name":"leofierro","image":{"@type":"ImageObject","inLanguage":"pt-BR","@id":"https:\/\/www.manaus.am.gov.br\/semasc\/#\/schema\/person\/image\/","url":"https:\/\/secure.gravatar.com\/avatar\/30d8783eede7767036ae574037a3f2de?s=96&d=mm&r=g","contentUrl":"https:\/\/secure.gravatar.com\/avatar\/30d8783eede7767036ae574037a3f2de?s=96&d=mm&r=g","caption":"leofierro"}}]}},"_links":{"self":[{"href":"https:\/\/www.manaus.am.gov.br\/semasc\/wp-json\/wp\/v2\/posts\/210752"}],"collection":[{"href":"https:\/\/www.manaus.am.gov.br\/semasc\/wp-json\/wp\/v2\/posts"}],"about":[{"href":"https:\/\/www.manaus.am.gov.br\/semasc\/wp-json\/wp\/v2\/types\/post"}],"author":[{"embeddable":true,"href":"https:\/\/www.manaus.am.gov.br\/semasc\/wp-json\/wp\/v2\/users\/56"}],"replies":[{"embeddable":true,"href":"https:\/\/www.manaus.am.gov.br\/semasc\/wp-json\/wp\/v2\/comments?post=210752"}],"version-history":[{"count":1,"href":"https:\/\/www.manaus.am.gov.br\/semasc\/wp-json\/wp\/v2\/posts\/210752\/revisions"}],"predecessor-version":[{"id":210754,"href":"https:\/\/www.manaus.am.gov.br\/semasc\/wp-json\/wp\/v2\/posts\/210752\/revisions\/210754"}],"wp:featuredmedia":[{"embeddable":true,"href":"https:\/\/www.manaus.am.gov.br\/semasc\/wp-json\/wp\/v2\/media\/210753"}],"wp:attachment":[{"href":"https:\/\/www.manaus.am.gov.br\/semasc\/wp-json\/wp\/v2\/media?parent=210752"}],"wp:term":[{"taxonomy":"category","embeddable":true,"href":"https:\/\/www.manaus.am.gov.br\/semasc\/wp-json\/wp\/v2\/categories?post=210752"},{"taxonomy":"post_tag","embeddable":true,"href":"https:\/\/www.manaus.am.gov.br\/semasc\/wp-json\/wp\/v2\/tags?post=210752"}],"curies":[{"name":"wp","href":"https:\/\/api.w.org\/{rel}","templated":true}]}}