{"id":210741,"date":"2024-07-22T12:42:00","date_gmt":"2024-07-22T16:42:00","guid":{"rendered":"https:\/\/www.manaus.am.gov.br\/semasc\/?p=210741"},"modified":"2024-08-14T13:07:37","modified_gmt":"2024-08-14T17:07:37","slug":"visitas-domiciliares-se-tornam-requisito-obrigatorio-para-a-insercao-e-atualizacao-do-cadastro-unico-de-familias-unipessoais","status":"publish","type":"post","link":"https:\/\/www.manaus.am.gov.br\/semasc\/visitas-domiciliares-se-tornam-requisito-obrigatorio-para-a-insercao-e-atualizacao-do-cadastro-unico-de-familias-unipessoais\/","title":{"rendered":"Visitas domiciliares se tornam requisito obrigat\u00f3rio para a inser\u00e7\u00e3o e atualiza\u00e7\u00e3o do Cadastro \u00danico de fam\u00edlias unipessoais"},"content":{"rendered":"\n<p>Seguindo as instru\u00e7\u00f5es do governo federal, a Prefeitura de Manaus, por meio da Secretaria Municipal da Mulher, Assist\u00eancia Social e Cidadania (Semasc), informa que, a contar do dia 17\/7, os processos de inser\u00e7\u00e3o e atualiza\u00e7\u00e3o do Cadastro \u00danico de fam\u00edlias unipessoais, isto \u00e9, de fam\u00edlias compostas por um \u00fanico membro, s\u00f3 poder\u00e3o ser realizados mediante visita domiciliar.<\/p>\n\n\n\n<p>A mudan\u00e7a segue as determina\u00e7\u00f5es da Portaria N\u00ba 1.003 do Minist\u00e9rio do Desenvolvimento e Assist\u00eancia Social, Fam\u00edlia e Combate \u00e0 Fome (MDS), publicada em 17\/7, no Di\u00e1rio Oficial da Uni\u00e3o (DOU). O documento \u00e9 uma resposta ao aumento massivo de cadastro unipessoais observado desde 2022, o que dificulta a avalia\u00e7\u00e3o das demandas de fam\u00edlias em situa\u00e7\u00e3o de vulnerabilidade social por parte do governo.<\/p>\n\n\n\n<p>A visita domiciliar dever\u00e1 ser realizada pelo Centro de Refer\u00eancia de Assist\u00eancia Social (Cras) respons\u00e1vel pela \u00e1rea de abrang\u00eancia onde se localiza a resid\u00eancia do usu\u00e1rio. A \u00e1rea de abrang\u00eancia de cada unidade Cras pode ser conferida no endere\u00e7o <a href=\"http:\/\/www.manaus.am.gov.br\/semasc\/unidades\/cras\/\">www.manaus.am.gov.br\/semasc\/unidades\/cras<\/a>.<\/p>\n\n\n\n<p>\u2013 \u2013 \u2013<\/p>\n\n\n\n<p><strong>Texto: <\/strong>Guilherme Pacheco \/ Semasc<\/p>\n\n\n\n<p><strong>Foto: <\/strong>\u00a0Diego Lima \/ Semasc<\/p>\n","protected":false},"excerpt":{"rendered":"","protected":false},"author":56,"featured_media":210742,"comment_status":"closed","ping_status":"closed","sticky":false,"template":"","format":"standard","meta":{"footnotes":""},"categories":[195],"tags":[],"acf":[],"yoast_head":"<!-- This site is optimized with the Yoast SEO plugin v23.0 - https:\/\/yoast.com\/wordpress\/plugins\/seo\/ -->\n<title>Visitas domiciliares se tornam requisito obrigat\u00f3rio para a inser\u00e7\u00e3o e atualiza\u00e7\u00e3o do Cadastro \u00danico de fam\u00edlias unipessoais - SEMASC<\/title>\n<meta name=\"robots\" content=\"noindex, follow\" \/>\n<meta property=\"og:locale\" content=\"pt_BR\" \/>\n<meta property=\"og:type\" content=\"article\" \/>\n<meta property=\"og:title\" content=\"Visitas domiciliares se tornam requisito obrigat\u00f3rio para a inser\u00e7\u00e3o e atualiza\u00e7\u00e3o do Cadastro \u00danico de fam\u00edlias unipessoais - SEMASC\" \/>\n<meta property=\"og:url\" content=\"https:\/\/www.manaus.am.gov.br\/semasc\/visitas-domiciliares-se-tornam-requisito-obrigatorio-para-a-insercao-e-atualizacao-do-cadastro-unico-de-familias-unipessoais\/\" \/>\n<meta property=\"og:site_name\" content=\"SEMASC\" \/>\n<meta property=\"article:publisher\" content=\"https:\/\/www.facebook.com\/semascmanaus\" \/>\n<meta property=\"article:published_time\" content=\"2024-07-22T16:42:00+00:00\" \/>\n<meta property=\"article:modified_time\" content=\"2024-08-14T17:07:37+00:00\" \/>\n<meta property=\"og:image\" content=\"https:\/\/www.manaus.am.gov.br\/semasc\/wp-content\/uploads\/sites\/17\/2024\/07\/WhatsApp-Image-2024-07-22-at-11.36.24.jpeg\" \/>\n\t<meta property=\"og:image:width\" content=\"1600\" \/>\n\t<meta property=\"og:image:height\" content=\"1066\" \/>\n\t<meta property=\"og:image:type\" content=\"image\/jpeg\" \/>\n<meta name=\"author\" content=\"leofierro\" \/>\n<meta name=\"twitter:card\" content=\"summary_large_image\" \/>\n<meta name=\"twitter:label1\" content=\"Written by\" \/>\n\t<meta name=\"twitter:data1\" content=\"leofierro\" \/>\n\t<meta name=\"twitter:label2\" content=\"Est. reading time\" \/>\n\t<meta name=\"twitter:data2\" content=\"2 minutos\" \/>\n<script type=\"application\/ld+json\" class=\"yoast-schema-graph\">{\"@context\":\"https:\/\/schema.org\",\"@graph\":[{\"@type\":\"Article\",\"@id\":\"https:\/\/www.manaus.am.gov.br\/semasc\/visitas-domiciliares-se-tornam-requisito-obrigatorio-para-a-insercao-e-atualizacao-do-cadastro-unico-de-familias-unipessoais\/#article\",\"isPartOf\":{\"@id\":\"https:\/\/www.manaus.am.gov.br\/semasc\/visitas-domiciliares-se-tornam-requisito-obrigatorio-para-a-insercao-e-atualizacao-do-cadastro-unico-de-familias-unipessoais\/\"},\"author\":{\"name\":\"leofierro\",\"@id\":\"https:\/\/www.manaus.am.gov.br\/semasc\/#\/schema\/person\/68c6a77f3dcf3f40a0d6e6ad5076718c\"},\"headline\":\"Visitas domiciliares se tornam requisito obrigat\u00f3rio para a inser\u00e7\u00e3o e atualiza\u00e7\u00e3o do Cadastro \u00danico de fam\u00edlias unipessoais\",\"datePublished\":\"2024-07-22T16:42:00+00:00\",\"dateModified\":\"2024-08-14T17:07:37+00:00\",\"mainEntityOfPage\":{\"@id\":\"https:\/\/www.manaus.am.gov.br\/semasc\/visitas-domiciliares-se-tornam-requisito-obrigatorio-para-a-insercao-e-atualizacao-do-cadastro-unico-de-familias-unipessoais\/\"},\"wordCount\":214,\"publisher\":{\"@id\":\"https:\/\/www.manaus.am.gov.br\/semasc\/#organization\"},\"image\":{\"@id\":\"https:\/\/www.manaus.am.gov.br\/semasc\/visitas-domiciliares-se-tornam-requisito-obrigatorio-para-a-insercao-e-atualizacao-do-cadastro-unico-de-familias-unipessoais\/#primaryimage\"},\"thumbnailUrl\":\"https:\/\/www.manaus.am.gov.br\/semasc\/wp-content\/uploads\/sites\/17\/2024\/07\/WhatsApp-Image-2024-07-22-at-11.36.24.jpeg\",\"articleSection\":[\"Pol\u00edticas P\u00fablicas\"],\"inLanguage\":\"pt-BR\"},{\"@type\":\"WebPage\",\"@id\":\"https:\/\/www.manaus.am.gov.br\/semasc\/visitas-domiciliares-se-tornam-requisito-obrigatorio-para-a-insercao-e-atualizacao-do-cadastro-unico-de-familias-unipessoais\/\",\"url\":\"https:\/\/www.manaus.am.gov.br\/semasc\/visitas-domiciliares-se-tornam-requisito-obrigatorio-para-a-insercao-e-atualizacao-do-cadastro-unico-de-familias-unipessoais\/\",\"name\":\"Visitas domiciliares se tornam requisito obrigat\u00f3rio para a inser\u00e7\u00e3o e atualiza\u00e7\u00e3o do Cadastro \u00danico de fam\u00edlias unipessoais - SEMASC\",\"isPartOf\":{\"@id\":\"https:\/\/www.manaus.am.gov.br\/semasc\/#website\"},\"primaryImageOfPage\":{\"@id\":\"https:\/\/www.manaus.am.gov.br\/semasc\/visitas-domiciliares-se-tornam-requisito-obrigatorio-para-a-insercao-e-atualizacao-do-cadastro-unico-de-familias-unipessoais\/#primaryimage\"},\"image\":{\"@id\":\"https:\/\/www.manaus.am.gov.br\/semasc\/visitas-domiciliares-se-tornam-requisito-obrigatorio-para-a-insercao-e-atualizacao-do-cadastro-unico-de-familias-unipessoais\/#primaryimage\"},\"thumbnailUrl\":\"https:\/\/www.manaus.am.gov.br\/semasc\/wp-content\/uploads\/sites\/17\/2024\/07\/WhatsApp-Image-2024-07-22-at-11.36.24.jpeg\",\"datePublished\":\"2024-07-22T16:42:00+00:00\",\"dateModified\":\"2024-08-14T17:07:37+00:00\",\"breadcrumb\":{\"@id\":\"https:\/\/www.manaus.am.gov.br\/semasc\/visitas-domiciliares-se-tornam-requisito-obrigatorio-para-a-insercao-e-atualizacao-do-cadastro-unico-de-familias-unipessoais\/#breadcrumb\"},\"inLanguage\":\"pt-BR\",\"potentialAction\":[{\"@type\":\"ReadAction\",\"target\":[\"https:\/\/www.manaus.am.gov.br\/semasc\/visitas-domiciliares-se-tornam-requisito-obrigatorio-para-a-insercao-e-atualizacao-do-cadastro-unico-de-familias-unipessoais\/\"]}]},{\"@type\":\"ImageObject\",\"inLanguage\":\"pt-BR\",\"@id\":\"https:\/\/www.manaus.am.gov.br\/semasc\/visitas-domiciliares-se-tornam-requisito-obrigatorio-para-a-insercao-e-atualizacao-do-cadastro-unico-de-familias-unipessoais\/#primaryimage\",\"url\":\"https:\/\/www.manaus.am.gov.br\/semasc\/wp-content\/uploads\/sites\/17\/2024\/07\/WhatsApp-Image-2024-07-22-at-11.36.24.jpeg\",\"contentUrl\":\"https:\/\/www.manaus.am.gov.br\/semasc\/wp-content\/uploads\/sites\/17\/2024\/07\/WhatsApp-Image-2024-07-22-at-11.36.24.jpeg\",\"width\":1600,\"height\":1066},{\"@type\":\"BreadcrumbList\",\"@id\":\"https:\/\/www.manaus.am.gov.br\/semasc\/visitas-domiciliares-se-tornam-requisito-obrigatorio-para-a-insercao-e-atualizacao-do-cadastro-unico-de-familias-unipessoais\/#breadcrumb\",\"itemListElement\":[{\"@type\":\"ListItem\",\"position\":1,\"name\":\"Home\",\"item\":\"https:\/\/www.manaus.am.gov.br\/semasc\/\"},{\"@type\":\"ListItem\",\"position\":2,\"name\":\"Visitas domiciliares se tornam requisito obrigat\u00f3rio para a inser\u00e7\u00e3o e atualiza\u00e7\u00e3o do Cadastro \u00danico de fam\u00edlias unipessoais\"}]},{\"@type\":\"WebSite\",\"@id\":\"https:\/\/www.manaus.am.gov.br\/semasc\/#website\",\"url\":\"https:\/\/www.manaus.am.gov.br\/semasc\/\",\"name\":\"SEMASC\",\"description\":\"Secretaria Municipal da Mulher, Assist\u00eancia Social e Cidadania.\",\"publisher\":{\"@id\":\"https:\/\/www.manaus.am.gov.br\/semasc\/#organization\"},\"alternateName\":\"Secretaria Municipal da Mulher, Assist\u00eancia Social e Cidadania\",\"potentialAction\":[{\"@type\":\"SearchAction\",\"target\":{\"@type\":\"EntryPoint\",\"urlTemplate\":\"https:\/\/www.manaus.am.gov.br\/semasc\/?s={search_term_string}\"},\"query-input\":\"required name=search_term_string\"}],\"inLanguage\":\"pt-BR\"},{\"@type\":\"Organization\",\"@id\":\"https:\/\/www.manaus.am.gov.br\/semasc\/#organization\",\"name\":\"Prefeitura de Manaus\",\"alternateName\":\"Prefeitura Municipal de Manaus\",\"url\":\"https:\/\/www.manaus.am.gov.br\/semasc\/\",\"logo\":{\"@type\":\"ImageObject\",\"inLanguage\":\"pt-BR\",\"@id\":\"https:\/\/www.manaus.am.gov.br\/semasc\/#\/schema\/logo\/image\/\",\"url\":\"https:\/\/www.manaus.am.gov.br\/semasc\/wp-content\/uploads\/sites\/17\/2024\/07\/favicon.png\",\"contentUrl\":\"https:\/\/www.manaus.am.gov.br\/semasc\/wp-content\/uploads\/sites\/17\/2024\/07\/favicon.png\",\"width\":300,\"height\":300,\"caption\":\"Prefeitura de Manaus\"},\"image\":{\"@id\":\"https:\/\/www.manaus.am.gov.br\/semasc\/#\/schema\/logo\/image\/\"},\"sameAs\":[\"https:\/\/www.facebook.com\/semascmanaus\",\"https:\/\/www.instagram.com\/semascmanaus\/\"]},{\"@type\":\"Person\",\"@id\":\"https:\/\/www.manaus.am.gov.br\/semasc\/#\/schema\/person\/68c6a77f3dcf3f40a0d6e6ad5076718c\",\"name\":\"leofierro\",\"image\":{\"@type\":\"ImageObject\",\"inLanguage\":\"pt-BR\",\"@id\":\"https:\/\/www.manaus.am.gov.br\/semasc\/#\/schema\/person\/image\/\",\"url\":\"https:\/\/secure.gravatar.com\/avatar\/30d8783eede7767036ae574037a3f2de?s=96&d=mm&r=g\",\"contentUrl\":\"https:\/\/secure.gravatar.com\/avatar\/30d8783eede7767036ae574037a3f2de?s=96&d=mm&r=g\",\"caption\":\"leofierro\"}}]}<\/script>\n<!-- \/ Yoast SEO plugin. -->","yoast_head_json":{"title":"Visitas domiciliares se tornam requisito obrigat\u00f3rio para a inser\u00e7\u00e3o e atualiza\u00e7\u00e3o do Cadastro \u00danico de fam\u00edlias unipessoais - SEMASC","robots":{"index":"noindex","follow":"follow"},"og_locale":"pt_BR","og_type":"article","og_title":"Visitas domiciliares se tornam requisito obrigat\u00f3rio para a inser\u00e7\u00e3o e atualiza\u00e7\u00e3o do Cadastro \u00danico de fam\u00edlias unipessoais - SEMASC","og_url":"https:\/\/www.manaus.am.gov.br\/semasc\/visitas-domiciliares-se-tornam-requisito-obrigatorio-para-a-insercao-e-atualizacao-do-cadastro-unico-de-familias-unipessoais\/","og_site_name":"SEMASC","article_publisher":"https:\/\/www.facebook.com\/semascmanaus","article_published_time":"2024-07-22T16:42:00+00:00","article_modified_time":"2024-08-14T17:07:37+00:00","og_image":[{"width":1600,"height":1066,"url":"https:\/\/www.manaus.am.gov.br\/semasc\/wp-content\/uploads\/sites\/17\/2024\/07\/WhatsApp-Image-2024-07-22-at-11.36.24.jpeg","type":"image\/jpeg"}],"author":"leofierro","twitter_card":"summary_large_image","twitter_misc":{"Written by":"leofierro","Est. reading time":"2 minutos"},"schema":{"@context":"https:\/\/schema.org","@graph":[{"@type":"Article","@id":"https:\/\/www.manaus.am.gov.br\/semasc\/visitas-domiciliares-se-tornam-requisito-obrigatorio-para-a-insercao-e-atualizacao-do-cadastro-unico-de-familias-unipessoais\/#article","isPartOf":{"@id":"https:\/\/www.manaus.am.gov.br\/semasc\/visitas-domiciliares-se-tornam-requisito-obrigatorio-para-a-insercao-e-atualizacao-do-cadastro-unico-de-familias-unipessoais\/"},"author":{"name":"leofierro","@id":"https:\/\/www.manaus.am.gov.br\/semasc\/#\/schema\/person\/68c6a77f3dcf3f40a0d6e6ad5076718c"},"headline":"Visitas domiciliares se tornam requisito obrigat\u00f3rio para a inser\u00e7\u00e3o e atualiza\u00e7\u00e3o do Cadastro \u00danico de fam\u00edlias unipessoais","datePublished":"2024-07-22T16:42:00+00:00","dateModified":"2024-08-14T17:07:37+00:00","mainEntityOfPage":{"@id":"https:\/\/www.manaus.am.gov.br\/semasc\/visitas-domiciliares-se-tornam-requisito-obrigatorio-para-a-insercao-e-atualizacao-do-cadastro-unico-de-familias-unipessoais\/"},"wordCount":214,"publisher":{"@id":"https:\/\/www.manaus.am.gov.br\/semasc\/#organization"},"image":{"@id":"https:\/\/www.manaus.am.gov.br\/semasc\/visitas-domiciliares-se-tornam-requisito-obrigatorio-para-a-insercao-e-atualizacao-do-cadastro-unico-de-familias-unipessoais\/#primaryimage"},"thumbnailUrl":"https:\/\/www.manaus.am.gov.br\/semasc\/wp-content\/uploads\/sites\/17\/2024\/07\/WhatsApp-Image-2024-07-22-at-11.36.24.jpeg","articleSection":["Pol\u00edticas P\u00fablicas"],"inLanguage":"pt-BR"},{"@type":"WebPage","@id":"https:\/\/www.manaus.am.gov.br\/semasc\/visitas-domiciliares-se-tornam-requisito-obrigatorio-para-a-insercao-e-atualizacao-do-cadastro-unico-de-familias-unipessoais\/","url":"https:\/\/www.manaus.am.gov.br\/semasc\/visitas-domiciliares-se-tornam-requisito-obrigatorio-para-a-insercao-e-atualizacao-do-cadastro-unico-de-familias-unipessoais\/","name":"Visitas domiciliares se tornam requisito obrigat\u00f3rio para a inser\u00e7\u00e3o e atualiza\u00e7\u00e3o do Cadastro \u00danico de fam\u00edlias unipessoais - SEMASC","isPartOf":{"@id":"https:\/\/www.manaus.am.gov.br\/semasc\/#website"},"primaryImageOfPage":{"@id":"https:\/\/www.manaus.am.gov.br\/semasc\/visitas-domiciliares-se-tornam-requisito-obrigatorio-para-a-insercao-e-atualizacao-do-cadastro-unico-de-familias-unipessoais\/#primaryimage"},"image":{"@id":"https:\/\/www.manaus.am.gov.br\/semasc\/visitas-domiciliares-se-tornam-requisito-obrigatorio-para-a-insercao-e-atualizacao-do-cadastro-unico-de-familias-unipessoais\/#primaryimage"},"thumbnailUrl":"https:\/\/www.manaus.am.gov.br\/semasc\/wp-content\/uploads\/sites\/17\/2024\/07\/WhatsApp-Image-2024-07-22-at-11.36.24.jpeg","datePublished":"2024-07-22T16:42:00+00:00","dateModified":"2024-08-14T17:07:37+00:00","breadcrumb":{"@id":"https:\/\/www.manaus.am.gov.br\/semasc\/visitas-domiciliares-se-tornam-requisito-obrigatorio-para-a-insercao-e-atualizacao-do-cadastro-unico-de-familias-unipessoais\/#breadcrumb"},"inLanguage":"pt-BR","potentialAction":[{"@type":"ReadAction","target":["https:\/\/www.manaus.am.gov.br\/semasc\/visitas-domiciliares-se-tornam-requisito-obrigatorio-para-a-insercao-e-atualizacao-do-cadastro-unico-de-familias-unipessoais\/"]}]},{"@type":"ImageObject","inLanguage":"pt-BR","@id":"https:\/\/www.manaus.am.gov.br\/semasc\/visitas-domiciliares-se-tornam-requisito-obrigatorio-para-a-insercao-e-atualizacao-do-cadastro-unico-de-familias-unipessoais\/#primaryimage","url":"https:\/\/www.manaus.am.gov.br\/semasc\/wp-content\/uploads\/sites\/17\/2024\/07\/WhatsApp-Image-2024-07-22-at-11.36.24.jpeg","contentUrl":"https:\/\/www.manaus.am.gov.br\/semasc\/wp-content\/uploads\/sites\/17\/2024\/07\/WhatsApp-Image-2024-07-22-at-11.36.24.jpeg","width":1600,"height":1066},{"@type":"BreadcrumbList","@id":"https:\/\/www.manaus.am.gov.br\/semasc\/visitas-domiciliares-se-tornam-requisito-obrigatorio-para-a-insercao-e-atualizacao-do-cadastro-unico-de-familias-unipessoais\/#breadcrumb","itemListElement":[{"@type":"ListItem","position":1,"name":"Home","item":"https:\/\/www.manaus.am.gov.br\/semasc\/"},{"@type":"ListItem","position":2,"name":"Visitas domiciliares se tornam requisito obrigat\u00f3rio para a inser\u00e7\u00e3o e atualiza\u00e7\u00e3o do Cadastro \u00danico de fam\u00edlias unipessoais"}]},{"@type":"WebSite","@id":"https:\/\/www.manaus.am.gov.br\/semasc\/#website","url":"https:\/\/www.manaus.am.gov.br\/semasc\/","name":"SEMASC","description":"Secretaria Municipal da Mulher, Assist\u00eancia Social e Cidadania.","publisher":{"@id":"https:\/\/www.manaus.am.gov.br\/semasc\/#organization"},"alternateName":"Secretaria Municipal da Mulher, Assist\u00eancia Social e Cidadania","potentialAction":[{"@type":"SearchAction","target":{"@type":"EntryPoint","urlTemplate":"https:\/\/www.manaus.am.gov.br\/semasc\/?s={search_term_string}"},"query-input":"required name=search_term_string"}],"inLanguage":"pt-BR"},{"@type":"Organization","@id":"https:\/\/www.manaus.am.gov.br\/semasc\/#organization","name":"Prefeitura de Manaus","alternateName":"Prefeitura Municipal de Manaus","url":"https:\/\/www.manaus.am.gov.br\/semasc\/","logo":{"@type":"ImageObject","inLanguage":"pt-BR","@id":"https:\/\/www.manaus.am.gov.br\/semasc\/#\/schema\/logo\/image\/","url":"https:\/\/www.manaus.am.gov.br\/semasc\/wp-content\/uploads\/sites\/17\/2024\/07\/favicon.png","contentUrl":"https:\/\/www.manaus.am.gov.br\/semasc\/wp-content\/uploads\/sites\/17\/2024\/07\/favicon.png","width":300,"height":300,"caption":"Prefeitura de Manaus"},"image":{"@id":"https:\/\/www.manaus.am.gov.br\/semasc\/#\/schema\/logo\/image\/"},"sameAs":["https:\/\/www.facebook.com\/semascmanaus","https:\/\/www.instagram.com\/semascmanaus\/"]},{"@type":"Person","@id":"https:\/\/www.manaus.am.gov.br\/semasc\/#\/schema\/person\/68c6a77f3dcf3f40a0d6e6ad5076718c","name":"leofierro","image":{"@type":"ImageObject","inLanguage":"pt-BR","@id":"https:\/\/www.manaus.am.gov.br\/semasc\/#\/schema\/person\/image\/","url":"https:\/\/secure.gravatar.com\/avatar\/30d8783eede7767036ae574037a3f2de?s=96&d=mm&r=g","contentUrl":"https:\/\/secure.gravatar.com\/avatar\/30d8783eede7767036ae574037a3f2de?s=96&d=mm&r=g","caption":"leofierro"}}]}},"_links":{"self":[{"href":"https:\/\/www.manaus.am.gov.br\/semasc\/wp-json\/wp\/v2\/posts\/210741"}],"collection":[{"href":"https:\/\/www.manaus.am.gov.br\/semasc\/wp-json\/wp\/v2\/posts"}],"about":[{"href":"https:\/\/www.manaus.am.gov.br\/semasc\/wp-json\/wp\/v2\/types\/post"}],"author":[{"embeddable":true,"href":"https:\/\/www.manaus.am.gov.br\/semasc\/wp-json\/wp\/v2\/users\/56"}],"replies":[{"embeddable":true,"href":"https:\/\/www.manaus.am.gov.br\/semasc\/wp-json\/wp\/v2\/comments?post=210741"}],"version-history":[{"count":1,"href":"https:\/\/www.manaus.am.gov.br\/semasc\/wp-json\/wp\/v2\/posts\/210741\/revisions"}],"predecessor-version":[{"id":210743,"href":"https:\/\/www.manaus.am.gov.br\/semasc\/wp-json\/wp\/v2\/posts\/210741\/revisions\/210743"}],"wp:featuredmedia":[{"embeddable":true,"href":"https:\/\/www.manaus.am.gov.br\/semasc\/wp-json\/wp\/v2\/media\/210742"}],"wp:attachment":[{"href":"https:\/\/www.manaus.am.gov.br\/semasc\/wp-json\/wp\/v2\/media?parent=210741"}],"wp:term":[{"taxonomy":"category","embeddable":true,"href":"https:\/\/www.manaus.am.gov.br\/semasc\/wp-json\/wp\/v2\/categories?post=210741"},{"taxonomy":"post_tag","embeddable":true,"href":"https:\/\/www.manaus.am.gov.br\/semasc\/wp-json\/wp\/v2\/tags?post=210741"}],"curies":[{"name":"wp","href":"https:\/\/api.w.org\/{rel}","templated":true}]}}