{"id":210736,"date":"2024-07-22T12:28:10","date_gmt":"2024-07-22T16:28:10","guid":{"rendered":"https:\/\/www.manaus.am.gov.br\/semasc\/?p=210736"},"modified":"2024-08-09T14:03:14","modified_gmt":"2024-08-09T18:03:14","slug":"ycamiabas-completa-um-ano-de-atividades-como-um-dos-equipamentos-socioassistenciais-mais-importantes-da-gestao-municipal-na-protecao-de-mulheres","status":"publish","type":"post","link":"https:\/\/www.manaus.am.gov.br\/semasc\/ycamiabas-completa-um-ano-de-atividades-como-um-dos-equipamentos-socioassistenciais-mais-importantes-da-gestao-municipal-na-protecao-de-mulheres\/","title":{"rendered":"\u2018Ycamiabas\u2019 completa um ano de atividades como um dos equipamentos socioassistenciais mais importantes da gest\u00e3o municipal na prote\u00e7\u00e3o de mulheres"},"content":{"rendered":"\n<p>H\u00e1 exatamente um ano, a Prefeitura de Manaus, por meio da Secretaria Municipal da Mulher, Assist\u00eancia Social e Cidadania (Semasc), dava um importante passo \u00e0 frente na amplia\u00e7\u00e3o de pol\u00edticas p\u00fablicas voltadas \u00e0 garantia de direitos de mulheres em situa\u00e7\u00e3o de viol\u00eancia dom\u00e9stica e vulnerabilidade social na capital amazonense. Neste mesmo dia, em 21 de julho de 2023, era inaugurada a \u201cYcamiabas\u201d, a Casa de Acolhimento para Mulheres.<\/p>\n\n\n\n<p>\u201cQuando olhamos para a cidade de Manaus, infelizmente ainda vemos uma cidade que \u00e9 muito perigosa para mulheres e meninas, uma cidade que ainda tem muito a evoluir no sentido de garantir um espa\u00e7o seguro para todos. A inaugura\u00e7\u00e3o da \u2018Ycamiabas\u2019 significou n\u00e3o apenas um avan\u00e7o primordial nesse sentido, mas a reafirma\u00e7\u00e3o do trabalho da prefeitura na prote\u00e7\u00e3o das mulheres manauaras\u201d, destacou a titular da Semasc, Dermi Rayol.<\/p>\n\n\n\n<p><strong>Trabalho que muda vidas<\/strong><\/p>\n\n\n\n<p>Com capacidade para receber at\u00e9 30 pessoas e uma equipe multidisciplinar capacitada para atender em tempo integral as acolhidas, a \u201cYcamiabas\u201d tem o objetivo de oferecer abrigo e assist\u00eancia para mulheres sobreviventes de viol\u00eancia dom\u00e9stica ou em situa\u00e7\u00e3o de extrema vulnerabilidade acompanhadas de seus filhos por at\u00e9 90 dias.<\/p>\n\n\n\n<p>\u00c9 neste espa\u00e7o em que centenas de fam\u00edlias atendidas ao longo deste primeiro ano de atividade tiveram acesso a servi\u00e7os de escuta qualificada, atendimento psicossocial, orienta\u00e7\u00e3o pedag\u00f3gica e encaminhamentos para a emiss\u00e3o de documenta\u00e7\u00e3o b\u00e1sica. Indo al\u00e9m do acolhimento institucional propriamente dito, ainda s\u00e3o trabalhadas na \u201cYcamiabas\u201d atividades de capacita\u00e7\u00e3o com as mulheres atendidas, buscando profissionalizar quem muitas vezes depende financeiramente de seus abusadores.<\/p>\n\n\n\n<p>\u00c9 atrav\u00e9s do trabalho desenvolvido nessa casa que vidas t\u00eam mudado, uma vez que mais de 160 pessoas j\u00e1 passaram pela casa e cerca de 1.120 atendimentos j\u00e1 foram realizados de acordo com a demanda de cada caso.&nbsp;&nbsp;<\/p>\n\n\n\n<p>Esse foi o caso de J. M., que passou tr\u00eas meses na casa junto de seus filhos ap\u00f3s sofrer uma tentativa de feminic\u00eddio. De acordo com a m\u00e3e de dois filhos, o tratamento recebido por ela e sua fam\u00edlia foi o alicerce que fundamentou todo o processo que permitiu com que superassem o ciclo de viol\u00eancia em que estavam inseridos.<\/p>\n\n\n\n<p>\u201cEu j\u00e1 sa\u00ed daqui com um emprego, sabe? Cheguei aqui completamente destru\u00edda psicologicamente, com a mente perturbada e sem for\u00e7as para continuar ap\u00f3s passar por tantas situa\u00e7\u00f5es que nenhuma m\u00e3e deveria passar com os seus filhos\u201d, explicou. \u201cQuando chegamos aqui eu fui atendida por uma psic\u00f3loga, meus filhos foram acompanhados por uma pedagoga, fomos recebidos de bra\u00e7os abertos por uma equipe maravilhosa que nos permitiu viver depois de sobreviver\u201d.<\/p>\n\n\n\n<p>Ainda segundo J. M., ela e seus filhos continuam no radar da equipe t\u00e9cnica da \u201cYcamiabas\u201d, o que, para ela, demonstra o diferencial da casa de acolhimento em rela\u00e7\u00e3o a outros equipamentos.<\/p>\n\n\n\n<p>\u201cMesmo depois que sa\u00edmos do acolhimento, as meninas ainda procuram saber como estamos, como temos andado e se estamos bem. S\u00e3o nesses momentos em que eu olho para o meu quarto \u2018geladinho\u2019 no ar-condicionado e lembro de quando eu precisava abanar meus filhos durante a toda noite no calor e com fome, lembro do carinho com que fomos recebidos na \u2018Ycamiabas\u2019 e de onde estamos hoje gra\u00e7as a esse lugar\u201d, concluiu.<\/p>\n\n\n\n<p>Para a coordenadora da casa de acolhimento, Gessilvia Lima, casos como o de J. M. e seus filhos evidenciam os resultados atingidos quando o poder p\u00fablico se compromete a atuar de forma incisiva ante as problem\u00e1ticas sociais que uma metr\u00f3pole como Manaus possui.<\/p>\n\n\n\n<p>\u201cTrabalhamos em diferentes frentes justamente para que todas as mulheres que chegam \u00e0 \u2018Ycamiabas\u2019 possam ter um recome\u00e7o. Nos esfor\u00e7amos todos os dias para que possamos desenvolver a autoestima de nossas acolhidas, entender suas necessidades, atuar na resolu\u00e7\u00e3o de seus problemas e garantir que possuam meios de se sustentar ap\u00f3s o seu desligamento, superando de uma vez por todas as viola\u00e7\u00f5es de direitos que viveram antes de ser atendidas aqui\u201d, destacou.&nbsp;<\/p>\n\n\n\n<p><strong>Parcerias que tornam o trabalho poss\u00edvel<\/strong><\/p>\n\n\n\n<p>Para que um trabalho dessa magnitude seja vi\u00e1vel a longo prazo, a Prefeitura de Manaus conta com o apoio de diversos parceiros para que as atividades e servi\u00e7os prestados na \u201cYcamiabas\u201d possam ser desenvolvidos de maneira qualificada. Neste sentido, mesmo antes do in\u00edcio das atividades do equipamento, o Fundo de Popula\u00e7\u00e3o das Na\u00e7\u00f5es Unidas (UNFPA) tem sido um dos principais parceiros da casa de acolhimento e das fam\u00edlias acolhidas.<\/p>\n\n\n\n<p>Por meio de parceria firmada com a gest\u00e3o municipal ainda no desenvolvimento do projeto, a ag\u00eancia \u00e9 respons\u00e1vel por prover apoio t\u00e9cnico atrav\u00e9s da disponibiliza\u00e7\u00e3o de profissionais capacitados para o atendimento das acolhidas, parceria esta que n\u00e3o se limita apenas \u00e0 \u201cYcamiabas\u201d, mas ao Centro de Refer\u00eancia dos Direitos da Mulher (CRDM) e aos Centros de Refer\u00eancia Especializados de Assist\u00eancia Social (Creas) tamb\u00e9m. Al\u00e9m disso, o UNFPA tamb\u00e9m foi respons\u00e1vel pelo mobili\u00e1rio da casa de acolhimento, buscando tornar o espa\u00e7o mais \u201cfamiliar e caseiro\u201d poss\u00edvel, de acordo com sua Chefe de Escrit\u00f3rio em Manaus, D\u00e9bora Rodrigues.<\/p>\n\n\n\n<p>\u201cUma das metas do UNFPA \u00e9 um mundo com zero viol\u00eancia baseada em g\u00eanero e outras pr\u00e1ticas nocivas a mulheres e meninas. Infelizmente, sabemos que essas viola\u00e7\u00f5es de direitos ainda s\u00e3o rotineiras, ent\u00e3o \u00e9 muito importante que possamos garantir uma resposta integral \u00e0s necessidades dessas mulheres com um atendimento humanizado, com servi\u00e7os e profissionais capacitados para que, nesse momento de fragilidade, essas mulheres possam ter a dignidade de um acolhimento qualificado\u201d, explicou.<\/p>\n\n\n\n<p><strong>Orgulho, satisfa\u00e7\u00e3o e desafios: o mito das Ycamiabas<\/strong><\/p>\n\n\n\n<p>De acordo com relatos de viajantes e exploradores europeus entre os s\u00e9culos XVI e XVIII, como o espanhol Francisco de Orellana, o alem\u00e3o Georg Heinrich von Langsdorff e o franc\u00eas Charles-Marie de La Condamine, as Ycamiabas eram uma tribo de mulheres guerreiras que habitavam uma regi\u00e3o inexplorada em algum dos infinitos do Rio Amazonas, batizado em homenagem a tribo e em alus\u00e3o \u00e0 lenda das guerreiras <em>amazonas <\/em>da mitologia grega.<\/p>\n\n\n\n<p>Segundo os contos populares, as Ycamiabas eram conhecidas por sua for\u00e7a f\u00edsica, habilidades de combate e pela forma\u00e7\u00e3o de uma sociedade matriarcal, longe da presen\u00e7a de homens.<\/p>\n\n\n\n<p>\u00c9 tendo como base essa parte do folclore e da hist\u00f3ria amaz\u00f4nica que o trabalho do equipamento \u00e9 desenvolvido, buscando oferecer apoio a mulheres em situa\u00e7\u00f5es de vulnerabilidade por meio de um espa\u00e7o seguro e dedicado ao seu desenvolvimento pessoal, sua autoestima e sua independ\u00eancia.<\/p>\n\n\n\n<p>Para a psic\u00f3loga da \u201cYcamiabas\u201d, Aline Vitorino, esse \u00e9 um trabalho \u00e1rduo e que tem demandado muito de todas t\u00e9cnicas que atuam no equipamento, mas que tamb\u00e9m tem se mostrado extremamente gratificante e satisfat\u00f3rio \u00e0 medida em que mais vidas s\u00e3o salvas atrav\u00e9s do espa\u00e7o.<\/p>\n\n\n\n<p>\u201c\u00c9 dif\u00edcil, mas \u00e9 emocionante na mesma medida. \u00c9 um desafio que assumimos todos os dias para que possamos alcan\u00e7ar mais mulheres que possam vir a precisar de nosso apoio. \u00c9 a partir do trabalho que realizamos aqui que conseguimos observar resultados muito positivos na vida de mulheres que agora conseguem olhar para si e perceber que ainda existe for\u00e7a dentro de si, que ainda existe uma perspectiva de vida para elas e para aqueles que est\u00e3o ao seu lado\u201d, concluiu.<\/p>\n\n\n\n<p>\u2013 \u2013 \u2013<\/p>\n\n\n\n<p><strong>Texto: <\/strong>Guilherme Pacheco \/ Semasc<\/p>\n\n\n\n<p><strong>Foto: <\/strong>Arquivo Semcom &nbsp;<\/p>\n","protected":false},"excerpt":{"rendered":"","protected":false},"author":56,"featured_media":210737,"comment_status":"closed","ping_status":"closed","sticky":false,"template":"","format":"standard","meta":{"footnotes":""},"categories":[195],"tags":[],"acf":[],"yoast_head":"<!-- This site is optimized with the Yoast SEO plugin v23.0 - https:\/\/yoast.com\/wordpress\/plugins\/seo\/ -->\n<title>\u2018Ycamiabas\u2019 completa um ano de atividades como um dos equipamentos socioassistenciais mais importantes da gest\u00e3o municipal na prote\u00e7\u00e3o de mulheres - SEMASC<\/title>\n<meta name=\"robots\" content=\"noindex, follow\" \/>\n<meta property=\"og:locale\" content=\"pt_BR\" \/>\n<meta property=\"og:type\" content=\"article\" \/>\n<meta property=\"og:title\" content=\"\u2018Ycamiabas\u2019 completa um ano de atividades como um dos equipamentos socioassistenciais mais importantes da gest\u00e3o municipal na prote\u00e7\u00e3o de mulheres - SEMASC\" \/>\n<meta property=\"og:url\" content=\"https:\/\/www.manaus.am.gov.br\/semasc\/ycamiabas-completa-um-ano-de-atividades-como-um-dos-equipamentos-socioassistenciais-mais-importantes-da-gestao-municipal-na-protecao-de-mulheres\/\" \/>\n<meta property=\"og:site_name\" content=\"SEMASC\" \/>\n<meta property=\"article:publisher\" content=\"https:\/\/www.facebook.com\/semascmanaus\" \/>\n<meta property=\"article:published_time\" content=\"2024-07-22T16:28:10+00:00\" \/>\n<meta property=\"article:modified_time\" content=\"2024-08-09T18:03:14+00:00\" \/>\n<meta property=\"og:image\" content=\"https:\/\/www.manaus.am.gov.br\/semasc\/wp-content\/uploads\/sites\/17\/2024\/07\/IMG_7957.jpg\" \/>\n\t<meta property=\"og:image:width\" content=\"2592\" \/>\n\t<meta property=\"og:image:height\" content=\"1728\" \/>\n\t<meta property=\"og:image:type\" content=\"image\/jpeg\" \/>\n<meta name=\"author\" content=\"leofierro\" \/>\n<meta name=\"twitter:card\" content=\"summary_large_image\" \/>\n<meta name=\"twitter:label1\" content=\"Written by\" \/>\n\t<meta name=\"twitter:data1\" content=\"leofierro\" \/>\n\t<meta name=\"twitter:label2\" content=\"Est. reading time\" \/>\n\t<meta name=\"twitter:data2\" content=\"7 minutos\" \/>\n<script type=\"application\/ld+json\" class=\"yoast-schema-graph\">{\"@context\":\"https:\/\/schema.org\",\"@graph\":[{\"@type\":\"Article\",\"@id\":\"https:\/\/www.manaus.am.gov.br\/semasc\/ycamiabas-completa-um-ano-de-atividades-como-um-dos-equipamentos-socioassistenciais-mais-importantes-da-gestao-municipal-na-protecao-de-mulheres\/#article\",\"isPartOf\":{\"@id\":\"https:\/\/www.manaus.am.gov.br\/semasc\/ycamiabas-completa-um-ano-de-atividades-como-um-dos-equipamentos-socioassistenciais-mais-importantes-da-gestao-municipal-na-protecao-de-mulheres\/\"},\"author\":{\"name\":\"leofierro\",\"@id\":\"https:\/\/www.manaus.am.gov.br\/semasc\/#\/schema\/person\/68c6a77f3dcf3f40a0d6e6ad5076718c\"},\"headline\":\"\u2018Ycamiabas\u2019 completa um ano de atividades como um dos equipamentos socioassistenciais mais importantes da gest\u00e3o municipal na prote\u00e7\u00e3o de mulheres\",\"datePublished\":\"2024-07-22T16:28:10+00:00\",\"dateModified\":\"2024-08-09T18:03:14+00:00\",\"mainEntityOfPage\":{\"@id\":\"https:\/\/www.manaus.am.gov.br\/semasc\/ycamiabas-completa-um-ano-de-atividades-como-um-dos-equipamentos-socioassistenciais-mais-importantes-da-gestao-municipal-na-protecao-de-mulheres\/\"},\"wordCount\":1279,\"publisher\":{\"@id\":\"https:\/\/www.manaus.am.gov.br\/semasc\/#organization\"},\"image\":{\"@id\":\"https:\/\/www.manaus.am.gov.br\/semasc\/ycamiabas-completa-um-ano-de-atividades-como-um-dos-equipamentos-socioassistenciais-mais-importantes-da-gestao-municipal-na-protecao-de-mulheres\/#primaryimage\"},\"thumbnailUrl\":\"https:\/\/www.manaus.am.gov.br\/semasc\/wp-content\/uploads\/sites\/17\/2024\/07\/IMG_7957.jpg\",\"articleSection\":[\"Pol\u00edticas P\u00fablicas\"],\"inLanguage\":\"pt-BR\"},{\"@type\":\"WebPage\",\"@id\":\"https:\/\/www.manaus.am.gov.br\/semasc\/ycamiabas-completa-um-ano-de-atividades-como-um-dos-equipamentos-socioassistenciais-mais-importantes-da-gestao-municipal-na-protecao-de-mulheres\/\",\"url\":\"https:\/\/www.manaus.am.gov.br\/semasc\/ycamiabas-completa-um-ano-de-atividades-como-um-dos-equipamentos-socioassistenciais-mais-importantes-da-gestao-municipal-na-protecao-de-mulheres\/\",\"name\":\"\u2018Ycamiabas\u2019 completa um ano de atividades como um dos equipamentos socioassistenciais mais importantes da gest\u00e3o municipal na prote\u00e7\u00e3o de mulheres - SEMASC\",\"isPartOf\":{\"@id\":\"https:\/\/www.manaus.am.gov.br\/semasc\/#website\"},\"primaryImageOfPage\":{\"@id\":\"https:\/\/www.manaus.am.gov.br\/semasc\/ycamiabas-completa-um-ano-de-atividades-como-um-dos-equipamentos-socioassistenciais-mais-importantes-da-gestao-municipal-na-protecao-de-mulheres\/#primaryimage\"},\"image\":{\"@id\":\"https:\/\/www.manaus.am.gov.br\/semasc\/ycamiabas-completa-um-ano-de-atividades-como-um-dos-equipamentos-socioassistenciais-mais-importantes-da-gestao-municipal-na-protecao-de-mulheres\/#primaryimage\"},\"thumbnailUrl\":\"https:\/\/www.manaus.am.gov.br\/semasc\/wp-content\/uploads\/sites\/17\/2024\/07\/IMG_7957.jpg\",\"datePublished\":\"2024-07-22T16:28:10+00:00\",\"dateModified\":\"2024-08-09T18:03:14+00:00\",\"breadcrumb\":{\"@id\":\"https:\/\/www.manaus.am.gov.br\/semasc\/ycamiabas-completa-um-ano-de-atividades-como-um-dos-equipamentos-socioassistenciais-mais-importantes-da-gestao-municipal-na-protecao-de-mulheres\/#breadcrumb\"},\"inLanguage\":\"pt-BR\",\"potentialAction\":[{\"@type\":\"ReadAction\",\"target\":[\"https:\/\/www.manaus.am.gov.br\/semasc\/ycamiabas-completa-um-ano-de-atividades-como-um-dos-equipamentos-socioassistenciais-mais-importantes-da-gestao-municipal-na-protecao-de-mulheres\/\"]}]},{\"@type\":\"ImageObject\",\"inLanguage\":\"pt-BR\",\"@id\":\"https:\/\/www.manaus.am.gov.br\/semasc\/ycamiabas-completa-um-ano-de-atividades-como-um-dos-equipamentos-socioassistenciais-mais-importantes-da-gestao-municipal-na-protecao-de-mulheres\/#primaryimage\",\"url\":\"https:\/\/www.manaus.am.gov.br\/semasc\/wp-content\/uploads\/sites\/17\/2024\/07\/IMG_7957.jpg\",\"contentUrl\":\"https:\/\/www.manaus.am.gov.br\/semasc\/wp-content\/uploads\/sites\/17\/2024\/07\/IMG_7957.jpg\",\"width\":2592,\"height\":1728},{\"@type\":\"BreadcrumbList\",\"@id\":\"https:\/\/www.manaus.am.gov.br\/semasc\/ycamiabas-completa-um-ano-de-atividades-como-um-dos-equipamentos-socioassistenciais-mais-importantes-da-gestao-municipal-na-protecao-de-mulheres\/#breadcrumb\",\"itemListElement\":[{\"@type\":\"ListItem\",\"position\":1,\"name\":\"Home\",\"item\":\"https:\/\/www.manaus.am.gov.br\/semasc\/\"},{\"@type\":\"ListItem\",\"position\":2,\"name\":\"\u2018Ycamiabas\u2019 completa um ano de atividades como um dos equipamentos socioassistenciais mais importantes da gest\u00e3o municipal na prote\u00e7\u00e3o de mulheres\"}]},{\"@type\":\"WebSite\",\"@id\":\"https:\/\/www.manaus.am.gov.br\/semasc\/#website\",\"url\":\"https:\/\/www.manaus.am.gov.br\/semasc\/\",\"name\":\"SEMASC\",\"description\":\"Secretaria Municipal da Mulher, Assist\u00eancia Social e Cidadania.\",\"publisher\":{\"@id\":\"https:\/\/www.manaus.am.gov.br\/semasc\/#organization\"},\"alternateName\":\"Secretaria Municipal da Mulher, Assist\u00eancia Social e Cidadania\",\"potentialAction\":[{\"@type\":\"SearchAction\",\"target\":{\"@type\":\"EntryPoint\",\"urlTemplate\":\"https:\/\/www.manaus.am.gov.br\/semasc\/?s={search_term_string}\"},\"query-input\":\"required name=search_term_string\"}],\"inLanguage\":\"pt-BR\"},{\"@type\":\"Organization\",\"@id\":\"https:\/\/www.manaus.am.gov.br\/semasc\/#organization\",\"name\":\"Prefeitura de Manaus\",\"alternateName\":\"Prefeitura Municipal de Manaus\",\"url\":\"https:\/\/www.manaus.am.gov.br\/semasc\/\",\"logo\":{\"@type\":\"ImageObject\",\"inLanguage\":\"pt-BR\",\"@id\":\"https:\/\/www.manaus.am.gov.br\/semasc\/#\/schema\/logo\/image\/\",\"url\":\"https:\/\/www.manaus.am.gov.br\/semasc\/wp-content\/uploads\/sites\/17\/2024\/07\/favicon.png\",\"contentUrl\":\"https:\/\/www.manaus.am.gov.br\/semasc\/wp-content\/uploads\/sites\/17\/2024\/07\/favicon.png\",\"width\":300,\"height\":300,\"caption\":\"Prefeitura de Manaus\"},\"image\":{\"@id\":\"https:\/\/www.manaus.am.gov.br\/semasc\/#\/schema\/logo\/image\/\"},\"sameAs\":[\"https:\/\/www.facebook.com\/semascmanaus\",\"https:\/\/www.instagram.com\/semascmanaus\/\"]},{\"@type\":\"Person\",\"@id\":\"https:\/\/www.manaus.am.gov.br\/semasc\/#\/schema\/person\/68c6a77f3dcf3f40a0d6e6ad5076718c\",\"name\":\"leofierro\",\"image\":{\"@type\":\"ImageObject\",\"inLanguage\":\"pt-BR\",\"@id\":\"https:\/\/www.manaus.am.gov.br\/semasc\/#\/schema\/person\/image\/\",\"url\":\"https:\/\/secure.gravatar.com\/avatar\/30d8783eede7767036ae574037a3f2de?s=96&d=mm&r=g\",\"contentUrl\":\"https:\/\/secure.gravatar.com\/avatar\/30d8783eede7767036ae574037a3f2de?s=96&d=mm&r=g\",\"caption\":\"leofierro\"}}]}<\/script>\n<!-- \/ Yoast SEO plugin. -->","yoast_head_json":{"title":"\u2018Ycamiabas\u2019 completa um ano de atividades como um dos equipamentos socioassistenciais mais importantes da gest\u00e3o municipal na prote\u00e7\u00e3o de mulheres - SEMASC","robots":{"index":"noindex","follow":"follow"},"og_locale":"pt_BR","og_type":"article","og_title":"\u2018Ycamiabas\u2019 completa um ano de atividades como um dos equipamentos socioassistenciais mais importantes da gest\u00e3o municipal na prote\u00e7\u00e3o de mulheres - SEMASC","og_url":"https:\/\/www.manaus.am.gov.br\/semasc\/ycamiabas-completa-um-ano-de-atividades-como-um-dos-equipamentos-socioassistenciais-mais-importantes-da-gestao-municipal-na-protecao-de-mulheres\/","og_site_name":"SEMASC","article_publisher":"https:\/\/www.facebook.com\/semascmanaus","article_published_time":"2024-07-22T16:28:10+00:00","article_modified_time":"2024-08-09T18:03:14+00:00","og_image":[{"width":2592,"height":1728,"url":"https:\/\/www.manaus.am.gov.br\/semasc\/wp-content\/uploads\/sites\/17\/2024\/07\/IMG_7957.jpg","type":"image\/jpeg"}],"author":"leofierro","twitter_card":"summary_large_image","twitter_misc":{"Written by":"leofierro","Est. reading time":"7 minutos"},"schema":{"@context":"https:\/\/schema.org","@graph":[{"@type":"Article","@id":"https:\/\/www.manaus.am.gov.br\/semasc\/ycamiabas-completa-um-ano-de-atividades-como-um-dos-equipamentos-socioassistenciais-mais-importantes-da-gestao-municipal-na-protecao-de-mulheres\/#article","isPartOf":{"@id":"https:\/\/www.manaus.am.gov.br\/semasc\/ycamiabas-completa-um-ano-de-atividades-como-um-dos-equipamentos-socioassistenciais-mais-importantes-da-gestao-municipal-na-protecao-de-mulheres\/"},"author":{"name":"leofierro","@id":"https:\/\/www.manaus.am.gov.br\/semasc\/#\/schema\/person\/68c6a77f3dcf3f40a0d6e6ad5076718c"},"headline":"\u2018Ycamiabas\u2019 completa um ano de atividades como um dos equipamentos socioassistenciais mais importantes da gest\u00e3o municipal na prote\u00e7\u00e3o de mulheres","datePublished":"2024-07-22T16:28:10+00:00","dateModified":"2024-08-09T18:03:14+00:00","mainEntityOfPage":{"@id":"https:\/\/www.manaus.am.gov.br\/semasc\/ycamiabas-completa-um-ano-de-atividades-como-um-dos-equipamentos-socioassistenciais-mais-importantes-da-gestao-municipal-na-protecao-de-mulheres\/"},"wordCount":1279,"publisher":{"@id":"https:\/\/www.manaus.am.gov.br\/semasc\/#organization"},"image":{"@id":"https:\/\/www.manaus.am.gov.br\/semasc\/ycamiabas-completa-um-ano-de-atividades-como-um-dos-equipamentos-socioassistenciais-mais-importantes-da-gestao-municipal-na-protecao-de-mulheres\/#primaryimage"},"thumbnailUrl":"https:\/\/www.manaus.am.gov.br\/semasc\/wp-content\/uploads\/sites\/17\/2024\/07\/IMG_7957.jpg","articleSection":["Pol\u00edticas P\u00fablicas"],"inLanguage":"pt-BR"},{"@type":"WebPage","@id":"https:\/\/www.manaus.am.gov.br\/semasc\/ycamiabas-completa-um-ano-de-atividades-como-um-dos-equipamentos-socioassistenciais-mais-importantes-da-gestao-municipal-na-protecao-de-mulheres\/","url":"https:\/\/www.manaus.am.gov.br\/semasc\/ycamiabas-completa-um-ano-de-atividades-como-um-dos-equipamentos-socioassistenciais-mais-importantes-da-gestao-municipal-na-protecao-de-mulheres\/","name":"\u2018Ycamiabas\u2019 completa um ano de atividades como um dos equipamentos socioassistenciais mais importantes da gest\u00e3o municipal na prote\u00e7\u00e3o de mulheres - SEMASC","isPartOf":{"@id":"https:\/\/www.manaus.am.gov.br\/semasc\/#website"},"primaryImageOfPage":{"@id":"https:\/\/www.manaus.am.gov.br\/semasc\/ycamiabas-completa-um-ano-de-atividades-como-um-dos-equipamentos-socioassistenciais-mais-importantes-da-gestao-municipal-na-protecao-de-mulheres\/#primaryimage"},"image":{"@id":"https:\/\/www.manaus.am.gov.br\/semasc\/ycamiabas-completa-um-ano-de-atividades-como-um-dos-equipamentos-socioassistenciais-mais-importantes-da-gestao-municipal-na-protecao-de-mulheres\/#primaryimage"},"thumbnailUrl":"https:\/\/www.manaus.am.gov.br\/semasc\/wp-content\/uploads\/sites\/17\/2024\/07\/IMG_7957.jpg","datePublished":"2024-07-22T16:28:10+00:00","dateModified":"2024-08-09T18:03:14+00:00","breadcrumb":{"@id":"https:\/\/www.manaus.am.gov.br\/semasc\/ycamiabas-completa-um-ano-de-atividades-como-um-dos-equipamentos-socioassistenciais-mais-importantes-da-gestao-municipal-na-protecao-de-mulheres\/#breadcrumb"},"inLanguage":"pt-BR","potentialAction":[{"@type":"ReadAction","target":["https:\/\/www.manaus.am.gov.br\/semasc\/ycamiabas-completa-um-ano-de-atividades-como-um-dos-equipamentos-socioassistenciais-mais-importantes-da-gestao-municipal-na-protecao-de-mulheres\/"]}]},{"@type":"ImageObject","inLanguage":"pt-BR","@id":"https:\/\/www.manaus.am.gov.br\/semasc\/ycamiabas-completa-um-ano-de-atividades-como-um-dos-equipamentos-socioassistenciais-mais-importantes-da-gestao-municipal-na-protecao-de-mulheres\/#primaryimage","url":"https:\/\/www.manaus.am.gov.br\/semasc\/wp-content\/uploads\/sites\/17\/2024\/07\/IMG_7957.jpg","contentUrl":"https:\/\/www.manaus.am.gov.br\/semasc\/wp-content\/uploads\/sites\/17\/2024\/07\/IMG_7957.jpg","width":2592,"height":1728},{"@type":"BreadcrumbList","@id":"https:\/\/www.manaus.am.gov.br\/semasc\/ycamiabas-completa-um-ano-de-atividades-como-um-dos-equipamentos-socioassistenciais-mais-importantes-da-gestao-municipal-na-protecao-de-mulheres\/#breadcrumb","itemListElement":[{"@type":"ListItem","position":1,"name":"Home","item":"https:\/\/www.manaus.am.gov.br\/semasc\/"},{"@type":"ListItem","position":2,"name":"\u2018Ycamiabas\u2019 completa um ano de atividades como um dos equipamentos socioassistenciais mais importantes da gest\u00e3o municipal na prote\u00e7\u00e3o de mulheres"}]},{"@type":"WebSite","@id":"https:\/\/www.manaus.am.gov.br\/semasc\/#website","url":"https:\/\/www.manaus.am.gov.br\/semasc\/","name":"SEMASC","description":"Secretaria Municipal da Mulher, Assist\u00eancia Social e Cidadania.","publisher":{"@id":"https:\/\/www.manaus.am.gov.br\/semasc\/#organization"},"alternateName":"Secretaria Municipal da Mulher, Assist\u00eancia Social e Cidadania","potentialAction":[{"@type":"SearchAction","target":{"@type":"EntryPoint","urlTemplate":"https:\/\/www.manaus.am.gov.br\/semasc\/?s={search_term_string}"},"query-input":"required name=search_term_string"}],"inLanguage":"pt-BR"},{"@type":"Organization","@id":"https:\/\/www.manaus.am.gov.br\/semasc\/#organization","name":"Prefeitura de Manaus","alternateName":"Prefeitura Municipal de Manaus","url":"https:\/\/www.manaus.am.gov.br\/semasc\/","logo":{"@type":"ImageObject","inLanguage":"pt-BR","@id":"https:\/\/www.manaus.am.gov.br\/semasc\/#\/schema\/logo\/image\/","url":"https:\/\/www.manaus.am.gov.br\/semasc\/wp-content\/uploads\/sites\/17\/2024\/07\/favicon.png","contentUrl":"https:\/\/www.manaus.am.gov.br\/semasc\/wp-content\/uploads\/sites\/17\/2024\/07\/favicon.png","width":300,"height":300,"caption":"Prefeitura de Manaus"},"image":{"@id":"https:\/\/www.manaus.am.gov.br\/semasc\/#\/schema\/logo\/image\/"},"sameAs":["https:\/\/www.facebook.com\/semascmanaus","https:\/\/www.instagram.com\/semascmanaus\/"]},{"@type":"Person","@id":"https:\/\/www.manaus.am.gov.br\/semasc\/#\/schema\/person\/68c6a77f3dcf3f40a0d6e6ad5076718c","name":"leofierro","image":{"@type":"ImageObject","inLanguage":"pt-BR","@id":"https:\/\/www.manaus.am.gov.br\/semasc\/#\/schema\/person\/image\/","url":"https:\/\/secure.gravatar.com\/avatar\/30d8783eede7767036ae574037a3f2de?s=96&d=mm&r=g","contentUrl":"https:\/\/secure.gravatar.com\/avatar\/30d8783eede7767036ae574037a3f2de?s=96&d=mm&r=g","caption":"leofierro"}}]}},"_links":{"self":[{"href":"https:\/\/www.manaus.am.gov.br\/semasc\/wp-json\/wp\/v2\/posts\/210736"}],"collection":[{"href":"https:\/\/www.manaus.am.gov.br\/semasc\/wp-json\/wp\/v2\/posts"}],"about":[{"href":"https:\/\/www.manaus.am.gov.br\/semasc\/wp-json\/wp\/v2\/types\/post"}],"author":[{"embeddable":true,"href":"https:\/\/www.manaus.am.gov.br\/semasc\/wp-json\/wp\/v2\/users\/56"}],"replies":[{"embeddable":true,"href":"https:\/\/www.manaus.am.gov.br\/semasc\/wp-json\/wp\/v2\/comments?post=210736"}],"version-history":[{"count":1,"href":"https:\/\/www.manaus.am.gov.br\/semasc\/wp-json\/wp\/v2\/posts\/210736\/revisions"}],"predecessor-version":[{"id":210738,"href":"https:\/\/www.manaus.am.gov.br\/semasc\/wp-json\/wp\/v2\/posts\/210736\/revisions\/210738"}],"wp:featuredmedia":[{"embeddable":true,"href":"https:\/\/www.manaus.am.gov.br\/semasc\/wp-json\/wp\/v2\/media\/210737"}],"wp:attachment":[{"href":"https:\/\/www.manaus.am.gov.br\/semasc\/wp-json\/wp\/v2\/media?parent=210736"}],"wp:term":[{"taxonomy":"category","embeddable":true,"href":"https:\/\/www.manaus.am.gov.br\/semasc\/wp-json\/wp\/v2\/categories?post=210736"},{"taxonomy":"post_tag","embeddable":true,"href":"https:\/\/www.manaus.am.gov.br\/semasc\/wp-json\/wp\/v2\/tags?post=210736"}],"curies":[{"name":"wp","href":"https:\/\/api.w.org\/{rel}","templated":true}]}}