{"id":210727,"date":"2024-07-18T14:00:48","date_gmt":"2024-07-18T18:00:48","guid":{"rendered":"https:\/\/www.manaus.am.gov.br\/semasc\/?p=210727"},"modified":"2024-08-07T13:56:38","modified_gmt":"2024-08-07T17:56:38","slug":"prefeitura-inaugura-a-10a-unidade-prato-do-povo-nesta-quinta-feira-18-7","status":"publish","type":"post","link":"https:\/\/www.manaus.am.gov.br\/semasc\/prefeitura-inaugura-a-10a-unidade-prato-do-povo-nesta-quinta-feira-18-7\/","title":{"rendered":"Prefeitura inaugura a 10\u00aa unidade \u2018Prato do Povo\u2019 nesta quinta-feira, 18\/7"},"content":{"rendered":"\n<p>A Prefeitura de Manaus, por meio da Secretaria Municipal da Mulher, Assist\u00eancia Social e Cidadania (Semasc) inaugura na pr\u00f3xima quinta-feira, 18\/7, \u00e0s 10h, a d\u00e9cima unidade Prato do Povo da capital, desta vez localizada no bairro Novo Israel, zona Norte. A iniciativa, que integra as a\u00e7\u00f5es do programa \u201cManaus sem Fome\u201d, visa proporcionar alimenta\u00e7\u00e3o saud\u00e1vel e acess\u00edvel para a popula\u00e7\u00e3o. O programa \u00e9 fruto de emenda parlamentar do deputado federal Saullo Vianna.<\/p>\n\n\n\n<p>Al\u00e9m dos 10 Pratos do Povo, que distribuem, de forma gratuita, mil refei\u00e7\u00f5es por dia, Manaus conta tamb\u00e9m com seis cozinhas comunit\u00e1rias e dois restaurantes populares, permitindo que o munic\u00edpio distribua mais de 265 mil refei\u00e7\u00f5es por m\u00eas atrav\u00e9s desses espa\u00e7os. Em um ano, o n\u00famero passar\u00e1 de 3 milh\u00f5es de refei\u00e7\u00f5es servidas.<\/p>\n\n\n\n<p>&#8220;Voc\u00eas n\u00e3o sabem o quanto ficamos felizes em poder trazer comida para o prato de quem n\u00e3o tem o que comer. Para n\u00f3s, \u00e9 at\u00e9 mesmo uma ben\u00e7\u00e3o ter a oportunidade de fazer parte de uma gest\u00e3o que, mesmo olhando para as necessidades de grande escala de nossa cidade, nunca se esquece de quem realmente precisa da m\u00e3o amiga do poder p\u00fablico: as pessoas mais simples e humildes&#8221;, destacou o vice-prefeito e secret\u00e1rio-chefe da Casa Civil, Marcos Rotta.<\/p>\n\n\n\n<p>Com a inaugura\u00e7\u00e3o da nova unidade, o programa &#8220;Prato do Povo&#8221; amplia sua capacidade de atendimento, beneficiando um n\u00famero ainda maior de pessoas em situa\u00e7\u00e3o de vulnerabilidade. Al\u00e9m disso, a presen\u00e7a do programa em diferentes regi\u00f5es da cidade facilita o acesso dos cidad\u00e3os aos servi\u00e7os alimentares essenciais. De acordo com a secret\u00e1ria da Semasc, Dermi Rayol, o programa representa n\u00e3o apenas o acesso a comida de qualidade por parte de fam\u00edlias em situa\u00e7\u00e3o de vulnerabilidade, mas o compromisso da gest\u00e3o municipal em garantir qualidade de vida para a popula\u00e7\u00e3o manauara.<\/p>\n\n\n\n<p>&#8220;Nosso trabalho n\u00e3o se trata apenas de trazer comida para a mesa dessas fam\u00edlias, nosso trabalho tamb\u00e9m tem trazido dignidade, conforto, acolhimento e respeito a essas pessoas. Ningu\u00e9m deveria acordar sem saber se vai ter o que comer ao longo do dia e \u00e9 para que ningu\u00e9m mais passe por isso que trabalhamos todos os dias&#8221;, frisou.<\/p>\n\n\n\n<p>As dez unidades do Prato do Povo inauguradas por meio do programa \u201cManaus Sem Fome\u201d, est\u00e3o localizadas nos bairros Viver Melhor, Jorge Teixeira, Col\u00f4nia Ant\u00f4nio Aleixo, Armando Mendes, Tarum\u00e3-a\u00e7u, Grande Vit\u00f3ria, Tarum\u00e3, Santa Etelvina e Santa In\u00eas.<\/p>\n\n\n\n<p>Para a psic\u00f3loga S\u00edlvia Valente, que decidiu conhecer o equipamento e experimentar a comida do &#8220;Prato do Povo&#8221;, a iniciativa \u00e9 essencial para a garantia de direitos de comunidades e bairros historicamente afetados pela desigualdade social na cidade de Manaus.<\/p>\n\n\n\n<p>&#8220;Qualquer um que venha aqui como eu vim consegue perceber que \u00e9 uma comida de qualidade, um trabalho executado de maneira eficaz e um espa\u00e7o com bem projetado para nos receber, para receber a popula\u00e7\u00e3o. \u00c9 impressionante ter a ci\u00eancia de que quem precisa de comida, mas n\u00e3o possui condi\u00e7\u00f5es, agora pode contar com espa\u00e7os como este&#8221;, concluiu.<\/p>\n\n\n\n<p><strong>Programa \u201cManaus Sem Fome\u201d<\/strong><\/p>\n\n\n\n<p>O programa \u201cManaus Sem Fome\u201d foi lan\u00e7ado pela gest\u00e3o municipal em dezembro do ano passado, contando com emenda parlamentar do deputado federal Saullo Vianna, com o objetivo de erradicar a inseguran\u00e7a alimentar e nutricional na cidade de Manaus por meio do acesso facilitado a refei\u00e7\u00f5es de qualidade e outras pol\u00edticas p\u00fablicas.<\/p>\n\n\n\n<p>Al\u00e9m da implanta\u00e7\u00e3o de dez unidades \u201cPrato do Povo\u201d, outras medidas do programa incluem a revitaliza\u00e7\u00e3o de todas as Cozinhas Comunit\u00e1rias e Restaurantes Populares do munic\u00edpio, a inaugura\u00e7\u00e3o de uma nova cozinha comunit\u00e1ria no bairro S\u00e3o Jos\u00e9 IV, na zona Leste, a implanta\u00e7\u00e3o do primeiro \u201cBanco Municipal de Alimentos\u201d de Manaus, que vai receber, reciclar e armazenar doa\u00e7\u00f5es destinadas \u00e0s Cozinhas Comunit\u00e1rias, al\u00e9m da aquisi\u00e7\u00e3o e distribui\u00e7\u00e3o de 100 mil cestas b\u00e1sicas para fam\u00edlias inseridas no Cadastro \u00danico.<\/p>\n\n\n\n<p><strong>\u2013 \u2013 \u2013<\/strong><\/p>\n\n\n\n<p><strong>Texto: <\/strong>Guilherme Pacheco \/ Semasc<\/p>\n\n\n\n<p><strong>Fotos: <\/strong>Diego Lima \/ Semasc<\/p>\n","protected":false},"excerpt":{"rendered":"","protected":false},"author":56,"featured_media":210728,"comment_status":"closed","ping_status":"closed","sticky":false,"template":"","format":"standard","meta":{"footnotes":""},"categories":[195],"tags":[],"acf":[],"yoast_head":"<!-- This site is optimized with the Yoast SEO plugin v23.0 - https:\/\/yoast.com\/wordpress\/plugins\/seo\/ -->\n<title>Prefeitura inaugura a 10\u00aa unidade \u2018Prato do Povo\u2019 nesta quinta-feira, 18\/7 - SEMASC<\/title>\n<meta name=\"robots\" content=\"noindex, follow\" \/>\n<meta property=\"og:locale\" content=\"pt_BR\" \/>\n<meta property=\"og:type\" content=\"article\" \/>\n<meta property=\"og:title\" content=\"Prefeitura inaugura a 10\u00aa unidade \u2018Prato do Povo\u2019 nesta quinta-feira, 18\/7 - SEMASC\" \/>\n<meta property=\"og:url\" content=\"https:\/\/www.manaus.am.gov.br\/semasc\/prefeitura-inaugura-a-10a-unidade-prato-do-povo-nesta-quinta-feira-18-7\/\" \/>\n<meta property=\"og:site_name\" content=\"SEMASC\" \/>\n<meta property=\"article:publisher\" content=\"https:\/\/www.facebook.com\/semascmanaus\" \/>\n<meta property=\"article:published_time\" content=\"2024-07-18T18:00:48+00:00\" \/>\n<meta property=\"article:modified_time\" content=\"2024-08-07T17:56:38+00:00\" \/>\n<meta property=\"og:image\" content=\"https:\/\/www.manaus.am.gov.br\/semasc\/wp-content\/uploads\/sites\/17\/2024\/07\/IMG_8650.jpg\" \/>\n\t<meta property=\"og:image:width\" content=\"2592\" \/>\n\t<meta property=\"og:image:height\" content=\"1728\" \/>\n\t<meta property=\"og:image:type\" content=\"image\/jpeg\" \/>\n<meta name=\"author\" content=\"leofierro\" \/>\n<meta name=\"twitter:card\" content=\"summary_large_image\" \/>\n<meta name=\"twitter:label1\" content=\"Written by\" \/>\n\t<meta name=\"twitter:data1\" content=\"leofierro\" \/>\n\t<meta name=\"twitter:label2\" content=\"Est. reading time\" \/>\n\t<meta name=\"twitter:data2\" content=\"4 minutos\" \/>\n<script type=\"application\/ld+json\" class=\"yoast-schema-graph\">{\"@context\":\"https:\/\/schema.org\",\"@graph\":[{\"@type\":\"Article\",\"@id\":\"https:\/\/www.manaus.am.gov.br\/semasc\/prefeitura-inaugura-a-10a-unidade-prato-do-povo-nesta-quinta-feira-18-7\/#article\",\"isPartOf\":{\"@id\":\"https:\/\/www.manaus.am.gov.br\/semasc\/prefeitura-inaugura-a-10a-unidade-prato-do-povo-nesta-quinta-feira-18-7\/\"},\"author\":{\"name\":\"leofierro\",\"@id\":\"https:\/\/www.manaus.am.gov.br\/semasc\/#\/schema\/person\/68c6a77f3dcf3f40a0d6e6ad5076718c\"},\"headline\":\"Prefeitura inaugura a 10\u00aa unidade \u2018Prato do Povo\u2019 nesta quinta-feira, 18\/7\",\"datePublished\":\"2024-07-18T18:00:48+00:00\",\"dateModified\":\"2024-08-07T17:56:38+00:00\",\"mainEntityOfPage\":{\"@id\":\"https:\/\/www.manaus.am.gov.br\/semasc\/prefeitura-inaugura-a-10a-unidade-prato-do-povo-nesta-quinta-feira-18-7\/\"},\"wordCount\":709,\"publisher\":{\"@id\":\"https:\/\/www.manaus.am.gov.br\/semasc\/#organization\"},\"image\":{\"@id\":\"https:\/\/www.manaus.am.gov.br\/semasc\/prefeitura-inaugura-a-10a-unidade-prato-do-povo-nesta-quinta-feira-18-7\/#primaryimage\"},\"thumbnailUrl\":\"https:\/\/www.manaus.am.gov.br\/semasc\/wp-content\/uploads\/sites\/17\/2024\/07\/IMG_8650.jpg\",\"articleSection\":[\"Pol\u00edticas P\u00fablicas\"],\"inLanguage\":\"pt-BR\"},{\"@type\":\"WebPage\",\"@id\":\"https:\/\/www.manaus.am.gov.br\/semasc\/prefeitura-inaugura-a-10a-unidade-prato-do-povo-nesta-quinta-feira-18-7\/\",\"url\":\"https:\/\/www.manaus.am.gov.br\/semasc\/prefeitura-inaugura-a-10a-unidade-prato-do-povo-nesta-quinta-feira-18-7\/\",\"name\":\"Prefeitura inaugura a 10\u00aa unidade \u2018Prato do Povo\u2019 nesta quinta-feira, 18\/7 - SEMASC\",\"isPartOf\":{\"@id\":\"https:\/\/www.manaus.am.gov.br\/semasc\/#website\"},\"primaryImageOfPage\":{\"@id\":\"https:\/\/www.manaus.am.gov.br\/semasc\/prefeitura-inaugura-a-10a-unidade-prato-do-povo-nesta-quinta-feira-18-7\/#primaryimage\"},\"image\":{\"@id\":\"https:\/\/www.manaus.am.gov.br\/semasc\/prefeitura-inaugura-a-10a-unidade-prato-do-povo-nesta-quinta-feira-18-7\/#primaryimage\"},\"thumbnailUrl\":\"https:\/\/www.manaus.am.gov.br\/semasc\/wp-content\/uploads\/sites\/17\/2024\/07\/IMG_8650.jpg\",\"datePublished\":\"2024-07-18T18:00:48+00:00\",\"dateModified\":\"2024-08-07T17:56:38+00:00\",\"breadcrumb\":{\"@id\":\"https:\/\/www.manaus.am.gov.br\/semasc\/prefeitura-inaugura-a-10a-unidade-prato-do-povo-nesta-quinta-feira-18-7\/#breadcrumb\"},\"inLanguage\":\"pt-BR\",\"potentialAction\":[{\"@type\":\"ReadAction\",\"target\":[\"https:\/\/www.manaus.am.gov.br\/semasc\/prefeitura-inaugura-a-10a-unidade-prato-do-povo-nesta-quinta-feira-18-7\/\"]}]},{\"@type\":\"ImageObject\",\"inLanguage\":\"pt-BR\",\"@id\":\"https:\/\/www.manaus.am.gov.br\/semasc\/prefeitura-inaugura-a-10a-unidade-prato-do-povo-nesta-quinta-feira-18-7\/#primaryimage\",\"url\":\"https:\/\/www.manaus.am.gov.br\/semasc\/wp-content\/uploads\/sites\/17\/2024\/07\/IMG_8650.jpg\",\"contentUrl\":\"https:\/\/www.manaus.am.gov.br\/semasc\/wp-content\/uploads\/sites\/17\/2024\/07\/IMG_8650.jpg\",\"width\":2592,\"height\":1728},{\"@type\":\"BreadcrumbList\",\"@id\":\"https:\/\/www.manaus.am.gov.br\/semasc\/prefeitura-inaugura-a-10a-unidade-prato-do-povo-nesta-quinta-feira-18-7\/#breadcrumb\",\"itemListElement\":[{\"@type\":\"ListItem\",\"position\":1,\"name\":\"Home\",\"item\":\"https:\/\/www.manaus.am.gov.br\/semasc\/\"},{\"@type\":\"ListItem\",\"position\":2,\"name\":\"Prefeitura inaugura a 10\u00aa unidade \u2018Prato do Povo\u2019 nesta quinta-feira, 18\/7\"}]},{\"@type\":\"WebSite\",\"@id\":\"https:\/\/www.manaus.am.gov.br\/semasc\/#website\",\"url\":\"https:\/\/www.manaus.am.gov.br\/semasc\/\",\"name\":\"SEMASC\",\"description\":\"Secretaria Municipal da Mulher, Assist\u00eancia Social e Cidadania.\",\"publisher\":{\"@id\":\"https:\/\/www.manaus.am.gov.br\/semasc\/#organization\"},\"alternateName\":\"Secretaria Municipal da Mulher, Assist\u00eancia Social e Cidadania\",\"potentialAction\":[{\"@type\":\"SearchAction\",\"target\":{\"@type\":\"EntryPoint\",\"urlTemplate\":\"https:\/\/www.manaus.am.gov.br\/semasc\/?s={search_term_string}\"},\"query-input\":\"required name=search_term_string\"}],\"inLanguage\":\"pt-BR\"},{\"@type\":\"Organization\",\"@id\":\"https:\/\/www.manaus.am.gov.br\/semasc\/#organization\",\"name\":\"Prefeitura de Manaus\",\"alternateName\":\"Prefeitura Municipal de Manaus\",\"url\":\"https:\/\/www.manaus.am.gov.br\/semasc\/\",\"logo\":{\"@type\":\"ImageObject\",\"inLanguage\":\"pt-BR\",\"@id\":\"https:\/\/www.manaus.am.gov.br\/semasc\/#\/schema\/logo\/image\/\",\"url\":\"https:\/\/www.manaus.am.gov.br\/semasc\/wp-content\/uploads\/sites\/17\/2024\/07\/favicon.png\",\"contentUrl\":\"https:\/\/www.manaus.am.gov.br\/semasc\/wp-content\/uploads\/sites\/17\/2024\/07\/favicon.png\",\"width\":300,\"height\":300,\"caption\":\"Prefeitura de Manaus\"},\"image\":{\"@id\":\"https:\/\/www.manaus.am.gov.br\/semasc\/#\/schema\/logo\/image\/\"},\"sameAs\":[\"https:\/\/www.facebook.com\/semascmanaus\",\"https:\/\/www.instagram.com\/semascmanaus\/\"]},{\"@type\":\"Person\",\"@id\":\"https:\/\/www.manaus.am.gov.br\/semasc\/#\/schema\/person\/68c6a77f3dcf3f40a0d6e6ad5076718c\",\"name\":\"leofierro\",\"image\":{\"@type\":\"ImageObject\",\"inLanguage\":\"pt-BR\",\"@id\":\"https:\/\/www.manaus.am.gov.br\/semasc\/#\/schema\/person\/image\/\",\"url\":\"https:\/\/secure.gravatar.com\/avatar\/30d8783eede7767036ae574037a3f2de?s=96&d=mm&r=g\",\"contentUrl\":\"https:\/\/secure.gravatar.com\/avatar\/30d8783eede7767036ae574037a3f2de?s=96&d=mm&r=g\",\"caption\":\"leofierro\"}}]}<\/script>\n<!-- \/ Yoast SEO plugin. -->","yoast_head_json":{"title":"Prefeitura inaugura a 10\u00aa unidade \u2018Prato do Povo\u2019 nesta quinta-feira, 18\/7 - SEMASC","robots":{"index":"noindex","follow":"follow"},"og_locale":"pt_BR","og_type":"article","og_title":"Prefeitura inaugura a 10\u00aa unidade \u2018Prato do Povo\u2019 nesta quinta-feira, 18\/7 - SEMASC","og_url":"https:\/\/www.manaus.am.gov.br\/semasc\/prefeitura-inaugura-a-10a-unidade-prato-do-povo-nesta-quinta-feira-18-7\/","og_site_name":"SEMASC","article_publisher":"https:\/\/www.facebook.com\/semascmanaus","article_published_time":"2024-07-18T18:00:48+00:00","article_modified_time":"2024-08-07T17:56:38+00:00","og_image":[{"width":2592,"height":1728,"url":"https:\/\/www.manaus.am.gov.br\/semasc\/wp-content\/uploads\/sites\/17\/2024\/07\/IMG_8650.jpg","type":"image\/jpeg"}],"author":"leofierro","twitter_card":"summary_large_image","twitter_misc":{"Written by":"leofierro","Est. reading time":"4 minutos"},"schema":{"@context":"https:\/\/schema.org","@graph":[{"@type":"Article","@id":"https:\/\/www.manaus.am.gov.br\/semasc\/prefeitura-inaugura-a-10a-unidade-prato-do-povo-nesta-quinta-feira-18-7\/#article","isPartOf":{"@id":"https:\/\/www.manaus.am.gov.br\/semasc\/prefeitura-inaugura-a-10a-unidade-prato-do-povo-nesta-quinta-feira-18-7\/"},"author":{"name":"leofierro","@id":"https:\/\/www.manaus.am.gov.br\/semasc\/#\/schema\/person\/68c6a77f3dcf3f40a0d6e6ad5076718c"},"headline":"Prefeitura inaugura a 10\u00aa unidade \u2018Prato do Povo\u2019 nesta quinta-feira, 18\/7","datePublished":"2024-07-18T18:00:48+00:00","dateModified":"2024-08-07T17:56:38+00:00","mainEntityOfPage":{"@id":"https:\/\/www.manaus.am.gov.br\/semasc\/prefeitura-inaugura-a-10a-unidade-prato-do-povo-nesta-quinta-feira-18-7\/"},"wordCount":709,"publisher":{"@id":"https:\/\/www.manaus.am.gov.br\/semasc\/#organization"},"image":{"@id":"https:\/\/www.manaus.am.gov.br\/semasc\/prefeitura-inaugura-a-10a-unidade-prato-do-povo-nesta-quinta-feira-18-7\/#primaryimage"},"thumbnailUrl":"https:\/\/www.manaus.am.gov.br\/semasc\/wp-content\/uploads\/sites\/17\/2024\/07\/IMG_8650.jpg","articleSection":["Pol\u00edticas P\u00fablicas"],"inLanguage":"pt-BR"},{"@type":"WebPage","@id":"https:\/\/www.manaus.am.gov.br\/semasc\/prefeitura-inaugura-a-10a-unidade-prato-do-povo-nesta-quinta-feira-18-7\/","url":"https:\/\/www.manaus.am.gov.br\/semasc\/prefeitura-inaugura-a-10a-unidade-prato-do-povo-nesta-quinta-feira-18-7\/","name":"Prefeitura inaugura a 10\u00aa unidade \u2018Prato do Povo\u2019 nesta quinta-feira, 18\/7 - SEMASC","isPartOf":{"@id":"https:\/\/www.manaus.am.gov.br\/semasc\/#website"},"primaryImageOfPage":{"@id":"https:\/\/www.manaus.am.gov.br\/semasc\/prefeitura-inaugura-a-10a-unidade-prato-do-povo-nesta-quinta-feira-18-7\/#primaryimage"},"image":{"@id":"https:\/\/www.manaus.am.gov.br\/semasc\/prefeitura-inaugura-a-10a-unidade-prato-do-povo-nesta-quinta-feira-18-7\/#primaryimage"},"thumbnailUrl":"https:\/\/www.manaus.am.gov.br\/semasc\/wp-content\/uploads\/sites\/17\/2024\/07\/IMG_8650.jpg","datePublished":"2024-07-18T18:00:48+00:00","dateModified":"2024-08-07T17:56:38+00:00","breadcrumb":{"@id":"https:\/\/www.manaus.am.gov.br\/semasc\/prefeitura-inaugura-a-10a-unidade-prato-do-povo-nesta-quinta-feira-18-7\/#breadcrumb"},"inLanguage":"pt-BR","potentialAction":[{"@type":"ReadAction","target":["https:\/\/www.manaus.am.gov.br\/semasc\/prefeitura-inaugura-a-10a-unidade-prato-do-povo-nesta-quinta-feira-18-7\/"]}]},{"@type":"ImageObject","inLanguage":"pt-BR","@id":"https:\/\/www.manaus.am.gov.br\/semasc\/prefeitura-inaugura-a-10a-unidade-prato-do-povo-nesta-quinta-feira-18-7\/#primaryimage","url":"https:\/\/www.manaus.am.gov.br\/semasc\/wp-content\/uploads\/sites\/17\/2024\/07\/IMG_8650.jpg","contentUrl":"https:\/\/www.manaus.am.gov.br\/semasc\/wp-content\/uploads\/sites\/17\/2024\/07\/IMG_8650.jpg","width":2592,"height":1728},{"@type":"BreadcrumbList","@id":"https:\/\/www.manaus.am.gov.br\/semasc\/prefeitura-inaugura-a-10a-unidade-prato-do-povo-nesta-quinta-feira-18-7\/#breadcrumb","itemListElement":[{"@type":"ListItem","position":1,"name":"Home","item":"https:\/\/www.manaus.am.gov.br\/semasc\/"},{"@type":"ListItem","position":2,"name":"Prefeitura inaugura a 10\u00aa unidade \u2018Prato do Povo\u2019 nesta quinta-feira, 18\/7"}]},{"@type":"WebSite","@id":"https:\/\/www.manaus.am.gov.br\/semasc\/#website","url":"https:\/\/www.manaus.am.gov.br\/semasc\/","name":"SEMASC","description":"Secretaria Municipal da Mulher, Assist\u00eancia Social e Cidadania.","publisher":{"@id":"https:\/\/www.manaus.am.gov.br\/semasc\/#organization"},"alternateName":"Secretaria Municipal da Mulher, Assist\u00eancia Social e Cidadania","potentialAction":[{"@type":"SearchAction","target":{"@type":"EntryPoint","urlTemplate":"https:\/\/www.manaus.am.gov.br\/semasc\/?s={search_term_string}"},"query-input":"required name=search_term_string"}],"inLanguage":"pt-BR"},{"@type":"Organization","@id":"https:\/\/www.manaus.am.gov.br\/semasc\/#organization","name":"Prefeitura de Manaus","alternateName":"Prefeitura Municipal de Manaus","url":"https:\/\/www.manaus.am.gov.br\/semasc\/","logo":{"@type":"ImageObject","inLanguage":"pt-BR","@id":"https:\/\/www.manaus.am.gov.br\/semasc\/#\/schema\/logo\/image\/","url":"https:\/\/www.manaus.am.gov.br\/semasc\/wp-content\/uploads\/sites\/17\/2024\/07\/favicon.png","contentUrl":"https:\/\/www.manaus.am.gov.br\/semasc\/wp-content\/uploads\/sites\/17\/2024\/07\/favicon.png","width":300,"height":300,"caption":"Prefeitura de Manaus"},"image":{"@id":"https:\/\/www.manaus.am.gov.br\/semasc\/#\/schema\/logo\/image\/"},"sameAs":["https:\/\/www.facebook.com\/semascmanaus","https:\/\/www.instagram.com\/semascmanaus\/"]},{"@type":"Person","@id":"https:\/\/www.manaus.am.gov.br\/semasc\/#\/schema\/person\/68c6a77f3dcf3f40a0d6e6ad5076718c","name":"leofierro","image":{"@type":"ImageObject","inLanguage":"pt-BR","@id":"https:\/\/www.manaus.am.gov.br\/semasc\/#\/schema\/person\/image\/","url":"https:\/\/secure.gravatar.com\/avatar\/30d8783eede7767036ae574037a3f2de?s=96&d=mm&r=g","contentUrl":"https:\/\/secure.gravatar.com\/avatar\/30d8783eede7767036ae574037a3f2de?s=96&d=mm&r=g","caption":"leofierro"}}]}},"_links":{"self":[{"href":"https:\/\/www.manaus.am.gov.br\/semasc\/wp-json\/wp\/v2\/posts\/210727"}],"collection":[{"href":"https:\/\/www.manaus.am.gov.br\/semasc\/wp-json\/wp\/v2\/posts"}],"about":[{"href":"https:\/\/www.manaus.am.gov.br\/semasc\/wp-json\/wp\/v2\/types\/post"}],"author":[{"embeddable":true,"href":"https:\/\/www.manaus.am.gov.br\/semasc\/wp-json\/wp\/v2\/users\/56"}],"replies":[{"embeddable":true,"href":"https:\/\/www.manaus.am.gov.br\/semasc\/wp-json\/wp\/v2\/comments?post=210727"}],"version-history":[{"count":1,"href":"https:\/\/www.manaus.am.gov.br\/semasc\/wp-json\/wp\/v2\/posts\/210727\/revisions"}],"predecessor-version":[{"id":210729,"href":"https:\/\/www.manaus.am.gov.br\/semasc\/wp-json\/wp\/v2\/posts\/210727\/revisions\/210729"}],"wp:featuredmedia":[{"embeddable":true,"href":"https:\/\/www.manaus.am.gov.br\/semasc\/wp-json\/wp\/v2\/media\/210728"}],"wp:attachment":[{"href":"https:\/\/www.manaus.am.gov.br\/semasc\/wp-json\/wp\/v2\/media?parent=210727"}],"wp:term":[{"taxonomy":"category","embeddable":true,"href":"https:\/\/www.manaus.am.gov.br\/semasc\/wp-json\/wp\/v2\/categories?post=210727"},{"taxonomy":"post_tag","embeddable":true,"href":"https:\/\/www.manaus.am.gov.br\/semasc\/wp-json\/wp\/v2\/tags?post=210727"}],"curies":[{"name":"wp","href":"https:\/\/api.w.org\/{rel}","templated":true}]}}