{"id":210682,"date":"2024-07-03T11:05:41","date_gmt":"2024-07-03T15:05:41","guid":{"rendered":"https:\/\/www.manaus.am.gov.br\/semasc\/visitas-tecnicas-projeto-manaus-mais-protecao-social\/"},"modified":"2024-07-22T12:38:32","modified_gmt":"2024-07-22T16:38:32","slug":"visitas-tecnicas-projeto-manaus-mais-protecao-social","status":"publish","type":"post","link":"https:\/\/www.manaus.am.gov.br\/semasc\/visitas-tecnicas-projeto-manaus-mais-protecao-social\/","title":{"rendered":"Prefeitura realiza visitas t\u00e9cnicas para acompanhar profissionais do projeto \u2018Manaus Mais Prote\u00e7\u00e3o Social\u2019"},"content":{"rendered":"\n<p>A Prefeitura de Manaus, por meio da Secretaria Municipal da Mulher, Assist\u00eancia Social e Cidadania (Semasc), deu continuidade, nesta quarta-feira, 3\/7, ao cronograma de visitas t\u00e9cnicas de acompanhamento dos profissionais contratados por meio do projeto \u201cManaus Mais Prote\u00e7\u00e3o Social\u201d, parceria firmada com a Ag\u00eancia Amazonense de Desenvolvimento Econ\u00f4mico, Social e Ambiental (Aadesam).&nbsp;<\/p>\n\n\n\n<p>Ao longo desta manh\u00e3, a equipe de gest\u00e3o do projeto visitou os Centros de Refer\u00eancia de Assist\u00eancia Social (Cras) Compensa 1 e 2, na zona Oeste da capital, para ouvir os profissionais, seus superiores e usu\u00e1rios atendidos, a fim de avaliar seu rendimento e principais demandas.\u00a0<\/p>\n\n\n\n<p>\u201cEsses t\u00e9cnicos foram contratados para atuar nos equipamentos socioassistenciais, qualificando os atendimentos realizados junto aos usu\u00e1rios, ent\u00e3o \u00e9 fundamental que visitemos cada equipamento para que seja poss\u00edvel acompanhar a atua\u00e7\u00e3o de cada colaborador que foi contratado pela Aadesam, ouvindo suas experi\u00eancias, principais desafios e afins\u201d, explicou Cibele Freitas, supervisora do projeto \u201cManaus Mais Prote\u00e7\u00e3o Social\u201d.&nbsp;<\/p>\n\n\n\n<p>Uma das profissionais visitadas foi Ester Ferreira, psic\u00f3loga alocada no Cras Compensa 1. Compondo a equipe t\u00e9cnica de refer\u00eancia da unidade, Ester destacou a experi\u00eancia vivida ao trabalhar pela primeira vez em um equipamento de atendimento socioassistencial.&nbsp;<\/p>\n\n\n\n<p>\u201cTem sido uma experi\u00eancia muito positiva, pois \u00e9 um trabalho em que a todo momento voc\u00ea se encontra em contato com a comunidade, fazendo escutas e buscando entender os problemas e as necessidades de cada um. Num ambiente como esse n\u00e3o tem mist\u00e9rio, \u00e9 preciso trabalhar com amor e dedica\u00e7\u00e3o ao pr\u00f3ximo\u201d, disse.\u00a0<\/p>\n\n\n\n<figure class=\"wp-block-image size-large\"><img loading=\"lazy\" decoding=\"async\" width=\"1024\" height=\"683\" src=\"https:\/\/www.manaus.am.gov.br\/semasc\/wp-content\/uploads\/sites\/17\/2024\/07\/IMG_7797-1024x683.jpeg\" alt=\"\" class=\"wp-image-210683\" srcset=\"https:\/\/www.manaus.am.gov.br\/semasc\/wp-content\/uploads\/sites\/17\/2024\/07\/IMG_7797-1024x683.jpeg 1024w, https:\/\/www.manaus.am.gov.br\/semasc\/wp-content\/uploads\/sites\/17\/2024\/07\/IMG_7797-300x200.jpeg 300w, https:\/\/www.manaus.am.gov.br\/semasc\/wp-content\/uploads\/sites\/17\/2024\/07\/IMG_7797-768x512.jpeg 768w, https:\/\/www.manaus.am.gov.br\/semasc\/wp-content\/uploads\/sites\/17\/2024\/07\/IMG_7797-1536x1024.jpeg 1536w, https:\/\/www.manaus.am.gov.br\/semasc\/wp-content\/uploads\/sites\/17\/2024\/07\/IMG_7797-2048x1365.jpeg 2048w\" sizes=\"(max-width: 1024px) 100vw, 1024px\" \/><\/figure>\n\n\n\n<p><strong>Manaus Mais Prote\u00e7\u00e3o Social<\/strong><\/p>\n\n\n\n<p><br>O projeto \u201cManaus Mais Prote\u00e7\u00e3o Social\u201d \u00e9 uma parceria celebrada entre a Aadesam e a Prefeitura de Manaus, para o fortalecimento da pol\u00edtica p\u00fablica de assist\u00eancia social na capital amazonense.&nbsp;<\/p>\n\n\n\n<p><br>Mais de 70 assistentes sociais, psic\u00f3logos, advogados, orientadores sociais, cuidadores e outros profissionais foram contratados por meio de processo seletivo e alocados em diferentes equipamentos de atendimento socioassistencial administrados pela prefeitura.&nbsp;<\/p>\n\n\n\n<p>&#8212; &#8212; &#8212;<\/p>\n\n\n\n<p><strong>Texto &#8211;&nbsp;<\/strong>Guilherme Pacheco\/Semasc<\/p>\n\n\n\n<p><strong>Fotos &#8211; <\/strong>Diego Lima\/Semasc<\/p>\n","protected":false},"excerpt":{"rendered":"","protected":false},"author":39,"featured_media":210684,"comment_status":"closed","ping_status":"closed","sticky":false,"template":"","format":"standard","meta":{"footnotes":""},"categories":[34],"tags":[1176,72,7,1177,18,372],"acf":[],"yoast_head":"<!-- This site is optimized with the Yoast SEO plugin v23.0 - https:\/\/yoast.com\/wordpress\/plugins\/seo\/ -->\n<title>Visitas t\u00e9cnicas no projeto \u2018Manaus Mais Prote\u00e7\u00e3o Social\u2019<\/title>\n<meta name=\"description\" content=\"Prefeitura de Manaus, por meio da Semasc, deu continuidade ao cronograma de visitas t\u00e9cnicas para o projeto \u201cManaus Mais Prote\u00e7\u00e3o Social\u201d.\u00a0\" \/>\n<meta name=\"robots\" content=\"noindex, follow\" \/>\n<meta property=\"og:locale\" content=\"pt_BR\" \/>\n<meta property=\"og:type\" content=\"article\" \/>\n<meta property=\"og:title\" content=\"Visitas t\u00e9cnicas no projeto \u2018Manaus Mais Prote\u00e7\u00e3o Social\u2019\" \/>\n<meta property=\"og:description\" content=\"Prefeitura de Manaus, por meio da Semasc, deu continuidade ao cronograma de visitas t\u00e9cnicas para o projeto \u201cManaus Mais Prote\u00e7\u00e3o Social\u201d.\u00a0\" \/>\n<meta property=\"og:url\" content=\"https:\/\/www.manaus.am.gov.br\/semasc\/visitas-tecnicas-projeto-manaus-mais-protecao-social\/\" \/>\n<meta property=\"og:site_name\" content=\"SEMASC\" \/>\n<meta property=\"article:publisher\" content=\"https:\/\/www.facebook.com\/semascmanaus\" \/>\n<meta property=\"article:published_time\" content=\"2024-07-03T15:05:41+00:00\" \/>\n<meta property=\"article:modified_time\" content=\"2024-07-22T16:38:32+00:00\" \/>\n<meta property=\"og:image\" content=\"https:\/\/www.manaus.am.gov.br\/semasc\/wp-content\/uploads\/sites\/17\/2024\/07\/IMG_7801.jpeg\" \/>\n\t<meta property=\"og:image:width\" content=\"2592\" \/>\n\t<meta property=\"og:image:height\" content=\"1728\" \/>\n\t<meta property=\"og:image:type\" content=\"image\/jpeg\" \/>\n<meta name=\"author\" content=\"Bruna Greco\" \/>\n<meta name=\"twitter:card\" content=\"summary_large_image\" \/>\n<meta name=\"twitter:label1\" content=\"Written by\" \/>\n\t<meta name=\"twitter:data1\" content=\"Bruna Greco\" \/>\n\t<meta name=\"twitter:label2\" content=\"Est. reading time\" \/>\n\t<meta name=\"twitter:data2\" content=\"3 minutos\" \/>\n<script type=\"application\/ld+json\" class=\"yoast-schema-graph\">{\"@context\":\"https:\/\/schema.org\",\"@graph\":[{\"@type\":\"Article\",\"@id\":\"https:\/\/www.manaus.am.gov.br\/semasc\/visitas-tecnicas-projeto-manaus-mais-protecao-social\/#article\",\"isPartOf\":{\"@id\":\"https:\/\/www.manaus.am.gov.br\/semasc\/visitas-tecnicas-projeto-manaus-mais-protecao-social\/\"},\"author\":{\"name\":\"Bruna Greco\",\"@id\":\"https:\/\/www.manaus.am.gov.br\/semasc\/#\/schema\/person\/05d223aea2bf115f9883a6ff3683d81b\"},\"headline\":\"Prefeitura realiza visitas t\u00e9cnicas para acompanhar profissionais do projeto \u2018Manaus Mais Prote\u00e7\u00e3o Social\u2019\",\"datePublished\":\"2024-07-03T15:05:41+00:00\",\"dateModified\":\"2024-07-22T16:38:32+00:00\",\"mainEntityOfPage\":{\"@id\":\"https:\/\/www.manaus.am.gov.br\/semasc\/visitas-tecnicas-projeto-manaus-mais-protecao-social\/\"},\"wordCount\":364,\"publisher\":{\"@id\":\"https:\/\/www.manaus.am.gov.br\/semasc\/#organization\"},\"image\":{\"@id\":\"https:\/\/www.manaus.am.gov.br\/semasc\/visitas-tecnicas-projeto-manaus-mais-protecao-social\/#primaryimage\"},\"thumbnailUrl\":\"https:\/\/www.manaus.am.gov.br\/semasc\/wp-content\/uploads\/sites\/17\/2024\/07\/IMG_7801.jpeg\",\"keywords\":[\"acompanhamento de profissionais\",\"assist\u00eancia social\",\"prefeitura de manaus\",\"projeto \u2018Manaus Mais Prote\u00e7\u00e3o Social\u2019\",\"Semasc\",\"visitas t\u00e9cnicas\"],\"articleSection\":[\"Assist\u00eancia Social\"],\"inLanguage\":\"pt-BR\"},{\"@type\":\"WebPage\",\"@id\":\"https:\/\/www.manaus.am.gov.br\/semasc\/visitas-tecnicas-projeto-manaus-mais-protecao-social\/\",\"url\":\"https:\/\/www.manaus.am.gov.br\/semasc\/visitas-tecnicas-projeto-manaus-mais-protecao-social\/\",\"name\":\"Visitas t\u00e9cnicas no projeto \u2018Manaus Mais Prote\u00e7\u00e3o Social\u2019\",\"isPartOf\":{\"@id\":\"https:\/\/www.manaus.am.gov.br\/semasc\/#website\"},\"primaryImageOfPage\":{\"@id\":\"https:\/\/www.manaus.am.gov.br\/semasc\/visitas-tecnicas-projeto-manaus-mais-protecao-social\/#primaryimage\"},\"image\":{\"@id\":\"https:\/\/www.manaus.am.gov.br\/semasc\/visitas-tecnicas-projeto-manaus-mais-protecao-social\/#primaryimage\"},\"thumbnailUrl\":\"https:\/\/www.manaus.am.gov.br\/semasc\/wp-content\/uploads\/sites\/17\/2024\/07\/IMG_7801.jpeg\",\"datePublished\":\"2024-07-03T15:05:41+00:00\",\"dateModified\":\"2024-07-22T16:38:32+00:00\",\"description\":\"Prefeitura de Manaus, por meio da Semasc, deu continuidade ao cronograma de visitas t\u00e9cnicas para o projeto \u201cManaus Mais Prote\u00e7\u00e3o Social\u201d.\u00a0\",\"breadcrumb\":{\"@id\":\"https:\/\/www.manaus.am.gov.br\/semasc\/visitas-tecnicas-projeto-manaus-mais-protecao-social\/#breadcrumb\"},\"inLanguage\":\"pt-BR\",\"potentialAction\":[{\"@type\":\"ReadAction\",\"target\":[\"https:\/\/www.manaus.am.gov.br\/semasc\/visitas-tecnicas-projeto-manaus-mais-protecao-social\/\"]}]},{\"@type\":\"ImageObject\",\"inLanguage\":\"pt-BR\",\"@id\":\"https:\/\/www.manaus.am.gov.br\/semasc\/visitas-tecnicas-projeto-manaus-mais-protecao-social\/#primaryimage\",\"url\":\"https:\/\/www.manaus.am.gov.br\/semasc\/wp-content\/uploads\/sites\/17\/2024\/07\/IMG_7801.jpeg\",\"contentUrl\":\"https:\/\/www.manaus.am.gov.br\/semasc\/wp-content\/uploads\/sites\/17\/2024\/07\/IMG_7801.jpeg\",\"width\":2592,\"height\":1728,\"caption\":\"#paratodosverem - Servidora da Semasc em atendimento \u00e0 usu\u00e1rio dos equipamentos socioassistenciais\"},{\"@type\":\"BreadcrumbList\",\"@id\":\"https:\/\/www.manaus.am.gov.br\/semasc\/visitas-tecnicas-projeto-manaus-mais-protecao-social\/#breadcrumb\",\"itemListElement\":[{\"@type\":\"ListItem\",\"position\":1,\"name\":\"Home\",\"item\":\"https:\/\/www.manaus.am.gov.br\/semasc\/\"},{\"@type\":\"ListItem\",\"position\":2,\"name\":\"Prefeitura realiza visitas t\u00e9cnicas para acompanhar profissionais do projeto \u2018Manaus Mais Prote\u00e7\u00e3o Social\u2019\"}]},{\"@type\":\"WebSite\",\"@id\":\"https:\/\/www.manaus.am.gov.br\/semasc\/#website\",\"url\":\"https:\/\/www.manaus.am.gov.br\/semasc\/\",\"name\":\"SEMASC\",\"description\":\"Secretaria Municipal da Mulher, Assist\u00eancia Social e Cidadania.\",\"publisher\":{\"@id\":\"https:\/\/www.manaus.am.gov.br\/semasc\/#organization\"},\"alternateName\":\"Secretaria Municipal da Mulher, Assist\u00eancia Social e Cidadania\",\"potentialAction\":[{\"@type\":\"SearchAction\",\"target\":{\"@type\":\"EntryPoint\",\"urlTemplate\":\"https:\/\/www.manaus.am.gov.br\/semasc\/?s={search_term_string}\"},\"query-input\":\"required name=search_term_string\"}],\"inLanguage\":\"pt-BR\"},{\"@type\":\"Organization\",\"@id\":\"https:\/\/www.manaus.am.gov.br\/semasc\/#organization\",\"name\":\"Prefeitura de Manaus\",\"alternateName\":\"Prefeitura Municipal de Manaus\",\"url\":\"https:\/\/www.manaus.am.gov.br\/semasc\/\",\"logo\":{\"@type\":\"ImageObject\",\"inLanguage\":\"pt-BR\",\"@id\":\"https:\/\/www.manaus.am.gov.br\/semasc\/#\/schema\/logo\/image\/\",\"url\":\"https:\/\/www.manaus.am.gov.br\/semasc\/wp-content\/uploads\/sites\/17\/2024\/07\/favicon.png\",\"contentUrl\":\"https:\/\/www.manaus.am.gov.br\/semasc\/wp-content\/uploads\/sites\/17\/2024\/07\/favicon.png\",\"width\":300,\"height\":300,\"caption\":\"Prefeitura de Manaus\"},\"image\":{\"@id\":\"https:\/\/www.manaus.am.gov.br\/semasc\/#\/schema\/logo\/image\/\"},\"sameAs\":[\"https:\/\/www.facebook.com\/semascmanaus\",\"https:\/\/www.instagram.com\/semascmanaus\/\"]},{\"@type\":\"Person\",\"@id\":\"https:\/\/www.manaus.am.gov.br\/semasc\/#\/schema\/person\/05d223aea2bf115f9883a6ff3683d81b\",\"name\":\"Bruna Greco\",\"image\":{\"@type\":\"ImageObject\",\"inLanguage\":\"pt-BR\",\"@id\":\"https:\/\/www.manaus.am.gov.br\/semasc\/#\/schema\/person\/image\/\",\"url\":\"https:\/\/secure.gravatar.com\/avatar\/9c877d1a6adc2a055330e5c09a8653ce?s=96&d=mm&r=g\",\"contentUrl\":\"https:\/\/secure.gravatar.com\/avatar\/9c877d1a6adc2a055330e5c09a8653ce?s=96&d=mm&r=g\",\"caption\":\"Bruna Greco\"}}]}<\/script>\n<!-- \/ Yoast SEO plugin. -->","yoast_head_json":{"title":"Visitas t\u00e9cnicas no projeto \u2018Manaus Mais Prote\u00e7\u00e3o Social\u2019","description":"Prefeitura de Manaus, por meio da Semasc, deu continuidade ao cronograma de visitas t\u00e9cnicas para o projeto \u201cManaus Mais Prote\u00e7\u00e3o Social\u201d.\u00a0","robots":{"index":"noindex","follow":"follow"},"og_locale":"pt_BR","og_type":"article","og_title":"Visitas t\u00e9cnicas no projeto \u2018Manaus Mais Prote\u00e7\u00e3o Social\u2019","og_description":"Prefeitura de Manaus, por meio da Semasc, deu continuidade ao cronograma de visitas t\u00e9cnicas para o projeto \u201cManaus Mais Prote\u00e7\u00e3o Social\u201d.\u00a0","og_url":"https:\/\/www.manaus.am.gov.br\/semasc\/visitas-tecnicas-projeto-manaus-mais-protecao-social\/","og_site_name":"SEMASC","article_publisher":"https:\/\/www.facebook.com\/semascmanaus","article_published_time":"2024-07-03T15:05:41+00:00","article_modified_time":"2024-07-22T16:38:32+00:00","og_image":[{"width":2592,"height":1728,"url":"https:\/\/www.manaus.am.gov.br\/semasc\/wp-content\/uploads\/sites\/17\/2024\/07\/IMG_7801.jpeg","type":"image\/jpeg"}],"author":"Bruna Greco","twitter_card":"summary_large_image","twitter_misc":{"Written by":"Bruna Greco","Est. reading time":"3 minutos"},"schema":{"@context":"https:\/\/schema.org","@graph":[{"@type":"Article","@id":"https:\/\/www.manaus.am.gov.br\/semasc\/visitas-tecnicas-projeto-manaus-mais-protecao-social\/#article","isPartOf":{"@id":"https:\/\/www.manaus.am.gov.br\/semasc\/visitas-tecnicas-projeto-manaus-mais-protecao-social\/"},"author":{"name":"Bruna Greco","@id":"https:\/\/www.manaus.am.gov.br\/semasc\/#\/schema\/person\/05d223aea2bf115f9883a6ff3683d81b"},"headline":"Prefeitura realiza visitas t\u00e9cnicas para acompanhar profissionais do projeto \u2018Manaus Mais Prote\u00e7\u00e3o Social\u2019","datePublished":"2024-07-03T15:05:41+00:00","dateModified":"2024-07-22T16:38:32+00:00","mainEntityOfPage":{"@id":"https:\/\/www.manaus.am.gov.br\/semasc\/visitas-tecnicas-projeto-manaus-mais-protecao-social\/"},"wordCount":364,"publisher":{"@id":"https:\/\/www.manaus.am.gov.br\/semasc\/#organization"},"image":{"@id":"https:\/\/www.manaus.am.gov.br\/semasc\/visitas-tecnicas-projeto-manaus-mais-protecao-social\/#primaryimage"},"thumbnailUrl":"https:\/\/www.manaus.am.gov.br\/semasc\/wp-content\/uploads\/sites\/17\/2024\/07\/IMG_7801.jpeg","keywords":["acompanhamento de profissionais","assist\u00eancia social","prefeitura de manaus","projeto \u2018Manaus Mais Prote\u00e7\u00e3o Social\u2019","Semasc","visitas t\u00e9cnicas"],"articleSection":["Assist\u00eancia Social"],"inLanguage":"pt-BR"},{"@type":"WebPage","@id":"https:\/\/www.manaus.am.gov.br\/semasc\/visitas-tecnicas-projeto-manaus-mais-protecao-social\/","url":"https:\/\/www.manaus.am.gov.br\/semasc\/visitas-tecnicas-projeto-manaus-mais-protecao-social\/","name":"Visitas t\u00e9cnicas no projeto \u2018Manaus Mais Prote\u00e7\u00e3o Social\u2019","isPartOf":{"@id":"https:\/\/www.manaus.am.gov.br\/semasc\/#website"},"primaryImageOfPage":{"@id":"https:\/\/www.manaus.am.gov.br\/semasc\/visitas-tecnicas-projeto-manaus-mais-protecao-social\/#primaryimage"},"image":{"@id":"https:\/\/www.manaus.am.gov.br\/semasc\/visitas-tecnicas-projeto-manaus-mais-protecao-social\/#primaryimage"},"thumbnailUrl":"https:\/\/www.manaus.am.gov.br\/semasc\/wp-content\/uploads\/sites\/17\/2024\/07\/IMG_7801.jpeg","datePublished":"2024-07-03T15:05:41+00:00","dateModified":"2024-07-22T16:38:32+00:00","description":"Prefeitura de Manaus, por meio da Semasc, deu continuidade ao cronograma de visitas t\u00e9cnicas para o projeto \u201cManaus Mais Prote\u00e7\u00e3o Social\u201d.\u00a0","breadcrumb":{"@id":"https:\/\/www.manaus.am.gov.br\/semasc\/visitas-tecnicas-projeto-manaus-mais-protecao-social\/#breadcrumb"},"inLanguage":"pt-BR","potentialAction":[{"@type":"ReadAction","target":["https:\/\/www.manaus.am.gov.br\/semasc\/visitas-tecnicas-projeto-manaus-mais-protecao-social\/"]}]},{"@type":"ImageObject","inLanguage":"pt-BR","@id":"https:\/\/www.manaus.am.gov.br\/semasc\/visitas-tecnicas-projeto-manaus-mais-protecao-social\/#primaryimage","url":"https:\/\/www.manaus.am.gov.br\/semasc\/wp-content\/uploads\/sites\/17\/2024\/07\/IMG_7801.jpeg","contentUrl":"https:\/\/www.manaus.am.gov.br\/semasc\/wp-content\/uploads\/sites\/17\/2024\/07\/IMG_7801.jpeg","width":2592,"height":1728,"caption":"#paratodosverem - Servidora da Semasc em atendimento \u00e0 usu\u00e1rio dos equipamentos socioassistenciais"},{"@type":"BreadcrumbList","@id":"https:\/\/www.manaus.am.gov.br\/semasc\/visitas-tecnicas-projeto-manaus-mais-protecao-social\/#breadcrumb","itemListElement":[{"@type":"ListItem","position":1,"name":"Home","item":"https:\/\/www.manaus.am.gov.br\/semasc\/"},{"@type":"ListItem","position":2,"name":"Prefeitura realiza visitas t\u00e9cnicas para acompanhar profissionais do projeto \u2018Manaus Mais Prote\u00e7\u00e3o Social\u2019"}]},{"@type":"WebSite","@id":"https:\/\/www.manaus.am.gov.br\/semasc\/#website","url":"https:\/\/www.manaus.am.gov.br\/semasc\/","name":"SEMASC","description":"Secretaria Municipal da Mulher, Assist\u00eancia Social e Cidadania.","publisher":{"@id":"https:\/\/www.manaus.am.gov.br\/semasc\/#organization"},"alternateName":"Secretaria Municipal da Mulher, Assist\u00eancia Social e Cidadania","potentialAction":[{"@type":"SearchAction","target":{"@type":"EntryPoint","urlTemplate":"https:\/\/www.manaus.am.gov.br\/semasc\/?s={search_term_string}"},"query-input":"required name=search_term_string"}],"inLanguage":"pt-BR"},{"@type":"Organization","@id":"https:\/\/www.manaus.am.gov.br\/semasc\/#organization","name":"Prefeitura de Manaus","alternateName":"Prefeitura Municipal de Manaus","url":"https:\/\/www.manaus.am.gov.br\/semasc\/","logo":{"@type":"ImageObject","inLanguage":"pt-BR","@id":"https:\/\/www.manaus.am.gov.br\/semasc\/#\/schema\/logo\/image\/","url":"https:\/\/www.manaus.am.gov.br\/semasc\/wp-content\/uploads\/sites\/17\/2024\/07\/favicon.png","contentUrl":"https:\/\/www.manaus.am.gov.br\/semasc\/wp-content\/uploads\/sites\/17\/2024\/07\/favicon.png","width":300,"height":300,"caption":"Prefeitura de Manaus"},"image":{"@id":"https:\/\/www.manaus.am.gov.br\/semasc\/#\/schema\/logo\/image\/"},"sameAs":["https:\/\/www.facebook.com\/semascmanaus","https:\/\/www.instagram.com\/semascmanaus\/"]},{"@type":"Person","@id":"https:\/\/www.manaus.am.gov.br\/semasc\/#\/schema\/person\/05d223aea2bf115f9883a6ff3683d81b","name":"Bruna Greco","image":{"@type":"ImageObject","inLanguage":"pt-BR","@id":"https:\/\/www.manaus.am.gov.br\/semasc\/#\/schema\/person\/image\/","url":"https:\/\/secure.gravatar.com\/avatar\/9c877d1a6adc2a055330e5c09a8653ce?s=96&d=mm&r=g","contentUrl":"https:\/\/secure.gravatar.com\/avatar\/9c877d1a6adc2a055330e5c09a8653ce?s=96&d=mm&r=g","caption":"Bruna Greco"}}]}},"_links":{"self":[{"href":"https:\/\/www.manaus.am.gov.br\/semasc\/wp-json\/wp\/v2\/posts\/210682"}],"collection":[{"href":"https:\/\/www.manaus.am.gov.br\/semasc\/wp-json\/wp\/v2\/posts"}],"about":[{"href":"https:\/\/www.manaus.am.gov.br\/semasc\/wp-json\/wp\/v2\/types\/post"}],"author":[{"embeddable":true,"href":"https:\/\/www.manaus.am.gov.br\/semasc\/wp-json\/wp\/v2\/users\/39"}],"replies":[{"embeddable":true,"href":"https:\/\/www.manaus.am.gov.br\/semasc\/wp-json\/wp\/v2\/comments?post=210682"}],"version-history":[{"count":1,"href":"https:\/\/www.manaus.am.gov.br\/semasc\/wp-json\/wp\/v2\/posts\/210682\/revisions"}],"predecessor-version":[{"id":210685,"href":"https:\/\/www.manaus.am.gov.br\/semasc\/wp-json\/wp\/v2\/posts\/210682\/revisions\/210685"}],"wp:featuredmedia":[{"embeddable":true,"href":"https:\/\/www.manaus.am.gov.br\/semasc\/wp-json\/wp\/v2\/media\/210684"}],"wp:attachment":[{"href":"https:\/\/www.manaus.am.gov.br\/semasc\/wp-json\/wp\/v2\/media?parent=210682"}],"wp:term":[{"taxonomy":"category","embeddable":true,"href":"https:\/\/www.manaus.am.gov.br\/semasc\/wp-json\/wp\/v2\/categories?post=210682"},{"taxonomy":"post_tag","embeddable":true,"href":"https:\/\/www.manaus.am.gov.br\/semasc\/wp-json\/wp\/v2\/tags?post=210682"}],"curies":[{"name":"wp","href":"https:\/\/api.w.org\/{rel}","templated":true}]}}