{"id":210655,"date":"2024-06-29T15:28:36","date_gmt":"2024-06-29T19:28:36","guid":{"rendered":"https:\/\/www.manaus.am.gov.br\/semasc\/rua-de-lazer\/"},"modified":"2024-07-08T11:30:42","modified_gmt":"2024-07-08T15:30:42","slug":"rua-de-lazer","status":"publish","type":"post","link":"https:\/\/www.manaus.am.gov.br\/semasc\/rua-de-lazer\/","title":{"rendered":"Prefeitura de Manaus proporciona manh\u00e3 de divers\u00e3o e integra\u00e7\u00e3o com &#8216;Rua de Lazer&#8217;"},"content":{"rendered":"\n<p>A Prefeitura de Manaus, por meio da Secretaria Municipal da Mulher, Assist\u00eancia Social e Cidadania (Semasc), realizou neste s\u00e1bado, 29\/6, a segunda edi\u00e7\u00e3o da &#8220;Rua de Lazer&#8221; no bairro Col\u00f4nia Ant\u00f4nio Aleixo, zona Leste. O evento, que faz parte da &#8220;Campanha de Combate \u00e0 Explora\u00e7\u00e3o do Trabalho Infantojuvenil nas Ruas de Manaus&#8221;, proporcionou aos moradores do bairro uma manh\u00e3 repleta de divers\u00e3o e integra\u00e7\u00e3o.<\/p>\n\n\n\n<p><br>Com mais de 20 secretarias, entidades e \u00f3rg\u00e3os parceiros, a \u201cCampanha de Combate \u00e0 Explora\u00e7\u00e3o do Trabalho Infantil nas Ruas de Manaus\u201d \u00e9 a maior j\u00e1 desenvolvida pela Prefeitura de Manaus no combate ao trabalho infantil e uma das mais importantes campanhas socioassistenciais j\u00e1 desenvolvidas pelo poder p\u00fablico municipal.<\/p>\n\n\n\n<p><br>A chefe da Divis\u00e3o de M\u00e9dia Complexidade da Semasc, M\u00e1rcia Helena Braga, destacou a import\u00e2ncia da conscientiza\u00e7\u00e3o da popula\u00e7\u00e3o em rela\u00e7\u00e3o ao combate do trabalho infantil, destacando que \u00e9 um problema que persiste em v\u00e1rias regi\u00f5es, sendo fundamental agir para proteger as crian\u00e7as e adolescentes, garantindo o acesso a direitos b\u00e1sicos como educa\u00e7\u00e3o e, por meio de a\u00e7\u00f5es como essa, ao lazer.<\/p>\n\n\n\n<p><br>\u201cO nosso principal objetivo hoje \u00e9 o de levar alegria e fazer uma manh\u00e3 de conviv\u00eancia com as fam\u00edlias, com as crian\u00e7as, levando muita divers\u00e3o, mas trazendo, principalmente, a mensagem de que \u2018crian\u00e7a n\u00e3o trabalha, crian\u00e7a d\u00e1 trabalho\u2019. \u00c9 uma forma de fazer com que essas crian\u00e7as e suas fam\u00edlias entendam que o seu lugar n\u00e3o \u00e9 no sem\u00e1foro, numa situa\u00e7\u00e3o de risco social\u201d, salientou.<\/p>\n\n\n\n<p><br>Gerente de A\u00e7\u00f5es Estrat\u00e9gicas do Programa de Erradica\u00e7\u00e3o do Trabalho Infantil (Peti), Geszimar Dias tamb\u00e9m falou sobre a necessidade de combater o trabalho infantil e garantir os direitos fundamentais das crian\u00e7as, al\u00e9m de destacar a import\u00e2ncia da conscientiza\u00e7\u00e3o da popula\u00e7\u00e3o e da den\u00fancia de casos de trabalho infantil \u00e0s autoridades competentes.<\/p>\n\n\n\n<p><br>\u201cHoje, n\u00f3s quisemos trazer aqui para essas crian\u00e7as, que muitas das vezes s\u00e3o desprovidas desses direitos que s\u00e3o essenciais a elas, atividades l\u00fadicas voltadas para o seu lazer. \u00c9 um momento para que elas entendam que esse \u00e9 um direito delas, \u00e9 isso que elas t\u00eam que fazer, n\u00e3o trabalhar\u201d, pontuou.<\/p>\n\n\n\n<p><br>A programa\u00e7\u00e3o incluiu torneios de futebol infantojuvenil, brinquedos infl\u00e1veis, apresenta\u00e7\u00f5es musicais, pintura facial e muito mais, de forma totalmente gratuita. As atividades foram realizadas em frente \u00e0 quadra poliesportiva do bairro, localizada pr\u00f3ximo \u00e0 escola municipal Violeta de Matos Areosa.<\/p>\n\n\n\n<p><br>A dona de casa e m\u00e3e dos pequenos Jhon Cristian e Cauan Cristian, Raiane Nunes, ressaltou sobre a import\u00e2ncia de a\u00e7\u00f5es como essa em sua comunidade, garantindo que tanto os seus filhos quanto as crian\u00e7as do bairro tenham acesso \u00e0 educa\u00e7\u00e3o e lazer.<\/p>\n\n\n\n<p><br>\u201cEu achei&nbsp; bem legal, muito importante para as crian\u00e7as se divertirem aqui dentro do bairro e terem essa oportunidade de divers\u00e3o, de poder estar com as outras crian\u00e7as. Eu acho bem divertido e bem legal, al\u00e9m de muito necess\u00e1rio\u201d, finalizou.&nbsp;<\/p>\n\n\n\n<p><br>A realiza\u00e7\u00e3o do evento contou com parcerias importantes, como a Funda\u00e7\u00e3o Manaus Esporte (FME), a Secretaria Municipal de Educa\u00e7\u00e3o (Semed), a Secretaria Municipal de Limpeza Urbana (Semulsp) e Organiza\u00e7\u00f5es da Sociedade Civil (OSCs) parceiras.<\/p>\n\n\n\n<p><br>\u2013 \u2013 \u2013&nbsp;<\/p>\n\n\n\n<p><br><strong>Texto &#8211; <\/strong>Camili Vit\u00f3ria \/ Semasc<\/p>\n\n\n\n<p><strong>Fotos \u2013 <\/strong>Antonio Pereira \/Semcom<\/p>\n\n\n\n<p><strong>Dispon\u00edveis em &#8211; <\/strong>https:\/\/flic.kr\/s\/aHBqjBxqMQ<\/p>\n","protected":false},"excerpt":{"rendered":"","protected":false},"author":25,"featured_media":210656,"comment_status":"closed","ping_status":"closed","sticky":false,"template":"","format":"standard","meta":{"footnotes":""},"categories":[34],"tags":[428,1165,18],"acf":[],"yoast_head":"<!-- This site is optimized with the Yoast SEO plugin v23.0 - https:\/\/yoast.com\/wordpress\/plugins\/seo\/ -->\n<title>Prefeitura de Manaus proporciona manh\u00e3 de divers\u00e3o e integra\u00e7\u00e3o com &#039;Rua de Lazer&#039;<\/title>\n<meta name=\"description\" content=\"A Prefeitura de Manaus, por meio da Semasc, realizou neste s\u00e1bado, 29\/6, a segunda edi\u00e7\u00e3o da &quot;Rua de Lazer&quot; no bairro Col\u00f4nia Ant\u00f4nio Aleixo\" \/>\n<meta name=\"robots\" content=\"noindex, follow\" \/>\n<meta property=\"og:locale\" content=\"pt_BR\" \/>\n<meta property=\"og:type\" content=\"article\" \/>\n<meta property=\"og:title\" content=\"Prefeitura de Manaus proporciona manh\u00e3 de divers\u00e3o e integra\u00e7\u00e3o com &#039;Rua de Lazer&#039;\" \/>\n<meta property=\"og:description\" content=\"A Prefeitura de Manaus, por meio da Semasc, realizou neste s\u00e1bado, 29\/6, a segunda edi\u00e7\u00e3o da &quot;Rua de Lazer&quot; no bairro Col\u00f4nia Ant\u00f4nio Aleixo\" \/>\n<meta property=\"og:url\" content=\"https:\/\/www.manaus.am.gov.br\/semasc\/rua-de-lazer\/\" \/>\n<meta property=\"og:site_name\" content=\"SEMASC\" \/>\n<meta property=\"article:publisher\" content=\"https:\/\/www.facebook.com\/semascmanaus\" \/>\n<meta property=\"article:published_time\" content=\"2024-06-29T19:28:36+00:00\" \/>\n<meta property=\"article:modified_time\" content=\"2024-07-08T15:30:42+00:00\" \/>\n<meta property=\"og:image\" content=\"https:\/\/www.manaus.am.gov.br\/semasc\/wp-content\/uploads\/sites\/17\/2024\/06\/53823955995_f01793f38c_c.jpg\" \/>\n\t<meta property=\"og:image:width\" content=\"799\" \/>\n\t<meta property=\"og:image:height\" content=\"533\" \/>\n\t<meta property=\"og:image:type\" content=\"image\/jpeg\" \/>\n<meta name=\"author\" content=\"Maur\u00edcio Freire\" \/>\n<meta name=\"twitter:card\" content=\"summary_large_image\" \/>\n<meta name=\"twitter:label1\" content=\"Written by\" \/>\n\t<meta name=\"twitter:data1\" content=\"Maur\u00edcio Freire\" \/>\n\t<meta name=\"twitter:label2\" content=\"Est. reading time\" \/>\n\t<meta name=\"twitter:data2\" content=\"4 minutos\" \/>\n<script type=\"application\/ld+json\" class=\"yoast-schema-graph\">{\"@context\":\"https:\/\/schema.org\",\"@graph\":[{\"@type\":\"Article\",\"@id\":\"https:\/\/www.manaus.am.gov.br\/semasc\/rua-de-lazer\/#article\",\"isPartOf\":{\"@id\":\"https:\/\/www.manaus.am.gov.br\/semasc\/rua-de-lazer\/\"},\"author\":{\"name\":\"Maur\u00edcio Freire\",\"@id\":\"https:\/\/www.manaus.am.gov.br\/semasc\/#\/schema\/person\/587989a23a463cde5618e6a028977a9a\"},\"headline\":\"Prefeitura de Manaus proporciona manh\u00e3 de divers\u00e3o e integra\u00e7\u00e3o com &#8216;Rua de Lazer&#8217;\",\"datePublished\":\"2024-06-29T19:28:36+00:00\",\"dateModified\":\"2024-07-08T15:30:42+00:00\",\"mainEntityOfPage\":{\"@id\":\"https:\/\/www.manaus.am.gov.br\/semasc\/rua-de-lazer\/\"},\"wordCount\":592,\"publisher\":{\"@id\":\"https:\/\/www.manaus.am.gov.br\/semasc\/#organization\"},\"image\":{\"@id\":\"https:\/\/www.manaus.am.gov.br\/semasc\/rua-de-lazer\/#primaryimage\"},\"thumbnailUrl\":\"https:\/\/www.manaus.am.gov.br\/semasc\/wp-content\/uploads\/sites\/17\/2024\/06\/53823955995_f01793f38c_c.jpg\",\"keywords\":[\"bairro Col\u00f4nia Ant\u00f4nio Aleixo\",\"rua de lazer\",\"Semasc\"],\"articleSection\":[\"Assist\u00eancia Social\"],\"inLanguage\":\"pt-BR\"},{\"@type\":\"WebPage\",\"@id\":\"https:\/\/www.manaus.am.gov.br\/semasc\/rua-de-lazer\/\",\"url\":\"https:\/\/www.manaus.am.gov.br\/semasc\/rua-de-lazer\/\",\"name\":\"Prefeitura de Manaus proporciona manh\u00e3 de divers\u00e3o e integra\u00e7\u00e3o com 'Rua de Lazer'\",\"isPartOf\":{\"@id\":\"https:\/\/www.manaus.am.gov.br\/semasc\/#website\"},\"primaryImageOfPage\":{\"@id\":\"https:\/\/www.manaus.am.gov.br\/semasc\/rua-de-lazer\/#primaryimage\"},\"image\":{\"@id\":\"https:\/\/www.manaus.am.gov.br\/semasc\/rua-de-lazer\/#primaryimage\"},\"thumbnailUrl\":\"https:\/\/www.manaus.am.gov.br\/semasc\/wp-content\/uploads\/sites\/17\/2024\/06\/53823955995_f01793f38c_c.jpg\",\"datePublished\":\"2024-06-29T19:28:36+00:00\",\"dateModified\":\"2024-07-08T15:30:42+00:00\",\"description\":\"A Prefeitura de Manaus, por meio da Semasc, realizou neste s\u00e1bado, 29\/6, a segunda edi\u00e7\u00e3o da \\\"Rua de Lazer\\\" no bairro Col\u00f4nia Ant\u00f4nio Aleixo\",\"breadcrumb\":{\"@id\":\"https:\/\/www.manaus.am.gov.br\/semasc\/rua-de-lazer\/#breadcrumb\"},\"inLanguage\":\"pt-BR\",\"potentialAction\":[{\"@type\":\"ReadAction\",\"target\":[\"https:\/\/www.manaus.am.gov.br\/semasc\/rua-de-lazer\/\"]}]},{\"@type\":\"ImageObject\",\"inLanguage\":\"pt-BR\",\"@id\":\"https:\/\/www.manaus.am.gov.br\/semasc\/rua-de-lazer\/#primaryimage\",\"url\":\"https:\/\/www.manaus.am.gov.br\/semasc\/wp-content\/uploads\/sites\/17\/2024\/06\/53823955995_f01793f38c_c.jpg\",\"contentUrl\":\"https:\/\/www.manaus.am.gov.br\/semasc\/wp-content\/uploads\/sites\/17\/2024\/06\/53823955995_f01793f38c_c.jpg\",\"width\":799,\"height\":533,\"caption\":\"#paratodosverem crian\u00e7a brincando de amarelinha durante a \\\"Rua de Lazer\\\"\"},{\"@type\":\"BreadcrumbList\",\"@id\":\"https:\/\/www.manaus.am.gov.br\/semasc\/rua-de-lazer\/#breadcrumb\",\"itemListElement\":[{\"@type\":\"ListItem\",\"position\":1,\"name\":\"Home\",\"item\":\"https:\/\/www.manaus.am.gov.br\/semasc\/\"},{\"@type\":\"ListItem\",\"position\":2,\"name\":\"Prefeitura de Manaus proporciona manh\u00e3 de divers\u00e3o e integra\u00e7\u00e3o com &#8216;Rua de Lazer&#8217;\"}]},{\"@type\":\"WebSite\",\"@id\":\"https:\/\/www.manaus.am.gov.br\/semasc\/#website\",\"url\":\"https:\/\/www.manaus.am.gov.br\/semasc\/\",\"name\":\"SEMASC\",\"description\":\"Secretaria Municipal da Mulher, Assist\u00eancia Social e Cidadania.\",\"publisher\":{\"@id\":\"https:\/\/www.manaus.am.gov.br\/semasc\/#organization\"},\"alternateName\":\"Secretaria Municipal da Mulher, Assist\u00eancia Social e Cidadania\",\"potentialAction\":[{\"@type\":\"SearchAction\",\"target\":{\"@type\":\"EntryPoint\",\"urlTemplate\":\"https:\/\/www.manaus.am.gov.br\/semasc\/?s={search_term_string}\"},\"query-input\":\"required name=search_term_string\"}],\"inLanguage\":\"pt-BR\"},{\"@type\":\"Organization\",\"@id\":\"https:\/\/www.manaus.am.gov.br\/semasc\/#organization\",\"name\":\"Prefeitura de Manaus\",\"alternateName\":\"Prefeitura Municipal de Manaus\",\"url\":\"https:\/\/www.manaus.am.gov.br\/semasc\/\",\"logo\":{\"@type\":\"ImageObject\",\"inLanguage\":\"pt-BR\",\"@id\":\"https:\/\/www.manaus.am.gov.br\/semasc\/#\/schema\/logo\/image\/\",\"url\":\"https:\/\/www.manaus.am.gov.br\/semasc\/wp-content\/uploads\/sites\/17\/2024\/07\/favicon.png\",\"contentUrl\":\"https:\/\/www.manaus.am.gov.br\/semasc\/wp-content\/uploads\/sites\/17\/2024\/07\/favicon.png\",\"width\":300,\"height\":300,\"caption\":\"Prefeitura de Manaus\"},\"image\":{\"@id\":\"https:\/\/www.manaus.am.gov.br\/semasc\/#\/schema\/logo\/image\/\"},\"sameAs\":[\"https:\/\/www.facebook.com\/semascmanaus\",\"https:\/\/www.instagram.com\/semascmanaus\/\"]},{\"@type\":\"Person\",\"@id\":\"https:\/\/www.manaus.am.gov.br\/semasc\/#\/schema\/person\/587989a23a463cde5618e6a028977a9a\",\"name\":\"Maur\u00edcio Freire\",\"image\":{\"@type\":\"ImageObject\",\"inLanguage\":\"pt-BR\",\"@id\":\"https:\/\/www.manaus.am.gov.br\/semasc\/#\/schema\/person\/image\/\",\"url\":\"https:\/\/secure.gravatar.com\/avatar\/dc1481799a1f75c733ac3b2634cd6749?s=96&d=mm&r=g\",\"contentUrl\":\"https:\/\/secure.gravatar.com\/avatar\/dc1481799a1f75c733ac3b2634cd6749?s=96&d=mm&r=g\",\"caption\":\"Maur\u00edcio Freire\"}}]}<\/script>\n<!-- \/ Yoast SEO plugin. -->","yoast_head_json":{"title":"Prefeitura de Manaus proporciona manh\u00e3 de divers\u00e3o e integra\u00e7\u00e3o com 'Rua de Lazer'","description":"A Prefeitura de Manaus, por meio da Semasc, realizou neste s\u00e1bado, 29\/6, a segunda edi\u00e7\u00e3o da \"Rua de Lazer\" no bairro Col\u00f4nia Ant\u00f4nio Aleixo","robots":{"index":"noindex","follow":"follow"},"og_locale":"pt_BR","og_type":"article","og_title":"Prefeitura de Manaus proporciona manh\u00e3 de divers\u00e3o e integra\u00e7\u00e3o com 'Rua de Lazer'","og_description":"A Prefeitura de Manaus, por meio da Semasc, realizou neste s\u00e1bado, 29\/6, a segunda edi\u00e7\u00e3o da \"Rua de Lazer\" no bairro Col\u00f4nia Ant\u00f4nio Aleixo","og_url":"https:\/\/www.manaus.am.gov.br\/semasc\/rua-de-lazer\/","og_site_name":"SEMASC","article_publisher":"https:\/\/www.facebook.com\/semascmanaus","article_published_time":"2024-06-29T19:28:36+00:00","article_modified_time":"2024-07-08T15:30:42+00:00","og_image":[{"width":799,"height":533,"url":"https:\/\/www.manaus.am.gov.br\/semasc\/wp-content\/uploads\/sites\/17\/2024\/06\/53823955995_f01793f38c_c.jpg","type":"image\/jpeg"}],"author":"Maur\u00edcio Freire","twitter_card":"summary_large_image","twitter_misc":{"Written by":"Maur\u00edcio Freire","Est. reading time":"4 minutos"},"schema":{"@context":"https:\/\/schema.org","@graph":[{"@type":"Article","@id":"https:\/\/www.manaus.am.gov.br\/semasc\/rua-de-lazer\/#article","isPartOf":{"@id":"https:\/\/www.manaus.am.gov.br\/semasc\/rua-de-lazer\/"},"author":{"name":"Maur\u00edcio Freire","@id":"https:\/\/www.manaus.am.gov.br\/semasc\/#\/schema\/person\/587989a23a463cde5618e6a028977a9a"},"headline":"Prefeitura de Manaus proporciona manh\u00e3 de divers\u00e3o e integra\u00e7\u00e3o com &#8216;Rua de Lazer&#8217;","datePublished":"2024-06-29T19:28:36+00:00","dateModified":"2024-07-08T15:30:42+00:00","mainEntityOfPage":{"@id":"https:\/\/www.manaus.am.gov.br\/semasc\/rua-de-lazer\/"},"wordCount":592,"publisher":{"@id":"https:\/\/www.manaus.am.gov.br\/semasc\/#organization"},"image":{"@id":"https:\/\/www.manaus.am.gov.br\/semasc\/rua-de-lazer\/#primaryimage"},"thumbnailUrl":"https:\/\/www.manaus.am.gov.br\/semasc\/wp-content\/uploads\/sites\/17\/2024\/06\/53823955995_f01793f38c_c.jpg","keywords":["bairro Col\u00f4nia Ant\u00f4nio Aleixo","rua de lazer","Semasc"],"articleSection":["Assist\u00eancia Social"],"inLanguage":"pt-BR"},{"@type":"WebPage","@id":"https:\/\/www.manaus.am.gov.br\/semasc\/rua-de-lazer\/","url":"https:\/\/www.manaus.am.gov.br\/semasc\/rua-de-lazer\/","name":"Prefeitura de Manaus proporciona manh\u00e3 de divers\u00e3o e integra\u00e7\u00e3o com 'Rua de Lazer'","isPartOf":{"@id":"https:\/\/www.manaus.am.gov.br\/semasc\/#website"},"primaryImageOfPage":{"@id":"https:\/\/www.manaus.am.gov.br\/semasc\/rua-de-lazer\/#primaryimage"},"image":{"@id":"https:\/\/www.manaus.am.gov.br\/semasc\/rua-de-lazer\/#primaryimage"},"thumbnailUrl":"https:\/\/www.manaus.am.gov.br\/semasc\/wp-content\/uploads\/sites\/17\/2024\/06\/53823955995_f01793f38c_c.jpg","datePublished":"2024-06-29T19:28:36+00:00","dateModified":"2024-07-08T15:30:42+00:00","description":"A Prefeitura de Manaus, por meio da Semasc, realizou neste s\u00e1bado, 29\/6, a segunda edi\u00e7\u00e3o da \"Rua de Lazer\" no bairro Col\u00f4nia Ant\u00f4nio Aleixo","breadcrumb":{"@id":"https:\/\/www.manaus.am.gov.br\/semasc\/rua-de-lazer\/#breadcrumb"},"inLanguage":"pt-BR","potentialAction":[{"@type":"ReadAction","target":["https:\/\/www.manaus.am.gov.br\/semasc\/rua-de-lazer\/"]}]},{"@type":"ImageObject","inLanguage":"pt-BR","@id":"https:\/\/www.manaus.am.gov.br\/semasc\/rua-de-lazer\/#primaryimage","url":"https:\/\/www.manaus.am.gov.br\/semasc\/wp-content\/uploads\/sites\/17\/2024\/06\/53823955995_f01793f38c_c.jpg","contentUrl":"https:\/\/www.manaus.am.gov.br\/semasc\/wp-content\/uploads\/sites\/17\/2024\/06\/53823955995_f01793f38c_c.jpg","width":799,"height":533,"caption":"#paratodosverem crian\u00e7a brincando de amarelinha durante a \"Rua de Lazer\""},{"@type":"BreadcrumbList","@id":"https:\/\/www.manaus.am.gov.br\/semasc\/rua-de-lazer\/#breadcrumb","itemListElement":[{"@type":"ListItem","position":1,"name":"Home","item":"https:\/\/www.manaus.am.gov.br\/semasc\/"},{"@type":"ListItem","position":2,"name":"Prefeitura de Manaus proporciona manh\u00e3 de divers\u00e3o e integra\u00e7\u00e3o com &#8216;Rua de Lazer&#8217;"}]},{"@type":"WebSite","@id":"https:\/\/www.manaus.am.gov.br\/semasc\/#website","url":"https:\/\/www.manaus.am.gov.br\/semasc\/","name":"SEMASC","description":"Secretaria Municipal da Mulher, Assist\u00eancia Social e Cidadania.","publisher":{"@id":"https:\/\/www.manaus.am.gov.br\/semasc\/#organization"},"alternateName":"Secretaria Municipal da Mulher, Assist\u00eancia Social e Cidadania","potentialAction":[{"@type":"SearchAction","target":{"@type":"EntryPoint","urlTemplate":"https:\/\/www.manaus.am.gov.br\/semasc\/?s={search_term_string}"},"query-input":"required name=search_term_string"}],"inLanguage":"pt-BR"},{"@type":"Organization","@id":"https:\/\/www.manaus.am.gov.br\/semasc\/#organization","name":"Prefeitura de Manaus","alternateName":"Prefeitura Municipal de Manaus","url":"https:\/\/www.manaus.am.gov.br\/semasc\/","logo":{"@type":"ImageObject","inLanguage":"pt-BR","@id":"https:\/\/www.manaus.am.gov.br\/semasc\/#\/schema\/logo\/image\/","url":"https:\/\/www.manaus.am.gov.br\/semasc\/wp-content\/uploads\/sites\/17\/2024\/07\/favicon.png","contentUrl":"https:\/\/www.manaus.am.gov.br\/semasc\/wp-content\/uploads\/sites\/17\/2024\/07\/favicon.png","width":300,"height":300,"caption":"Prefeitura de Manaus"},"image":{"@id":"https:\/\/www.manaus.am.gov.br\/semasc\/#\/schema\/logo\/image\/"},"sameAs":["https:\/\/www.facebook.com\/semascmanaus","https:\/\/www.instagram.com\/semascmanaus\/"]},{"@type":"Person","@id":"https:\/\/www.manaus.am.gov.br\/semasc\/#\/schema\/person\/587989a23a463cde5618e6a028977a9a","name":"Maur\u00edcio Freire","image":{"@type":"ImageObject","inLanguage":"pt-BR","@id":"https:\/\/www.manaus.am.gov.br\/semasc\/#\/schema\/person\/image\/","url":"https:\/\/secure.gravatar.com\/avatar\/dc1481799a1f75c733ac3b2634cd6749?s=96&d=mm&r=g","contentUrl":"https:\/\/secure.gravatar.com\/avatar\/dc1481799a1f75c733ac3b2634cd6749?s=96&d=mm&r=g","caption":"Maur\u00edcio Freire"}}]}},"_links":{"self":[{"href":"https:\/\/www.manaus.am.gov.br\/semasc\/wp-json\/wp\/v2\/posts\/210655"}],"collection":[{"href":"https:\/\/www.manaus.am.gov.br\/semasc\/wp-json\/wp\/v2\/posts"}],"about":[{"href":"https:\/\/www.manaus.am.gov.br\/semasc\/wp-json\/wp\/v2\/types\/post"}],"author":[{"embeddable":true,"href":"https:\/\/www.manaus.am.gov.br\/semasc\/wp-json\/wp\/v2\/users\/25"}],"replies":[{"embeddable":true,"href":"https:\/\/www.manaus.am.gov.br\/semasc\/wp-json\/wp\/v2\/comments?post=210655"}],"version-history":[{"count":1,"href":"https:\/\/www.manaus.am.gov.br\/semasc\/wp-json\/wp\/v2\/posts\/210655\/revisions"}],"predecessor-version":[{"id":210662,"href":"https:\/\/www.manaus.am.gov.br\/semasc\/wp-json\/wp\/v2\/posts\/210655\/revisions\/210662"}],"wp:featuredmedia":[{"embeddable":true,"href":"https:\/\/www.manaus.am.gov.br\/semasc\/wp-json\/wp\/v2\/media\/210656"}],"wp:attachment":[{"href":"https:\/\/www.manaus.am.gov.br\/semasc\/wp-json\/wp\/v2\/media?parent=210655"}],"wp:term":[{"taxonomy":"category","embeddable":true,"href":"https:\/\/www.manaus.am.gov.br\/semasc\/wp-json\/wp\/v2\/categories?post=210655"},{"taxonomy":"post_tag","embeddable":true,"href":"https:\/\/www.manaus.am.gov.br\/semasc\/wp-json\/wp\/v2\/tags?post=210655"}],"curies":[{"name":"wp","href":"https:\/\/api.w.org\/{rel}","templated":true}]}}