{"id":210652,"date":"2024-06-28T14:25:54","date_gmt":"2024-06-28T18:25:54","guid":{"rendered":"https:\/\/www.manaus.am.gov.br\/semasc\/prefeitura-veiculos-suas-governofederal\/"},"modified":"2024-07-22T12:39:21","modified_gmt":"2024-07-22T16:39:21","slug":"prefeitura-veiculos-suas-governofederal","status":"publish","type":"post","link":"https:\/\/www.manaus.am.gov.br\/semasc\/prefeitura-veiculos-suas-governofederal\/","title":{"rendered":"Prefeitura de Manaus recebe 14 ve\u00edculos do governo federal para refor\u00e7o do Suas"},"content":{"rendered":"\n<p>A Prefeitura de Manaus recebeu, nesta sexta-feira, 28\/6, 14 ve\u00edculos para dar suporte aos servi\u00e7os do Sistema \u00danico de Assist\u00eancia Social (Suas), entregues pelo ministro do Desenvolvimento e Assist\u00eancia Social, Fam\u00edlia e Combate \u00e0 Fome, Wellington Dias, em solenidade realizada na sede da Suframa, zona Leste da capital. O prefeito David Almeida e a titular da Secretaria Municipal da Mulher, Assist\u00eancia Social e Cidadania (Semasc), Dermi Rayol, receberam as chaves dos autom\u00f3veis durante o evento.<\/p>\n\n\n\n<p>As viaturas foram adquiridas por meio de emenda parlamentar do senador Eduardo Braga. No total, foram entregues 56 viaturas para 26 munic\u00edpios. A capital recebeu dez picapes, do modelo Ford Ranger, e quatro ve\u00edculos do tipo Fiat Toro.<\/p>\n\n\n\n<p>O prefeito agradeceu a parceria com a bancada federal do Amazonas, principalmente do senador Eduardo Braga, que garantiu a entrega das viaturas, e tamb\u00e9m do senador Omar Aziz, que s\u00e3o grandes influ\u00eancias junto ao governo federal para garantia de benef\u00edcios ao Amazonas.<\/p>\n\n\n\n<p>&#8220;Esses ve\u00edculos v\u00e3o nos ajudar ainda mais a fazer com que as pessoas que se encaixam nos programas sociais possam tamb\u00e9m estar inseridas no cadastro (do Suas), para, assim, receber os benef\u00edcios do governo federal. Manaus est\u00e1 muito grata, a cidade fica muito feliz com a sua presen\u00e7a, ministro. O nosso muito obrigado pela parceria do governo federal, dos deputados e dos senadores. Eu, em nome dos prefeitos do interior do Estado tamb\u00e9m, quero lhe agradecer. Manaus e o Amazonas agradecem&#8221;, salientou o prefeito.<\/p>\n\n\n\n<p>O ministro Wellington Dias explicou o papel que as novas viaturas ter\u00e3o para garantia do acesso aos servi\u00e7os sociais. &#8220;Esses ve\u00edculos t\u00eam um papel extraordin\u00e1rio. Qual \u00e9 a nossa miss\u00e3o? Quem ainda est\u00e1 passando fome neste Estado? N\u00f3s temos que ir l\u00e1, dar a m\u00e3o, e \u00e9 esse ve\u00edculo que vai chegar onde a gente n\u00e3o conseguia ter as equipes alcan\u00e7ando. Poder atender e levar ali uma pessoa com defici\u00eancia que precisa ir para o centro de conviv\u00eancia e assim o trabalho na \u00e1rea da assist\u00eancia social no que for necess\u00e1rio&#8221;.<\/p>\n\n\n\n<p>O senador Eduardo Braga disse que a entrega das viaturas para os munic\u00edpios do Estado \u00e9 uma presta\u00e7\u00e3o de contas de todos os investimentos alcan\u00e7ados com o apoio do governo federal. &#8220;Hoje, n\u00f3s estamos entregando 56 viaturas para 26 munic\u00edpios. Mas \u00e9 um ato simb\u00f3lico, porque, hoje, estamos prestando conta, na presen\u00e7a do ministro Wellington Dias, de R$ 111,7 milh\u00f5es de emendas voltadas para a \u00e1rea social&#8221;, informou o senador.<\/p>\n\n\n\n<p>A secret\u00e1ria da Semasc, Dermi Rayol, disse que os recursos destinados pelo senador Eduardo Braga ir\u00e3o ajudar muito no trabalho di\u00e1rio de buscar atender pessoas em situa\u00e7\u00e3o de vulnerabilidade social.<\/p>\n\n\n\n<p>&#8220;Esse recurso, esses ve\u00edculos que est\u00e3o aqui chegando, eu posso falar em nome de todos os secret\u00e1rios que ser\u00e3o beneficiados pelos munic\u00edpios, ser\u00e3o de muita utilidade, para que n\u00f3s possamos continuar o nosso trabalho. Ent\u00e3o, ministro, senador, muito obrigada&#8221;, agradeceu a secret\u00e1ria.<\/p>\n\n\n\n<p>&#8212; &#8212; &#8212;<\/p>\n\n\n\n<p><strong>Texto<\/strong>&nbsp;&#8211; Geraldo Farias \/ Semcom<\/p>\n\n\n\n<p><strong>Fotos<\/strong>\u00a0&#8211; Dhyeizo Lemos \/ Semcom<br><br><strong>Dispon\u00edveis em &#8211;\u00a0<\/strong><a href=\"https:\/\/flic.kr\/s\/aHBqjBxefK\">https:\/\/flic.kr\/s\/aHBqjBxefK<\/a><\/p>\n","protected":false},"excerpt":{"rendered":"","protected":false},"author":23,"featured_media":210653,"comment_status":"closed","ping_status":"closed","sticky":false,"template":"","format":"standard","meta":{"footnotes":""},"categories":[34],"tags":[154,7,18,812,1164],"acf":[],"yoast_head":"<!-- This site is optimized with the Yoast SEO plugin v23.0 - https:\/\/yoast.com\/wordpress\/plugins\/seo\/ -->\n<title>Prefeitura de Manaus recebe 14 ve\u00edculos do governo federal para o Suas<\/title>\n<meta name=\"description\" content=\"A Prefeitura de Manaus recebeu, nesta sexta-feira, 28\/6, 14 ve\u00edculos para dar suporte aos servi\u00e7os do Sistema \u00danico de Assist\u00eancia Social (Suas), entregues pelo ministro do Desenvolvimento e Assist\u00eancia Social, Fam\u00edlia e Combate \u00e0 Fome, Wellington Dias, em solenidade realizada na sede da Suframa, zona Leste da capital.\" \/>\n<meta name=\"robots\" content=\"noindex, follow\" \/>\n<meta property=\"og:locale\" content=\"pt_BR\" \/>\n<meta property=\"og:type\" content=\"article\" \/>\n<meta property=\"og:title\" content=\"Prefeitura de Manaus recebe 14 ve\u00edculos do governo federal para o Suas\" \/>\n<meta property=\"og:description\" content=\"A Prefeitura de Manaus recebeu, nesta sexta-feira, 28\/6, 14 ve\u00edculos para dar suporte aos servi\u00e7os do Sistema \u00danico de Assist\u00eancia Social (Suas), entregues pelo ministro do Desenvolvimento e Assist\u00eancia Social, Fam\u00edlia e Combate \u00e0 Fome, Wellington Dias, em solenidade realizada na sede da Suframa, zona Leste da capital.\" \/>\n<meta property=\"og:url\" content=\"https:\/\/www.manaus.am.gov.br\/semasc\/prefeitura-veiculos-suas-governofederal\/\" \/>\n<meta property=\"og:site_name\" content=\"SEMASC\" \/>\n<meta property=\"article:publisher\" content=\"https:\/\/www.facebook.com\/semascmanaus\" \/>\n<meta property=\"article:published_time\" content=\"2024-06-28T18:25:54+00:00\" \/>\n<meta property=\"article:modified_time\" content=\"2024-07-22T16:39:21+00:00\" \/>\n<meta property=\"og:image\" content=\"https:\/\/www.manaus.am.gov.br\/semasc\/wp-content\/uploads\/sites\/17\/2024\/06\/53820966547_2b230f9f63_c.jpg\" \/>\n\t<meta property=\"og:image:width\" content=\"799\" \/>\n\t<meta property=\"og:image:height\" content=\"533\" \/>\n\t<meta property=\"og:image:type\" content=\"image\/jpeg\" \/>\n<meta name=\"author\" content=\"Adriana Costa\" \/>\n<meta name=\"twitter:card\" content=\"summary_large_image\" \/>\n<meta name=\"twitter:label1\" content=\"Written by\" \/>\n\t<meta name=\"twitter:data1\" content=\"Adriana Costa\" \/>\n\t<meta name=\"twitter:label2\" content=\"Est. reading time\" \/>\n\t<meta name=\"twitter:data2\" content=\"3 minutos\" \/>\n<script type=\"application\/ld+json\" class=\"yoast-schema-graph\">{\"@context\":\"https:\/\/schema.org\",\"@graph\":[{\"@type\":\"Article\",\"@id\":\"https:\/\/www.manaus.am.gov.br\/semasc\/prefeitura-veiculos-suas-governofederal\/#article\",\"isPartOf\":{\"@id\":\"https:\/\/www.manaus.am.gov.br\/semasc\/prefeitura-veiculos-suas-governofederal\/\"},\"author\":{\"name\":\"Adriana Costa\",\"@id\":\"https:\/\/www.manaus.am.gov.br\/semasc\/#\/schema\/person\/4e49f4e267757a06ca072ec61b2b9968\"},\"headline\":\"Prefeitura de Manaus recebe 14 ve\u00edculos do governo federal para refor\u00e7o do Suas\",\"datePublished\":\"2024-06-28T18:25:54+00:00\",\"dateModified\":\"2024-07-22T16:39:21+00:00\",\"mainEntityOfPage\":{\"@id\":\"https:\/\/www.manaus.am.gov.br\/semasc\/prefeitura-veiculos-suas-governofederal\/\"},\"wordCount\":552,\"publisher\":{\"@id\":\"https:\/\/www.manaus.am.gov.br\/semasc\/#organization\"},\"image\":{\"@id\":\"https:\/\/www.manaus.am.gov.br\/semasc\/prefeitura-veiculos-suas-governofederal\/#primaryimage\"},\"thumbnailUrl\":\"https:\/\/www.manaus.am.gov.br\/semasc\/wp-content\/uploads\/sites\/17\/2024\/06\/53820966547_2b230f9f63_c.jpg\",\"keywords\":[\"governo federal\",\"prefeitura de manaus\",\"Semasc\",\"Suas\",\"ve\u00edculos\"],\"articleSection\":[\"Assist\u00eancia Social\"],\"inLanguage\":\"pt-BR\"},{\"@type\":\"WebPage\",\"@id\":\"https:\/\/www.manaus.am.gov.br\/semasc\/prefeitura-veiculos-suas-governofederal\/\",\"url\":\"https:\/\/www.manaus.am.gov.br\/semasc\/prefeitura-veiculos-suas-governofederal\/\",\"name\":\"Prefeitura de Manaus recebe 14 ve\u00edculos do governo federal para o Suas\",\"isPartOf\":{\"@id\":\"https:\/\/www.manaus.am.gov.br\/semasc\/#website\"},\"primaryImageOfPage\":{\"@id\":\"https:\/\/www.manaus.am.gov.br\/semasc\/prefeitura-veiculos-suas-governofederal\/#primaryimage\"},\"image\":{\"@id\":\"https:\/\/www.manaus.am.gov.br\/semasc\/prefeitura-veiculos-suas-governofederal\/#primaryimage\"},\"thumbnailUrl\":\"https:\/\/www.manaus.am.gov.br\/semasc\/wp-content\/uploads\/sites\/17\/2024\/06\/53820966547_2b230f9f63_c.jpg\",\"datePublished\":\"2024-06-28T18:25:54+00:00\",\"dateModified\":\"2024-07-22T16:39:21+00:00\",\"description\":\"A Prefeitura de Manaus recebeu, nesta sexta-feira, 28\/6, 14 ve\u00edculos para dar suporte aos servi\u00e7os do Sistema \u00danico de Assist\u00eancia Social (Suas), entregues pelo ministro do Desenvolvimento e Assist\u00eancia Social, Fam\u00edlia e Combate \u00e0 Fome, Wellington Dias, em solenidade realizada na sede da Suframa, zona Leste da capital.\",\"breadcrumb\":{\"@id\":\"https:\/\/www.manaus.am.gov.br\/semasc\/prefeitura-veiculos-suas-governofederal\/#breadcrumb\"},\"inLanguage\":\"pt-BR\",\"potentialAction\":[{\"@type\":\"ReadAction\",\"target\":[\"https:\/\/www.manaus.am.gov.br\/semasc\/prefeitura-veiculos-suas-governofederal\/\"]}]},{\"@type\":\"ImageObject\",\"inLanguage\":\"pt-BR\",\"@id\":\"https:\/\/www.manaus.am.gov.br\/semasc\/prefeitura-veiculos-suas-governofederal\/#primaryimage\",\"url\":\"https:\/\/www.manaus.am.gov.br\/semasc\/wp-content\/uploads\/sites\/17\/2024\/06\/53820966547_2b230f9f63_c.jpg\",\"contentUrl\":\"https:\/\/www.manaus.am.gov.br\/semasc\/wp-content\/uploads\/sites\/17\/2024\/06\/53820966547_2b230f9f63_c.jpg\",\"width\":799,\"height\":533},{\"@type\":\"BreadcrumbList\",\"@id\":\"https:\/\/www.manaus.am.gov.br\/semasc\/prefeitura-veiculos-suas-governofederal\/#breadcrumb\",\"itemListElement\":[{\"@type\":\"ListItem\",\"position\":1,\"name\":\"Home\",\"item\":\"https:\/\/www.manaus.am.gov.br\/semasc\/\"},{\"@type\":\"ListItem\",\"position\":2,\"name\":\"Prefeitura de Manaus recebe 14 ve\u00edculos do governo federal para refor\u00e7o do Suas\"}]},{\"@type\":\"WebSite\",\"@id\":\"https:\/\/www.manaus.am.gov.br\/semasc\/#website\",\"url\":\"https:\/\/www.manaus.am.gov.br\/semasc\/\",\"name\":\"SEMASC\",\"description\":\"Secretaria Municipal da Mulher, Assist\u00eancia Social e Cidadania.\",\"publisher\":{\"@id\":\"https:\/\/www.manaus.am.gov.br\/semasc\/#organization\"},\"alternateName\":\"Secretaria Municipal da Mulher, Assist\u00eancia Social e Cidadania\",\"potentialAction\":[{\"@type\":\"SearchAction\",\"target\":{\"@type\":\"EntryPoint\",\"urlTemplate\":\"https:\/\/www.manaus.am.gov.br\/semasc\/?s={search_term_string}\"},\"query-input\":\"required name=search_term_string\"}],\"inLanguage\":\"pt-BR\"},{\"@type\":\"Organization\",\"@id\":\"https:\/\/www.manaus.am.gov.br\/semasc\/#organization\",\"name\":\"Prefeitura de Manaus\",\"alternateName\":\"Prefeitura Municipal de Manaus\",\"url\":\"https:\/\/www.manaus.am.gov.br\/semasc\/\",\"logo\":{\"@type\":\"ImageObject\",\"inLanguage\":\"pt-BR\",\"@id\":\"https:\/\/www.manaus.am.gov.br\/semasc\/#\/schema\/logo\/image\/\",\"url\":\"https:\/\/www.manaus.am.gov.br\/semasc\/wp-content\/uploads\/sites\/17\/2024\/07\/favicon.png\",\"contentUrl\":\"https:\/\/www.manaus.am.gov.br\/semasc\/wp-content\/uploads\/sites\/17\/2024\/07\/favicon.png\",\"width\":300,\"height\":300,\"caption\":\"Prefeitura de Manaus\"},\"image\":{\"@id\":\"https:\/\/www.manaus.am.gov.br\/semasc\/#\/schema\/logo\/image\/\"},\"sameAs\":[\"https:\/\/www.facebook.com\/semascmanaus\",\"https:\/\/www.instagram.com\/semascmanaus\/\"]},{\"@type\":\"Person\",\"@id\":\"https:\/\/www.manaus.am.gov.br\/semasc\/#\/schema\/person\/4e49f4e267757a06ca072ec61b2b9968\",\"name\":\"Adriana Costa\",\"image\":{\"@type\":\"ImageObject\",\"inLanguage\":\"pt-BR\",\"@id\":\"https:\/\/www.manaus.am.gov.br\/semasc\/#\/schema\/person\/image\/\",\"url\":\"https:\/\/secure.gravatar.com\/avatar\/576258617ef7194f718179e766d57bd4?s=96&d=mm&r=g\",\"contentUrl\":\"https:\/\/secure.gravatar.com\/avatar\/576258617ef7194f718179e766d57bd4?s=96&d=mm&r=g\",\"caption\":\"Adriana Costa\"}}]}<\/script>\n<!-- \/ Yoast SEO plugin. -->","yoast_head_json":{"title":"Prefeitura de Manaus recebe 14 ve\u00edculos do governo federal para o Suas","description":"A Prefeitura de Manaus recebeu, nesta sexta-feira, 28\/6, 14 ve\u00edculos para dar suporte aos servi\u00e7os do Sistema \u00danico de Assist\u00eancia Social (Suas), entregues pelo ministro do Desenvolvimento e Assist\u00eancia Social, Fam\u00edlia e Combate \u00e0 Fome, Wellington Dias, em solenidade realizada na sede da Suframa, zona Leste da capital.","robots":{"index":"noindex","follow":"follow"},"og_locale":"pt_BR","og_type":"article","og_title":"Prefeitura de Manaus recebe 14 ve\u00edculos do governo federal para o Suas","og_description":"A Prefeitura de Manaus recebeu, nesta sexta-feira, 28\/6, 14 ve\u00edculos para dar suporte aos servi\u00e7os do Sistema \u00danico de Assist\u00eancia Social (Suas), entregues pelo ministro do Desenvolvimento e Assist\u00eancia Social, Fam\u00edlia e Combate \u00e0 Fome, Wellington Dias, em solenidade realizada na sede da Suframa, zona Leste da capital.","og_url":"https:\/\/www.manaus.am.gov.br\/semasc\/prefeitura-veiculos-suas-governofederal\/","og_site_name":"SEMASC","article_publisher":"https:\/\/www.facebook.com\/semascmanaus","article_published_time":"2024-06-28T18:25:54+00:00","article_modified_time":"2024-07-22T16:39:21+00:00","og_image":[{"width":799,"height":533,"url":"https:\/\/www.manaus.am.gov.br\/semasc\/wp-content\/uploads\/sites\/17\/2024\/06\/53820966547_2b230f9f63_c.jpg","type":"image\/jpeg"}],"author":"Adriana Costa","twitter_card":"summary_large_image","twitter_misc":{"Written by":"Adriana Costa","Est. reading time":"3 minutos"},"schema":{"@context":"https:\/\/schema.org","@graph":[{"@type":"Article","@id":"https:\/\/www.manaus.am.gov.br\/semasc\/prefeitura-veiculos-suas-governofederal\/#article","isPartOf":{"@id":"https:\/\/www.manaus.am.gov.br\/semasc\/prefeitura-veiculos-suas-governofederal\/"},"author":{"name":"Adriana Costa","@id":"https:\/\/www.manaus.am.gov.br\/semasc\/#\/schema\/person\/4e49f4e267757a06ca072ec61b2b9968"},"headline":"Prefeitura de Manaus recebe 14 ve\u00edculos do governo federal para refor\u00e7o do Suas","datePublished":"2024-06-28T18:25:54+00:00","dateModified":"2024-07-22T16:39:21+00:00","mainEntityOfPage":{"@id":"https:\/\/www.manaus.am.gov.br\/semasc\/prefeitura-veiculos-suas-governofederal\/"},"wordCount":552,"publisher":{"@id":"https:\/\/www.manaus.am.gov.br\/semasc\/#organization"},"image":{"@id":"https:\/\/www.manaus.am.gov.br\/semasc\/prefeitura-veiculos-suas-governofederal\/#primaryimage"},"thumbnailUrl":"https:\/\/www.manaus.am.gov.br\/semasc\/wp-content\/uploads\/sites\/17\/2024\/06\/53820966547_2b230f9f63_c.jpg","keywords":["governo federal","prefeitura de manaus","Semasc","Suas","ve\u00edculos"],"articleSection":["Assist\u00eancia Social"],"inLanguage":"pt-BR"},{"@type":"WebPage","@id":"https:\/\/www.manaus.am.gov.br\/semasc\/prefeitura-veiculos-suas-governofederal\/","url":"https:\/\/www.manaus.am.gov.br\/semasc\/prefeitura-veiculos-suas-governofederal\/","name":"Prefeitura de Manaus recebe 14 ve\u00edculos do governo federal para o Suas","isPartOf":{"@id":"https:\/\/www.manaus.am.gov.br\/semasc\/#website"},"primaryImageOfPage":{"@id":"https:\/\/www.manaus.am.gov.br\/semasc\/prefeitura-veiculos-suas-governofederal\/#primaryimage"},"image":{"@id":"https:\/\/www.manaus.am.gov.br\/semasc\/prefeitura-veiculos-suas-governofederal\/#primaryimage"},"thumbnailUrl":"https:\/\/www.manaus.am.gov.br\/semasc\/wp-content\/uploads\/sites\/17\/2024\/06\/53820966547_2b230f9f63_c.jpg","datePublished":"2024-06-28T18:25:54+00:00","dateModified":"2024-07-22T16:39:21+00:00","description":"A Prefeitura de Manaus recebeu, nesta sexta-feira, 28\/6, 14 ve\u00edculos para dar suporte aos servi\u00e7os do Sistema \u00danico de Assist\u00eancia Social (Suas), entregues pelo ministro do Desenvolvimento e Assist\u00eancia Social, Fam\u00edlia e Combate \u00e0 Fome, Wellington Dias, em solenidade realizada na sede da Suframa, zona Leste da capital.","breadcrumb":{"@id":"https:\/\/www.manaus.am.gov.br\/semasc\/prefeitura-veiculos-suas-governofederal\/#breadcrumb"},"inLanguage":"pt-BR","potentialAction":[{"@type":"ReadAction","target":["https:\/\/www.manaus.am.gov.br\/semasc\/prefeitura-veiculos-suas-governofederal\/"]}]},{"@type":"ImageObject","inLanguage":"pt-BR","@id":"https:\/\/www.manaus.am.gov.br\/semasc\/prefeitura-veiculos-suas-governofederal\/#primaryimage","url":"https:\/\/www.manaus.am.gov.br\/semasc\/wp-content\/uploads\/sites\/17\/2024\/06\/53820966547_2b230f9f63_c.jpg","contentUrl":"https:\/\/www.manaus.am.gov.br\/semasc\/wp-content\/uploads\/sites\/17\/2024\/06\/53820966547_2b230f9f63_c.jpg","width":799,"height":533},{"@type":"BreadcrumbList","@id":"https:\/\/www.manaus.am.gov.br\/semasc\/prefeitura-veiculos-suas-governofederal\/#breadcrumb","itemListElement":[{"@type":"ListItem","position":1,"name":"Home","item":"https:\/\/www.manaus.am.gov.br\/semasc\/"},{"@type":"ListItem","position":2,"name":"Prefeitura de Manaus recebe 14 ve\u00edculos do governo federal para refor\u00e7o do Suas"}]},{"@type":"WebSite","@id":"https:\/\/www.manaus.am.gov.br\/semasc\/#website","url":"https:\/\/www.manaus.am.gov.br\/semasc\/","name":"SEMASC","description":"Secretaria Municipal da Mulher, Assist\u00eancia Social e Cidadania.","publisher":{"@id":"https:\/\/www.manaus.am.gov.br\/semasc\/#organization"},"alternateName":"Secretaria Municipal da Mulher, Assist\u00eancia Social e Cidadania","potentialAction":[{"@type":"SearchAction","target":{"@type":"EntryPoint","urlTemplate":"https:\/\/www.manaus.am.gov.br\/semasc\/?s={search_term_string}"},"query-input":"required name=search_term_string"}],"inLanguage":"pt-BR"},{"@type":"Organization","@id":"https:\/\/www.manaus.am.gov.br\/semasc\/#organization","name":"Prefeitura de Manaus","alternateName":"Prefeitura Municipal de Manaus","url":"https:\/\/www.manaus.am.gov.br\/semasc\/","logo":{"@type":"ImageObject","inLanguage":"pt-BR","@id":"https:\/\/www.manaus.am.gov.br\/semasc\/#\/schema\/logo\/image\/","url":"https:\/\/www.manaus.am.gov.br\/semasc\/wp-content\/uploads\/sites\/17\/2024\/07\/favicon.png","contentUrl":"https:\/\/www.manaus.am.gov.br\/semasc\/wp-content\/uploads\/sites\/17\/2024\/07\/favicon.png","width":300,"height":300,"caption":"Prefeitura de Manaus"},"image":{"@id":"https:\/\/www.manaus.am.gov.br\/semasc\/#\/schema\/logo\/image\/"},"sameAs":["https:\/\/www.facebook.com\/semascmanaus","https:\/\/www.instagram.com\/semascmanaus\/"]},{"@type":"Person","@id":"https:\/\/www.manaus.am.gov.br\/semasc\/#\/schema\/person\/4e49f4e267757a06ca072ec61b2b9968","name":"Adriana Costa","image":{"@type":"ImageObject","inLanguage":"pt-BR","@id":"https:\/\/www.manaus.am.gov.br\/semasc\/#\/schema\/person\/image\/","url":"https:\/\/secure.gravatar.com\/avatar\/576258617ef7194f718179e766d57bd4?s=96&d=mm&r=g","contentUrl":"https:\/\/secure.gravatar.com\/avatar\/576258617ef7194f718179e766d57bd4?s=96&d=mm&r=g","caption":"Adriana Costa"}}]}},"_links":{"self":[{"href":"https:\/\/www.manaus.am.gov.br\/semasc\/wp-json\/wp\/v2\/posts\/210652"}],"collection":[{"href":"https:\/\/www.manaus.am.gov.br\/semasc\/wp-json\/wp\/v2\/posts"}],"about":[{"href":"https:\/\/www.manaus.am.gov.br\/semasc\/wp-json\/wp\/v2\/types\/post"}],"author":[{"embeddable":true,"href":"https:\/\/www.manaus.am.gov.br\/semasc\/wp-json\/wp\/v2\/users\/23"}],"replies":[{"embeddable":true,"href":"https:\/\/www.manaus.am.gov.br\/semasc\/wp-json\/wp\/v2\/comments?post=210652"}],"version-history":[{"count":1,"href":"https:\/\/www.manaus.am.gov.br\/semasc\/wp-json\/wp\/v2\/posts\/210652\/revisions"}],"predecessor-version":[{"id":210740,"href":"https:\/\/www.manaus.am.gov.br\/semasc\/wp-json\/wp\/v2\/posts\/210652\/revisions\/210740"}],"wp:featuredmedia":[{"embeddable":true,"href":"https:\/\/www.manaus.am.gov.br\/semasc\/wp-json\/wp\/v2\/media\/210653"}],"wp:attachment":[{"href":"https:\/\/www.manaus.am.gov.br\/semasc\/wp-json\/wp\/v2\/media?parent=210652"}],"wp:term":[{"taxonomy":"category","embeddable":true,"href":"https:\/\/www.manaus.am.gov.br\/semasc\/wp-json\/wp\/v2\/categories?post=210652"},{"taxonomy":"post_tag","embeddable":true,"href":"https:\/\/www.manaus.am.gov.br\/semasc\/wp-json\/wp\/v2\/tags?post=210652"}],"curies":[{"name":"wp","href":"https:\/\/api.w.org\/{rel}","templated":true}]}}