{"id":210642,"date":"2024-06-26T13:59:07","date_gmt":"2024-06-26T17:59:07","guid":{"rendered":"https:\/\/www.manaus.am.gov.br\/semasc\/cras-zona-sul-arraial\/"},"modified":"2024-07-22T12:39:31","modified_gmt":"2024-07-22T16:39:31","slug":"cras-zona-sul-arraial","status":"publish","type":"post","link":"https:\/\/www.manaus.am.gov.br\/semasc\/cras-zona-sul-arraial\/","title":{"rendered":"Cras da zona Sul realiza arraial para fam\u00edlias atendidas por servi\u00e7o de conviv\u00eancia"},"content":{"rendered":"\n<p>Em meio \u00e0s festividades do per\u00edodo junino, a Prefeitura de Manaus, por meio da Secretaria Municipal da Mulher, Assist\u00eancia Social e Cidadania (Semasc), promoveu o \u201cArraial do Cras Crespo\u201d, levando alegria \u00e0s fam\u00edlias referenciadas no Centro de Refer\u00eancia de Assist\u00eancia Social (Cras) Crespo, na zona Sul, nesta quarta-feira, 26\/6, com muita m\u00fasica, comidas t\u00edpicas e dan\u00e7as tradicionais.&nbsp;&nbsp;<\/p>\n\n\n\n<p><br>A festa foi realizada com o objetivo de reunir, em um espa\u00e7o de celebra\u00e7\u00e3o e socializa\u00e7\u00e3o, os grupos de conviv\u00eancia formados por crian\u00e7as e idosos atendidos pelo Servi\u00e7o de Conviv\u00eancia e Fortalecimento de V\u00ednculos do equipamento, garantindo assim um momento de lazer e troca de experi\u00eancias para todos.&nbsp;<\/p>\n\n\n\n<p><br>\u201cN\u00e3o \u00e9 festa apenas pela festa, \u00e9 um momento de integra\u00e7\u00e3o social muito importante para n\u00f3s e para os nossos usu\u00e1rios. \u00c9 um momento em que todos est\u00e3o reunidos, se divertindo, cantando, dan\u00e7ando e trocando experi\u00eancias de vida. Esse \u00e9 o nosso principal objetivo enquanto equipamento socioassistencial: promover um ambiente que acolha essas fam\u00edlias da melhor forma poss\u00edvel\u201d, explicou a orientadora social Ellen Silva, respons\u00e1vel pela organiza\u00e7\u00e3o do arraial.&nbsp;<\/p>\n\n\n\n<p><br>A cuidadora M\u00e1rcia Trindade, 58, e sua irm\u00e3 Rita, 50, que possui s\u00edndrome de Down, s\u00e3o acompanhadas pelo equipamento h\u00e1 dois anos. Para M\u00e1rcia, momentos como esses s\u00e3o muito importantes para sua fam\u00edlia, por promover lazer e conex\u00e3o.&nbsp;<\/p>\n\n\n\n<p><br>\u201cMinha irm\u00e3 ama dan\u00e7ar e eu amo v\u00ea-la feliz, ent\u00e3o \u00e9 maravilhoso poder contar com um espa\u00e7o como o Cras. Aqui, n\u00f3s realmente nos sentimos acolhidas e compreendidas, \u00e9 algo muito diferente, \u00fanico e bonito\u201d, concluiu.&nbsp;<\/p>\n\n\n\n<p><strong>\u2013 \u2013 \u2013&nbsp;<\/strong><\/p>\n\n\n\n<p><br><strong>Texto &#8211; <\/strong>Guilherme Pacheco \/ Semasc<\/p>\n\n\n\n<p><strong>Fotos &#8211; <\/strong>Diego Lima \/ Semasc<\/p>\n\n\n\n<p><strong>Dispon\u00edveis em &#8211; <\/strong>https:\/\/flic.kr\/s\/aHBqjBwWQ6<strong><\/strong><\/p>\n","protected":false},"excerpt":{"rendered":"","protected":false},"author":25,"featured_media":210643,"comment_status":"closed","ping_status":"closed","sticky":false,"template":"","format":"standard","meta":{"footnotes":""},"categories":[34],"tags":[1163,841,792,18],"acf":[],"yoast_head":"<!-- This site is optimized with the Yoast SEO plugin v23.0 - https:\/\/yoast.com\/wordpress\/plugins\/seo\/ -->\n<title>Cras da zona Sul realiza arraial para fam\u00edlias atendidas por servi\u00e7o de conviv\u00eancia<\/title>\n<meta name=\"description\" content=\"Em meio \u00e0s festividades do per\u00edodo junino, a Prefeitura de Manaus, por meio da Semasc, promoveu o \u201cArraial do Cras Crespo\u201d\" \/>\n<meta name=\"robots\" content=\"noindex, follow\" \/>\n<meta property=\"og:locale\" content=\"pt_BR\" \/>\n<meta property=\"og:type\" content=\"article\" \/>\n<meta property=\"og:title\" content=\"Cras da zona Sul realiza arraial para fam\u00edlias atendidas por servi\u00e7o de conviv\u00eancia\" \/>\n<meta property=\"og:description\" content=\"Em meio \u00e0s festividades do per\u00edodo junino, a Prefeitura de Manaus, por meio da Semasc, promoveu o \u201cArraial do Cras Crespo\u201d\" \/>\n<meta property=\"og:url\" content=\"https:\/\/www.manaus.am.gov.br\/semasc\/cras-zona-sul-arraial\/\" \/>\n<meta property=\"og:site_name\" content=\"SEMASC\" \/>\n<meta property=\"article:publisher\" content=\"https:\/\/www.facebook.com\/semascmanaus\" \/>\n<meta property=\"article:published_time\" content=\"2024-06-26T17:59:07+00:00\" \/>\n<meta property=\"article:modified_time\" content=\"2024-07-22T16:39:31+00:00\" \/>\n<meta property=\"og:image\" content=\"https:\/\/www.manaus.am.gov.br\/semasc\/wp-content\/uploads\/sites\/17\/2024\/06\/53817885253_e98b7b2cd7_c.jpg\" \/>\n\t<meta property=\"og:image:width\" content=\"799\" \/>\n\t<meta property=\"og:image:height\" content=\"533\" \/>\n\t<meta property=\"og:image:type\" content=\"image\/jpeg\" \/>\n<meta name=\"author\" content=\"Maur\u00edcio Freire\" \/>\n<meta name=\"twitter:card\" content=\"summary_large_image\" \/>\n<meta name=\"twitter:label1\" content=\"Written by\" \/>\n\t<meta name=\"twitter:data1\" content=\"Maur\u00edcio Freire\" \/>\n\t<meta name=\"twitter:label2\" content=\"Est. reading time\" \/>\n\t<meta name=\"twitter:data2\" content=\"2 minutos\" \/>\n<script type=\"application\/ld+json\" class=\"yoast-schema-graph\">{\"@context\":\"https:\/\/schema.org\",\"@graph\":[{\"@type\":\"Article\",\"@id\":\"https:\/\/www.manaus.am.gov.br\/semasc\/cras-zona-sul-arraial\/#article\",\"isPartOf\":{\"@id\":\"https:\/\/www.manaus.am.gov.br\/semasc\/cras-zona-sul-arraial\/\"},\"author\":{\"name\":\"Maur\u00edcio Freire\",\"@id\":\"https:\/\/www.manaus.am.gov.br\/semasc\/#\/schema\/person\/587989a23a463cde5618e6a028977a9a\"},\"headline\":\"Cras da zona Sul realiza arraial para fam\u00edlias atendidas por servi\u00e7o de conviv\u00eancia\",\"datePublished\":\"2024-06-26T17:59:07+00:00\",\"dateModified\":\"2024-07-22T16:39:31+00:00\",\"mainEntityOfPage\":{\"@id\":\"https:\/\/www.manaus.am.gov.br\/semasc\/cras-zona-sul-arraial\/\"},\"wordCount\":321,\"publisher\":{\"@id\":\"https:\/\/www.manaus.am.gov.br\/semasc\/#organization\"},\"image\":{\"@id\":\"https:\/\/www.manaus.am.gov.br\/semasc\/cras-zona-sul-arraial\/#primaryimage\"},\"thumbnailUrl\":\"https:\/\/www.manaus.am.gov.br\/semasc\/wp-content\/uploads\/sites\/17\/2024\/06\/53817885253_e98b7b2cd7_c.jpg\",\"keywords\":[\"arraial\",\"confraterniza\u00e7\u00e3o\",\"Cras Crespo\",\"Semasc\"],\"articleSection\":[\"Assist\u00eancia Social\"],\"inLanguage\":\"pt-BR\"},{\"@type\":\"WebPage\",\"@id\":\"https:\/\/www.manaus.am.gov.br\/semasc\/cras-zona-sul-arraial\/\",\"url\":\"https:\/\/www.manaus.am.gov.br\/semasc\/cras-zona-sul-arraial\/\",\"name\":\"Cras da zona Sul realiza arraial para fam\u00edlias atendidas por servi\u00e7o de conviv\u00eancia\",\"isPartOf\":{\"@id\":\"https:\/\/www.manaus.am.gov.br\/semasc\/#website\"},\"primaryImageOfPage\":{\"@id\":\"https:\/\/www.manaus.am.gov.br\/semasc\/cras-zona-sul-arraial\/#primaryimage\"},\"image\":{\"@id\":\"https:\/\/www.manaus.am.gov.br\/semasc\/cras-zona-sul-arraial\/#primaryimage\"},\"thumbnailUrl\":\"https:\/\/www.manaus.am.gov.br\/semasc\/wp-content\/uploads\/sites\/17\/2024\/06\/53817885253_e98b7b2cd7_c.jpg\",\"datePublished\":\"2024-06-26T17:59:07+00:00\",\"dateModified\":\"2024-07-22T16:39:31+00:00\",\"description\":\"Em meio \u00e0s festividades do per\u00edodo junino, a Prefeitura de Manaus, por meio da Semasc, promoveu o \u201cArraial do Cras Crespo\u201d\",\"breadcrumb\":{\"@id\":\"https:\/\/www.manaus.am.gov.br\/semasc\/cras-zona-sul-arraial\/#breadcrumb\"},\"inLanguage\":\"pt-BR\",\"potentialAction\":[{\"@type\":\"ReadAction\",\"target\":[\"https:\/\/www.manaus.am.gov.br\/semasc\/cras-zona-sul-arraial\/\"]}]},{\"@type\":\"ImageObject\",\"inLanguage\":\"pt-BR\",\"@id\":\"https:\/\/www.manaus.am.gov.br\/semasc\/cras-zona-sul-arraial\/#primaryimage\",\"url\":\"https:\/\/www.manaus.am.gov.br\/semasc\/wp-content\/uploads\/sites\/17\/2024\/06\/53817885253_e98b7b2cd7_c.jpg\",\"contentUrl\":\"https:\/\/www.manaus.am.gov.br\/semasc\/wp-content\/uploads\/sites\/17\/2024\/06\/53817885253_e98b7b2cd7_c.jpg\",\"width\":799,\"height\":533,\"caption\":\"#paratodosverem a festa foi realizada com o objetivo de reunir, em um espa\u00e7o de celebra\u00e7\u00e3o e socializa\u00e7\u00e3o, os grupos de conviv\u00eancia formados por crian\u00e7as e idosos\"},{\"@type\":\"BreadcrumbList\",\"@id\":\"https:\/\/www.manaus.am.gov.br\/semasc\/cras-zona-sul-arraial\/#breadcrumb\",\"itemListElement\":[{\"@type\":\"ListItem\",\"position\":1,\"name\":\"Home\",\"item\":\"https:\/\/www.manaus.am.gov.br\/semasc\/\"},{\"@type\":\"ListItem\",\"position\":2,\"name\":\"Cras da zona Sul realiza arraial para fam\u00edlias atendidas por servi\u00e7o de conviv\u00eancia\"}]},{\"@type\":\"WebSite\",\"@id\":\"https:\/\/www.manaus.am.gov.br\/semasc\/#website\",\"url\":\"https:\/\/www.manaus.am.gov.br\/semasc\/\",\"name\":\"SEMASC\",\"description\":\"Secretaria Municipal da Mulher, Assist\u00eancia Social e Cidadania.\",\"publisher\":{\"@id\":\"https:\/\/www.manaus.am.gov.br\/semasc\/#organization\"},\"alternateName\":\"Secretaria Municipal da Mulher, Assist\u00eancia Social e Cidadania\",\"potentialAction\":[{\"@type\":\"SearchAction\",\"target\":{\"@type\":\"EntryPoint\",\"urlTemplate\":\"https:\/\/www.manaus.am.gov.br\/semasc\/?s={search_term_string}\"},\"query-input\":\"required name=search_term_string\"}],\"inLanguage\":\"pt-BR\"},{\"@type\":\"Organization\",\"@id\":\"https:\/\/www.manaus.am.gov.br\/semasc\/#organization\",\"name\":\"Prefeitura de Manaus\",\"alternateName\":\"Prefeitura Municipal de Manaus\",\"url\":\"https:\/\/www.manaus.am.gov.br\/semasc\/\",\"logo\":{\"@type\":\"ImageObject\",\"inLanguage\":\"pt-BR\",\"@id\":\"https:\/\/www.manaus.am.gov.br\/semasc\/#\/schema\/logo\/image\/\",\"url\":\"https:\/\/www.manaus.am.gov.br\/semasc\/wp-content\/uploads\/sites\/17\/2024\/07\/favicon.png\",\"contentUrl\":\"https:\/\/www.manaus.am.gov.br\/semasc\/wp-content\/uploads\/sites\/17\/2024\/07\/favicon.png\",\"width\":300,\"height\":300,\"caption\":\"Prefeitura de Manaus\"},\"image\":{\"@id\":\"https:\/\/www.manaus.am.gov.br\/semasc\/#\/schema\/logo\/image\/\"},\"sameAs\":[\"https:\/\/www.facebook.com\/semascmanaus\",\"https:\/\/www.instagram.com\/semascmanaus\/\"]},{\"@type\":\"Person\",\"@id\":\"https:\/\/www.manaus.am.gov.br\/semasc\/#\/schema\/person\/587989a23a463cde5618e6a028977a9a\",\"name\":\"Maur\u00edcio Freire\",\"image\":{\"@type\":\"ImageObject\",\"inLanguage\":\"pt-BR\",\"@id\":\"https:\/\/www.manaus.am.gov.br\/semasc\/#\/schema\/person\/image\/\",\"url\":\"https:\/\/secure.gravatar.com\/avatar\/dc1481799a1f75c733ac3b2634cd6749?s=96&d=mm&r=g\",\"contentUrl\":\"https:\/\/secure.gravatar.com\/avatar\/dc1481799a1f75c733ac3b2634cd6749?s=96&d=mm&r=g\",\"caption\":\"Maur\u00edcio Freire\"}}]}<\/script>\n<!-- \/ Yoast SEO plugin. -->","yoast_head_json":{"title":"Cras da zona Sul realiza arraial para fam\u00edlias atendidas por servi\u00e7o de conviv\u00eancia","description":"Em meio \u00e0s festividades do per\u00edodo junino, a Prefeitura de Manaus, por meio da Semasc, promoveu o \u201cArraial do Cras Crespo\u201d","robots":{"index":"noindex","follow":"follow"},"og_locale":"pt_BR","og_type":"article","og_title":"Cras da zona Sul realiza arraial para fam\u00edlias atendidas por servi\u00e7o de conviv\u00eancia","og_description":"Em meio \u00e0s festividades do per\u00edodo junino, a Prefeitura de Manaus, por meio da Semasc, promoveu o \u201cArraial do Cras Crespo\u201d","og_url":"https:\/\/www.manaus.am.gov.br\/semasc\/cras-zona-sul-arraial\/","og_site_name":"SEMASC","article_publisher":"https:\/\/www.facebook.com\/semascmanaus","article_published_time":"2024-06-26T17:59:07+00:00","article_modified_time":"2024-07-22T16:39:31+00:00","og_image":[{"width":799,"height":533,"url":"https:\/\/www.manaus.am.gov.br\/semasc\/wp-content\/uploads\/sites\/17\/2024\/06\/53817885253_e98b7b2cd7_c.jpg","type":"image\/jpeg"}],"author":"Maur\u00edcio Freire","twitter_card":"summary_large_image","twitter_misc":{"Written by":"Maur\u00edcio Freire","Est. reading time":"2 minutos"},"schema":{"@context":"https:\/\/schema.org","@graph":[{"@type":"Article","@id":"https:\/\/www.manaus.am.gov.br\/semasc\/cras-zona-sul-arraial\/#article","isPartOf":{"@id":"https:\/\/www.manaus.am.gov.br\/semasc\/cras-zona-sul-arraial\/"},"author":{"name":"Maur\u00edcio Freire","@id":"https:\/\/www.manaus.am.gov.br\/semasc\/#\/schema\/person\/587989a23a463cde5618e6a028977a9a"},"headline":"Cras da zona Sul realiza arraial para fam\u00edlias atendidas por servi\u00e7o de conviv\u00eancia","datePublished":"2024-06-26T17:59:07+00:00","dateModified":"2024-07-22T16:39:31+00:00","mainEntityOfPage":{"@id":"https:\/\/www.manaus.am.gov.br\/semasc\/cras-zona-sul-arraial\/"},"wordCount":321,"publisher":{"@id":"https:\/\/www.manaus.am.gov.br\/semasc\/#organization"},"image":{"@id":"https:\/\/www.manaus.am.gov.br\/semasc\/cras-zona-sul-arraial\/#primaryimage"},"thumbnailUrl":"https:\/\/www.manaus.am.gov.br\/semasc\/wp-content\/uploads\/sites\/17\/2024\/06\/53817885253_e98b7b2cd7_c.jpg","keywords":["arraial","confraterniza\u00e7\u00e3o","Cras Crespo","Semasc"],"articleSection":["Assist\u00eancia Social"],"inLanguage":"pt-BR"},{"@type":"WebPage","@id":"https:\/\/www.manaus.am.gov.br\/semasc\/cras-zona-sul-arraial\/","url":"https:\/\/www.manaus.am.gov.br\/semasc\/cras-zona-sul-arraial\/","name":"Cras da zona Sul realiza arraial para fam\u00edlias atendidas por servi\u00e7o de conviv\u00eancia","isPartOf":{"@id":"https:\/\/www.manaus.am.gov.br\/semasc\/#website"},"primaryImageOfPage":{"@id":"https:\/\/www.manaus.am.gov.br\/semasc\/cras-zona-sul-arraial\/#primaryimage"},"image":{"@id":"https:\/\/www.manaus.am.gov.br\/semasc\/cras-zona-sul-arraial\/#primaryimage"},"thumbnailUrl":"https:\/\/www.manaus.am.gov.br\/semasc\/wp-content\/uploads\/sites\/17\/2024\/06\/53817885253_e98b7b2cd7_c.jpg","datePublished":"2024-06-26T17:59:07+00:00","dateModified":"2024-07-22T16:39:31+00:00","description":"Em meio \u00e0s festividades do per\u00edodo junino, a Prefeitura de Manaus, por meio da Semasc, promoveu o \u201cArraial do Cras Crespo\u201d","breadcrumb":{"@id":"https:\/\/www.manaus.am.gov.br\/semasc\/cras-zona-sul-arraial\/#breadcrumb"},"inLanguage":"pt-BR","potentialAction":[{"@type":"ReadAction","target":["https:\/\/www.manaus.am.gov.br\/semasc\/cras-zona-sul-arraial\/"]}]},{"@type":"ImageObject","inLanguage":"pt-BR","@id":"https:\/\/www.manaus.am.gov.br\/semasc\/cras-zona-sul-arraial\/#primaryimage","url":"https:\/\/www.manaus.am.gov.br\/semasc\/wp-content\/uploads\/sites\/17\/2024\/06\/53817885253_e98b7b2cd7_c.jpg","contentUrl":"https:\/\/www.manaus.am.gov.br\/semasc\/wp-content\/uploads\/sites\/17\/2024\/06\/53817885253_e98b7b2cd7_c.jpg","width":799,"height":533,"caption":"#paratodosverem a festa foi realizada com o objetivo de reunir, em um espa\u00e7o de celebra\u00e7\u00e3o e socializa\u00e7\u00e3o, os grupos de conviv\u00eancia formados por crian\u00e7as e idosos"},{"@type":"BreadcrumbList","@id":"https:\/\/www.manaus.am.gov.br\/semasc\/cras-zona-sul-arraial\/#breadcrumb","itemListElement":[{"@type":"ListItem","position":1,"name":"Home","item":"https:\/\/www.manaus.am.gov.br\/semasc\/"},{"@type":"ListItem","position":2,"name":"Cras da zona Sul realiza arraial para fam\u00edlias atendidas por servi\u00e7o de conviv\u00eancia"}]},{"@type":"WebSite","@id":"https:\/\/www.manaus.am.gov.br\/semasc\/#website","url":"https:\/\/www.manaus.am.gov.br\/semasc\/","name":"SEMASC","description":"Secretaria Municipal da Mulher, Assist\u00eancia Social e Cidadania.","publisher":{"@id":"https:\/\/www.manaus.am.gov.br\/semasc\/#organization"},"alternateName":"Secretaria Municipal da Mulher, Assist\u00eancia Social e Cidadania","potentialAction":[{"@type":"SearchAction","target":{"@type":"EntryPoint","urlTemplate":"https:\/\/www.manaus.am.gov.br\/semasc\/?s={search_term_string}"},"query-input":"required name=search_term_string"}],"inLanguage":"pt-BR"},{"@type":"Organization","@id":"https:\/\/www.manaus.am.gov.br\/semasc\/#organization","name":"Prefeitura de Manaus","alternateName":"Prefeitura Municipal de Manaus","url":"https:\/\/www.manaus.am.gov.br\/semasc\/","logo":{"@type":"ImageObject","inLanguage":"pt-BR","@id":"https:\/\/www.manaus.am.gov.br\/semasc\/#\/schema\/logo\/image\/","url":"https:\/\/www.manaus.am.gov.br\/semasc\/wp-content\/uploads\/sites\/17\/2024\/07\/favicon.png","contentUrl":"https:\/\/www.manaus.am.gov.br\/semasc\/wp-content\/uploads\/sites\/17\/2024\/07\/favicon.png","width":300,"height":300,"caption":"Prefeitura de Manaus"},"image":{"@id":"https:\/\/www.manaus.am.gov.br\/semasc\/#\/schema\/logo\/image\/"},"sameAs":["https:\/\/www.facebook.com\/semascmanaus","https:\/\/www.instagram.com\/semascmanaus\/"]},{"@type":"Person","@id":"https:\/\/www.manaus.am.gov.br\/semasc\/#\/schema\/person\/587989a23a463cde5618e6a028977a9a","name":"Maur\u00edcio Freire","image":{"@type":"ImageObject","inLanguage":"pt-BR","@id":"https:\/\/www.manaus.am.gov.br\/semasc\/#\/schema\/person\/image\/","url":"https:\/\/secure.gravatar.com\/avatar\/dc1481799a1f75c733ac3b2634cd6749?s=96&d=mm&r=g","contentUrl":"https:\/\/secure.gravatar.com\/avatar\/dc1481799a1f75c733ac3b2634cd6749?s=96&d=mm&r=g","caption":"Maur\u00edcio Freire"}}]}},"_links":{"self":[{"href":"https:\/\/www.manaus.am.gov.br\/semasc\/wp-json\/wp\/v2\/posts\/210642"}],"collection":[{"href":"https:\/\/www.manaus.am.gov.br\/semasc\/wp-json\/wp\/v2\/posts"}],"about":[{"href":"https:\/\/www.manaus.am.gov.br\/semasc\/wp-json\/wp\/v2\/types\/post"}],"author":[{"embeddable":true,"href":"https:\/\/www.manaus.am.gov.br\/semasc\/wp-json\/wp\/v2\/users\/25"}],"replies":[{"embeddable":true,"href":"https:\/\/www.manaus.am.gov.br\/semasc\/wp-json\/wp\/v2\/comments?post=210642"}],"version-history":[{"count":1,"href":"https:\/\/www.manaus.am.gov.br\/semasc\/wp-json\/wp\/v2\/posts\/210642\/revisions"}],"predecessor-version":[{"id":210647,"href":"https:\/\/www.manaus.am.gov.br\/semasc\/wp-json\/wp\/v2\/posts\/210642\/revisions\/210647"}],"wp:featuredmedia":[{"embeddable":true,"href":"https:\/\/www.manaus.am.gov.br\/semasc\/wp-json\/wp\/v2\/media\/210643"}],"wp:attachment":[{"href":"https:\/\/www.manaus.am.gov.br\/semasc\/wp-json\/wp\/v2\/media?parent=210642"}],"wp:term":[{"taxonomy":"category","embeddable":true,"href":"https:\/\/www.manaus.am.gov.br\/semasc\/wp-json\/wp\/v2\/categories?post=210642"},{"taxonomy":"post_tag","embeddable":true,"href":"https:\/\/www.manaus.am.gov.br\/semasc\/wp-json\/wp\/v2\/tags?post=210642"}],"curies":[{"name":"wp","href":"https:\/\/api.w.org\/{rel}","templated":true}]}}