{"id":210619,"date":"2024-06-24T15:58:36","date_gmt":"2024-06-24T19:58:36","guid":{"rendered":"https:\/\/www.manaus.am.gov.br\/semasc\/prefeitura-participa-operacao-chapa-quente\/"},"modified":"2024-07-02T12:48:44","modified_gmt":"2024-07-02T16:48:44","slug":"prefeitura-participa-operacao-chapa-quente","status":"publish","type":"post","link":"https:\/\/www.manaus.am.gov.br\/semasc\/prefeitura-participa-operacao-chapa-quente\/","title":{"rendered":"Prefeitura de Manaus participa da opera\u00e7\u00e3o \u2018Chapa Quente\u2019 com a fiscaliza\u00e7\u00e3o de embarca\u00e7\u00f5es para Parintins\u00a0"},"content":{"rendered":"\n<p>A Prefeitura de Manaus, por meio da Secretaria Municipal da Mulher, Assist\u00eancia Social e Cidadania (Semasc), deu in\u00edcio, nesta segunda-feira, 24\/6, a sua atua\u00e7\u00e3o na opera\u00e7\u00e3o \u201cChapa Quente\u201d, promovida pela Marinha do Brasil, com o objetivo de fiscalizar embarca\u00e7\u00f5es que estejam a caminho do 57\u00ba Festival Folcl\u00f3rico de Parintins.&nbsp;<\/p>\n\n\n\n<p>Equipes da rede de prote\u00e7\u00e3o social do munic\u00edpio, incluindo conselheiros tutelares, permanecer\u00e3o no posto de fiscaliza\u00e7\u00e3o da Marinha, nas proximidades do Encontro das \u00c1guas, ao longo de toda a opera\u00e7\u00e3o, realizando a vistoria de poss\u00edveis viola\u00e7\u00f5es de direitos contra crian\u00e7as e adolescentes.&nbsp;<\/p>\n\n\n\n<p>\u201cCrian\u00e7as que estiverem embarcadas sem a presen\u00e7a de um adulto respons\u00e1vel ou que n\u00e3o possu\u00edrem a documenta\u00e7\u00e3o necess\u00e1ria para viajar s\u00e3o o principal alvo de nossa participa\u00e7\u00e3o na opera\u00e7\u00e3o. Assim, buscamos garantir a seguran\u00e7a de todas as fam\u00edlias que estejam a caminho do festival, combatendo tamb\u00e9m quest\u00f5es como a explora\u00e7\u00e3o sexual e at\u00e9 tr\u00e1fico humano\u201d, destacou a titular da Semasc, Dermi Rayol.<\/p>\n\n\n\n<p>Coordenadora-geral dos conselheiros tutelares da cidade de Manaus, Ana Paula Mesquita frisou a import\u00e2ncia da perman\u00eancia do Conselho Tutelar durante todo o per\u00edodo da opera\u00e7\u00e3o para a efic\u00e1cia das atividades da rede de prote\u00e7\u00e3o.&nbsp;<\/p>\n\n\n\n<p>\u201cEstaremos atuando na fiscaliza\u00e7\u00e3o de embarca\u00e7\u00f5es durante toda a opera\u00e7\u00e3o, buscando garantir que nenhuma viola\u00e7\u00e3o de direitos contra crian\u00e7as e adolescentes ocorra no percurso entre Manaus e Parintins\u201d, explicou.&nbsp;<\/p>\n\n\n\n<figure class=\"wp-block-image size-large\"><img loading=\"lazy\" decoding=\"async\" width=\"1024\" height=\"683\" src=\"https:\/\/www.manaus.am.gov.br\/semasc\/wp-content\/uploads\/sites\/17\/2024\/06\/Operacao-Semasc-2-1024x683.jpeg\" alt=\"Opera\u00e7\u00e3o\" class=\"wp-image-210622\" srcset=\"https:\/\/www.manaus.am.gov.br\/semasc\/wp-content\/uploads\/sites\/17\/2024\/06\/Operacao-Semasc-2-1024x683.jpeg 1024w, https:\/\/www.manaus.am.gov.br\/semasc\/wp-content\/uploads\/sites\/17\/2024\/06\/Operacao-Semasc-2-300x200.jpeg 300w, https:\/\/www.manaus.am.gov.br\/semasc\/wp-content\/uploads\/sites\/17\/2024\/06\/Operacao-Semasc-2-768x512.jpeg 768w, https:\/\/www.manaus.am.gov.br\/semasc\/wp-content\/uploads\/sites\/17\/2024\/06\/Operacao-Semasc-2.jpeg 1280w\" sizes=\"(max-width: 1024px) 100vw, 1024px\" \/><\/figure>\n\n\n\n<p>&#8212; &#8212; &#8212;<\/p>\n\n\n\n<p><strong>Texto &#8211;&nbsp;<\/strong>Guilherme Pacheco\/Semasc<\/p>\n\n\n\n<p><strong>Fotos &#8211; <\/strong>Diego Lima\/Semasc<\/p>\n","protected":false},"excerpt":{"rendered":"","protected":false},"author":39,"featured_media":210620,"comment_status":"closed","ping_status":"closed","sticky":false,"template":"","format":"standard","meta":{"footnotes":""},"categories":[34],"tags":[1158,1159,7,1160,18,1161],"acf":[],"yoast_head":"<!-- This site is optimized with the Yoast SEO plugin v23.0 - https:\/\/yoast.com\/wordpress\/plugins\/seo\/ -->\n<title>Prefeitura de Manaus participa da opera\u00e7\u00e3o \u2018Chapa Quente\u2019<\/title>\n<meta name=\"description\" content=\"Prefeitura de Manaus participa da opera\u00e7\u00e3o \u2018Chapa Quente\u2019 com a fiscaliza\u00e7\u00e3o de embarca\u00e7\u00f5es para Parintins.\" \/>\n<meta name=\"robots\" content=\"noindex, follow\" \/>\n<meta property=\"og:locale\" content=\"pt_BR\" \/>\n<meta property=\"og:type\" content=\"article\" \/>\n<meta property=\"og:title\" content=\"Prefeitura de Manaus participa da opera\u00e7\u00e3o \u2018Chapa Quente\u2019\" \/>\n<meta property=\"og:description\" content=\"Prefeitura de Manaus participa da opera\u00e7\u00e3o \u2018Chapa Quente\u2019 com a fiscaliza\u00e7\u00e3o de embarca\u00e7\u00f5es para Parintins.\" \/>\n<meta property=\"og:url\" content=\"https:\/\/www.manaus.am.gov.br\/semasc\/prefeitura-participa-operacao-chapa-quente\/\" \/>\n<meta property=\"og:site_name\" content=\"SEMASC\" \/>\n<meta property=\"article:publisher\" content=\"https:\/\/www.facebook.com\/semascmanaus\" \/>\n<meta property=\"article:published_time\" content=\"2024-06-24T19:58:36+00:00\" \/>\n<meta property=\"article:modified_time\" content=\"2024-07-02T16:48:44+00:00\" \/>\n<meta property=\"og:image\" content=\"https:\/\/www.manaus.am.gov.br\/semasc\/wp-content\/uploads\/sites\/17\/2024\/06\/Operacao-Semasc-5.jpeg\" \/>\n\t<meta property=\"og:image:width\" content=\"1280\" \/>\n\t<meta property=\"og:image:height\" content=\"854\" \/>\n\t<meta property=\"og:image:type\" content=\"image\/jpeg\" \/>\n<meta name=\"author\" content=\"Bruna Greco\" \/>\n<meta name=\"twitter:card\" content=\"summary_large_image\" \/>\n<meta name=\"twitter:label1\" content=\"Written by\" \/>\n\t<meta name=\"twitter:data1\" content=\"Bruna Greco\" \/>\n\t<meta name=\"twitter:label2\" content=\"Est. reading time\" \/>\n\t<meta name=\"twitter:data2\" content=\"2 minutos\" \/>\n<script type=\"application\/ld+json\" class=\"yoast-schema-graph\">{\"@context\":\"https:\/\/schema.org\",\"@graph\":[{\"@type\":\"Article\",\"@id\":\"https:\/\/www.manaus.am.gov.br\/semasc\/prefeitura-participa-operacao-chapa-quente\/#article\",\"isPartOf\":{\"@id\":\"https:\/\/www.manaus.am.gov.br\/semasc\/prefeitura-participa-operacao-chapa-quente\/\"},\"author\":{\"name\":\"Bruna Greco\",\"@id\":\"https:\/\/www.manaus.am.gov.br\/semasc\/#\/schema\/person\/05d223aea2bf115f9883a6ff3683d81b\"},\"headline\":\"Prefeitura de Manaus participa da opera\u00e7\u00e3o \u2018Chapa Quente\u2019 com a fiscaliza\u00e7\u00e3o de embarca\u00e7\u00f5es para Parintins\u00a0\",\"datePublished\":\"2024-06-24T19:58:36+00:00\",\"dateModified\":\"2024-07-02T16:48:44+00:00\",\"mainEntityOfPage\":{\"@id\":\"https:\/\/www.manaus.am.gov.br\/semasc\/prefeitura-participa-operacao-chapa-quente\/\"},\"wordCount\":291,\"publisher\":{\"@id\":\"https:\/\/www.manaus.am.gov.br\/semasc\/#organization\"},\"image\":{\"@id\":\"https:\/\/www.manaus.am.gov.br\/semasc\/prefeitura-participa-operacao-chapa-quente\/#primaryimage\"},\"thumbnailUrl\":\"https:\/\/www.manaus.am.gov.br\/semasc\/wp-content\/uploads\/sites\/17\/2024\/06\/Operacao-Semasc-5.jpeg\",\"keywords\":[\"Embarca\u00e7\u00f5es com destino \u00e0 Parintins\",\"Opera\u00e7\u00e3o Chapa Quente\",\"prefeitura de manaus\",\"promovida pela Marinha do Brasil\",\"Semasc\",\"viola\u00e7\u00f5es de direitos contra crian\u00e7as e adolescentes\"],\"articleSection\":[\"Assist\u00eancia Social\"],\"inLanguage\":\"pt-BR\"},{\"@type\":\"WebPage\",\"@id\":\"https:\/\/www.manaus.am.gov.br\/semasc\/prefeitura-participa-operacao-chapa-quente\/\",\"url\":\"https:\/\/www.manaus.am.gov.br\/semasc\/prefeitura-participa-operacao-chapa-quente\/\",\"name\":\"Prefeitura de Manaus participa da opera\u00e7\u00e3o \u2018Chapa Quente\u2019\",\"isPartOf\":{\"@id\":\"https:\/\/www.manaus.am.gov.br\/semasc\/#website\"},\"primaryImageOfPage\":{\"@id\":\"https:\/\/www.manaus.am.gov.br\/semasc\/prefeitura-participa-operacao-chapa-quente\/#primaryimage\"},\"image\":{\"@id\":\"https:\/\/www.manaus.am.gov.br\/semasc\/prefeitura-participa-operacao-chapa-quente\/#primaryimage\"},\"thumbnailUrl\":\"https:\/\/www.manaus.am.gov.br\/semasc\/wp-content\/uploads\/sites\/17\/2024\/06\/Operacao-Semasc-5.jpeg\",\"datePublished\":\"2024-06-24T19:58:36+00:00\",\"dateModified\":\"2024-07-02T16:48:44+00:00\",\"description\":\"Prefeitura de Manaus participa da opera\u00e7\u00e3o \u2018Chapa Quente\u2019 com a fiscaliza\u00e7\u00e3o de embarca\u00e7\u00f5es para Parintins.\",\"breadcrumb\":{\"@id\":\"https:\/\/www.manaus.am.gov.br\/semasc\/prefeitura-participa-operacao-chapa-quente\/#breadcrumb\"},\"inLanguage\":\"pt-BR\",\"potentialAction\":[{\"@type\":\"ReadAction\",\"target\":[\"https:\/\/www.manaus.am.gov.br\/semasc\/prefeitura-participa-operacao-chapa-quente\/\"]}]},{\"@type\":\"ImageObject\",\"inLanguage\":\"pt-BR\",\"@id\":\"https:\/\/www.manaus.am.gov.br\/semasc\/prefeitura-participa-operacao-chapa-quente\/#primaryimage\",\"url\":\"https:\/\/www.manaus.am.gov.br\/semasc\/wp-content\/uploads\/sites\/17\/2024\/06\/Operacao-Semasc-5.jpeg\",\"contentUrl\":\"https:\/\/www.manaus.am.gov.br\/semasc\/wp-content\/uploads\/sites\/17\/2024\/06\/Operacao-Semasc-5.jpeg\",\"width\":1280,\"height\":854},{\"@type\":\"BreadcrumbList\",\"@id\":\"https:\/\/www.manaus.am.gov.br\/semasc\/prefeitura-participa-operacao-chapa-quente\/#breadcrumb\",\"itemListElement\":[{\"@type\":\"ListItem\",\"position\":1,\"name\":\"Home\",\"item\":\"https:\/\/www.manaus.am.gov.br\/semasc\/\"},{\"@type\":\"ListItem\",\"position\":2,\"name\":\"Prefeitura de Manaus participa da opera\u00e7\u00e3o \u2018Chapa Quente\u2019 com a fiscaliza\u00e7\u00e3o de embarca\u00e7\u00f5es para Parintins\u00a0\"}]},{\"@type\":\"WebSite\",\"@id\":\"https:\/\/www.manaus.am.gov.br\/semasc\/#website\",\"url\":\"https:\/\/www.manaus.am.gov.br\/semasc\/\",\"name\":\"SEMASC\",\"description\":\"Secretaria Municipal da Mulher, Assist\u00eancia Social e Cidadania.\",\"publisher\":{\"@id\":\"https:\/\/www.manaus.am.gov.br\/semasc\/#organization\"},\"alternateName\":\"Secretaria Municipal da Mulher, Assist\u00eancia Social e Cidadania\",\"potentialAction\":[{\"@type\":\"SearchAction\",\"target\":{\"@type\":\"EntryPoint\",\"urlTemplate\":\"https:\/\/www.manaus.am.gov.br\/semasc\/?s={search_term_string}\"},\"query-input\":\"required name=search_term_string\"}],\"inLanguage\":\"pt-BR\"},{\"@type\":\"Organization\",\"@id\":\"https:\/\/www.manaus.am.gov.br\/semasc\/#organization\",\"name\":\"Prefeitura de Manaus\",\"alternateName\":\"Prefeitura Municipal de Manaus\",\"url\":\"https:\/\/www.manaus.am.gov.br\/semasc\/\",\"logo\":{\"@type\":\"ImageObject\",\"inLanguage\":\"pt-BR\",\"@id\":\"https:\/\/www.manaus.am.gov.br\/semasc\/#\/schema\/logo\/image\/\",\"url\":\"https:\/\/www.manaus.am.gov.br\/semasc\/wp-content\/uploads\/sites\/17\/2024\/07\/favicon.png\",\"contentUrl\":\"https:\/\/www.manaus.am.gov.br\/semasc\/wp-content\/uploads\/sites\/17\/2024\/07\/favicon.png\",\"width\":300,\"height\":300,\"caption\":\"Prefeitura de Manaus\"},\"image\":{\"@id\":\"https:\/\/www.manaus.am.gov.br\/semasc\/#\/schema\/logo\/image\/\"},\"sameAs\":[\"https:\/\/www.facebook.com\/semascmanaus\",\"https:\/\/www.instagram.com\/semascmanaus\/\"]},{\"@type\":\"Person\",\"@id\":\"https:\/\/www.manaus.am.gov.br\/semasc\/#\/schema\/person\/05d223aea2bf115f9883a6ff3683d81b\",\"name\":\"Bruna Greco\",\"image\":{\"@type\":\"ImageObject\",\"inLanguage\":\"pt-BR\",\"@id\":\"https:\/\/www.manaus.am.gov.br\/semasc\/#\/schema\/person\/image\/\",\"url\":\"https:\/\/secure.gravatar.com\/avatar\/9c877d1a6adc2a055330e5c09a8653ce?s=96&d=mm&r=g\",\"contentUrl\":\"https:\/\/secure.gravatar.com\/avatar\/9c877d1a6adc2a055330e5c09a8653ce?s=96&d=mm&r=g\",\"caption\":\"Bruna Greco\"}}]}<\/script>\n<!-- \/ Yoast SEO plugin. -->","yoast_head_json":{"title":"Prefeitura de Manaus participa da opera\u00e7\u00e3o \u2018Chapa Quente\u2019","description":"Prefeitura de Manaus participa da opera\u00e7\u00e3o \u2018Chapa Quente\u2019 com a fiscaliza\u00e7\u00e3o de embarca\u00e7\u00f5es para Parintins.","robots":{"index":"noindex","follow":"follow"},"og_locale":"pt_BR","og_type":"article","og_title":"Prefeitura de Manaus participa da opera\u00e7\u00e3o \u2018Chapa Quente\u2019","og_description":"Prefeitura de Manaus participa da opera\u00e7\u00e3o \u2018Chapa Quente\u2019 com a fiscaliza\u00e7\u00e3o de embarca\u00e7\u00f5es para Parintins.","og_url":"https:\/\/www.manaus.am.gov.br\/semasc\/prefeitura-participa-operacao-chapa-quente\/","og_site_name":"SEMASC","article_publisher":"https:\/\/www.facebook.com\/semascmanaus","article_published_time":"2024-06-24T19:58:36+00:00","article_modified_time":"2024-07-02T16:48:44+00:00","og_image":[{"width":1280,"height":854,"url":"https:\/\/www.manaus.am.gov.br\/semasc\/wp-content\/uploads\/sites\/17\/2024\/06\/Operacao-Semasc-5.jpeg","type":"image\/jpeg"}],"author":"Bruna Greco","twitter_card":"summary_large_image","twitter_misc":{"Written by":"Bruna Greco","Est. reading time":"2 minutos"},"schema":{"@context":"https:\/\/schema.org","@graph":[{"@type":"Article","@id":"https:\/\/www.manaus.am.gov.br\/semasc\/prefeitura-participa-operacao-chapa-quente\/#article","isPartOf":{"@id":"https:\/\/www.manaus.am.gov.br\/semasc\/prefeitura-participa-operacao-chapa-quente\/"},"author":{"name":"Bruna Greco","@id":"https:\/\/www.manaus.am.gov.br\/semasc\/#\/schema\/person\/05d223aea2bf115f9883a6ff3683d81b"},"headline":"Prefeitura de Manaus participa da opera\u00e7\u00e3o \u2018Chapa Quente\u2019 com a fiscaliza\u00e7\u00e3o de embarca\u00e7\u00f5es para Parintins\u00a0","datePublished":"2024-06-24T19:58:36+00:00","dateModified":"2024-07-02T16:48:44+00:00","mainEntityOfPage":{"@id":"https:\/\/www.manaus.am.gov.br\/semasc\/prefeitura-participa-operacao-chapa-quente\/"},"wordCount":291,"publisher":{"@id":"https:\/\/www.manaus.am.gov.br\/semasc\/#organization"},"image":{"@id":"https:\/\/www.manaus.am.gov.br\/semasc\/prefeitura-participa-operacao-chapa-quente\/#primaryimage"},"thumbnailUrl":"https:\/\/www.manaus.am.gov.br\/semasc\/wp-content\/uploads\/sites\/17\/2024\/06\/Operacao-Semasc-5.jpeg","keywords":["Embarca\u00e7\u00f5es com destino \u00e0 Parintins","Opera\u00e7\u00e3o Chapa Quente","prefeitura de manaus","promovida pela Marinha do Brasil","Semasc","viola\u00e7\u00f5es de direitos contra crian\u00e7as e adolescentes"],"articleSection":["Assist\u00eancia Social"],"inLanguage":"pt-BR"},{"@type":"WebPage","@id":"https:\/\/www.manaus.am.gov.br\/semasc\/prefeitura-participa-operacao-chapa-quente\/","url":"https:\/\/www.manaus.am.gov.br\/semasc\/prefeitura-participa-operacao-chapa-quente\/","name":"Prefeitura de Manaus participa da opera\u00e7\u00e3o \u2018Chapa Quente\u2019","isPartOf":{"@id":"https:\/\/www.manaus.am.gov.br\/semasc\/#website"},"primaryImageOfPage":{"@id":"https:\/\/www.manaus.am.gov.br\/semasc\/prefeitura-participa-operacao-chapa-quente\/#primaryimage"},"image":{"@id":"https:\/\/www.manaus.am.gov.br\/semasc\/prefeitura-participa-operacao-chapa-quente\/#primaryimage"},"thumbnailUrl":"https:\/\/www.manaus.am.gov.br\/semasc\/wp-content\/uploads\/sites\/17\/2024\/06\/Operacao-Semasc-5.jpeg","datePublished":"2024-06-24T19:58:36+00:00","dateModified":"2024-07-02T16:48:44+00:00","description":"Prefeitura de Manaus participa da opera\u00e7\u00e3o \u2018Chapa Quente\u2019 com a fiscaliza\u00e7\u00e3o de embarca\u00e7\u00f5es para Parintins.","breadcrumb":{"@id":"https:\/\/www.manaus.am.gov.br\/semasc\/prefeitura-participa-operacao-chapa-quente\/#breadcrumb"},"inLanguage":"pt-BR","potentialAction":[{"@type":"ReadAction","target":["https:\/\/www.manaus.am.gov.br\/semasc\/prefeitura-participa-operacao-chapa-quente\/"]}]},{"@type":"ImageObject","inLanguage":"pt-BR","@id":"https:\/\/www.manaus.am.gov.br\/semasc\/prefeitura-participa-operacao-chapa-quente\/#primaryimage","url":"https:\/\/www.manaus.am.gov.br\/semasc\/wp-content\/uploads\/sites\/17\/2024\/06\/Operacao-Semasc-5.jpeg","contentUrl":"https:\/\/www.manaus.am.gov.br\/semasc\/wp-content\/uploads\/sites\/17\/2024\/06\/Operacao-Semasc-5.jpeg","width":1280,"height":854},{"@type":"BreadcrumbList","@id":"https:\/\/www.manaus.am.gov.br\/semasc\/prefeitura-participa-operacao-chapa-quente\/#breadcrumb","itemListElement":[{"@type":"ListItem","position":1,"name":"Home","item":"https:\/\/www.manaus.am.gov.br\/semasc\/"},{"@type":"ListItem","position":2,"name":"Prefeitura de Manaus participa da opera\u00e7\u00e3o \u2018Chapa Quente\u2019 com a fiscaliza\u00e7\u00e3o de embarca\u00e7\u00f5es para Parintins\u00a0"}]},{"@type":"WebSite","@id":"https:\/\/www.manaus.am.gov.br\/semasc\/#website","url":"https:\/\/www.manaus.am.gov.br\/semasc\/","name":"SEMASC","description":"Secretaria Municipal da Mulher, Assist\u00eancia Social e Cidadania.","publisher":{"@id":"https:\/\/www.manaus.am.gov.br\/semasc\/#organization"},"alternateName":"Secretaria Municipal da Mulher, Assist\u00eancia Social e Cidadania","potentialAction":[{"@type":"SearchAction","target":{"@type":"EntryPoint","urlTemplate":"https:\/\/www.manaus.am.gov.br\/semasc\/?s={search_term_string}"},"query-input":"required name=search_term_string"}],"inLanguage":"pt-BR"},{"@type":"Organization","@id":"https:\/\/www.manaus.am.gov.br\/semasc\/#organization","name":"Prefeitura de Manaus","alternateName":"Prefeitura Municipal de Manaus","url":"https:\/\/www.manaus.am.gov.br\/semasc\/","logo":{"@type":"ImageObject","inLanguage":"pt-BR","@id":"https:\/\/www.manaus.am.gov.br\/semasc\/#\/schema\/logo\/image\/","url":"https:\/\/www.manaus.am.gov.br\/semasc\/wp-content\/uploads\/sites\/17\/2024\/07\/favicon.png","contentUrl":"https:\/\/www.manaus.am.gov.br\/semasc\/wp-content\/uploads\/sites\/17\/2024\/07\/favicon.png","width":300,"height":300,"caption":"Prefeitura de Manaus"},"image":{"@id":"https:\/\/www.manaus.am.gov.br\/semasc\/#\/schema\/logo\/image\/"},"sameAs":["https:\/\/www.facebook.com\/semascmanaus","https:\/\/www.instagram.com\/semascmanaus\/"]},{"@type":"Person","@id":"https:\/\/www.manaus.am.gov.br\/semasc\/#\/schema\/person\/05d223aea2bf115f9883a6ff3683d81b","name":"Bruna Greco","image":{"@type":"ImageObject","inLanguage":"pt-BR","@id":"https:\/\/www.manaus.am.gov.br\/semasc\/#\/schema\/person\/image\/","url":"https:\/\/secure.gravatar.com\/avatar\/9c877d1a6adc2a055330e5c09a8653ce?s=96&d=mm&r=g","contentUrl":"https:\/\/secure.gravatar.com\/avatar\/9c877d1a6adc2a055330e5c09a8653ce?s=96&d=mm&r=g","caption":"Bruna Greco"}}]}},"_links":{"self":[{"href":"https:\/\/www.manaus.am.gov.br\/semasc\/wp-json\/wp\/v2\/posts\/210619"}],"collection":[{"href":"https:\/\/www.manaus.am.gov.br\/semasc\/wp-json\/wp\/v2\/posts"}],"about":[{"href":"https:\/\/www.manaus.am.gov.br\/semasc\/wp-json\/wp\/v2\/types\/post"}],"author":[{"embeddable":true,"href":"https:\/\/www.manaus.am.gov.br\/semasc\/wp-json\/wp\/v2\/users\/39"}],"replies":[{"embeddable":true,"href":"https:\/\/www.manaus.am.gov.br\/semasc\/wp-json\/wp\/v2\/comments?post=210619"}],"version-history":[{"count":3,"href":"https:\/\/www.manaus.am.gov.br\/semasc\/wp-json\/wp\/v2\/posts\/210619\/revisions"}],"predecessor-version":[{"id":210625,"href":"https:\/\/www.manaus.am.gov.br\/semasc\/wp-json\/wp\/v2\/posts\/210619\/revisions\/210625"}],"wp:featuredmedia":[{"embeddable":true,"href":"https:\/\/www.manaus.am.gov.br\/semasc\/wp-json\/wp\/v2\/media\/210620"}],"wp:attachment":[{"href":"https:\/\/www.manaus.am.gov.br\/semasc\/wp-json\/wp\/v2\/media?parent=210619"}],"wp:term":[{"taxonomy":"category","embeddable":true,"href":"https:\/\/www.manaus.am.gov.br\/semasc\/wp-json\/wp\/v2\/categories?post=210619"},{"taxonomy":"post_tag","embeddable":true,"href":"https:\/\/www.manaus.am.gov.br\/semasc\/wp-json\/wp\/v2\/tags?post=210619"}],"curies":[{"name":"wp","href":"https:\/\/api.w.org\/{rel}","templated":true}]}}