{"id":210519,"date":"2024-06-12T20:55:15","date_gmt":"2024-06-13T00:55:15","guid":{"rendered":"https:\/\/www.manaus.am.gov.br\/semasc\/baile-terceira-idade\/"},"modified":"2024-06-20T15:36:03","modified_gmt":"2024-06-20T19:36:03","slug":"baile-terceira-idade","status":"publish","type":"post","link":"https:\/\/www.manaus.am.gov.br\/semasc\/baile-terceira-idade\/","title":{"rendered":"Prefeitura promove baile para a terceira idade \u00a0com show de Moacyr Franco"},"content":{"rendered":"\n<p>A Prefeitura de Manaus promoveu, nesta quarta-feira, 12\/6, o baile \u201cSaudade n\u00e3o tem idade\u201d, no Parque Municipal do Idoso (PMI), bairro Nossa Senhora das Gra\u00e7as, zona Centro-Sul. O evento, que contou com a participa\u00e7\u00e3o do prefeito David Almeida, teve apresenta\u00e7\u00e3o do cantor e ator Moacyr Franco como atra\u00e7\u00e3o nacional, Nunes Filho e Luc\u00e9lia Santos como atra\u00e7\u00f5es locais, abrindo as a\u00e7\u00f5es do Junho Violeta, m\u00eas de combate \u00e0 viol\u00eancia contra a pessoa idosa.<\/p>\n\n\n<div class=\"wp-block-image\">\n<figure class=\"aligncenter size-full\"><img loading=\"lazy\" decoding=\"async\" width=\"960\" height=\"627\" src=\"https:\/\/www.manaus.am.gov.br\/semasc\/wp-content\/uploads\/sites\/17\/2024\/06\/Baile-Saudade-Nao-tem-Idade.jpeg\" alt=\"\" class=\"wp-image-210523\" srcset=\"https:\/\/www.manaus.am.gov.br\/semasc\/wp-content\/uploads\/sites\/17\/2024\/06\/Baile-Saudade-Nao-tem-Idade.jpeg 960w, https:\/\/www.manaus.am.gov.br\/semasc\/wp-content\/uploads\/sites\/17\/2024\/06\/Baile-Saudade-Nao-tem-Idade-300x196.jpeg 300w, https:\/\/www.manaus.am.gov.br\/semasc\/wp-content\/uploads\/sites\/17\/2024\/06\/Baile-Saudade-Nao-tem-Idade-768x502.jpeg 768w\" sizes=\"(max-width: 960px) 100vw, 960px\" \/><figcaption class=\"wp-element-caption\">#paratodosverem &#8211; mais de dois mil idosos participaram do baile<\/figcaption><\/figure><\/div>\n\n\n<p>Realizado por meio da Secretaria Municipal da Mulher, Assist\u00eancia Social e Cidadania (Semasc), Funda\u00e7\u00e3o Municipal de Cultura, Turismo e Eventos (Manauscult), Funda\u00e7\u00e3o Dr. Thomas (FDT) e da Secretaria Municipal de Administra\u00e7\u00e3o, Planejamento e Gest\u00e3o (Semad), o baile foi voltado, principalmente, para os idosos atendidos pelo Servi\u00e7o de Conviv\u00eancia e Fortalecimento de V\u00ednculos desenvolvido pelos Centros de Refer\u00eancia de Assist\u00eancia Social (Cras) da capital, associa\u00e7\u00f5es da sociedade civil e outros parceiros do poder p\u00fablico. Mais de duas mil pessoas prestigiaram a programa\u00e7\u00e3o, que buscou resgatar mem\u00f3rias e proporcionar momentos de alegria e descontra\u00e7\u00e3o.<\/p>\n\n\n\n<p>O prefeito disse que eventos deste tipo s\u00e3o de extrema import\u00e2ncia para intera\u00e7\u00e3o da pessoa idosa. \u201cEsses eventos fazem com que essas pessoas possam interagir entre si, e ter uma a\u00e7\u00e3o como essa \u00e9 de fundamental import\u00e2ncia para que essa conviv\u00eancia possa continuar de uma forma bem positiva. \u00c9 um cuidado que a prefeitura tem de organizar eventos como esse, na Funda\u00e7\u00e3o Doutor Thomas, que traz ganhos eficazes para a vida deles\u201d, enfatizou David Almeida.<\/p>\n\n\n<div class=\"wp-block-image\">\n<figure class=\"aligncenter size-large\"><img loading=\"lazy\" decoding=\"async\" width=\"1024\" height=\"683\" src=\"https:\/\/www.manaus.am.gov.br\/semasc\/wp-content\/uploads\/sites\/17\/2024\/06\/Baile-Saudade-Nao-tem-Idade-2-1024x683.jpeg\" alt=\"\" class=\"wp-image-210524\" srcset=\"https:\/\/www.manaus.am.gov.br\/semasc\/wp-content\/uploads\/sites\/17\/2024\/06\/Baile-Saudade-Nao-tem-Idade-2-1024x683.jpeg 1024w, https:\/\/www.manaus.am.gov.br\/semasc\/wp-content\/uploads\/sites\/17\/2024\/06\/Baile-Saudade-Nao-tem-Idade-2-300x200.jpeg 300w, https:\/\/www.manaus.am.gov.br\/semasc\/wp-content\/uploads\/sites\/17\/2024\/06\/Baile-Saudade-Nao-tem-Idade-2-768x512.jpeg 768w, https:\/\/www.manaus.am.gov.br\/semasc\/wp-content\/uploads\/sites\/17\/2024\/06\/Baile-Saudade-Nao-tem-Idade-2-1536x1024.jpeg 1536w, https:\/\/www.manaus.am.gov.br\/semasc\/wp-content\/uploads\/sites\/17\/2024\/06\/Baile-Saudade-Nao-tem-Idade-2-2048x1365.jpeg 2048w\" sizes=\"(max-width: 1024px) 100vw, 1024px\" \/><figcaption class=\"wp-element-caption\">#paratodosverem -Prefeito David Almeida fala sobre o baile<\/figcaption><\/figure><\/div>\n\n\n<p>A secret\u00e1ria Dermi Rayol, titular da Semasc, declarou que \u00e9 uma felicidade promover eventos que fazem a alegria da terceira idade. \u201cOs idosos \u00e9 que est\u00e3o vivendo a melhor idade, que tanto j\u00e1 proporcionaram para a gente, que tanto contribu\u00edram para a sociedade, e poder proporcionar esse momento de alegria para eles \u00e9 muito especial\u201d, disse.<\/p>\n\n\n\n<p>A diretora-presidente da Funda\u00e7\u00e3o Doutor Thomas, Oreni Braga, explicou que o baile representa qualidade de vida, humaniza e acolhe a pessoa idosa de Manaus. \u201cMuitas dessas pessoas n\u00e3o tiveram oportunidade de participar de um baile ou de uma atividade esportiva, ou ter um acolhimento como hoje a Funda\u00e7\u00e3o Doutor Thomas oferece. Muitas pessoas de todas as zonas da cidade est\u00e3o participando desse evento junto dos nossos h\u00f3spedes. \u00c9 uma integra\u00e7\u00e3o, troca de conhecimento, \u00e9 uma alegria para eles\u201d, disse a diretora.<\/p>\n\n\n\n<p>Al\u00e9m dos shows de Moacyr Franco, Nunes Filho e Luc\u00e9lia Santos, o evento teve a realiza\u00e7\u00e3o de palestras sobre os direitos das pessoas da terceira idade, oficinas e a\u00e7\u00f5es de sensibiliza\u00e7\u00e3o sobre a necessidade de denunciar qualquer forma de viol\u00eancia.<\/p>\n\n\n\n<figure class=\"wp-block-image aligncenter size-full\"><img loading=\"lazy\" decoding=\"async\" width=\"799\" height=\"533\" src=\"https:\/\/www.manaus.am.gov.br\/semasc\/wp-content\/uploads\/sites\/17\/2024\/06\/Baile-Saudade-Nao-tem-Idade.jpg\" alt=\"\" class=\"wp-image-210522\" srcset=\"https:\/\/www.manaus.am.gov.br\/semasc\/wp-content\/uploads\/sites\/17\/2024\/06\/Baile-Saudade-Nao-tem-Idade.jpg 799w, https:\/\/www.manaus.am.gov.br\/semasc\/wp-content\/uploads\/sites\/17\/2024\/06\/Baile-Saudade-Nao-tem-Idade-300x200.jpg 300w, https:\/\/www.manaus.am.gov.br\/semasc\/wp-content\/uploads\/sites\/17\/2024\/06\/Baile-Saudade-Nao-tem-Idade-768x512.jpg 768w\" sizes=\"(max-width: 799px) 100vw, 799px\" \/><figcaption class=\"wp-element-caption\">#paratodosverem &#8211; cantor Nunes Filho se apresentando no baile\n<\/figcaption><\/figure>\n\n\n\n<p>A subsecret\u00e1ria da Semasc, Gra\u00e7a Prola, disse que o evento \u00e9 para confraterniza\u00e7\u00e3o dos idosos, mas tamb\u00e9m de conscientiza\u00e7\u00e3o da sociedade sobre o \u201cJunho&nbsp; Violeta\u201d. Segundo ela, os idosos s\u00e3o os que mais v\u00eam sofrendo com casos de viol\u00eancia ap\u00f3s a pandemia, assim como mulheres, crian\u00e7as e adolescentes.<\/p>\n\n\n\n<p>\u201cN\u00f3s sabemos que depois de crian\u00e7as, adolescentes e mulheres, a pessoa idosa \u00e9 aquela que, desde a pandemia, tem sofrido mais viol\u00eancia. Ent\u00e3o, n\u00f3s estamos aqui, clamando aten\u00e7\u00e3o para a sociedade que respeite os idosos como pessoas, que tenhamos na pessoa idosa realmente uma hist\u00f3ria de vida que pode ser compartilhada. Por isso, n\u00f3s chamamos de baile \u2018Saudade N\u00e3o Tem Idade\u2019, em raz\u00e3o das atra\u00e7\u00f5es, uma atra\u00e7\u00e3o regional, o Nunes Filho e uma atra\u00e7\u00e3o nacional, que \u00e9 o nosso Moacyr Franco, querido por todos eles\u201d, comentou Gra\u00e7a Prola.<\/p>\n\n\n\n<p>O baile foi muito celebrado pelos idosos. Nazar\u00e9 Melo considerou maravilhoso por ser f\u00e3 dos cantores e se manifestou sobre o combate \u00e0 viol\u00eancia contra a pessoa idosa.<\/p>\n\n\n\n<p>\u201cEvento maravilhoso. Eu gosto muito dos cantores. Eu amo o Moacyr Franco, adorei. Sobre a viol\u00eancia, eu sou contra, n\u00e3o pode ser assim. Como \u00e9 que o idoso vai se defender? N\u00e3o pode, n\u00e9? Tem que acabar com isso\u201d, pediu Nazar\u00e9.<\/p>\n\n\n\n<p>&#8212; &#8212; &#8212;<\/p>\n\n\n\n<p><strong>Texto<\/strong> &#8211; Geraldo Farias \/ Semcom<\/p>\n\n\n\n<p><strong>Fotos<\/strong> &#8211; Dhyeizo Lemos e Cl\u00f3vis Miranda \/ Semcom<\/p>\n","protected":false},"excerpt":{"rendered":"","protected":false},"author":61,"featured_media":210520,"comment_status":"closed","ping_status":"closed","sticky":false,"template":"","format":"standard","meta":{"footnotes":""},"categories":[1134],"tags":[1124,1135,133,1136,7,18],"acf":[],"yoast_head":"<!-- This site is optimized with the Yoast SEO plugin v23.0 - https:\/\/yoast.com\/wordpress\/plugins\/seo\/ -->\n<title>Prefeitura promove baile para a terceira idade \u00a0com show de Moacyr Franco<\/title>\n<meta name=\"description\" content=\"A Prefeitura de Manaus promoveu, nesta quarta-feira, 12\/6, o baile \u201cSaudade n\u00e3o tem idade\u201d, no Parque Municipal do Idoso (PMI), bairro Nossa Senhora das Gra\u00e7as, zona Centro-Sul.\" \/>\n<meta name=\"robots\" content=\"noindex, follow\" \/>\n<meta property=\"og:locale\" content=\"pt_BR\" \/>\n<meta property=\"og:type\" content=\"article\" \/>\n<meta property=\"og:title\" content=\"Prefeitura promove baile para a terceira idade \u00a0com show de Moacyr Franco\" \/>\n<meta property=\"og:description\" content=\"A Prefeitura de Manaus promoveu, nesta quarta-feira, 12\/6, o baile \u201cSaudade n\u00e3o tem idade\u201d, no Parque Municipal do Idoso (PMI), bairro Nossa Senhora das Gra\u00e7as, zona Centro-Sul.\" \/>\n<meta property=\"og:url\" content=\"https:\/\/www.manaus.am.gov.br\/semasc\/baile-terceira-idade\/\" \/>\n<meta property=\"og:site_name\" content=\"SEMASC\" \/>\n<meta property=\"article:publisher\" content=\"https:\/\/www.facebook.com\/semascmanaus\" \/>\n<meta property=\"article:published_time\" content=\"2024-06-13T00:55:15+00:00\" \/>\n<meta property=\"article:modified_time\" content=\"2024-06-20T19:36:03+00:00\" \/>\n<meta property=\"og:image\" content=\"https:\/\/www.manaus.am.gov.br\/semasc\/wp-content\/uploads\/sites\/17\/2024\/06\/Baile-Saudade-Nao-tem-Idade-2.jpg\" \/>\n\t<meta property=\"og:image:width\" content=\"799\" \/>\n\t<meta property=\"og:image:height\" content=\"533\" \/>\n\t<meta property=\"og:image:type\" content=\"image\/jpeg\" \/>\n<meta name=\"author\" content=\"smonteiro\" \/>\n<meta name=\"twitter:card\" content=\"summary_large_image\" \/>\n<meta name=\"twitter:label1\" content=\"Written by\" \/>\n\t<meta name=\"twitter:data1\" content=\"smonteiro\" \/>\n\t<meta name=\"twitter:label2\" content=\"Est. reading time\" \/>\n\t<meta name=\"twitter:data2\" content=\"5 minutos\" \/>\n<script type=\"application\/ld+json\" class=\"yoast-schema-graph\">{\"@context\":\"https:\/\/schema.org\",\"@graph\":[{\"@type\":\"Article\",\"@id\":\"https:\/\/www.manaus.am.gov.br\/semasc\/baile-terceira-idade\/#article\",\"isPartOf\":{\"@id\":\"https:\/\/www.manaus.am.gov.br\/semasc\/baile-terceira-idade\/\"},\"author\":{\"name\":\"smonteiro\",\"@id\":\"https:\/\/www.manaus.am.gov.br\/semasc\/#\/schema\/person\/ab4dcf766a54dff74e8d267f5c591961\"},\"headline\":\"Prefeitura promove baile para a terceira idade \u00a0com show de Moacyr Franco\",\"datePublished\":\"2024-06-13T00:55:15+00:00\",\"dateModified\":\"2024-06-20T19:36:03+00:00\",\"mainEntityOfPage\":{\"@id\":\"https:\/\/www.manaus.am.gov.br\/semasc\/baile-terceira-idade\/\"},\"wordCount\":739,\"publisher\":{\"@id\":\"https:\/\/www.manaus.am.gov.br\/semasc\/#organization\"},\"image\":{\"@id\":\"https:\/\/www.manaus.am.gov.br\/semasc\/baile-terceira-idade\/#primaryimage\"},\"thumbnailUrl\":\"https:\/\/www.manaus.am.gov.br\/semasc\/wp-content\/uploads\/sites\/17\/2024\/06\/Baile-Saudade-Nao-tem-Idade-2.jpg\",\"keywords\":[\"baile \\\"Saudade n\u00e3o tem idade\\\"\",\"Funda\u00e7\u00e3o Dr. Thomas (FDT)\",\"idosos\",\"Parque Municipal do Idoso (PMI)\",\"prefeitura de manaus\",\"Semasc\"],\"articleSection\":[\"Terceira Idade\"],\"inLanguage\":\"pt-BR\"},{\"@type\":\"WebPage\",\"@id\":\"https:\/\/www.manaus.am.gov.br\/semasc\/baile-terceira-idade\/\",\"url\":\"https:\/\/www.manaus.am.gov.br\/semasc\/baile-terceira-idade\/\",\"name\":\"Prefeitura promove baile para a terceira idade \u00a0com show de Moacyr Franco\",\"isPartOf\":{\"@id\":\"https:\/\/www.manaus.am.gov.br\/semasc\/#website\"},\"primaryImageOfPage\":{\"@id\":\"https:\/\/www.manaus.am.gov.br\/semasc\/baile-terceira-idade\/#primaryimage\"},\"image\":{\"@id\":\"https:\/\/www.manaus.am.gov.br\/semasc\/baile-terceira-idade\/#primaryimage\"},\"thumbnailUrl\":\"https:\/\/www.manaus.am.gov.br\/semasc\/wp-content\/uploads\/sites\/17\/2024\/06\/Baile-Saudade-Nao-tem-Idade-2.jpg\",\"datePublished\":\"2024-06-13T00:55:15+00:00\",\"dateModified\":\"2024-06-20T19:36:03+00:00\",\"description\":\"A Prefeitura de Manaus promoveu, nesta quarta-feira, 12\/6, o baile \u201cSaudade n\u00e3o tem idade\u201d, no Parque Municipal do Idoso (PMI), bairro Nossa Senhora das Gra\u00e7as, zona Centro-Sul.\",\"breadcrumb\":{\"@id\":\"https:\/\/www.manaus.am.gov.br\/semasc\/baile-terceira-idade\/#breadcrumb\"},\"inLanguage\":\"pt-BR\",\"potentialAction\":[{\"@type\":\"ReadAction\",\"target\":[\"https:\/\/www.manaus.am.gov.br\/semasc\/baile-terceira-idade\/\"]}]},{\"@type\":\"ImageObject\",\"inLanguage\":\"pt-BR\",\"@id\":\"https:\/\/www.manaus.am.gov.br\/semasc\/baile-terceira-idade\/#primaryimage\",\"url\":\"https:\/\/www.manaus.am.gov.br\/semasc\/wp-content\/uploads\/sites\/17\/2024\/06\/Baile-Saudade-Nao-tem-Idade-2.jpg\",\"contentUrl\":\"https:\/\/www.manaus.am.gov.br\/semasc\/wp-content\/uploads\/sites\/17\/2024\/06\/Baile-Saudade-Nao-tem-Idade-2.jpg\",\"width\":799,\"height\":533,\"caption\":\"#paratodosverem - prefeito e secret\u00e1rios no baile\"},{\"@type\":\"BreadcrumbList\",\"@id\":\"https:\/\/www.manaus.am.gov.br\/semasc\/baile-terceira-idade\/#breadcrumb\",\"itemListElement\":[{\"@type\":\"ListItem\",\"position\":1,\"name\":\"Home\",\"item\":\"https:\/\/www.manaus.am.gov.br\/semasc\/\"},{\"@type\":\"ListItem\",\"position\":2,\"name\":\"Prefeitura promove baile para a terceira idade \u00a0com show de Moacyr Franco\"}]},{\"@type\":\"WebSite\",\"@id\":\"https:\/\/www.manaus.am.gov.br\/semasc\/#website\",\"url\":\"https:\/\/www.manaus.am.gov.br\/semasc\/\",\"name\":\"SEMASC\",\"description\":\"Secretaria Municipal da Mulher, Assist\u00eancia Social e Cidadania.\",\"publisher\":{\"@id\":\"https:\/\/www.manaus.am.gov.br\/semasc\/#organization\"},\"alternateName\":\"Secretaria Municipal da Mulher, Assist\u00eancia Social e Cidadania\",\"potentialAction\":[{\"@type\":\"SearchAction\",\"target\":{\"@type\":\"EntryPoint\",\"urlTemplate\":\"https:\/\/www.manaus.am.gov.br\/semasc\/?s={search_term_string}\"},\"query-input\":\"required name=search_term_string\"}],\"inLanguage\":\"pt-BR\"},{\"@type\":\"Organization\",\"@id\":\"https:\/\/www.manaus.am.gov.br\/semasc\/#organization\",\"name\":\"Prefeitura de Manaus\",\"alternateName\":\"Prefeitura Municipal de Manaus\",\"url\":\"https:\/\/www.manaus.am.gov.br\/semasc\/\",\"logo\":{\"@type\":\"ImageObject\",\"inLanguage\":\"pt-BR\",\"@id\":\"https:\/\/www.manaus.am.gov.br\/semasc\/#\/schema\/logo\/image\/\",\"url\":\"https:\/\/www.manaus.am.gov.br\/semasc\/wp-content\/uploads\/sites\/17\/2024\/07\/favicon.png\",\"contentUrl\":\"https:\/\/www.manaus.am.gov.br\/semasc\/wp-content\/uploads\/sites\/17\/2024\/07\/favicon.png\",\"width\":300,\"height\":300,\"caption\":\"Prefeitura de Manaus\"},\"image\":{\"@id\":\"https:\/\/www.manaus.am.gov.br\/semasc\/#\/schema\/logo\/image\/\"},\"sameAs\":[\"https:\/\/www.facebook.com\/semascmanaus\",\"https:\/\/www.instagram.com\/semascmanaus\/\"]},{\"@type\":\"Person\",\"@id\":\"https:\/\/www.manaus.am.gov.br\/semasc\/#\/schema\/person\/ab4dcf766a54dff74e8d267f5c591961\",\"name\":\"smonteiro\",\"image\":{\"@type\":\"ImageObject\",\"inLanguage\":\"pt-BR\",\"@id\":\"https:\/\/www.manaus.am.gov.br\/semasc\/#\/schema\/person\/image\/\",\"url\":\"https:\/\/secure.gravatar.com\/avatar\/21c8776ef61d9272c73322052e042d77?s=96&d=mm&r=g\",\"contentUrl\":\"https:\/\/secure.gravatar.com\/avatar\/21c8776ef61d9272c73322052e042d77?s=96&d=mm&r=g\",\"caption\":\"smonteiro\"}}]}<\/script>\n<!-- \/ Yoast SEO plugin. -->","yoast_head_json":{"title":"Prefeitura promove baile para a terceira idade \u00a0com show de Moacyr Franco","description":"A Prefeitura de Manaus promoveu, nesta quarta-feira, 12\/6, o baile \u201cSaudade n\u00e3o tem idade\u201d, no Parque Municipal do Idoso (PMI), bairro Nossa Senhora das Gra\u00e7as, zona Centro-Sul.","robots":{"index":"noindex","follow":"follow"},"og_locale":"pt_BR","og_type":"article","og_title":"Prefeitura promove baile para a terceira idade \u00a0com show de Moacyr Franco","og_description":"A Prefeitura de Manaus promoveu, nesta quarta-feira, 12\/6, o baile \u201cSaudade n\u00e3o tem idade\u201d, no Parque Municipal do Idoso (PMI), bairro Nossa Senhora das Gra\u00e7as, zona Centro-Sul.","og_url":"https:\/\/www.manaus.am.gov.br\/semasc\/baile-terceira-idade\/","og_site_name":"SEMASC","article_publisher":"https:\/\/www.facebook.com\/semascmanaus","article_published_time":"2024-06-13T00:55:15+00:00","article_modified_time":"2024-06-20T19:36:03+00:00","og_image":[{"width":799,"height":533,"url":"https:\/\/www.manaus.am.gov.br\/semasc\/wp-content\/uploads\/sites\/17\/2024\/06\/Baile-Saudade-Nao-tem-Idade-2.jpg","type":"image\/jpeg"}],"author":"smonteiro","twitter_card":"summary_large_image","twitter_misc":{"Written by":"smonteiro","Est. reading time":"5 minutos"},"schema":{"@context":"https:\/\/schema.org","@graph":[{"@type":"Article","@id":"https:\/\/www.manaus.am.gov.br\/semasc\/baile-terceira-idade\/#article","isPartOf":{"@id":"https:\/\/www.manaus.am.gov.br\/semasc\/baile-terceira-idade\/"},"author":{"name":"smonteiro","@id":"https:\/\/www.manaus.am.gov.br\/semasc\/#\/schema\/person\/ab4dcf766a54dff74e8d267f5c591961"},"headline":"Prefeitura promove baile para a terceira idade \u00a0com show de Moacyr Franco","datePublished":"2024-06-13T00:55:15+00:00","dateModified":"2024-06-20T19:36:03+00:00","mainEntityOfPage":{"@id":"https:\/\/www.manaus.am.gov.br\/semasc\/baile-terceira-idade\/"},"wordCount":739,"publisher":{"@id":"https:\/\/www.manaus.am.gov.br\/semasc\/#organization"},"image":{"@id":"https:\/\/www.manaus.am.gov.br\/semasc\/baile-terceira-idade\/#primaryimage"},"thumbnailUrl":"https:\/\/www.manaus.am.gov.br\/semasc\/wp-content\/uploads\/sites\/17\/2024\/06\/Baile-Saudade-Nao-tem-Idade-2.jpg","keywords":["baile \"Saudade n\u00e3o tem idade\"","Funda\u00e7\u00e3o Dr. Thomas (FDT)","idosos","Parque Municipal do Idoso (PMI)","prefeitura de manaus","Semasc"],"articleSection":["Terceira Idade"],"inLanguage":"pt-BR"},{"@type":"WebPage","@id":"https:\/\/www.manaus.am.gov.br\/semasc\/baile-terceira-idade\/","url":"https:\/\/www.manaus.am.gov.br\/semasc\/baile-terceira-idade\/","name":"Prefeitura promove baile para a terceira idade \u00a0com show de Moacyr Franco","isPartOf":{"@id":"https:\/\/www.manaus.am.gov.br\/semasc\/#website"},"primaryImageOfPage":{"@id":"https:\/\/www.manaus.am.gov.br\/semasc\/baile-terceira-idade\/#primaryimage"},"image":{"@id":"https:\/\/www.manaus.am.gov.br\/semasc\/baile-terceira-idade\/#primaryimage"},"thumbnailUrl":"https:\/\/www.manaus.am.gov.br\/semasc\/wp-content\/uploads\/sites\/17\/2024\/06\/Baile-Saudade-Nao-tem-Idade-2.jpg","datePublished":"2024-06-13T00:55:15+00:00","dateModified":"2024-06-20T19:36:03+00:00","description":"A Prefeitura de Manaus promoveu, nesta quarta-feira, 12\/6, o baile \u201cSaudade n\u00e3o tem idade\u201d, no Parque Municipal do Idoso (PMI), bairro Nossa Senhora das Gra\u00e7as, zona Centro-Sul.","breadcrumb":{"@id":"https:\/\/www.manaus.am.gov.br\/semasc\/baile-terceira-idade\/#breadcrumb"},"inLanguage":"pt-BR","potentialAction":[{"@type":"ReadAction","target":["https:\/\/www.manaus.am.gov.br\/semasc\/baile-terceira-idade\/"]}]},{"@type":"ImageObject","inLanguage":"pt-BR","@id":"https:\/\/www.manaus.am.gov.br\/semasc\/baile-terceira-idade\/#primaryimage","url":"https:\/\/www.manaus.am.gov.br\/semasc\/wp-content\/uploads\/sites\/17\/2024\/06\/Baile-Saudade-Nao-tem-Idade-2.jpg","contentUrl":"https:\/\/www.manaus.am.gov.br\/semasc\/wp-content\/uploads\/sites\/17\/2024\/06\/Baile-Saudade-Nao-tem-Idade-2.jpg","width":799,"height":533,"caption":"#paratodosverem - prefeito e secret\u00e1rios no baile"},{"@type":"BreadcrumbList","@id":"https:\/\/www.manaus.am.gov.br\/semasc\/baile-terceira-idade\/#breadcrumb","itemListElement":[{"@type":"ListItem","position":1,"name":"Home","item":"https:\/\/www.manaus.am.gov.br\/semasc\/"},{"@type":"ListItem","position":2,"name":"Prefeitura promove baile para a terceira idade \u00a0com show de Moacyr Franco"}]},{"@type":"WebSite","@id":"https:\/\/www.manaus.am.gov.br\/semasc\/#website","url":"https:\/\/www.manaus.am.gov.br\/semasc\/","name":"SEMASC","description":"Secretaria Municipal da Mulher, Assist\u00eancia Social e Cidadania.","publisher":{"@id":"https:\/\/www.manaus.am.gov.br\/semasc\/#organization"},"alternateName":"Secretaria Municipal da Mulher, Assist\u00eancia Social e Cidadania","potentialAction":[{"@type":"SearchAction","target":{"@type":"EntryPoint","urlTemplate":"https:\/\/www.manaus.am.gov.br\/semasc\/?s={search_term_string}"},"query-input":"required name=search_term_string"}],"inLanguage":"pt-BR"},{"@type":"Organization","@id":"https:\/\/www.manaus.am.gov.br\/semasc\/#organization","name":"Prefeitura de Manaus","alternateName":"Prefeitura Municipal de Manaus","url":"https:\/\/www.manaus.am.gov.br\/semasc\/","logo":{"@type":"ImageObject","inLanguage":"pt-BR","@id":"https:\/\/www.manaus.am.gov.br\/semasc\/#\/schema\/logo\/image\/","url":"https:\/\/www.manaus.am.gov.br\/semasc\/wp-content\/uploads\/sites\/17\/2024\/07\/favicon.png","contentUrl":"https:\/\/www.manaus.am.gov.br\/semasc\/wp-content\/uploads\/sites\/17\/2024\/07\/favicon.png","width":300,"height":300,"caption":"Prefeitura de Manaus"},"image":{"@id":"https:\/\/www.manaus.am.gov.br\/semasc\/#\/schema\/logo\/image\/"},"sameAs":["https:\/\/www.facebook.com\/semascmanaus","https:\/\/www.instagram.com\/semascmanaus\/"]},{"@type":"Person","@id":"https:\/\/www.manaus.am.gov.br\/semasc\/#\/schema\/person\/ab4dcf766a54dff74e8d267f5c591961","name":"smonteiro","image":{"@type":"ImageObject","inLanguage":"pt-BR","@id":"https:\/\/www.manaus.am.gov.br\/semasc\/#\/schema\/person\/image\/","url":"https:\/\/secure.gravatar.com\/avatar\/21c8776ef61d9272c73322052e042d77?s=96&d=mm&r=g","contentUrl":"https:\/\/secure.gravatar.com\/avatar\/21c8776ef61d9272c73322052e042d77?s=96&d=mm&r=g","caption":"smonteiro"}}]}},"_links":{"self":[{"href":"https:\/\/www.manaus.am.gov.br\/semasc\/wp-json\/wp\/v2\/posts\/210519"}],"collection":[{"href":"https:\/\/www.manaus.am.gov.br\/semasc\/wp-json\/wp\/v2\/posts"}],"about":[{"href":"https:\/\/www.manaus.am.gov.br\/semasc\/wp-json\/wp\/v2\/types\/post"}],"author":[{"embeddable":true,"href":"https:\/\/www.manaus.am.gov.br\/semasc\/wp-json\/wp\/v2\/users\/61"}],"replies":[{"embeddable":true,"href":"https:\/\/www.manaus.am.gov.br\/semasc\/wp-json\/wp\/v2\/comments?post=210519"}],"version-history":[{"count":4,"href":"https:\/\/www.manaus.am.gov.br\/semasc\/wp-json\/wp\/v2\/posts\/210519\/revisions"}],"predecessor-version":[{"id":210527,"href":"https:\/\/www.manaus.am.gov.br\/semasc\/wp-json\/wp\/v2\/posts\/210519\/revisions\/210527"}],"wp:featuredmedia":[{"embeddable":true,"href":"https:\/\/www.manaus.am.gov.br\/semasc\/wp-json\/wp\/v2\/media\/210520"}],"wp:attachment":[{"href":"https:\/\/www.manaus.am.gov.br\/semasc\/wp-json\/wp\/v2\/media?parent=210519"}],"wp:term":[{"taxonomy":"category","embeddable":true,"href":"https:\/\/www.manaus.am.gov.br\/semasc\/wp-json\/wp\/v2\/categories?post=210519"},{"taxonomy":"post_tag","embeddable":true,"href":"https:\/\/www.manaus.am.gov.br\/semasc\/wp-json\/wp\/v2\/tags?post=210519"}],"curies":[{"name":"wp","href":"https:\/\/api.w.org\/{rel}","templated":true}]}}