{"id":210494,"date":"2024-06-08T23:43:15","date_gmt":"2024-06-09T03:43:15","guid":{"rendered":"https:\/\/www.manaus.am.gov.br\/semasc\/orientacoes-na-abertura-do-66o-festival-folclorico-do-amazonas\/"},"modified":"2024-06-14T14:20:09","modified_gmt":"2024-06-14T18:20:09","slug":"orientacoes-na-abertura-do-66o-festival-folclorico-do-amazonas","status":"publish","type":"post","link":"https:\/\/www.manaus.am.gov.br\/semasc\/orientacoes-na-abertura-do-66o-festival-folclorico-do-amazonas\/","title":{"rendered":"Servidores da assist\u00eancia social da prefeitura promovem orienta\u00e7\u00f5es na abertura do 66\u00ba Festival Folcl\u00f3rico do Amazonas"},"content":{"rendered":"\n<p>Durante o primeiro dia de festividades da 66\u00aa edi\u00e7\u00e3o do Festival Folcl\u00f3rico do Amazonas (FFA), neste s\u00e1bado, 8\/6, equipes da Secretaria Municipal da Mulher, Assist\u00eancia Social e Cidadania (Semasc), estiveram no Centro Cultural Povos da Amaz\u00f4nia (CCPA), na zona Sul, levando ao p\u00fablico presente uma s\u00e9rie de orienta\u00e7\u00f5es e m\u00e9todos de preven\u00e7\u00e3o a diversas formas de viola\u00e7\u00e3o de direitos.&nbsp;<\/p>\n\n\n\n<p>Ao longo da programa\u00e7\u00e3o, promovida pela Prefeitura de Manaus, por meio da Funda\u00e7\u00e3o Municipal de Cultura, Turismo e Eventos (Manauscult), os servidores realizaram a distribui\u00e7\u00e3o de materiais informativos relacionados ao enfrentamento do abuso e \u00e0 explora\u00e7\u00e3o sexual de crian\u00e7as e adolescentes no munic\u00edpio, como destacou a subsecret\u00e1ria de Pol\u00edticas Afirmativas da Mulher e Direitos Humanos, Gra\u00e7a Prola.&nbsp;<\/p>\n\n\n\n<p><br>\u201cN\u00e3o poder\u00edamos deixar de comparecer a um dos maiores eventos culturais de nossa cidade, levando \u00e0 popula\u00e7\u00e3o o acesso a informa\u00e7\u00f5es essenciais para a prote\u00e7\u00e3o de seus direitos por meio de uma a\u00e7\u00e3o de car\u00e1ter educativo e de preven\u00e7\u00e3o. Esta \u00e9 a forma que gest\u00e3o municipal encontra de, continuamente, lutar por uma cidade mais segura para todos\u201d, explicou.&nbsp;<\/p>\n\n\n\n<p><br>Diferentes a\u00e7\u00f5es de sensibiliza\u00e7\u00e3o e orienta\u00e7\u00e3o ser\u00e3o promovidas no festival, cuja programa\u00e7\u00e3o se estende at\u00e9 o dia 23\/6. Nesse per\u00edodo, a Semasc tamb\u00e9m atuar\u00e1 em outras frentes de conscientiza\u00e7\u00e3o, como o combate \u00e0 explora\u00e7\u00e3o do trabalho infantil e \u00e0 viol\u00eancia contra a mulher.\u00a0<\/p>\n\n\n\n<figure class=\"wp-block-image size-large\"><img loading=\"lazy\" decoding=\"async\" width=\"1024\" height=\"682\" src=\"https:\/\/www.manaus.am.gov.br\/semasc\/wp-content\/uploads\/sites\/17\/2024\/06\/Acao-de-sensibilizacao-3-1024x682.jpeg\" alt=\"\" class=\"wp-image-210495\" srcset=\"https:\/\/www.manaus.am.gov.br\/semasc\/wp-content\/uploads\/sites\/17\/2024\/06\/Acao-de-sensibilizacao-3-1024x682.jpeg 1024w, https:\/\/www.manaus.am.gov.br\/semasc\/wp-content\/uploads\/sites\/17\/2024\/06\/Acao-de-sensibilizacao-3-300x200.jpeg 300w, https:\/\/www.manaus.am.gov.br\/semasc\/wp-content\/uploads\/sites\/17\/2024\/06\/Acao-de-sensibilizacao-3-768x512.jpeg 768w, https:\/\/www.manaus.am.gov.br\/semasc\/wp-content\/uploads\/sites\/17\/2024\/06\/Acao-de-sensibilizacao-3-1536x1023.jpeg 1536w, https:\/\/www.manaus.am.gov.br\/semasc\/wp-content\/uploads\/sites\/17\/2024\/06\/Acao-de-sensibilizacao-3.jpeg 1600w\" sizes=\"(max-width: 1024px) 100vw, 1024px\" \/><\/figure>\n\n\n\n<p>&#8212; &#8212; &#8212;<\/p>\n\n\n\n<p><strong>Texto &#8211;&nbsp;<\/strong>Guilherme Pacheco\/Semasc&nbsp;<\/p>\n\n\n\n<p><strong>Fotos &#8211;&nbsp;<\/strong>Diego Lima\/Semasc&nbsp;<\/p>\n","protected":false},"excerpt":{"rendered":"","protected":false},"author":39,"featured_media":210497,"comment_status":"closed","ping_status":"closed","sticky":false,"template":"","format":"standard","meta":{"footnotes":""},"categories":[261],"tags":[1125,1126,7,18,1127,1045],"acf":[],"yoast_head":"<!-- This site is optimized with the Yoast SEO plugin v23.0 - https:\/\/yoast.com\/wordpress\/plugins\/seo\/ -->\n<title>Orienta\u00e7\u00f5es na abertura do 66\u00ba Festival Folcl\u00f3rico do Amazonas<\/title>\n<meta name=\"description\" content=\"Servidores da assist\u00eancia social da prefeitura promovem orienta\u00e7\u00f5es na abertura do 66\u00ba Festival Folcl\u00f3rico do Amazonas.\" \/>\n<meta name=\"robots\" content=\"noindex, follow\" \/>\n<meta property=\"og:locale\" content=\"pt_BR\" \/>\n<meta property=\"og:type\" content=\"article\" \/>\n<meta property=\"og:title\" content=\"Orienta\u00e7\u00f5es na abertura do 66\u00ba Festival Folcl\u00f3rico do Amazonas\" \/>\n<meta property=\"og:description\" content=\"Servidores da assist\u00eancia social da prefeitura promovem orienta\u00e7\u00f5es na abertura do 66\u00ba Festival Folcl\u00f3rico do Amazonas.\" \/>\n<meta property=\"og:url\" content=\"https:\/\/www.manaus.am.gov.br\/semasc\/orientacoes-na-abertura-do-66o-festival-folclorico-do-amazonas\/\" \/>\n<meta property=\"og:site_name\" content=\"SEMASC\" \/>\n<meta property=\"article:publisher\" content=\"https:\/\/www.facebook.com\/semascmanaus\" \/>\n<meta property=\"article:published_time\" content=\"2024-06-09T03:43:15+00:00\" \/>\n<meta property=\"article:modified_time\" content=\"2024-06-14T18:20:09+00:00\" \/>\n<meta property=\"og:image\" content=\"https:\/\/www.manaus.am.gov.br\/semasc\/wp-content\/uploads\/sites\/17\/2024\/06\/Acao-de-sensibilizacao-2.jpeg\" \/>\n\t<meta property=\"og:image:width\" content=\"1600\" \/>\n\t<meta property=\"og:image:height\" content=\"1066\" \/>\n\t<meta property=\"og:image:type\" content=\"image\/jpeg\" \/>\n<meta name=\"author\" content=\"Bruna Greco\" \/>\n<meta name=\"twitter:card\" content=\"summary_large_image\" \/>\n<meta name=\"twitter:label1\" content=\"Written by\" \/>\n\t<meta name=\"twitter:data1\" content=\"Bruna Greco\" \/>\n\t<meta name=\"twitter:label2\" content=\"Est. reading time\" \/>\n\t<meta name=\"twitter:data2\" content=\"2 minutos\" \/>\n<script type=\"application\/ld+json\" class=\"yoast-schema-graph\">{\"@context\":\"https:\/\/schema.org\",\"@graph\":[{\"@type\":\"Article\",\"@id\":\"https:\/\/www.manaus.am.gov.br\/semasc\/orientacoes-na-abertura-do-66o-festival-folclorico-do-amazonas\/#article\",\"isPartOf\":{\"@id\":\"https:\/\/www.manaus.am.gov.br\/semasc\/orientacoes-na-abertura-do-66o-festival-folclorico-do-amazonas\/\"},\"author\":{\"name\":\"Bruna Greco\",\"@id\":\"https:\/\/www.manaus.am.gov.br\/semasc\/#\/schema\/person\/05d223aea2bf115f9883a6ff3683d81b\"},\"headline\":\"Servidores da assist\u00eancia social da prefeitura promovem orienta\u00e7\u00f5es na abertura do 66\u00ba Festival Folcl\u00f3rico do Amazonas\",\"datePublished\":\"2024-06-09T03:43:15+00:00\",\"dateModified\":\"2024-06-14T18:20:09+00:00\",\"mainEntityOfPage\":{\"@id\":\"https:\/\/www.manaus.am.gov.br\/semasc\/orientacoes-na-abertura-do-66o-festival-folclorico-do-amazonas\/\"},\"wordCount\":286,\"publisher\":{\"@id\":\"https:\/\/www.manaus.am.gov.br\/semasc\/#organization\"},\"image\":{\"@id\":\"https:\/\/www.manaus.am.gov.br\/semasc\/orientacoes-na-abertura-do-66o-festival-folclorico-do-amazonas\/#primaryimage\"},\"thumbnailUrl\":\"https:\/\/www.manaus.am.gov.br\/semasc\/wp-content\/uploads\/sites\/17\/2024\/06\/Acao-de-sensibilizacao-2.jpeg\",\"keywords\":[\"66\u00ba Festival Folcl\u00f3rico do Amazonas\",\"formas de viola\u00e7\u00e3o de direitos\",\"prefeitura de manaus\",\"Semasc\",\"s\u00e9rie de orienta\u00e7\u00f5es e m\u00e9todos de preven\u00e7\u00e3o\",\"Servidores da assist\u00eancia social\"],\"articleSection\":[\"Sensibiliza\u00e7\u00e3o\"],\"inLanguage\":\"pt-BR\"},{\"@type\":\"WebPage\",\"@id\":\"https:\/\/www.manaus.am.gov.br\/semasc\/orientacoes-na-abertura-do-66o-festival-folclorico-do-amazonas\/\",\"url\":\"https:\/\/www.manaus.am.gov.br\/semasc\/orientacoes-na-abertura-do-66o-festival-folclorico-do-amazonas\/\",\"name\":\"Orienta\u00e7\u00f5es na abertura do 66\u00ba Festival Folcl\u00f3rico do Amazonas\",\"isPartOf\":{\"@id\":\"https:\/\/www.manaus.am.gov.br\/semasc\/#website\"},\"primaryImageOfPage\":{\"@id\":\"https:\/\/www.manaus.am.gov.br\/semasc\/orientacoes-na-abertura-do-66o-festival-folclorico-do-amazonas\/#primaryimage\"},\"image\":{\"@id\":\"https:\/\/www.manaus.am.gov.br\/semasc\/orientacoes-na-abertura-do-66o-festival-folclorico-do-amazonas\/#primaryimage\"},\"thumbnailUrl\":\"https:\/\/www.manaus.am.gov.br\/semasc\/wp-content\/uploads\/sites\/17\/2024\/06\/Acao-de-sensibilizacao-2.jpeg\",\"datePublished\":\"2024-06-09T03:43:15+00:00\",\"dateModified\":\"2024-06-14T18:20:09+00:00\",\"description\":\"Servidores da assist\u00eancia social da prefeitura promovem orienta\u00e7\u00f5es na abertura do 66\u00ba Festival Folcl\u00f3rico do Amazonas.\",\"breadcrumb\":{\"@id\":\"https:\/\/www.manaus.am.gov.br\/semasc\/orientacoes-na-abertura-do-66o-festival-folclorico-do-amazonas\/#breadcrumb\"},\"inLanguage\":\"pt-BR\",\"potentialAction\":[{\"@type\":\"ReadAction\",\"target\":[\"https:\/\/www.manaus.am.gov.br\/semasc\/orientacoes-na-abertura-do-66o-festival-folclorico-do-amazonas\/\"]}]},{\"@type\":\"ImageObject\",\"inLanguage\":\"pt-BR\",\"@id\":\"https:\/\/www.manaus.am.gov.br\/semasc\/orientacoes-na-abertura-do-66o-festival-folclorico-do-amazonas\/#primaryimage\",\"url\":\"https:\/\/www.manaus.am.gov.br\/semasc\/wp-content\/uploads\/sites\/17\/2024\/06\/Acao-de-sensibilizacao-2.jpeg\",\"contentUrl\":\"https:\/\/www.manaus.am.gov.br\/semasc\/wp-content\/uploads\/sites\/17\/2024\/06\/Acao-de-sensibilizacao-2.jpeg\",\"width\":1600,\"height\":1066,\"caption\":\"#paratodosverem - Servidora da Semasc entregando ventarola informativa durante a abertura do 66\u00ba Festival Folcl\u00f3rico do Amazonas\"},{\"@type\":\"BreadcrumbList\",\"@id\":\"https:\/\/www.manaus.am.gov.br\/semasc\/orientacoes-na-abertura-do-66o-festival-folclorico-do-amazonas\/#breadcrumb\",\"itemListElement\":[{\"@type\":\"ListItem\",\"position\":1,\"name\":\"Home\",\"item\":\"https:\/\/www.manaus.am.gov.br\/semasc\/\"},{\"@type\":\"ListItem\",\"position\":2,\"name\":\"Servidores da assist\u00eancia social da prefeitura promovem orienta\u00e7\u00f5es na abertura do 66\u00ba Festival Folcl\u00f3rico do Amazonas\"}]},{\"@type\":\"WebSite\",\"@id\":\"https:\/\/www.manaus.am.gov.br\/semasc\/#website\",\"url\":\"https:\/\/www.manaus.am.gov.br\/semasc\/\",\"name\":\"SEMASC\",\"description\":\"Secretaria Municipal da Mulher, Assist\u00eancia Social e Cidadania.\",\"publisher\":{\"@id\":\"https:\/\/www.manaus.am.gov.br\/semasc\/#organization\"},\"alternateName\":\"Secretaria Municipal da Mulher, Assist\u00eancia Social e Cidadania\",\"potentialAction\":[{\"@type\":\"SearchAction\",\"target\":{\"@type\":\"EntryPoint\",\"urlTemplate\":\"https:\/\/www.manaus.am.gov.br\/semasc\/?s={search_term_string}\"},\"query-input\":\"required name=search_term_string\"}],\"inLanguage\":\"pt-BR\"},{\"@type\":\"Organization\",\"@id\":\"https:\/\/www.manaus.am.gov.br\/semasc\/#organization\",\"name\":\"Prefeitura de Manaus\",\"alternateName\":\"Prefeitura Municipal de Manaus\",\"url\":\"https:\/\/www.manaus.am.gov.br\/semasc\/\",\"logo\":{\"@type\":\"ImageObject\",\"inLanguage\":\"pt-BR\",\"@id\":\"https:\/\/www.manaus.am.gov.br\/semasc\/#\/schema\/logo\/image\/\",\"url\":\"https:\/\/www.manaus.am.gov.br\/semasc\/wp-content\/uploads\/sites\/17\/2024\/07\/favicon.png\",\"contentUrl\":\"https:\/\/www.manaus.am.gov.br\/semasc\/wp-content\/uploads\/sites\/17\/2024\/07\/favicon.png\",\"width\":300,\"height\":300,\"caption\":\"Prefeitura de Manaus\"},\"image\":{\"@id\":\"https:\/\/www.manaus.am.gov.br\/semasc\/#\/schema\/logo\/image\/\"},\"sameAs\":[\"https:\/\/www.facebook.com\/semascmanaus\",\"https:\/\/www.instagram.com\/semascmanaus\/\"]},{\"@type\":\"Person\",\"@id\":\"https:\/\/www.manaus.am.gov.br\/semasc\/#\/schema\/person\/05d223aea2bf115f9883a6ff3683d81b\",\"name\":\"Bruna Greco\",\"image\":{\"@type\":\"ImageObject\",\"inLanguage\":\"pt-BR\",\"@id\":\"https:\/\/www.manaus.am.gov.br\/semasc\/#\/schema\/person\/image\/\",\"url\":\"https:\/\/secure.gravatar.com\/avatar\/9c877d1a6adc2a055330e5c09a8653ce?s=96&d=mm&r=g\",\"contentUrl\":\"https:\/\/secure.gravatar.com\/avatar\/9c877d1a6adc2a055330e5c09a8653ce?s=96&d=mm&r=g\",\"caption\":\"Bruna Greco\"}}]}<\/script>\n<!-- \/ Yoast SEO plugin. -->","yoast_head_json":{"title":"Orienta\u00e7\u00f5es na abertura do 66\u00ba Festival Folcl\u00f3rico do Amazonas","description":"Servidores da assist\u00eancia social da prefeitura promovem orienta\u00e7\u00f5es na abertura do 66\u00ba Festival Folcl\u00f3rico do Amazonas.","robots":{"index":"noindex","follow":"follow"},"og_locale":"pt_BR","og_type":"article","og_title":"Orienta\u00e7\u00f5es na abertura do 66\u00ba Festival Folcl\u00f3rico do Amazonas","og_description":"Servidores da assist\u00eancia social da prefeitura promovem orienta\u00e7\u00f5es na abertura do 66\u00ba Festival Folcl\u00f3rico do Amazonas.","og_url":"https:\/\/www.manaus.am.gov.br\/semasc\/orientacoes-na-abertura-do-66o-festival-folclorico-do-amazonas\/","og_site_name":"SEMASC","article_publisher":"https:\/\/www.facebook.com\/semascmanaus","article_published_time":"2024-06-09T03:43:15+00:00","article_modified_time":"2024-06-14T18:20:09+00:00","og_image":[{"width":1600,"height":1066,"url":"https:\/\/www.manaus.am.gov.br\/semasc\/wp-content\/uploads\/sites\/17\/2024\/06\/Acao-de-sensibilizacao-2.jpeg","type":"image\/jpeg"}],"author":"Bruna Greco","twitter_card":"summary_large_image","twitter_misc":{"Written by":"Bruna Greco","Est. reading time":"2 minutos"},"schema":{"@context":"https:\/\/schema.org","@graph":[{"@type":"Article","@id":"https:\/\/www.manaus.am.gov.br\/semasc\/orientacoes-na-abertura-do-66o-festival-folclorico-do-amazonas\/#article","isPartOf":{"@id":"https:\/\/www.manaus.am.gov.br\/semasc\/orientacoes-na-abertura-do-66o-festival-folclorico-do-amazonas\/"},"author":{"name":"Bruna Greco","@id":"https:\/\/www.manaus.am.gov.br\/semasc\/#\/schema\/person\/05d223aea2bf115f9883a6ff3683d81b"},"headline":"Servidores da assist\u00eancia social da prefeitura promovem orienta\u00e7\u00f5es na abertura do 66\u00ba Festival Folcl\u00f3rico do Amazonas","datePublished":"2024-06-09T03:43:15+00:00","dateModified":"2024-06-14T18:20:09+00:00","mainEntityOfPage":{"@id":"https:\/\/www.manaus.am.gov.br\/semasc\/orientacoes-na-abertura-do-66o-festival-folclorico-do-amazonas\/"},"wordCount":286,"publisher":{"@id":"https:\/\/www.manaus.am.gov.br\/semasc\/#organization"},"image":{"@id":"https:\/\/www.manaus.am.gov.br\/semasc\/orientacoes-na-abertura-do-66o-festival-folclorico-do-amazonas\/#primaryimage"},"thumbnailUrl":"https:\/\/www.manaus.am.gov.br\/semasc\/wp-content\/uploads\/sites\/17\/2024\/06\/Acao-de-sensibilizacao-2.jpeg","keywords":["66\u00ba Festival Folcl\u00f3rico do Amazonas","formas de viola\u00e7\u00e3o de direitos","prefeitura de manaus","Semasc","s\u00e9rie de orienta\u00e7\u00f5es e m\u00e9todos de preven\u00e7\u00e3o","Servidores da assist\u00eancia social"],"articleSection":["Sensibiliza\u00e7\u00e3o"],"inLanguage":"pt-BR"},{"@type":"WebPage","@id":"https:\/\/www.manaus.am.gov.br\/semasc\/orientacoes-na-abertura-do-66o-festival-folclorico-do-amazonas\/","url":"https:\/\/www.manaus.am.gov.br\/semasc\/orientacoes-na-abertura-do-66o-festival-folclorico-do-amazonas\/","name":"Orienta\u00e7\u00f5es na abertura do 66\u00ba Festival Folcl\u00f3rico do Amazonas","isPartOf":{"@id":"https:\/\/www.manaus.am.gov.br\/semasc\/#website"},"primaryImageOfPage":{"@id":"https:\/\/www.manaus.am.gov.br\/semasc\/orientacoes-na-abertura-do-66o-festival-folclorico-do-amazonas\/#primaryimage"},"image":{"@id":"https:\/\/www.manaus.am.gov.br\/semasc\/orientacoes-na-abertura-do-66o-festival-folclorico-do-amazonas\/#primaryimage"},"thumbnailUrl":"https:\/\/www.manaus.am.gov.br\/semasc\/wp-content\/uploads\/sites\/17\/2024\/06\/Acao-de-sensibilizacao-2.jpeg","datePublished":"2024-06-09T03:43:15+00:00","dateModified":"2024-06-14T18:20:09+00:00","description":"Servidores da assist\u00eancia social da prefeitura promovem orienta\u00e7\u00f5es na abertura do 66\u00ba Festival Folcl\u00f3rico do Amazonas.","breadcrumb":{"@id":"https:\/\/www.manaus.am.gov.br\/semasc\/orientacoes-na-abertura-do-66o-festival-folclorico-do-amazonas\/#breadcrumb"},"inLanguage":"pt-BR","potentialAction":[{"@type":"ReadAction","target":["https:\/\/www.manaus.am.gov.br\/semasc\/orientacoes-na-abertura-do-66o-festival-folclorico-do-amazonas\/"]}]},{"@type":"ImageObject","inLanguage":"pt-BR","@id":"https:\/\/www.manaus.am.gov.br\/semasc\/orientacoes-na-abertura-do-66o-festival-folclorico-do-amazonas\/#primaryimage","url":"https:\/\/www.manaus.am.gov.br\/semasc\/wp-content\/uploads\/sites\/17\/2024\/06\/Acao-de-sensibilizacao-2.jpeg","contentUrl":"https:\/\/www.manaus.am.gov.br\/semasc\/wp-content\/uploads\/sites\/17\/2024\/06\/Acao-de-sensibilizacao-2.jpeg","width":1600,"height":1066,"caption":"#paratodosverem - Servidora da Semasc entregando ventarola informativa durante a abertura do 66\u00ba Festival Folcl\u00f3rico do Amazonas"},{"@type":"BreadcrumbList","@id":"https:\/\/www.manaus.am.gov.br\/semasc\/orientacoes-na-abertura-do-66o-festival-folclorico-do-amazonas\/#breadcrumb","itemListElement":[{"@type":"ListItem","position":1,"name":"Home","item":"https:\/\/www.manaus.am.gov.br\/semasc\/"},{"@type":"ListItem","position":2,"name":"Servidores da assist\u00eancia social da prefeitura promovem orienta\u00e7\u00f5es na abertura do 66\u00ba Festival Folcl\u00f3rico do Amazonas"}]},{"@type":"WebSite","@id":"https:\/\/www.manaus.am.gov.br\/semasc\/#website","url":"https:\/\/www.manaus.am.gov.br\/semasc\/","name":"SEMASC","description":"Secretaria Municipal da Mulher, Assist\u00eancia Social e Cidadania.","publisher":{"@id":"https:\/\/www.manaus.am.gov.br\/semasc\/#organization"},"alternateName":"Secretaria Municipal da Mulher, Assist\u00eancia Social e Cidadania","potentialAction":[{"@type":"SearchAction","target":{"@type":"EntryPoint","urlTemplate":"https:\/\/www.manaus.am.gov.br\/semasc\/?s={search_term_string}"},"query-input":"required name=search_term_string"}],"inLanguage":"pt-BR"},{"@type":"Organization","@id":"https:\/\/www.manaus.am.gov.br\/semasc\/#organization","name":"Prefeitura de Manaus","alternateName":"Prefeitura Municipal de Manaus","url":"https:\/\/www.manaus.am.gov.br\/semasc\/","logo":{"@type":"ImageObject","inLanguage":"pt-BR","@id":"https:\/\/www.manaus.am.gov.br\/semasc\/#\/schema\/logo\/image\/","url":"https:\/\/www.manaus.am.gov.br\/semasc\/wp-content\/uploads\/sites\/17\/2024\/07\/favicon.png","contentUrl":"https:\/\/www.manaus.am.gov.br\/semasc\/wp-content\/uploads\/sites\/17\/2024\/07\/favicon.png","width":300,"height":300,"caption":"Prefeitura de Manaus"},"image":{"@id":"https:\/\/www.manaus.am.gov.br\/semasc\/#\/schema\/logo\/image\/"},"sameAs":["https:\/\/www.facebook.com\/semascmanaus","https:\/\/www.instagram.com\/semascmanaus\/"]},{"@type":"Person","@id":"https:\/\/www.manaus.am.gov.br\/semasc\/#\/schema\/person\/05d223aea2bf115f9883a6ff3683d81b","name":"Bruna Greco","image":{"@type":"ImageObject","inLanguage":"pt-BR","@id":"https:\/\/www.manaus.am.gov.br\/semasc\/#\/schema\/person\/image\/","url":"https:\/\/secure.gravatar.com\/avatar\/9c877d1a6adc2a055330e5c09a8653ce?s=96&d=mm&r=g","contentUrl":"https:\/\/secure.gravatar.com\/avatar\/9c877d1a6adc2a055330e5c09a8653ce?s=96&d=mm&r=g","caption":"Bruna Greco"}}]}},"_links":{"self":[{"href":"https:\/\/www.manaus.am.gov.br\/semasc\/wp-json\/wp\/v2\/posts\/210494"}],"collection":[{"href":"https:\/\/www.manaus.am.gov.br\/semasc\/wp-json\/wp\/v2\/posts"}],"about":[{"href":"https:\/\/www.manaus.am.gov.br\/semasc\/wp-json\/wp\/v2\/types\/post"}],"author":[{"embeddable":true,"href":"https:\/\/www.manaus.am.gov.br\/semasc\/wp-json\/wp\/v2\/users\/39"}],"replies":[{"embeddable":true,"href":"https:\/\/www.manaus.am.gov.br\/semasc\/wp-json\/wp\/v2\/comments?post=210494"}],"version-history":[{"count":1,"href":"https:\/\/www.manaus.am.gov.br\/semasc\/wp-json\/wp\/v2\/posts\/210494\/revisions"}],"predecessor-version":[{"id":210498,"href":"https:\/\/www.manaus.am.gov.br\/semasc\/wp-json\/wp\/v2\/posts\/210494\/revisions\/210498"}],"wp:featuredmedia":[{"embeddable":true,"href":"https:\/\/www.manaus.am.gov.br\/semasc\/wp-json\/wp\/v2\/media\/210497"}],"wp:attachment":[{"href":"https:\/\/www.manaus.am.gov.br\/semasc\/wp-json\/wp\/v2\/media?parent=210494"}],"wp:term":[{"taxonomy":"category","embeddable":true,"href":"https:\/\/www.manaus.am.gov.br\/semasc\/wp-json\/wp\/v2\/categories?post=210494"},{"taxonomy":"post_tag","embeddable":true,"href":"https:\/\/www.manaus.am.gov.br\/semasc\/wp-json\/wp\/v2\/tags?post=210494"}],"curies":[{"name":"wp","href":"https:\/\/api.w.org\/{rel}","templated":true}]}}