{"id":210488,"date":"2024-06-07T14:43:32","date_gmt":"2024-06-07T18:43:32","guid":{"rendered":"https:\/\/www.manaus.am.gov.br\/semasc\/baile-terceira-idade-alusao-junho-violeta\/"},"modified":"2024-06-13T14:25:40","modified_gmt":"2024-06-13T18:25:40","slug":"baile-terceira-idade-alusao-junho-violeta","status":"publish","type":"post","link":"https:\/\/www.manaus.am.gov.br\/semasc\/baile-terceira-idade-alusao-junho-violeta\/","title":{"rendered":"Prefeitura promove baile para a terceira idade com atra\u00e7\u00e3o nacional Moacyr Franco, em alus\u00e3o ao \u2018Junho Violeta\u2019"},"content":{"rendered":"\n<p>Em uma iniciativa que visa promover o bem-estar e a valoriza\u00e7\u00e3o dos idosos, a Prefeitura de Manaus, por meio da Secretaria Municipal da Mulher, Assist\u00eancia Social e Cidadania (Semasc), Funda\u00e7\u00e3o Municipal de Cultura, Turismo e Eventos (Manauscult), Funda\u00e7\u00e3o Dr. Thomas e a Secretaria Municipal de Administra\u00e7\u00e3o, Planejamento e Gest\u00e3o (Semad), promove uma programa\u00e7\u00e3o especial em comemora\u00e7\u00e3o ao \u201cJunho Violeta\u201d, m\u00eas dedicado \u00e0 conscientiza\u00e7\u00e3o sobre a viol\u00eancia contra a pessoa idosa.<\/p>\n\n\n\n<p>Entre os destaques da programa\u00e7\u00e3o est\u00e1 o baile &#8220;Saudade n\u00e3o tem idade&#8221;, que contar\u00e1 com a participa\u00e7\u00e3o especial do renomado cantor e ator Moacyr Franco, al\u00e9m de Nunes Filho e Luc\u00e9lia Quantos trazendo muito p\u00e9 de serra. O evento, que promete resgatar mem\u00f3rias e proporcionar momentos de alegria e descontra\u00e7\u00e3o, ser\u00e1 realizado no dia 12\/6, no Parque Municipal do Idoso (PMI), na zona Centro-Sul, a partir das 17h.<\/p>\n\n\n\n<p>A escolha de Moacyr Franco como atra\u00e7\u00e3o principal reflete o compromisso da prefeitura em trazer entretenimento de qualidade e relev\u00e2ncia para a terceira idade. O artista, conhecido por seus sucessos musicais e atua\u00e7\u00f5es memor\u00e1veis, \u00e9 uma figura querida por muitas gera\u00e7\u00f5es e promete emocionar o p\u00fablico com um repert\u00f3rio repleto de cl\u00e1ssicos.<\/p>\n\n\n\n<p>\u201c\u00c9 muito importante que o acesso a lazer e atividades de socializa\u00e7\u00e3o, principalmente quando pensamos na popula\u00e7\u00e3o idosa, seja enxergado como um direito b\u00e1sico, essencial para o exerc\u00edcio pleno da cidadania e qualidade de vida desses idosos. \u00c9 justamente por isso que atualmente trabalhamos para que essa primeira atividade do programa consiga reafirmar junto ao p\u00fablico o compromisso da gest\u00e3o municipal com a terceira idade\u201d, destacou a secret\u00e1ria da Semasc, Dermi Rayol.<\/p>\n\n\n\n<p>O evento ser\u00e1 voltado, principalmente, para idosos atendidos pelo Servi\u00e7o de Conviv\u00eancia e Fortalecimento de V\u00ednculos desenvolvido pelos Centros de Refer\u00eancia de Assist\u00eancia Social (Cras) da capital, associa\u00e7\u00f5es da sociedade civil e outros parceiros do poder p\u00fablico. Estima-se a participa\u00e7\u00e3o de at\u00e9 duas mil pessoas na noite do baile.<\/p>\n\n\n\n<figure class=\"wp-block-image size-large\"><img loading=\"lazy\" decoding=\"async\" width=\"1024\" height=\"682\" src=\"https:\/\/www.manaus.am.gov.br\/semasc\/wp-content\/uploads\/sites\/17\/2024\/06\/WhatsApp-Image-2024-06-05-at-15.59.12-1024x682.jpeg\" alt=\"\" class=\"wp-image-210489\" srcset=\"https:\/\/www.manaus.am.gov.br\/semasc\/wp-content\/uploads\/sites\/17\/2024\/06\/WhatsApp-Image-2024-06-05-at-15.59.12-1024x682.jpeg 1024w, https:\/\/www.manaus.am.gov.br\/semasc\/wp-content\/uploads\/sites\/17\/2024\/06\/WhatsApp-Image-2024-06-05-at-15.59.12-300x200.jpeg 300w, https:\/\/www.manaus.am.gov.br\/semasc\/wp-content\/uploads\/sites\/17\/2024\/06\/WhatsApp-Image-2024-06-05-at-15.59.12-768x512.jpeg 768w, https:\/\/www.manaus.am.gov.br\/semasc\/wp-content\/uploads\/sites\/17\/2024\/06\/WhatsApp-Image-2024-06-05-at-15.59.12-1536x1023.jpeg 1536w, https:\/\/www.manaus.am.gov.br\/semasc\/wp-content\/uploads\/sites\/17\/2024\/06\/WhatsApp-Image-2024-06-05-at-15.59.12.jpeg 1600w\" sizes=\"(max-width: 1024px) 100vw, 1024px\" \/><\/figure>\n\n\n\n<p>De acordo com o diretor-presidente da Manauscult, Reginei Rodrigues, este \u00e9 apenas o come\u00e7o de um projeto que percorrer\u00e1 toda a cidade, levando o que h\u00e1 de melhor em estrutura e trabalho do poder p\u00fablico manauara \u00e0 popula\u00e7\u00e3o idosa do munic\u00edpio.<\/p>\n\n\n\n<p>\u201cO evento vai aquecer os cora\u00e7\u00f5es de todos que vierem prestigiar esse dia dos namorados no Parque do Idoso, independentemente da idade. Estamos com uma grande expectativa e o trabalho integrado entre as secretarias \u00e9 importante para a\u00e7\u00f5es como o \u2018Saudade n\u00e3o tem idade\u2019, que se tornar\u00e1 um evento mensal e percorrer\u00e1 todas as zonas da cidade\u201d.<\/p>\n\n\n\n<p>Al\u00e9m do baile, a programa\u00e7\u00e3o do \u201cJunho Violeta\u201d inclui uma s\u00e9rie de atividades voltadas para a conscientiza\u00e7\u00e3o e valoriza\u00e7\u00e3o dos idosos. Ser\u00e3o realizadas palestras sobre os direitos da pessoa idosa, oficinas e a\u00e7\u00f5es de sensibiliza\u00e7\u00e3o sobre a necessidade de denunciar qualquer forma de viol\u00eancia contra a pessoa idosa. Os canais de den\u00fancia s\u00e3o o 0800 092 6644 \/ 0800 092 1407 ou Disque 100.<\/p>\n\n\n\n<p>&#8212; &#8212; &#8212;<\/p>\n\n\n\n<p><strong>Texto &#8211;<\/strong>&nbsp;Guilherme Pacheco\/Semasc e Oliveira Junior\/Manauscult<\/p>\n\n\n\n<p><strong>Fotos \u2013<\/strong> Arquivo\/Semasc<\/p>\n","protected":false},"excerpt":{"rendered":"","protected":false},"author":39,"featured_media":210490,"comment_status":"closed","ping_status":"closed","sticky":false,"template":"","format":"standard","meta":{"footnotes":""},"categories":[91],"tags":[1121,1122,1123,1124,7,804],"acf":[],"yoast_head":"<!-- This site is optimized with the Yoast SEO plugin v23.0 - https:\/\/yoast.com\/wordpress\/plugins\/seo\/ -->\n<title>Baile para a terceira idade em alus\u00e3o ao \u2018Junho Violeta\u2019<\/title>\n<meta name=\"description\" content=\"Prefeitura promove baile para a terceira idade com atra\u00e7\u00e3o nacional Moacyr Franco, em alus\u00e3o ao \u2018Junho Violeta\u2019.\" \/>\n<meta name=\"robots\" content=\"noindex, follow\" \/>\n<meta property=\"og:locale\" content=\"pt_BR\" \/>\n<meta property=\"og:type\" content=\"article\" \/>\n<meta property=\"og:title\" content=\"Baile para a terceira idade em alus\u00e3o ao \u2018Junho Violeta\u2019\" \/>\n<meta property=\"og:description\" content=\"Prefeitura promove baile para a terceira idade com atra\u00e7\u00e3o nacional Moacyr Franco, em alus\u00e3o ao \u2018Junho Violeta\u2019.\" \/>\n<meta property=\"og:url\" content=\"https:\/\/www.manaus.am.gov.br\/semasc\/baile-terceira-idade-alusao-junho-violeta\/\" \/>\n<meta property=\"og:site_name\" content=\"SEMASC\" \/>\n<meta property=\"article:publisher\" content=\"https:\/\/www.facebook.com\/semascmanaus\" \/>\n<meta property=\"article:published_time\" content=\"2024-06-07T18:43:32+00:00\" \/>\n<meta property=\"article:modified_time\" content=\"2024-06-13T18:25:40+00:00\" \/>\n<meta property=\"og:image\" content=\"https:\/\/www.manaus.am.gov.br\/semasc\/wp-content\/uploads\/sites\/17\/2024\/06\/WhatsApp-Image-2024-06-05-at-15.59.12-1.jpeg\" \/>\n\t<meta property=\"og:image:width\" content=\"2560\" \/>\n\t<meta property=\"og:image:height\" content=\"1706\" \/>\n\t<meta property=\"og:image:type\" content=\"image\/jpeg\" \/>\n<meta name=\"author\" content=\"Bruna Greco\" \/>\n<meta name=\"twitter:card\" content=\"summary_large_image\" \/>\n<meta name=\"twitter:label1\" content=\"Written by\" \/>\n\t<meta name=\"twitter:data1\" content=\"Bruna Greco\" \/>\n\t<meta name=\"twitter:label2\" content=\"Est. reading time\" \/>\n\t<meta name=\"twitter:data2\" content=\"4 minutos\" \/>\n<script type=\"application\/ld+json\" class=\"yoast-schema-graph\">{\"@context\":\"https:\/\/schema.org\",\"@graph\":[{\"@type\":\"Article\",\"@id\":\"https:\/\/www.manaus.am.gov.br\/semasc\/baile-terceira-idade-alusao-junho-violeta\/#article\",\"isPartOf\":{\"@id\":\"https:\/\/www.manaus.am.gov.br\/semasc\/baile-terceira-idade-alusao-junho-violeta\/\"},\"author\":{\"name\":\"Bruna Greco\",\"@id\":\"https:\/\/www.manaus.am.gov.br\/semasc\/#\/schema\/person\/05d223aea2bf115f9883a6ff3683d81b\"},\"headline\":\"Prefeitura promove baile para a terceira idade com atra\u00e7\u00e3o nacional Moacyr Franco, em alus\u00e3o ao \u2018Junho Violeta\u2019\",\"datePublished\":\"2024-06-07T18:43:32+00:00\",\"dateModified\":\"2024-06-13T18:25:40+00:00\",\"mainEntityOfPage\":{\"@id\":\"https:\/\/www.manaus.am.gov.br\/semasc\/baile-terceira-idade-alusao-junho-violeta\/\"},\"wordCount\":551,\"publisher\":{\"@id\":\"https:\/\/www.manaus.am.gov.br\/semasc\/#organization\"},\"image\":{\"@id\":\"https:\/\/www.manaus.am.gov.br\/semasc\/baile-terceira-idade-alusao-junho-violeta\/#primaryimage\"},\"thumbnailUrl\":\"https:\/\/www.manaus.am.gov.br\/semasc\/wp-content\/uploads\/sites\/17\/2024\/06\/WhatsApp-Image-2024-06-05-at-15.59.12-1.jpeg\",\"keywords\":[\"12\/6\",\"alus\u00e3o ao \u2018Junho Violeta\u2019\",\"atra\u00e7\u00e3o nacional Moacyr Franco\",\"baile \\\"Saudade n\u00e3o tem idade\\\"\",\"prefeitura de manaus\",\"terceira idade\"],\"articleSection\":[\"Eventos\"],\"inLanguage\":\"pt-BR\"},{\"@type\":\"WebPage\",\"@id\":\"https:\/\/www.manaus.am.gov.br\/semasc\/baile-terceira-idade-alusao-junho-violeta\/\",\"url\":\"https:\/\/www.manaus.am.gov.br\/semasc\/baile-terceira-idade-alusao-junho-violeta\/\",\"name\":\"Baile para a terceira idade em alus\u00e3o ao \u2018Junho Violeta\u2019\",\"isPartOf\":{\"@id\":\"https:\/\/www.manaus.am.gov.br\/semasc\/#website\"},\"primaryImageOfPage\":{\"@id\":\"https:\/\/www.manaus.am.gov.br\/semasc\/baile-terceira-idade-alusao-junho-violeta\/#primaryimage\"},\"image\":{\"@id\":\"https:\/\/www.manaus.am.gov.br\/semasc\/baile-terceira-idade-alusao-junho-violeta\/#primaryimage\"},\"thumbnailUrl\":\"https:\/\/www.manaus.am.gov.br\/semasc\/wp-content\/uploads\/sites\/17\/2024\/06\/WhatsApp-Image-2024-06-05-at-15.59.12-1.jpeg\",\"datePublished\":\"2024-06-07T18:43:32+00:00\",\"dateModified\":\"2024-06-13T18:25:40+00:00\",\"description\":\"Prefeitura promove baile para a terceira idade com atra\u00e7\u00e3o nacional Moacyr Franco, em alus\u00e3o ao \u2018Junho Violeta\u2019.\",\"breadcrumb\":{\"@id\":\"https:\/\/www.manaus.am.gov.br\/semasc\/baile-terceira-idade-alusao-junho-violeta\/#breadcrumb\"},\"inLanguage\":\"pt-BR\",\"potentialAction\":[{\"@type\":\"ReadAction\",\"target\":[\"https:\/\/www.manaus.am.gov.br\/semasc\/baile-terceira-idade-alusao-junho-violeta\/\"]}]},{\"@type\":\"ImageObject\",\"inLanguage\":\"pt-BR\",\"@id\":\"https:\/\/www.manaus.am.gov.br\/semasc\/baile-terceira-idade-alusao-junho-violeta\/#primaryimage\",\"url\":\"https:\/\/www.manaus.am.gov.br\/semasc\/wp-content\/uploads\/sites\/17\/2024\/06\/WhatsApp-Image-2024-06-05-at-15.59.12-1.jpeg\",\"contentUrl\":\"https:\/\/www.manaus.am.gov.br\/semasc\/wp-content\/uploads\/sites\/17\/2024\/06\/WhatsApp-Image-2024-06-05-at-15.59.12-1.jpeg\",\"width\":2560,\"height\":1706,\"caption\":\"#paratodosverem - Idosos dan\u00e7ando durante baile da terceira idade em alus\u00e3o ao \\\"Junho Violeta\\\"\"},{\"@type\":\"BreadcrumbList\",\"@id\":\"https:\/\/www.manaus.am.gov.br\/semasc\/baile-terceira-idade-alusao-junho-violeta\/#breadcrumb\",\"itemListElement\":[{\"@type\":\"ListItem\",\"position\":1,\"name\":\"Home\",\"item\":\"https:\/\/www.manaus.am.gov.br\/semasc\/\"},{\"@type\":\"ListItem\",\"position\":2,\"name\":\"Prefeitura promove baile para a terceira idade com atra\u00e7\u00e3o nacional Moacyr Franco, em alus\u00e3o ao \u2018Junho Violeta\u2019\"}]},{\"@type\":\"WebSite\",\"@id\":\"https:\/\/www.manaus.am.gov.br\/semasc\/#website\",\"url\":\"https:\/\/www.manaus.am.gov.br\/semasc\/\",\"name\":\"SEMASC\",\"description\":\"Secretaria Municipal da Mulher, Assist\u00eancia Social e Cidadania.\",\"publisher\":{\"@id\":\"https:\/\/www.manaus.am.gov.br\/semasc\/#organization\"},\"alternateName\":\"Secretaria Municipal da Mulher, Assist\u00eancia Social e Cidadania\",\"potentialAction\":[{\"@type\":\"SearchAction\",\"target\":{\"@type\":\"EntryPoint\",\"urlTemplate\":\"https:\/\/www.manaus.am.gov.br\/semasc\/?s={search_term_string}\"},\"query-input\":\"required name=search_term_string\"}],\"inLanguage\":\"pt-BR\"},{\"@type\":\"Organization\",\"@id\":\"https:\/\/www.manaus.am.gov.br\/semasc\/#organization\",\"name\":\"Prefeitura de Manaus\",\"alternateName\":\"Prefeitura Municipal de Manaus\",\"url\":\"https:\/\/www.manaus.am.gov.br\/semasc\/\",\"logo\":{\"@type\":\"ImageObject\",\"inLanguage\":\"pt-BR\",\"@id\":\"https:\/\/www.manaus.am.gov.br\/semasc\/#\/schema\/logo\/image\/\",\"url\":\"https:\/\/www.manaus.am.gov.br\/semasc\/wp-content\/uploads\/sites\/17\/2024\/07\/favicon.png\",\"contentUrl\":\"https:\/\/www.manaus.am.gov.br\/semasc\/wp-content\/uploads\/sites\/17\/2024\/07\/favicon.png\",\"width\":300,\"height\":300,\"caption\":\"Prefeitura de Manaus\"},\"image\":{\"@id\":\"https:\/\/www.manaus.am.gov.br\/semasc\/#\/schema\/logo\/image\/\"},\"sameAs\":[\"https:\/\/www.facebook.com\/semascmanaus\",\"https:\/\/www.instagram.com\/semascmanaus\/\"]},{\"@type\":\"Person\",\"@id\":\"https:\/\/www.manaus.am.gov.br\/semasc\/#\/schema\/person\/05d223aea2bf115f9883a6ff3683d81b\",\"name\":\"Bruna Greco\",\"image\":{\"@type\":\"ImageObject\",\"inLanguage\":\"pt-BR\",\"@id\":\"https:\/\/www.manaus.am.gov.br\/semasc\/#\/schema\/person\/image\/\",\"url\":\"https:\/\/secure.gravatar.com\/avatar\/9c877d1a6adc2a055330e5c09a8653ce?s=96&d=mm&r=g\",\"contentUrl\":\"https:\/\/secure.gravatar.com\/avatar\/9c877d1a6adc2a055330e5c09a8653ce?s=96&d=mm&r=g\",\"caption\":\"Bruna Greco\"}}]}<\/script>\n<!-- \/ Yoast SEO plugin. -->","yoast_head_json":{"title":"Baile para a terceira idade em alus\u00e3o ao \u2018Junho Violeta\u2019","description":"Prefeitura promove baile para a terceira idade com atra\u00e7\u00e3o nacional Moacyr Franco, em alus\u00e3o ao \u2018Junho Violeta\u2019.","robots":{"index":"noindex","follow":"follow"},"og_locale":"pt_BR","og_type":"article","og_title":"Baile para a terceira idade em alus\u00e3o ao \u2018Junho Violeta\u2019","og_description":"Prefeitura promove baile para a terceira idade com atra\u00e7\u00e3o nacional Moacyr Franco, em alus\u00e3o ao \u2018Junho Violeta\u2019.","og_url":"https:\/\/www.manaus.am.gov.br\/semasc\/baile-terceira-idade-alusao-junho-violeta\/","og_site_name":"SEMASC","article_publisher":"https:\/\/www.facebook.com\/semascmanaus","article_published_time":"2024-06-07T18:43:32+00:00","article_modified_time":"2024-06-13T18:25:40+00:00","og_image":[{"width":2560,"height":1706,"url":"https:\/\/www.manaus.am.gov.br\/semasc\/wp-content\/uploads\/sites\/17\/2024\/06\/WhatsApp-Image-2024-06-05-at-15.59.12-1.jpeg","type":"image\/jpeg"}],"author":"Bruna Greco","twitter_card":"summary_large_image","twitter_misc":{"Written by":"Bruna Greco","Est. reading time":"4 minutos"},"schema":{"@context":"https:\/\/schema.org","@graph":[{"@type":"Article","@id":"https:\/\/www.manaus.am.gov.br\/semasc\/baile-terceira-idade-alusao-junho-violeta\/#article","isPartOf":{"@id":"https:\/\/www.manaus.am.gov.br\/semasc\/baile-terceira-idade-alusao-junho-violeta\/"},"author":{"name":"Bruna Greco","@id":"https:\/\/www.manaus.am.gov.br\/semasc\/#\/schema\/person\/05d223aea2bf115f9883a6ff3683d81b"},"headline":"Prefeitura promove baile para a terceira idade com atra\u00e7\u00e3o nacional Moacyr Franco, em alus\u00e3o ao \u2018Junho Violeta\u2019","datePublished":"2024-06-07T18:43:32+00:00","dateModified":"2024-06-13T18:25:40+00:00","mainEntityOfPage":{"@id":"https:\/\/www.manaus.am.gov.br\/semasc\/baile-terceira-idade-alusao-junho-violeta\/"},"wordCount":551,"publisher":{"@id":"https:\/\/www.manaus.am.gov.br\/semasc\/#organization"},"image":{"@id":"https:\/\/www.manaus.am.gov.br\/semasc\/baile-terceira-idade-alusao-junho-violeta\/#primaryimage"},"thumbnailUrl":"https:\/\/www.manaus.am.gov.br\/semasc\/wp-content\/uploads\/sites\/17\/2024\/06\/WhatsApp-Image-2024-06-05-at-15.59.12-1.jpeg","keywords":["12\/6","alus\u00e3o ao \u2018Junho Violeta\u2019","atra\u00e7\u00e3o nacional Moacyr Franco","baile \"Saudade n\u00e3o tem idade\"","prefeitura de manaus","terceira idade"],"articleSection":["Eventos"],"inLanguage":"pt-BR"},{"@type":"WebPage","@id":"https:\/\/www.manaus.am.gov.br\/semasc\/baile-terceira-idade-alusao-junho-violeta\/","url":"https:\/\/www.manaus.am.gov.br\/semasc\/baile-terceira-idade-alusao-junho-violeta\/","name":"Baile para a terceira idade em alus\u00e3o ao \u2018Junho Violeta\u2019","isPartOf":{"@id":"https:\/\/www.manaus.am.gov.br\/semasc\/#website"},"primaryImageOfPage":{"@id":"https:\/\/www.manaus.am.gov.br\/semasc\/baile-terceira-idade-alusao-junho-violeta\/#primaryimage"},"image":{"@id":"https:\/\/www.manaus.am.gov.br\/semasc\/baile-terceira-idade-alusao-junho-violeta\/#primaryimage"},"thumbnailUrl":"https:\/\/www.manaus.am.gov.br\/semasc\/wp-content\/uploads\/sites\/17\/2024\/06\/WhatsApp-Image-2024-06-05-at-15.59.12-1.jpeg","datePublished":"2024-06-07T18:43:32+00:00","dateModified":"2024-06-13T18:25:40+00:00","description":"Prefeitura promove baile para a terceira idade com atra\u00e7\u00e3o nacional Moacyr Franco, em alus\u00e3o ao \u2018Junho Violeta\u2019.","breadcrumb":{"@id":"https:\/\/www.manaus.am.gov.br\/semasc\/baile-terceira-idade-alusao-junho-violeta\/#breadcrumb"},"inLanguage":"pt-BR","potentialAction":[{"@type":"ReadAction","target":["https:\/\/www.manaus.am.gov.br\/semasc\/baile-terceira-idade-alusao-junho-violeta\/"]}]},{"@type":"ImageObject","inLanguage":"pt-BR","@id":"https:\/\/www.manaus.am.gov.br\/semasc\/baile-terceira-idade-alusao-junho-violeta\/#primaryimage","url":"https:\/\/www.manaus.am.gov.br\/semasc\/wp-content\/uploads\/sites\/17\/2024\/06\/WhatsApp-Image-2024-06-05-at-15.59.12-1.jpeg","contentUrl":"https:\/\/www.manaus.am.gov.br\/semasc\/wp-content\/uploads\/sites\/17\/2024\/06\/WhatsApp-Image-2024-06-05-at-15.59.12-1.jpeg","width":2560,"height":1706,"caption":"#paratodosverem - Idosos dan\u00e7ando durante baile da terceira idade em alus\u00e3o ao \"Junho Violeta\""},{"@type":"BreadcrumbList","@id":"https:\/\/www.manaus.am.gov.br\/semasc\/baile-terceira-idade-alusao-junho-violeta\/#breadcrumb","itemListElement":[{"@type":"ListItem","position":1,"name":"Home","item":"https:\/\/www.manaus.am.gov.br\/semasc\/"},{"@type":"ListItem","position":2,"name":"Prefeitura promove baile para a terceira idade com atra\u00e7\u00e3o nacional Moacyr Franco, em alus\u00e3o ao \u2018Junho Violeta\u2019"}]},{"@type":"WebSite","@id":"https:\/\/www.manaus.am.gov.br\/semasc\/#website","url":"https:\/\/www.manaus.am.gov.br\/semasc\/","name":"SEMASC","description":"Secretaria Municipal da Mulher, Assist\u00eancia Social e Cidadania.","publisher":{"@id":"https:\/\/www.manaus.am.gov.br\/semasc\/#organization"},"alternateName":"Secretaria Municipal da Mulher, Assist\u00eancia Social e Cidadania","potentialAction":[{"@type":"SearchAction","target":{"@type":"EntryPoint","urlTemplate":"https:\/\/www.manaus.am.gov.br\/semasc\/?s={search_term_string}"},"query-input":"required name=search_term_string"}],"inLanguage":"pt-BR"},{"@type":"Organization","@id":"https:\/\/www.manaus.am.gov.br\/semasc\/#organization","name":"Prefeitura de Manaus","alternateName":"Prefeitura Municipal de Manaus","url":"https:\/\/www.manaus.am.gov.br\/semasc\/","logo":{"@type":"ImageObject","inLanguage":"pt-BR","@id":"https:\/\/www.manaus.am.gov.br\/semasc\/#\/schema\/logo\/image\/","url":"https:\/\/www.manaus.am.gov.br\/semasc\/wp-content\/uploads\/sites\/17\/2024\/07\/favicon.png","contentUrl":"https:\/\/www.manaus.am.gov.br\/semasc\/wp-content\/uploads\/sites\/17\/2024\/07\/favicon.png","width":300,"height":300,"caption":"Prefeitura de Manaus"},"image":{"@id":"https:\/\/www.manaus.am.gov.br\/semasc\/#\/schema\/logo\/image\/"},"sameAs":["https:\/\/www.facebook.com\/semascmanaus","https:\/\/www.instagram.com\/semascmanaus\/"]},{"@type":"Person","@id":"https:\/\/www.manaus.am.gov.br\/semasc\/#\/schema\/person\/05d223aea2bf115f9883a6ff3683d81b","name":"Bruna Greco","image":{"@type":"ImageObject","inLanguage":"pt-BR","@id":"https:\/\/www.manaus.am.gov.br\/semasc\/#\/schema\/person\/image\/","url":"https:\/\/secure.gravatar.com\/avatar\/9c877d1a6adc2a055330e5c09a8653ce?s=96&d=mm&r=g","contentUrl":"https:\/\/secure.gravatar.com\/avatar\/9c877d1a6adc2a055330e5c09a8653ce?s=96&d=mm&r=g","caption":"Bruna Greco"}}]}},"_links":{"self":[{"href":"https:\/\/www.manaus.am.gov.br\/semasc\/wp-json\/wp\/v2\/posts\/210488"}],"collection":[{"href":"https:\/\/www.manaus.am.gov.br\/semasc\/wp-json\/wp\/v2\/posts"}],"about":[{"href":"https:\/\/www.manaus.am.gov.br\/semasc\/wp-json\/wp\/v2\/types\/post"}],"author":[{"embeddable":true,"href":"https:\/\/www.manaus.am.gov.br\/semasc\/wp-json\/wp\/v2\/users\/39"}],"replies":[{"embeddable":true,"href":"https:\/\/www.manaus.am.gov.br\/semasc\/wp-json\/wp\/v2\/comments?post=210488"}],"version-history":[{"count":3,"href":"https:\/\/www.manaus.am.gov.br\/semasc\/wp-json\/wp\/v2\/posts\/210488\/revisions"}],"predecessor-version":[{"id":210493,"href":"https:\/\/www.manaus.am.gov.br\/semasc\/wp-json\/wp\/v2\/posts\/210488\/revisions\/210493"}],"wp:featuredmedia":[{"embeddable":true,"href":"https:\/\/www.manaus.am.gov.br\/semasc\/wp-json\/wp\/v2\/media\/210490"}],"wp:attachment":[{"href":"https:\/\/www.manaus.am.gov.br\/semasc\/wp-json\/wp\/v2\/media?parent=210488"}],"wp:term":[{"taxonomy":"category","embeddable":true,"href":"https:\/\/www.manaus.am.gov.br\/semasc\/wp-json\/wp\/v2\/categories?post=210488"},{"taxonomy":"post_tag","embeddable":true,"href":"https:\/\/www.manaus.am.gov.br\/semasc\/wp-json\/wp\/v2\/tags?post=210488"}],"curies":[{"name":"wp","href":"https:\/\/api.w.org\/{rel}","templated":true}]}}