{"id":210466,"date":"2024-05-29T12:11:06","date_gmt":"2024-05-29T16:11:06","guid":{"rendered":"https:\/\/www.manaus.am.gov.br\/semasc\/servicos-essenciais-feriado-de-corpus-christi-ponto-facultativo\/"},"modified":"2024-05-29T12:11:06","modified_gmt":"2024-05-29T16:11:06","slug":"servicos-essenciais-feriado-de-corpus-christi-ponto-facultativo","status":"publish","type":"post","link":"https:\/\/www.manaus.am.gov.br\/semasc\/servicos-essenciais-feriado-de-corpus-christi-ponto-facultativo\/","title":{"rendered":"Prefeitura garante servi\u00e7os essenciais no feriado de Corpus Christi e ponto facultativo"},"content":{"rendered":"\n<p>A Prefeitura de Manaus divulga o funcionamento dos servi\u00e7os essenciais \u00e0 popula\u00e7\u00e3o nesta quinta e na sexta-feira, 30 e 31\/5, feriado nacional e religioso consagrado a Corpus Christi e ponto facultativo no munic\u00edpio, respectivamente.<\/p>\n\n\n\n<p><strong>Sa\u00fade<\/strong><\/p>\n\n\n\n<p>Os servi\u00e7os essenciais administrados pela Secretaria Municipal de Sa\u00fade (Semsa) ser\u00e3o mantidos durante o feriado e ponto facultativo. Para atendimentos pr\u00e9-hospitalares \u00e0s situa\u00e7\u00f5es de urg\u00eancia e emerg\u00eancia, os usu\u00e1rios podem acionar o Servi\u00e7o de Atendimento M\u00f3vel de Urg\u00eancia (Samu), por meio do n\u00famero 192.<\/p>\n\n\n\n<p>Outro servi\u00e7o em funcionamento no feriado \u00e9 o da Maternidade Dr. Moura Tapaj\u00f3z (MMT), localizada no bairro Compensa, zona Oeste, que funciona 24 horas.<\/p>\n\n\n\n<p>Os usu\u00e1rios que precisarem buscar os servi\u00e7os b\u00e1sicos da Aten\u00e7\u00e3o Prim\u00e1ria \u00e0 Sa\u00fade, como vacina\u00e7\u00e3o, testagem r\u00e1pida para detec\u00e7\u00e3o de Infec\u00e7\u00f5es Sexualmente Transmiss\u00edveis (ISTs) e atendimento para profilaxia antirr\u00e1bica, podem buscar a cl\u00ednica da fam\u00edlia Carmen Nicolau, que funciona todos os dias das 8h \u00e0s 18h, na rua Nestor Nascimento, s\/n\u00ba, bairro Lago Azul, zona Norte.<\/p>\n\n\n\n<p>Na sexta-feira, 31\/5, as Unidades M\u00f3veis de Sa\u00fade da Mulher estar\u00e3o em funcionamento em seu hor\u00e1rio regular, das 7h \u00e0s 17h. Na zona Norte, a unidade est\u00e1 localizada na rua Querubim, n\u00ba 16, pr\u00f3ximo \u00e0 igreja Miss\u00e3o Evang\u00e9lica Pentecostal do Brasil, no bairro Novo Israel. Na zona Sul, o atendimento ocorre na rua Coronel Ferreira de Ara\u00fajo, bairro Petr\u00f3polis, pr\u00f3ximo ao conjunto habitacional Petr\u00f3polis e ao Caic Alexandre Montoril.<\/p>\n\n\n\n<p>J\u00e1 na zona Leste, as usu\u00e1rias podem buscar as a\u00e7\u00f5es de sa\u00fade na rua dos Granitos, n\u00ba 175, no bairro Tancredo Neves, e na zona Oeste, na rua Cec\u00edlia Bernardo Cabral, s\/n\u00ba, no bairro Compensa, atr\u00e1s da Unidade de Sa\u00fade da Fam\u00edlia (USF) Leonor de Freitas.&nbsp;O segmento feminino da zona rural pode recorrer \u00e0 USF Ada Viana, na comunidade Nova Cana\u00e3, no quil\u00f4metro 41 da rodovia BR-174.<\/p>\n\n\n\n<p>O Centro de Emiss\u00e3o de Declara\u00e7\u00e3o de \u00d3bito por Causa Natural em Domic\u00edlio (Cedo) prestar\u00e1 atendimento nos dois dias, das 8h \u00e0s 18h, por meio do n\u00famero (92) 98842-8437.<\/p>\n\n\n\n<p><strong>Assist\u00eancia Social<\/strong><\/p>\n\n\n\n<p>O SOS Funeral, da Secretaria Municipal da Mulher, Assist\u00eancia Social e Cidadania (Semasc), funcionar\u00e1 normalmente, 24 horas por dia, no feriado e ponto facultativo. Pode-se entrar em contato com o servi\u00e7o pelos n\u00fameros: 98842-2963 (whatsapp) \/ 0800 280 8087 \/ 3215-2649 \/ 3631-9983. A solicita\u00e7\u00e3o do servi\u00e7o tamb\u00e9m pode ser feita diretamente na sede da Semasc, localizada na avenida Ayr\u00e3o com a avenida Ferreira Pena, no Centro, zona Sul.<\/p>\n\n\n\n<p><strong>Limpeza<\/strong><\/p>\n\n\n\n<p>Os servi\u00e7os essenciais de limpeza, realizados pela Secretaria Municipal de Limpeza Urbana (Semulsp), ser\u00e3o mantidos em formato de plant\u00e3o durante o feriado de Corpus Christi, nesta quinta-feira, 30\/5. Aproximadamente 100 pessoas ir\u00e3o atender as \u00e1reas espec\u00edficas e volantes da cidade, como: Ponta Negra, Centro, mercado municipal, feira da Manaus Moderna, feira do Produtor, feira da Panair, avenida Ita\u00faba, cemit\u00e9rios e pontos onde estiverem sendo realizados eventos. O funcionamento fica \u00e0 disposi\u00e7\u00e3o da popula\u00e7\u00e3o todos os dias em v\u00e1rios turnos, inclusive nos finais de semana e feriados.<\/p>\n\n\n\n<p>A coleta na balsa e na feira da Manaus Moderna tamb\u00e9m funcionar\u00e1 de forma reduzida, tendo dispon\u00edvel cinco servidores para realizarem a coleta no mirante Lucia Almeida, balsa Amarela e no porto de Manaus.<\/p>\n\n\n\n<figure class=\"wp-block-image size-full\"><img loading=\"lazy\" decoding=\"async\" width=\"900\" height=\"600\" src=\"https:\/\/www.manaus.am.gov.br\/semasc\/wp-content\/uploads\/sites\/17\/2024\/05\/Servicos-Feriado-2.jpeg\" alt=\"\" class=\"wp-image-210468\" srcset=\"https:\/\/www.manaus.am.gov.br\/semasc\/wp-content\/uploads\/sites\/17\/2024\/05\/Servicos-Feriado-2.jpeg 900w, https:\/\/www.manaus.am.gov.br\/semasc\/wp-content\/uploads\/sites\/17\/2024\/05\/Servicos-Feriado-2-300x200.jpeg 300w, https:\/\/www.manaus.am.gov.br\/semasc\/wp-content\/uploads\/sites\/17\/2024\/05\/Servicos-Feriado-2-768x512.jpeg 768w\" sizes=\"(max-width: 900px) 100vw, 900px\" \/><\/figure>\n\n\n\n<p><strong>Empreendedorismo e trabalho<\/strong><\/p>\n\n\n\n<p>As galerias populares Esp\u00edrito Santo e dos Rem\u00e9dios, no Centro, zona Sul, e o shopping Phelippe Daou, no bairro Jorge Teixeira, zona Leste, coordenados pela Secretaria Municipal do Trabalho, Empreendedorismo e Inova\u00e7\u00e3o (Semtepi), estar\u00e3o abertos durante o feriado e ponto facultativo. Nesta quinta-feira, 30\/5, os espa\u00e7os ir\u00e3o funcionar das 8h \u00e0s 14h, e na sexta-feira, 31\/5, das 8h \u00e0s 17h.<\/p>\n\n\n\n<p>O atendimento nos postos do Sine Manaus, localizados na avenida Constantino Nery, zona Sul, e no shopping Phelippe Daou, zona Leste, estar\u00e3o suspensos durante estas quinta e sexta-feira, em virtude do feriado de Corpus Christi e ponto facultativo. As atividades retornam normalmente na segunda-feira, 3\/6.<\/p>\n\n\n\n<p><strong>Feiras e mercados<\/strong><\/p>\n\n\n\n<p>A Secretaria Municipal de Agricultura, Abastecimento, Centro e Com\u00e9rcio Informal (Semacc) manter\u00e1 todas as feiras e mercados municipais com expediente normal. As feiras Coronel Jorge Teixeira (Manaus Moderna) e da Banana, ambas no Centro, funcionam das 4h \u00e0s 17h. A feira municipal do Produtor, na zona Leste, abre as portas das 4h \u00e0s 17h. A da Panair, bairro Educandos, zona Sul, recebe o p\u00fablico das 4h \u00e0s 17h. J\u00e1 o tablado do peixe, na mesma feira, funciona das 18h \u00e0s 6h, todos os dias. O mercado municipal Adolpho Lisboa, na avenida Manaus Moderna, no Centro, tamb\u00e9m funcionar\u00e1 em hor\u00e1rio normal.<\/p>\n\n\n\n<figure class=\"wp-block-image size-full\"><img loading=\"lazy\" decoding=\"async\" width=\"800\" height=\"533\" src=\"https:\/\/www.manaus.am.gov.br\/semasc\/wp-content\/uploads\/sites\/17\/2024\/05\/Servicos-Feriado-1-1.jpeg\" alt=\"\" class=\"wp-image-210469\" srcset=\"https:\/\/www.manaus.am.gov.br\/semasc\/wp-content\/uploads\/sites\/17\/2024\/05\/Servicos-Feriado-1-1.jpeg 800w, https:\/\/www.manaus.am.gov.br\/semasc\/wp-content\/uploads\/sites\/17\/2024\/05\/Servicos-Feriado-1-1-300x200.jpeg 300w, https:\/\/www.manaus.am.gov.br\/semasc\/wp-content\/uploads\/sites\/17\/2024\/05\/Servicos-Feriado-1-1-768x512.jpeg 768w\" sizes=\"(max-width: 800px) 100vw, 800px\" \/><\/figure>\n\n\n\n<p>&#8212; &#8212; &#8212;<\/p>\n\n\n\n<p><strong>Texto<\/strong>&nbsp;\u2013 Divulga\u00e7\u00e3o\/Semcom, Semsa, Semtepi, Semasc, Semulsp e Semacc<\/p>\n\n\n\n<p><strong>Fotos<\/strong>&nbsp;\u2013 Arquivo\/Semcom<\/p>\n","protected":false},"excerpt":{"rendered":"","protected":false},"author":39,"featured_media":210467,"comment_status":"closed","ping_status":"closed","sticky":false,"template":"","format":"standard","meta":{"footnotes":""},"categories":[1008],"tags":[1114,72,1115,1116,1117,1118,1011,7,710],"acf":[],"yoast_head":"<!-- This site is optimized with the Yoast SEO plugin v23.0 - https:\/\/yoast.com\/wordpress\/plugins\/seo\/ -->\n<title>Servi\u00e7os essenciais no feriado de Corpus Christi e ponto facultativo<\/title>\n<meta name=\"description\" content=\"Prefeitura de Manaus garante servi\u00e7os essenciais no feriado de Corpus Christi e ponto facultativo, nesta quinta e sexta-feira, 30 e 31\/5.\" \/>\n<meta name=\"robots\" content=\"noindex, follow\" \/>\n<meta property=\"og:locale\" content=\"pt_BR\" \/>\n<meta property=\"og:type\" content=\"article\" \/>\n<meta property=\"og:title\" content=\"Servi\u00e7os essenciais no feriado de Corpus Christi e ponto facultativo\" \/>\n<meta property=\"og:description\" content=\"Prefeitura de Manaus garante servi\u00e7os essenciais no feriado de Corpus Christi e ponto facultativo, nesta quinta e sexta-feira, 30 e 31\/5.\" \/>\n<meta property=\"og:url\" content=\"https:\/\/www.manaus.am.gov.br\/semasc\/servicos-essenciais-feriado-de-corpus-christi-ponto-facultativo\/\" \/>\n<meta property=\"og:site_name\" content=\"SEMASC\" \/>\n<meta property=\"article:publisher\" content=\"https:\/\/www.facebook.com\/semascmanaus\" \/>\n<meta property=\"article:published_time\" content=\"2024-05-29T16:11:06+00:00\" \/>\n<meta property=\"og:image\" content=\"https:\/\/www.manaus.am.gov.br\/semasc\/wp-content\/uploads\/sites\/17\/2024\/05\/Servicos-Feriado-3.jpeg\" \/>\n\t<meta property=\"og:image:width\" content=\"900\" \/>\n\t<meta property=\"og:image:height\" content=\"599\" \/>\n\t<meta property=\"og:image:type\" content=\"image\/jpeg\" \/>\n<meta name=\"author\" content=\"Bruna Greco\" \/>\n<meta name=\"twitter:card\" content=\"summary_large_image\" \/>\n<meta name=\"twitter:label1\" content=\"Written by\" \/>\n\t<meta name=\"twitter:data1\" content=\"Bruna Greco\" \/>\n\t<meta name=\"twitter:label2\" content=\"Est. reading time\" \/>\n\t<meta name=\"twitter:data2\" content=\"5 minutos\" \/>\n<script type=\"application\/ld+json\" class=\"yoast-schema-graph\">{\"@context\":\"https:\/\/schema.org\",\"@graph\":[{\"@type\":\"Article\",\"@id\":\"https:\/\/www.manaus.am.gov.br\/semasc\/servicos-essenciais-feriado-de-corpus-christi-ponto-facultativo\/#article\",\"isPartOf\":{\"@id\":\"https:\/\/www.manaus.am.gov.br\/semasc\/servicos-essenciais-feriado-de-corpus-christi-ponto-facultativo\/\"},\"author\":{\"name\":\"Bruna Greco\",\"@id\":\"https:\/\/www.manaus.am.gov.br\/semasc\/#\/schema\/person\/05d223aea2bf115f9883a6ff3683d81b\"},\"headline\":\"Prefeitura garante servi\u00e7os essenciais no feriado de Corpus Christi e ponto facultativo\",\"datePublished\":\"2024-05-29T16:11:06+00:00\",\"dateModified\":\"2024-05-29T16:11:06+00:00\",\"mainEntityOfPage\":{\"@id\":\"https:\/\/www.manaus.am.gov.br\/semasc\/servicos-essenciais-feriado-de-corpus-christi-ponto-facultativo\/\"},\"wordCount\":821,\"publisher\":{\"@id\":\"https:\/\/www.manaus.am.gov.br\/semasc\/#organization\"},\"image\":{\"@id\":\"https:\/\/www.manaus.am.gov.br\/semasc\/servicos-essenciais-feriado-de-corpus-christi-ponto-facultativo\/#primaryimage\"},\"thumbnailUrl\":\"https:\/\/www.manaus.am.gov.br\/semasc\/wp-content\/uploads\/sites\/17\/2024\/05\/Servicos-Feriado-3.jpeg\",\"keywords\":[\"30 e 31\/5\",\"assist\u00eancia social\",\"empregabilidade e trabalho\",\"feiras e mercados\",\"feriado de Corpus Christi\",\"limpeza\",\"ponto facultativo\",\"prefeitura de manaus\",\"sa\u00fade\"],\"articleSection\":[\"Funcionamento\"],\"inLanguage\":\"pt-BR\"},{\"@type\":\"WebPage\",\"@id\":\"https:\/\/www.manaus.am.gov.br\/semasc\/servicos-essenciais-feriado-de-corpus-christi-ponto-facultativo\/\",\"url\":\"https:\/\/www.manaus.am.gov.br\/semasc\/servicos-essenciais-feriado-de-corpus-christi-ponto-facultativo\/\",\"name\":\"Servi\u00e7os essenciais no feriado de Corpus Christi e ponto facultativo\",\"isPartOf\":{\"@id\":\"https:\/\/www.manaus.am.gov.br\/semasc\/#website\"},\"primaryImageOfPage\":{\"@id\":\"https:\/\/www.manaus.am.gov.br\/semasc\/servicos-essenciais-feriado-de-corpus-christi-ponto-facultativo\/#primaryimage\"},\"image\":{\"@id\":\"https:\/\/www.manaus.am.gov.br\/semasc\/servicos-essenciais-feriado-de-corpus-christi-ponto-facultativo\/#primaryimage\"},\"thumbnailUrl\":\"https:\/\/www.manaus.am.gov.br\/semasc\/wp-content\/uploads\/sites\/17\/2024\/05\/Servicos-Feriado-3.jpeg\",\"datePublished\":\"2024-05-29T16:11:06+00:00\",\"dateModified\":\"2024-05-29T16:11:06+00:00\",\"description\":\"Prefeitura de Manaus garante servi\u00e7os essenciais no feriado de Corpus Christi e ponto facultativo, nesta quinta e sexta-feira, 30 e 31\/5.\",\"breadcrumb\":{\"@id\":\"https:\/\/www.manaus.am.gov.br\/semasc\/servicos-essenciais-feriado-de-corpus-christi-ponto-facultativo\/#breadcrumb\"},\"inLanguage\":\"pt-BR\",\"potentialAction\":[{\"@type\":\"ReadAction\",\"target\":[\"https:\/\/www.manaus.am.gov.br\/semasc\/servicos-essenciais-feriado-de-corpus-christi-ponto-facultativo\/\"]}]},{\"@type\":\"ImageObject\",\"inLanguage\":\"pt-BR\",\"@id\":\"https:\/\/www.manaus.am.gov.br\/semasc\/servicos-essenciais-feriado-de-corpus-christi-ponto-facultativo\/#primaryimage\",\"url\":\"https:\/\/www.manaus.am.gov.br\/semasc\/wp-content\/uploads\/sites\/17\/2024\/05\/Servicos-Feriado-3.jpeg\",\"contentUrl\":\"https:\/\/www.manaus.am.gov.br\/semasc\/wp-content\/uploads\/sites\/17\/2024\/05\/Servicos-Feriado-3.jpeg\",\"width\":900,\"height\":599,\"caption\":\"#paratodosverem - Imagem da fachada da Maternidade Dr. Moura Tapaj\u00f3z\"},{\"@type\":\"BreadcrumbList\",\"@id\":\"https:\/\/www.manaus.am.gov.br\/semasc\/servicos-essenciais-feriado-de-corpus-christi-ponto-facultativo\/#breadcrumb\",\"itemListElement\":[{\"@type\":\"ListItem\",\"position\":1,\"name\":\"Home\",\"item\":\"https:\/\/www.manaus.am.gov.br\/semasc\/\"},{\"@type\":\"ListItem\",\"position\":2,\"name\":\"Prefeitura garante servi\u00e7os essenciais no feriado de Corpus Christi e ponto facultativo\"}]},{\"@type\":\"WebSite\",\"@id\":\"https:\/\/www.manaus.am.gov.br\/semasc\/#website\",\"url\":\"https:\/\/www.manaus.am.gov.br\/semasc\/\",\"name\":\"SEMASC\",\"description\":\"Secretaria Municipal da Mulher, Assist\u00eancia Social e Cidadania.\",\"publisher\":{\"@id\":\"https:\/\/www.manaus.am.gov.br\/semasc\/#organization\"},\"alternateName\":\"Secretaria Municipal da Mulher, Assist\u00eancia Social e Cidadania\",\"potentialAction\":[{\"@type\":\"SearchAction\",\"target\":{\"@type\":\"EntryPoint\",\"urlTemplate\":\"https:\/\/www.manaus.am.gov.br\/semasc\/?s={search_term_string}\"},\"query-input\":\"required name=search_term_string\"}],\"inLanguage\":\"pt-BR\"},{\"@type\":\"Organization\",\"@id\":\"https:\/\/www.manaus.am.gov.br\/semasc\/#organization\",\"name\":\"Prefeitura de Manaus\",\"alternateName\":\"Prefeitura Municipal de Manaus\",\"url\":\"https:\/\/www.manaus.am.gov.br\/semasc\/\",\"logo\":{\"@type\":\"ImageObject\",\"inLanguage\":\"pt-BR\",\"@id\":\"https:\/\/www.manaus.am.gov.br\/semasc\/#\/schema\/logo\/image\/\",\"url\":\"https:\/\/www.manaus.am.gov.br\/semasc\/wp-content\/uploads\/sites\/17\/2024\/07\/favicon.png\",\"contentUrl\":\"https:\/\/www.manaus.am.gov.br\/semasc\/wp-content\/uploads\/sites\/17\/2024\/07\/favicon.png\",\"width\":300,\"height\":300,\"caption\":\"Prefeitura de Manaus\"},\"image\":{\"@id\":\"https:\/\/www.manaus.am.gov.br\/semasc\/#\/schema\/logo\/image\/\"},\"sameAs\":[\"https:\/\/www.facebook.com\/semascmanaus\",\"https:\/\/www.instagram.com\/semascmanaus\/\"]},{\"@type\":\"Person\",\"@id\":\"https:\/\/www.manaus.am.gov.br\/semasc\/#\/schema\/person\/05d223aea2bf115f9883a6ff3683d81b\",\"name\":\"Bruna Greco\",\"image\":{\"@type\":\"ImageObject\",\"inLanguage\":\"pt-BR\",\"@id\":\"https:\/\/www.manaus.am.gov.br\/semasc\/#\/schema\/person\/image\/\",\"url\":\"https:\/\/secure.gravatar.com\/avatar\/9c877d1a6adc2a055330e5c09a8653ce?s=96&d=mm&r=g\",\"contentUrl\":\"https:\/\/secure.gravatar.com\/avatar\/9c877d1a6adc2a055330e5c09a8653ce?s=96&d=mm&r=g\",\"caption\":\"Bruna Greco\"}}]}<\/script>\n<!-- \/ Yoast SEO plugin. -->","yoast_head_json":{"title":"Servi\u00e7os essenciais no feriado de Corpus Christi e ponto facultativo","description":"Prefeitura de Manaus garante servi\u00e7os essenciais no feriado de Corpus Christi e ponto facultativo, nesta quinta e sexta-feira, 30 e 31\/5.","robots":{"index":"noindex","follow":"follow"},"og_locale":"pt_BR","og_type":"article","og_title":"Servi\u00e7os essenciais no feriado de Corpus Christi e ponto facultativo","og_description":"Prefeitura de Manaus garante servi\u00e7os essenciais no feriado de Corpus Christi e ponto facultativo, nesta quinta e sexta-feira, 30 e 31\/5.","og_url":"https:\/\/www.manaus.am.gov.br\/semasc\/servicos-essenciais-feriado-de-corpus-christi-ponto-facultativo\/","og_site_name":"SEMASC","article_publisher":"https:\/\/www.facebook.com\/semascmanaus","article_published_time":"2024-05-29T16:11:06+00:00","og_image":[{"width":900,"height":599,"url":"https:\/\/www.manaus.am.gov.br\/semasc\/wp-content\/uploads\/sites\/17\/2024\/05\/Servicos-Feriado-3.jpeg","type":"image\/jpeg"}],"author":"Bruna Greco","twitter_card":"summary_large_image","twitter_misc":{"Written by":"Bruna Greco","Est. reading time":"5 minutos"},"schema":{"@context":"https:\/\/schema.org","@graph":[{"@type":"Article","@id":"https:\/\/www.manaus.am.gov.br\/semasc\/servicos-essenciais-feriado-de-corpus-christi-ponto-facultativo\/#article","isPartOf":{"@id":"https:\/\/www.manaus.am.gov.br\/semasc\/servicos-essenciais-feriado-de-corpus-christi-ponto-facultativo\/"},"author":{"name":"Bruna Greco","@id":"https:\/\/www.manaus.am.gov.br\/semasc\/#\/schema\/person\/05d223aea2bf115f9883a6ff3683d81b"},"headline":"Prefeitura garante servi\u00e7os essenciais no feriado de Corpus Christi e ponto facultativo","datePublished":"2024-05-29T16:11:06+00:00","dateModified":"2024-05-29T16:11:06+00:00","mainEntityOfPage":{"@id":"https:\/\/www.manaus.am.gov.br\/semasc\/servicos-essenciais-feriado-de-corpus-christi-ponto-facultativo\/"},"wordCount":821,"publisher":{"@id":"https:\/\/www.manaus.am.gov.br\/semasc\/#organization"},"image":{"@id":"https:\/\/www.manaus.am.gov.br\/semasc\/servicos-essenciais-feriado-de-corpus-christi-ponto-facultativo\/#primaryimage"},"thumbnailUrl":"https:\/\/www.manaus.am.gov.br\/semasc\/wp-content\/uploads\/sites\/17\/2024\/05\/Servicos-Feriado-3.jpeg","keywords":["30 e 31\/5","assist\u00eancia social","empregabilidade e trabalho","feiras e mercados","feriado de Corpus Christi","limpeza","ponto facultativo","prefeitura de manaus","sa\u00fade"],"articleSection":["Funcionamento"],"inLanguage":"pt-BR"},{"@type":"WebPage","@id":"https:\/\/www.manaus.am.gov.br\/semasc\/servicos-essenciais-feriado-de-corpus-christi-ponto-facultativo\/","url":"https:\/\/www.manaus.am.gov.br\/semasc\/servicos-essenciais-feriado-de-corpus-christi-ponto-facultativo\/","name":"Servi\u00e7os essenciais no feriado de Corpus Christi e ponto facultativo","isPartOf":{"@id":"https:\/\/www.manaus.am.gov.br\/semasc\/#website"},"primaryImageOfPage":{"@id":"https:\/\/www.manaus.am.gov.br\/semasc\/servicos-essenciais-feriado-de-corpus-christi-ponto-facultativo\/#primaryimage"},"image":{"@id":"https:\/\/www.manaus.am.gov.br\/semasc\/servicos-essenciais-feriado-de-corpus-christi-ponto-facultativo\/#primaryimage"},"thumbnailUrl":"https:\/\/www.manaus.am.gov.br\/semasc\/wp-content\/uploads\/sites\/17\/2024\/05\/Servicos-Feriado-3.jpeg","datePublished":"2024-05-29T16:11:06+00:00","dateModified":"2024-05-29T16:11:06+00:00","description":"Prefeitura de Manaus garante servi\u00e7os essenciais no feriado de Corpus Christi e ponto facultativo, nesta quinta e sexta-feira, 30 e 31\/5.","breadcrumb":{"@id":"https:\/\/www.manaus.am.gov.br\/semasc\/servicos-essenciais-feriado-de-corpus-christi-ponto-facultativo\/#breadcrumb"},"inLanguage":"pt-BR","potentialAction":[{"@type":"ReadAction","target":["https:\/\/www.manaus.am.gov.br\/semasc\/servicos-essenciais-feriado-de-corpus-christi-ponto-facultativo\/"]}]},{"@type":"ImageObject","inLanguage":"pt-BR","@id":"https:\/\/www.manaus.am.gov.br\/semasc\/servicos-essenciais-feriado-de-corpus-christi-ponto-facultativo\/#primaryimage","url":"https:\/\/www.manaus.am.gov.br\/semasc\/wp-content\/uploads\/sites\/17\/2024\/05\/Servicos-Feriado-3.jpeg","contentUrl":"https:\/\/www.manaus.am.gov.br\/semasc\/wp-content\/uploads\/sites\/17\/2024\/05\/Servicos-Feriado-3.jpeg","width":900,"height":599,"caption":"#paratodosverem - Imagem da fachada da Maternidade Dr. Moura Tapaj\u00f3z"},{"@type":"BreadcrumbList","@id":"https:\/\/www.manaus.am.gov.br\/semasc\/servicos-essenciais-feriado-de-corpus-christi-ponto-facultativo\/#breadcrumb","itemListElement":[{"@type":"ListItem","position":1,"name":"Home","item":"https:\/\/www.manaus.am.gov.br\/semasc\/"},{"@type":"ListItem","position":2,"name":"Prefeitura garante servi\u00e7os essenciais no feriado de Corpus Christi e ponto facultativo"}]},{"@type":"WebSite","@id":"https:\/\/www.manaus.am.gov.br\/semasc\/#website","url":"https:\/\/www.manaus.am.gov.br\/semasc\/","name":"SEMASC","description":"Secretaria Municipal da Mulher, Assist\u00eancia Social e Cidadania.","publisher":{"@id":"https:\/\/www.manaus.am.gov.br\/semasc\/#organization"},"alternateName":"Secretaria Municipal da Mulher, Assist\u00eancia Social e Cidadania","potentialAction":[{"@type":"SearchAction","target":{"@type":"EntryPoint","urlTemplate":"https:\/\/www.manaus.am.gov.br\/semasc\/?s={search_term_string}"},"query-input":"required name=search_term_string"}],"inLanguage":"pt-BR"},{"@type":"Organization","@id":"https:\/\/www.manaus.am.gov.br\/semasc\/#organization","name":"Prefeitura de Manaus","alternateName":"Prefeitura Municipal de Manaus","url":"https:\/\/www.manaus.am.gov.br\/semasc\/","logo":{"@type":"ImageObject","inLanguage":"pt-BR","@id":"https:\/\/www.manaus.am.gov.br\/semasc\/#\/schema\/logo\/image\/","url":"https:\/\/www.manaus.am.gov.br\/semasc\/wp-content\/uploads\/sites\/17\/2024\/07\/favicon.png","contentUrl":"https:\/\/www.manaus.am.gov.br\/semasc\/wp-content\/uploads\/sites\/17\/2024\/07\/favicon.png","width":300,"height":300,"caption":"Prefeitura de Manaus"},"image":{"@id":"https:\/\/www.manaus.am.gov.br\/semasc\/#\/schema\/logo\/image\/"},"sameAs":["https:\/\/www.facebook.com\/semascmanaus","https:\/\/www.instagram.com\/semascmanaus\/"]},{"@type":"Person","@id":"https:\/\/www.manaus.am.gov.br\/semasc\/#\/schema\/person\/05d223aea2bf115f9883a6ff3683d81b","name":"Bruna Greco","image":{"@type":"ImageObject","inLanguage":"pt-BR","@id":"https:\/\/www.manaus.am.gov.br\/semasc\/#\/schema\/person\/image\/","url":"https:\/\/secure.gravatar.com\/avatar\/9c877d1a6adc2a055330e5c09a8653ce?s=96&d=mm&r=g","contentUrl":"https:\/\/secure.gravatar.com\/avatar\/9c877d1a6adc2a055330e5c09a8653ce?s=96&d=mm&r=g","caption":"Bruna Greco"}}]}},"_links":{"self":[{"href":"https:\/\/www.manaus.am.gov.br\/semasc\/wp-json\/wp\/v2\/posts\/210466"}],"collection":[{"href":"https:\/\/www.manaus.am.gov.br\/semasc\/wp-json\/wp\/v2\/posts"}],"about":[{"href":"https:\/\/www.manaus.am.gov.br\/semasc\/wp-json\/wp\/v2\/types\/post"}],"author":[{"embeddable":true,"href":"https:\/\/www.manaus.am.gov.br\/semasc\/wp-json\/wp\/v2\/users\/39"}],"replies":[{"embeddable":true,"href":"https:\/\/www.manaus.am.gov.br\/semasc\/wp-json\/wp\/v2\/comments?post=210466"}],"version-history":[{"count":1,"href":"https:\/\/www.manaus.am.gov.br\/semasc\/wp-json\/wp\/v2\/posts\/210466\/revisions"}],"predecessor-version":[{"id":210471,"href":"https:\/\/www.manaus.am.gov.br\/semasc\/wp-json\/wp\/v2\/posts\/210466\/revisions\/210471"}],"wp:featuredmedia":[{"embeddable":true,"href":"https:\/\/www.manaus.am.gov.br\/semasc\/wp-json\/wp\/v2\/media\/210467"}],"wp:attachment":[{"href":"https:\/\/www.manaus.am.gov.br\/semasc\/wp-json\/wp\/v2\/media?parent=210466"}],"wp:term":[{"taxonomy":"category","embeddable":true,"href":"https:\/\/www.manaus.am.gov.br\/semasc\/wp-json\/wp\/v2\/categories?post=210466"},{"taxonomy":"post_tag","embeddable":true,"href":"https:\/\/www.manaus.am.gov.br\/semasc\/wp-json\/wp\/v2\/tags?post=210466"}],"curies":[{"name":"wp","href":"https:\/\/api.w.org\/{rel}","templated":true}]}}