{"id":210454,"date":"2024-05-27T13:55:46","date_gmt":"2024-05-27T17:55:46","guid":{"rendered":"https:\/\/www.manaus.am.gov.br\/semasc\/entrega-de-celulares-doados-receita-federal-a-conselheiros-tutelares\/"},"modified":"2024-06-12T11:55:24","modified_gmt":"2024-06-12T15:55:24","slug":"entrega-de-celulares-doados-receita-federal-a-conselheiros-tutelares","status":"publish","type":"post","link":"https:\/\/www.manaus.am.gov.br\/semasc\/entrega-de-celulares-doados-receita-federal-a-conselheiros-tutelares\/","title":{"rendered":"Prefeitura entrega aparelhos celulares\u00a0doados\u00a0pela Receita Federal a\u00a0conselheiros tutelares"},"content":{"rendered":"\n<p>A Prefeitura de Manaus, por meio da Secretaria Municipal da Mulher, Assist\u00eancia Social e Cidadania (Semasc), entregou, nesta segunda-feira, 27\/5, 50 aparelhos celulares ao Conselho Tutelar, com o objetivo de qualificar e dinamizar o atendimento a crian\u00e7as e adolescentes da capital. A entrega foi realizada na sede da Semasc, localizada no centro hist\u00f3rico, onde cada conselheiro tutelar do munic\u00edpio recebeu um aparelho.\u00a0\u00a0<\/p>\n\n\n\n<p><br>Os aparelhos s\u00e3o frutos de doa\u00e7\u00e3o realizada pela Receita Federal, por meio do projeto \u201cReceita Cidad\u00e3\u201d, que descaracteriza e reutiliza parte da mercadoria apreendida pelo \u00f3rg\u00e3o para que esta seja convertida em bens de alto valor social.&nbsp;<\/p>\n\n\n\n<p>&#8220;Os conselheiros tutelares desempenham um papel importante na defesa dos direitos das crian\u00e7as e adolescentes, respondendo prontamente a situa\u00e7\u00f5es de vulnerabilidade e risco. Com a doa\u00e7\u00e3o desses aparelhos, buscamos aprimorar a comunica\u00e7\u00e3o e a capacidade de resposta dos conselheiros, permitindo que eles possam agir de maneira mais r\u00e1pida e eficaz nas ocorr\u00eancias que demandam sua interven\u00e7\u00e3o&#8221;, declarou a secret\u00e1ria da Semasc, Dermi Rayol.<\/p>\n\n\n\n<p>Vice-coordenador do Conselho Tutelar em Manaus, o conselheiro Felipe Sahdo destacou a satisfa\u00e7\u00e3o e as boas expectativas que a nova ferramenta de trabalho traz para ele e seus colegas.&nbsp;<\/p>\n\n\n\n<p>\u201cFicamos imensamente contentes ao saber que ser\u00edamos beneficiados com esses aparelhos, pois assim poderemos executar nossos deveres com mais afinco e com um canal de comunica\u00e7\u00e3o mais pr\u00f3ximo da popula\u00e7\u00e3o, atendendo \u00e0 rede de prote\u00e7\u00e3o com a efici\u00eancia adequada\u201d, concluiu.&nbsp;<\/p>\n\n\n\n<p><br>&#8212; &#8212; &#8212;<\/p>\n\n\n\n<p><strong>Texto &#8211;&nbsp;<\/strong>Guilherme Pacheco\/Semasc&nbsp;<\/p>\n\n\n\n<p><strong>Fotos &#8211; <\/strong>Diego Lima\/Semasc&nbsp;<\/p>\n\n\n\n<p><strong>Dispon\u00edveis em<\/strong> &#8211;&nbsp;<a href=\"https:\/\/flic.kr\/s\/aHBqjBsctD\">https:\/\/flic.kr\/s\/aHBqjBsctD<\/a><\/p>\n","protected":false},"excerpt":{"rendered":"","protected":false},"author":39,"featured_media":210455,"comment_status":"closed","ping_status":"closed","sticky":false,"template":"","format":"standard","meta":{"footnotes":""},"categories":[311],"tags":[43,1113,7,1079,18],"acf":[],"yoast_head":"<!-- This site is optimized with the Yoast SEO plugin v23.0 - https:\/\/yoast.com\/wordpress\/plugins\/seo\/ -->\n<title>Prefeitura entrega aparelhos celulares\u00a0doados\u00a0pela RF<\/title>\n<meta name=\"description\" content=\"Prefeitura de Manaus entrega 50 aparelhos celulares doados pela Receita Federal a conselheiros tutelares da capital.\" \/>\n<meta name=\"robots\" content=\"noindex, follow\" \/>\n<meta property=\"og:locale\" content=\"pt_BR\" \/>\n<meta property=\"og:type\" content=\"article\" \/>\n<meta property=\"og:title\" content=\"Prefeitura entrega aparelhos celulares\u00a0doados\u00a0pela RF\" \/>\n<meta property=\"og:description\" content=\"Prefeitura de Manaus entrega 50 aparelhos celulares doados pela Receita Federal a conselheiros tutelares da capital.\" \/>\n<meta property=\"og:url\" content=\"https:\/\/www.manaus.am.gov.br\/semasc\/entrega-de-celulares-doados-receita-federal-a-conselheiros-tutelares\/\" \/>\n<meta property=\"og:site_name\" content=\"SEMASC\" \/>\n<meta property=\"article:publisher\" content=\"https:\/\/www.facebook.com\/semascmanaus\" \/>\n<meta property=\"article:published_time\" content=\"2024-05-27T17:55:46+00:00\" \/>\n<meta property=\"article:modified_time\" content=\"2024-06-12T15:55:24+00:00\" \/>\n<meta property=\"og:image\" content=\"https:\/\/www.manaus.am.gov.br\/semasc\/wp-content\/uploads\/sites\/17\/2024\/05\/53749477437_ec6fea535c_k.jpg\" \/>\n\t<meta property=\"og:image:width\" content=\"2048\" \/>\n\t<meta property=\"og:image:height\" content=\"1365\" \/>\n\t<meta property=\"og:image:type\" content=\"image\/jpeg\" \/>\n<meta name=\"author\" content=\"Bruna Greco\" \/>\n<meta name=\"twitter:card\" content=\"summary_large_image\" \/>\n<meta name=\"twitter:label1\" content=\"Written by\" \/>\n\t<meta name=\"twitter:data1\" content=\"Bruna Greco\" \/>\n\t<meta name=\"twitter:label2\" content=\"Est. reading time\" \/>\n\t<meta name=\"twitter:data2\" content=\"2 minutos\" \/>\n<script type=\"application\/ld+json\" class=\"yoast-schema-graph\">{\"@context\":\"https:\/\/schema.org\",\"@graph\":[{\"@type\":\"Article\",\"@id\":\"https:\/\/www.manaus.am.gov.br\/semasc\/entrega-de-celulares-doados-receita-federal-a-conselheiros-tutelares\/#article\",\"isPartOf\":{\"@id\":\"https:\/\/www.manaus.am.gov.br\/semasc\/entrega-de-celulares-doados-receita-federal-a-conselheiros-tutelares\/\"},\"author\":{\"name\":\"Bruna Greco\",\"@id\":\"https:\/\/www.manaus.am.gov.br\/semasc\/#\/schema\/person\/05d223aea2bf115f9883a6ff3683d81b\"},\"headline\":\"Prefeitura entrega aparelhos celulares\u00a0doados\u00a0pela Receita Federal a\u00a0conselheiros tutelares\",\"datePublished\":\"2024-05-27T17:55:46+00:00\",\"dateModified\":\"2024-06-12T15:55:24+00:00\",\"mainEntityOfPage\":{\"@id\":\"https:\/\/www.manaus.am.gov.br\/semasc\/entrega-de-celulares-doados-receita-federal-a-conselheiros-tutelares\/\"},\"wordCount\":290,\"publisher\":{\"@id\":\"https:\/\/www.manaus.am.gov.br\/semasc\/#organization\"},\"image\":{\"@id\":\"https:\/\/www.manaus.am.gov.br\/semasc\/entrega-de-celulares-doados-receita-federal-a-conselheiros-tutelares\/#primaryimage\"},\"thumbnailUrl\":\"https:\/\/www.manaus.am.gov.br\/semasc\/wp-content\/uploads\/sites\/17\/2024\/05\/53749477437_ec6fea535c_k.jpg\",\"keywords\":[\"conselheiros tutelares\",\"doa\u00e7\u00e3o de 50 aparelhos celulares\",\"prefeitura de manaus\",\"Receita Federal\",\"Semasc\"],\"articleSection\":[\"Parceria\"],\"inLanguage\":\"pt-BR\"},{\"@type\":\"WebPage\",\"@id\":\"https:\/\/www.manaus.am.gov.br\/semasc\/entrega-de-celulares-doados-receita-federal-a-conselheiros-tutelares\/\",\"url\":\"https:\/\/www.manaus.am.gov.br\/semasc\/entrega-de-celulares-doados-receita-federal-a-conselheiros-tutelares\/\",\"name\":\"Prefeitura entrega aparelhos celulares\u00a0doados\u00a0pela RF\",\"isPartOf\":{\"@id\":\"https:\/\/www.manaus.am.gov.br\/semasc\/#website\"},\"primaryImageOfPage\":{\"@id\":\"https:\/\/www.manaus.am.gov.br\/semasc\/entrega-de-celulares-doados-receita-federal-a-conselheiros-tutelares\/#primaryimage\"},\"image\":{\"@id\":\"https:\/\/www.manaus.am.gov.br\/semasc\/entrega-de-celulares-doados-receita-federal-a-conselheiros-tutelares\/#primaryimage\"},\"thumbnailUrl\":\"https:\/\/www.manaus.am.gov.br\/semasc\/wp-content\/uploads\/sites\/17\/2024\/05\/53749477437_ec6fea535c_k.jpg\",\"datePublished\":\"2024-05-27T17:55:46+00:00\",\"dateModified\":\"2024-06-12T15:55:24+00:00\",\"description\":\"Prefeitura de Manaus entrega 50 aparelhos celulares doados pela Receita Federal a conselheiros tutelares da capital.\",\"breadcrumb\":{\"@id\":\"https:\/\/www.manaus.am.gov.br\/semasc\/entrega-de-celulares-doados-receita-federal-a-conselheiros-tutelares\/#breadcrumb\"},\"inLanguage\":\"pt-BR\",\"potentialAction\":[{\"@type\":\"ReadAction\",\"target\":[\"https:\/\/www.manaus.am.gov.br\/semasc\/entrega-de-celulares-doados-receita-federal-a-conselheiros-tutelares\/\"]}]},{\"@type\":\"ImageObject\",\"inLanguage\":\"pt-BR\",\"@id\":\"https:\/\/www.manaus.am.gov.br\/semasc\/entrega-de-celulares-doados-receita-federal-a-conselheiros-tutelares\/#primaryimage\",\"url\":\"https:\/\/www.manaus.am.gov.br\/semasc\/wp-content\/uploads\/sites\/17\/2024\/05\/53749477437_ec6fea535c_k.jpg\",\"contentUrl\":\"https:\/\/www.manaus.am.gov.br\/semasc\/wp-content\/uploads\/sites\/17\/2024\/05\/53749477437_ec6fea535c_k.jpg\",\"width\":2048,\"height\":1365,\"caption\":\"#paratodosverem - Secret\u00e1ria da Semasc, Dermi Rayol, acompanhada de servidores e conselheiros tutelares, durante entrega de aparelhos celulares doados pela Receita Federal\"},{\"@type\":\"BreadcrumbList\",\"@id\":\"https:\/\/www.manaus.am.gov.br\/semasc\/entrega-de-celulares-doados-receita-federal-a-conselheiros-tutelares\/#breadcrumb\",\"itemListElement\":[{\"@type\":\"ListItem\",\"position\":1,\"name\":\"Home\",\"item\":\"https:\/\/www.manaus.am.gov.br\/semasc\/\"},{\"@type\":\"ListItem\",\"position\":2,\"name\":\"Prefeitura entrega aparelhos celulares\u00a0doados\u00a0pela Receita Federal a\u00a0conselheiros tutelares\"}]},{\"@type\":\"WebSite\",\"@id\":\"https:\/\/www.manaus.am.gov.br\/semasc\/#website\",\"url\":\"https:\/\/www.manaus.am.gov.br\/semasc\/\",\"name\":\"SEMASC\",\"description\":\"Secretaria Municipal da Mulher, Assist\u00eancia Social e Cidadania.\",\"publisher\":{\"@id\":\"https:\/\/www.manaus.am.gov.br\/semasc\/#organization\"},\"alternateName\":\"Secretaria Municipal da Mulher, Assist\u00eancia Social e Cidadania\",\"potentialAction\":[{\"@type\":\"SearchAction\",\"target\":{\"@type\":\"EntryPoint\",\"urlTemplate\":\"https:\/\/www.manaus.am.gov.br\/semasc\/?s={search_term_string}\"},\"query-input\":\"required name=search_term_string\"}],\"inLanguage\":\"pt-BR\"},{\"@type\":\"Organization\",\"@id\":\"https:\/\/www.manaus.am.gov.br\/semasc\/#organization\",\"name\":\"Prefeitura de Manaus\",\"alternateName\":\"Prefeitura Municipal de Manaus\",\"url\":\"https:\/\/www.manaus.am.gov.br\/semasc\/\",\"logo\":{\"@type\":\"ImageObject\",\"inLanguage\":\"pt-BR\",\"@id\":\"https:\/\/www.manaus.am.gov.br\/semasc\/#\/schema\/logo\/image\/\",\"url\":\"https:\/\/www.manaus.am.gov.br\/semasc\/wp-content\/uploads\/sites\/17\/2024\/07\/favicon.png\",\"contentUrl\":\"https:\/\/www.manaus.am.gov.br\/semasc\/wp-content\/uploads\/sites\/17\/2024\/07\/favicon.png\",\"width\":300,\"height\":300,\"caption\":\"Prefeitura de Manaus\"},\"image\":{\"@id\":\"https:\/\/www.manaus.am.gov.br\/semasc\/#\/schema\/logo\/image\/\"},\"sameAs\":[\"https:\/\/www.facebook.com\/semascmanaus\",\"https:\/\/www.instagram.com\/semascmanaus\/\"]},{\"@type\":\"Person\",\"@id\":\"https:\/\/www.manaus.am.gov.br\/semasc\/#\/schema\/person\/05d223aea2bf115f9883a6ff3683d81b\",\"name\":\"Bruna Greco\",\"image\":{\"@type\":\"ImageObject\",\"inLanguage\":\"pt-BR\",\"@id\":\"https:\/\/www.manaus.am.gov.br\/semasc\/#\/schema\/person\/image\/\",\"url\":\"https:\/\/secure.gravatar.com\/avatar\/9c877d1a6adc2a055330e5c09a8653ce?s=96&d=mm&r=g\",\"contentUrl\":\"https:\/\/secure.gravatar.com\/avatar\/9c877d1a6adc2a055330e5c09a8653ce?s=96&d=mm&r=g\",\"caption\":\"Bruna Greco\"}}]}<\/script>\n<!-- \/ Yoast SEO plugin. -->","yoast_head_json":{"title":"Prefeitura entrega aparelhos celulares\u00a0doados\u00a0pela RF","description":"Prefeitura de Manaus entrega 50 aparelhos celulares doados pela Receita Federal a conselheiros tutelares da capital.","robots":{"index":"noindex","follow":"follow"},"og_locale":"pt_BR","og_type":"article","og_title":"Prefeitura entrega aparelhos celulares\u00a0doados\u00a0pela RF","og_description":"Prefeitura de Manaus entrega 50 aparelhos celulares doados pela Receita Federal a conselheiros tutelares da capital.","og_url":"https:\/\/www.manaus.am.gov.br\/semasc\/entrega-de-celulares-doados-receita-federal-a-conselheiros-tutelares\/","og_site_name":"SEMASC","article_publisher":"https:\/\/www.facebook.com\/semascmanaus","article_published_time":"2024-05-27T17:55:46+00:00","article_modified_time":"2024-06-12T15:55:24+00:00","og_image":[{"width":2048,"height":1365,"url":"https:\/\/www.manaus.am.gov.br\/semasc\/wp-content\/uploads\/sites\/17\/2024\/05\/53749477437_ec6fea535c_k.jpg","type":"image\/jpeg"}],"author":"Bruna Greco","twitter_card":"summary_large_image","twitter_misc":{"Written by":"Bruna Greco","Est. reading time":"2 minutos"},"schema":{"@context":"https:\/\/schema.org","@graph":[{"@type":"Article","@id":"https:\/\/www.manaus.am.gov.br\/semasc\/entrega-de-celulares-doados-receita-federal-a-conselheiros-tutelares\/#article","isPartOf":{"@id":"https:\/\/www.manaus.am.gov.br\/semasc\/entrega-de-celulares-doados-receita-federal-a-conselheiros-tutelares\/"},"author":{"name":"Bruna Greco","@id":"https:\/\/www.manaus.am.gov.br\/semasc\/#\/schema\/person\/05d223aea2bf115f9883a6ff3683d81b"},"headline":"Prefeitura entrega aparelhos celulares\u00a0doados\u00a0pela Receita Federal a\u00a0conselheiros tutelares","datePublished":"2024-05-27T17:55:46+00:00","dateModified":"2024-06-12T15:55:24+00:00","mainEntityOfPage":{"@id":"https:\/\/www.manaus.am.gov.br\/semasc\/entrega-de-celulares-doados-receita-federal-a-conselheiros-tutelares\/"},"wordCount":290,"publisher":{"@id":"https:\/\/www.manaus.am.gov.br\/semasc\/#organization"},"image":{"@id":"https:\/\/www.manaus.am.gov.br\/semasc\/entrega-de-celulares-doados-receita-federal-a-conselheiros-tutelares\/#primaryimage"},"thumbnailUrl":"https:\/\/www.manaus.am.gov.br\/semasc\/wp-content\/uploads\/sites\/17\/2024\/05\/53749477437_ec6fea535c_k.jpg","keywords":["conselheiros tutelares","doa\u00e7\u00e3o de 50 aparelhos celulares","prefeitura de manaus","Receita Federal","Semasc"],"articleSection":["Parceria"],"inLanguage":"pt-BR"},{"@type":"WebPage","@id":"https:\/\/www.manaus.am.gov.br\/semasc\/entrega-de-celulares-doados-receita-federal-a-conselheiros-tutelares\/","url":"https:\/\/www.manaus.am.gov.br\/semasc\/entrega-de-celulares-doados-receita-federal-a-conselheiros-tutelares\/","name":"Prefeitura entrega aparelhos celulares\u00a0doados\u00a0pela RF","isPartOf":{"@id":"https:\/\/www.manaus.am.gov.br\/semasc\/#website"},"primaryImageOfPage":{"@id":"https:\/\/www.manaus.am.gov.br\/semasc\/entrega-de-celulares-doados-receita-federal-a-conselheiros-tutelares\/#primaryimage"},"image":{"@id":"https:\/\/www.manaus.am.gov.br\/semasc\/entrega-de-celulares-doados-receita-federal-a-conselheiros-tutelares\/#primaryimage"},"thumbnailUrl":"https:\/\/www.manaus.am.gov.br\/semasc\/wp-content\/uploads\/sites\/17\/2024\/05\/53749477437_ec6fea535c_k.jpg","datePublished":"2024-05-27T17:55:46+00:00","dateModified":"2024-06-12T15:55:24+00:00","description":"Prefeitura de Manaus entrega 50 aparelhos celulares doados pela Receita Federal a conselheiros tutelares da capital.","breadcrumb":{"@id":"https:\/\/www.manaus.am.gov.br\/semasc\/entrega-de-celulares-doados-receita-federal-a-conselheiros-tutelares\/#breadcrumb"},"inLanguage":"pt-BR","potentialAction":[{"@type":"ReadAction","target":["https:\/\/www.manaus.am.gov.br\/semasc\/entrega-de-celulares-doados-receita-federal-a-conselheiros-tutelares\/"]}]},{"@type":"ImageObject","inLanguage":"pt-BR","@id":"https:\/\/www.manaus.am.gov.br\/semasc\/entrega-de-celulares-doados-receita-federal-a-conselheiros-tutelares\/#primaryimage","url":"https:\/\/www.manaus.am.gov.br\/semasc\/wp-content\/uploads\/sites\/17\/2024\/05\/53749477437_ec6fea535c_k.jpg","contentUrl":"https:\/\/www.manaus.am.gov.br\/semasc\/wp-content\/uploads\/sites\/17\/2024\/05\/53749477437_ec6fea535c_k.jpg","width":2048,"height":1365,"caption":"#paratodosverem - Secret\u00e1ria da Semasc, Dermi Rayol, acompanhada de servidores e conselheiros tutelares, durante entrega de aparelhos celulares doados pela Receita Federal"},{"@type":"BreadcrumbList","@id":"https:\/\/www.manaus.am.gov.br\/semasc\/entrega-de-celulares-doados-receita-federal-a-conselheiros-tutelares\/#breadcrumb","itemListElement":[{"@type":"ListItem","position":1,"name":"Home","item":"https:\/\/www.manaus.am.gov.br\/semasc\/"},{"@type":"ListItem","position":2,"name":"Prefeitura entrega aparelhos celulares\u00a0doados\u00a0pela Receita Federal a\u00a0conselheiros tutelares"}]},{"@type":"WebSite","@id":"https:\/\/www.manaus.am.gov.br\/semasc\/#website","url":"https:\/\/www.manaus.am.gov.br\/semasc\/","name":"SEMASC","description":"Secretaria Municipal da Mulher, Assist\u00eancia Social e Cidadania.","publisher":{"@id":"https:\/\/www.manaus.am.gov.br\/semasc\/#organization"},"alternateName":"Secretaria Municipal da Mulher, Assist\u00eancia Social e Cidadania","potentialAction":[{"@type":"SearchAction","target":{"@type":"EntryPoint","urlTemplate":"https:\/\/www.manaus.am.gov.br\/semasc\/?s={search_term_string}"},"query-input":"required name=search_term_string"}],"inLanguage":"pt-BR"},{"@type":"Organization","@id":"https:\/\/www.manaus.am.gov.br\/semasc\/#organization","name":"Prefeitura de Manaus","alternateName":"Prefeitura Municipal de Manaus","url":"https:\/\/www.manaus.am.gov.br\/semasc\/","logo":{"@type":"ImageObject","inLanguage":"pt-BR","@id":"https:\/\/www.manaus.am.gov.br\/semasc\/#\/schema\/logo\/image\/","url":"https:\/\/www.manaus.am.gov.br\/semasc\/wp-content\/uploads\/sites\/17\/2024\/07\/favicon.png","contentUrl":"https:\/\/www.manaus.am.gov.br\/semasc\/wp-content\/uploads\/sites\/17\/2024\/07\/favicon.png","width":300,"height":300,"caption":"Prefeitura de Manaus"},"image":{"@id":"https:\/\/www.manaus.am.gov.br\/semasc\/#\/schema\/logo\/image\/"},"sameAs":["https:\/\/www.facebook.com\/semascmanaus","https:\/\/www.instagram.com\/semascmanaus\/"]},{"@type":"Person","@id":"https:\/\/www.manaus.am.gov.br\/semasc\/#\/schema\/person\/05d223aea2bf115f9883a6ff3683d81b","name":"Bruna Greco","image":{"@type":"ImageObject","inLanguage":"pt-BR","@id":"https:\/\/www.manaus.am.gov.br\/semasc\/#\/schema\/person\/image\/","url":"https:\/\/secure.gravatar.com\/avatar\/9c877d1a6adc2a055330e5c09a8653ce?s=96&d=mm&r=g","contentUrl":"https:\/\/secure.gravatar.com\/avatar\/9c877d1a6adc2a055330e5c09a8653ce?s=96&d=mm&r=g","caption":"Bruna Greco"}}]}},"_links":{"self":[{"href":"https:\/\/www.manaus.am.gov.br\/semasc\/wp-json\/wp\/v2\/posts\/210454"}],"collection":[{"href":"https:\/\/www.manaus.am.gov.br\/semasc\/wp-json\/wp\/v2\/posts"}],"about":[{"href":"https:\/\/www.manaus.am.gov.br\/semasc\/wp-json\/wp\/v2\/types\/post"}],"author":[{"embeddable":true,"href":"https:\/\/www.manaus.am.gov.br\/semasc\/wp-json\/wp\/v2\/users\/39"}],"replies":[{"embeddable":true,"href":"https:\/\/www.manaus.am.gov.br\/semasc\/wp-json\/wp\/v2\/comments?post=210454"}],"version-history":[{"count":1,"href":"https:\/\/www.manaus.am.gov.br\/semasc\/wp-json\/wp\/v2\/posts\/210454\/revisions"}],"predecessor-version":[{"id":210456,"href":"https:\/\/www.manaus.am.gov.br\/semasc\/wp-json\/wp\/v2\/posts\/210454\/revisions\/210456"}],"wp:featuredmedia":[{"embeddable":true,"href":"https:\/\/www.manaus.am.gov.br\/semasc\/wp-json\/wp\/v2\/media\/210455"}],"wp:attachment":[{"href":"https:\/\/www.manaus.am.gov.br\/semasc\/wp-json\/wp\/v2\/media?parent=210454"}],"wp:term":[{"taxonomy":"category","embeddable":true,"href":"https:\/\/www.manaus.am.gov.br\/semasc\/wp-json\/wp\/v2\/categories?post=210454"},{"taxonomy":"post_tag","embeddable":true,"href":"https:\/\/www.manaus.am.gov.br\/semasc\/wp-json\/wp\/v2\/tags?post=210454"}],"curies":[{"name":"wp","href":"https:\/\/api.w.org\/{rel}","templated":true}]}}