{"id":210431,"date":"2024-05-23T12:56:20","date_gmt":"2024-05-23T16:56:20","guid":{"rendered":"https:\/\/www.manaus.am.gov.br\/semasc\/nova-unidade-prato-do-povo-taruma-acu\/"},"modified":"2024-06-10T09:30:11","modified_gmt":"2024-06-10T13:30:11","slug":"nova-unidade-prato-do-povo-taruma-acu","status":"publish","type":"post","link":"https:\/\/www.manaus.am.gov.br\/semasc\/nova-unidade-prato-do-povo-taruma-acu\/","title":{"rendered":"Prefeitura de Manaus inaugura nova unidade do \u2018Prato do Povo\u2019 no bairro Tarum\u00e3-A\u00e7u"},"content":{"rendered":"\n<p>O prefeito de Manaus, David Almeida, inaugurou, nesta quinta-feira, 23\/5, a quinta unidade do Prato do Povo da capital, localizada na comunidade Parque das Tribos, no bairro Tarum\u00e3-A\u00e7u, zona Oeste. A iniciativa, que integra as a\u00e7\u00f5es do programa \u201cManaus sem Fome\u201d, lan\u00e7ado em dezembro do ano passado, visa proporcionar alimenta\u00e7\u00e3o saud\u00e1vel e acess\u00edvel para a popula\u00e7\u00e3o.<\/p>\n\n\n\n<p>\u201cInauguramos hoje este Prato do Povo, onde n\u00f3s vamos servir mil refei\u00e7\u00f5es durante o dia. Isto \u00e9 fruto de emendas parlamentares destinadas&nbsp;pelo deputado federal Saullo Viana, que vai ajudar a popula\u00e7\u00e3o aqui da zona Oeste, para que n\u00f3s possamos cobrir esse vazio assistencial, tanto na \u00e1rea alimentar como tamb\u00e9m na \u00e1rea da Sa\u00fade. N\u00f3s estamos aqui fazendo exatamente aquilo que se requer de homens p\u00fablicos, trazer servi\u00e7os p\u00fablicos que possam resolver os problemas da popula\u00e7\u00e3o, e essa quest\u00e3o da seguran\u00e7a alimentar estar\u00e1 sendo completamente atendida por interm\u00e9dio deste restaurante\u201d, garantiu Almeida.<\/p>\n\n\n\n<p>Com a inaugura\u00e7\u00e3o desta quinta unidade, o programa &#8220;Prato do Povo&#8221;, da Secretaria Municipal da Mulher, Assist\u00eancia Social e Cidadania (Semasc), amplia sua capacidade de atendimento, beneficiando um n\u00famero ainda maior de pessoas em situa\u00e7\u00e3o de vulnerabilidade. Al\u00e9m disso, a presen\u00e7a do programa em diferentes regi\u00f5es da cidade facilita o acesso dos cidad\u00e3os aos servi\u00e7os alimentares essenciais.<\/p>\n\n\n\n<p>\u201cO nosso trabalho \u00e9 a assist\u00eancia social, mas mais do que isso, \u00e9 o desenvolvimento social. N\u00f3s estamos levando alimenta\u00e7\u00e3o para a popula\u00e7\u00e3o, essas que est\u00e3o em situa\u00e7\u00e3o de vulnerabilidade, para auxiliar as m\u00e3es que n\u00e3o t\u00eam tempo de fazer comida, porque est\u00e3o trabalhando, t\u00eam que alimentar os seus filhos. Ent\u00e3o, aqui estamos servindo essa popula\u00e7\u00e3o atendendo os moradores que mais precisam\u201d, afirmou a titular da Semasc, Dermi Rayol.<\/p>\n\n\n\n<p>O munic\u00edpio de Manaus conta hoje com seis cozinhas comunit\u00e1rias, dois restaurantes populares e quatro unidades do Prato do Povo, que funcionam cinco dias por semana. Cada cozinha comunit\u00e1ria distribui, gratuitamente, 200 refei\u00e7\u00f5es por dia, o que significa cerca de 26,4 mil refei\u00e7\u00f5es distribu\u00eddas mensalmente, somando todas as seis unidades.<\/p>\n\n\n\n<p>Segundo a dona de casa Maria Felicidade Souza, a comunidade precisava desse espa\u00e7o. \u201cMuito gratificante n\u00f3s estarmos sendo contemplados com um espa\u00e7o como esse. Muitas fam\u00edlias aqui n\u00e3o t\u00eam o que comer, isso \u00e9 uma ajuda para a nossa comunidade\u201d, agradeceu Maria.<\/p>\n\n\n\n<figure class=\"wp-block-image size-large\"><img loading=\"lazy\" decoding=\"async\" width=\"1024\" height=\"683\" src=\"https:\/\/www.manaus.am.gov.br\/semasc\/wp-content\/uploads\/sites\/17\/2024\/05\/WhatsApp-Image-2024-05-23-at-12.13.24-1024x683.jpeg\" alt=\"\" class=\"wp-image-210432\" srcset=\"https:\/\/www.manaus.am.gov.br\/semasc\/wp-content\/uploads\/sites\/17\/2024\/05\/WhatsApp-Image-2024-05-23-at-12.13.24-1024x683.jpeg 1024w, https:\/\/www.manaus.am.gov.br\/semasc\/wp-content\/uploads\/sites\/17\/2024\/05\/WhatsApp-Image-2024-05-23-at-12.13.24-300x200.jpeg 300w, https:\/\/www.manaus.am.gov.br\/semasc\/wp-content\/uploads\/sites\/17\/2024\/05\/WhatsApp-Image-2024-05-23-at-12.13.24-768x512.jpeg 768w, https:\/\/www.manaus.am.gov.br\/semasc\/wp-content\/uploads\/sites\/17\/2024\/05\/WhatsApp-Image-2024-05-23-at-12.13.24-1536x1024.jpeg 1536w, https:\/\/www.manaus.am.gov.br\/semasc\/wp-content\/uploads\/sites\/17\/2024\/05\/WhatsApp-Image-2024-05-23-at-12.13.24-2048x1365.jpeg 2048w\" sizes=\"(max-width: 1024px) 100vw, 1024px\" \/><\/figure>\n\n\n\n<p><strong>Estruturas<\/strong><\/p>\n\n\n\n<p>O Prato do Povo Viver Melhor, inaugurado em 2021, por sua vez, oferece 500 refei\u00e7\u00f5es por dia ao pre\u00e7o de R$ 1, totalizando 11 mil refei\u00e7\u00f5es por m\u00eas. O pre\u00e7o simb\u00f3lico de R$ 1 tamb\u00e9m \u00e9 cobrado nos Restaurantes Populares, localizados nos bairros Compensa, na zona Oeste, e Nossa Senhora das Gra\u00e7as, zona Centro-Sul.<\/p>\n\n\n\n<p>J\u00e1 as unidades do Prato do Povo inauguradas por meio do programa \u201cManaus Sem Fome\u201d, localizadas nos bairros Jorge Teixeira, Col\u00f4nia Ant\u00f4nio Aleixo e Armando Mendes, na zona Leste, distribuem, de forma gratuita, mil refei\u00e7\u00f5es por dia, totalizando 66 mil refei\u00e7\u00f5es entregues \u00e0 popula\u00e7\u00e3o todos os meses.<\/p>\n\n\n\n<p><strong>Programa \u201cManaus sem Fome\u201d<\/strong><\/p>\n\n\n\n<p>O programa \u201cManaus Sem Fome\u201d foi lan\u00e7ado em 2023 e visa garantir a distribui\u00e7\u00e3o de mais de 3,5 milh\u00f5es de refei\u00e7\u00f5es por ano na capital, com a\u00e7\u00f5es que incluem a inaugura\u00e7\u00e3o de novos espa\u00e7os e o aumento no n\u00famero de refei\u00e7\u00f5es servidas. A iniciativa conta com emendas parlamentares do deputado federal Saullo Vianna.<\/p>\n\n\n\n<p>O programa prev\u00ea a inaugura\u00e7\u00e3o de mais restaurantes populares e uma cozinha comunit\u00e1ria, visando combater a inseguran\u00e7a alimentar e nutricional na cidade. Com o programa, haver\u00e1 um aumento de 445% na oferta de refei\u00e7\u00f5es.<\/p>\n\n\n\n<p>&#8212; &#8212; &#8212;<\/p>\n\n\n\n<p><strong>Texto<\/strong>&nbsp;&#8211;&nbsp;Beathriz Torres\/Semcom e Guilherme Pacheco\/Semasc<\/p>\n\n\n\n<p><strong>Fotos \u2013 <\/strong>Dhyeizo Lemos\/Semcom e Antonio Pereira\/Casa Civil<\/p>\n\n\n\n<p><strong>Dispon\u00edveis em &#8211; <\/strong><a href=\"https:\/\/www.flickr.com\/gp\/prefeiturademanaus\/693Xf8grtj\">https:\/\/www.flickr.com\/gp\/prefeiturademanaus\/693Xf8grtj<\/a><\/p>\n","protected":false},"excerpt":{"rendered":"","protected":false},"author":39,"featured_media":210433,"comment_status":"closed","ping_status":"closed","sticky":false,"template":"","format":"standard","meta":{"footnotes":""},"categories":[194],"tags":[1031,274,882,7,1105,18],"acf":[],"yoast_head":"<!-- This site is optimized with the Yoast SEO plugin v23.0 - https:\/\/yoast.com\/wordpress\/plugins\/seo\/ -->\n<title>Nova unidade do \u2018Prato do Povo\u2019 no bairro Tarum\u00e3-A\u00e7u<\/title>\n<meta name=\"description\" content=\"O prefeito David Almeida, inaugurou a quinta unidade do \u201cPrato do Povo\u201d da capital, na comunidade Parque das Tribos.\" \/>\n<meta name=\"robots\" content=\"noindex, follow\" \/>\n<meta property=\"og:locale\" content=\"pt_BR\" \/>\n<meta property=\"og:type\" content=\"article\" \/>\n<meta property=\"og:title\" content=\"Nova unidade do \u2018Prato do Povo\u2019 no bairro Tarum\u00e3-A\u00e7u\" \/>\n<meta property=\"og:description\" content=\"O prefeito David Almeida, inaugurou a quinta unidade do \u201cPrato do Povo\u201d da capital, na comunidade Parque das Tribos.\" \/>\n<meta property=\"og:url\" content=\"https:\/\/www.manaus.am.gov.br\/semasc\/nova-unidade-prato-do-povo-taruma-acu\/\" \/>\n<meta property=\"og:site_name\" content=\"SEMASC\" \/>\n<meta property=\"article:publisher\" content=\"https:\/\/www.facebook.com\/semascmanaus\" \/>\n<meta property=\"article:published_time\" content=\"2024-05-23T16:56:20+00:00\" \/>\n<meta property=\"article:modified_time\" content=\"2024-06-10T13:30:11+00:00\" \/>\n<meta property=\"og:image\" content=\"https:\/\/www.manaus.am.gov.br\/semasc\/wp-content\/uploads\/sites\/17\/2024\/05\/WhatsApp-Image-2024-05-23-at-12.18.31.jpeg\" \/>\n\t<meta property=\"og:image:width\" content=\"4128\" \/>\n\t<meta property=\"og:image:height\" content=\"2752\" \/>\n\t<meta property=\"og:image:type\" content=\"image\/jpeg\" \/>\n<meta name=\"author\" content=\"Bruna Greco\" \/>\n<meta name=\"twitter:card\" content=\"summary_large_image\" \/>\n<meta name=\"twitter:label1\" content=\"Written by\" \/>\n\t<meta name=\"twitter:data1\" content=\"Bruna Greco\" \/>\n\t<meta name=\"twitter:label2\" content=\"Est. reading time\" \/>\n\t<meta name=\"twitter:data2\" content=\"4 minutos\" \/>\n<script type=\"application\/ld+json\" class=\"yoast-schema-graph\">{\"@context\":\"https:\/\/schema.org\",\"@graph\":[{\"@type\":\"Article\",\"@id\":\"https:\/\/www.manaus.am.gov.br\/semasc\/nova-unidade-prato-do-povo-taruma-acu\/#article\",\"isPartOf\":{\"@id\":\"https:\/\/www.manaus.am.gov.br\/semasc\/nova-unidade-prato-do-povo-taruma-acu\/\"},\"author\":{\"name\":\"Bruna Greco\",\"@id\":\"https:\/\/www.manaus.am.gov.br\/semasc\/#\/schema\/person\/05d223aea2bf115f9883a6ff3683d81b\"},\"headline\":\"Prefeitura de Manaus inaugura nova unidade do \u2018Prato do Povo\u2019 no bairro Tarum\u00e3-A\u00e7u\",\"datePublished\":\"2024-05-23T16:56:20+00:00\",\"dateModified\":\"2024-06-10T13:30:11+00:00\",\"mainEntityOfPage\":{\"@id\":\"https:\/\/www.manaus.am.gov.br\/semasc\/nova-unidade-prato-do-povo-taruma-acu\/\"},\"wordCount\":674,\"publisher\":{\"@id\":\"https:\/\/www.manaus.am.gov.br\/semasc\/#organization\"},\"image\":{\"@id\":\"https:\/\/www.manaus.am.gov.br\/semasc\/nova-unidade-prato-do-povo-taruma-acu\/#primaryimage\"},\"thumbnailUrl\":\"https:\/\/www.manaus.am.gov.br\/semasc\/wp-content\/uploads\/sites\/17\/2024\/05\/WhatsApp-Image-2024-05-23-at-12.18.31.jpeg\",\"keywords\":[\"bairro Tarum\u00e3-A\u00e7u\",\"David Almeida\",\"Prato do Povo\",\"prefeitura de manaus\",\"quinta unidade\",\"Semasc\"],\"articleSection\":[\"Assist\u00eancia\"],\"inLanguage\":\"pt-BR\"},{\"@type\":\"WebPage\",\"@id\":\"https:\/\/www.manaus.am.gov.br\/semasc\/nova-unidade-prato-do-povo-taruma-acu\/\",\"url\":\"https:\/\/www.manaus.am.gov.br\/semasc\/nova-unidade-prato-do-povo-taruma-acu\/\",\"name\":\"Nova unidade do \u2018Prato do Povo\u2019 no bairro Tarum\u00e3-A\u00e7u\",\"isPartOf\":{\"@id\":\"https:\/\/www.manaus.am.gov.br\/semasc\/#website\"},\"primaryImageOfPage\":{\"@id\":\"https:\/\/www.manaus.am.gov.br\/semasc\/nova-unidade-prato-do-povo-taruma-acu\/#primaryimage\"},\"image\":{\"@id\":\"https:\/\/www.manaus.am.gov.br\/semasc\/nova-unidade-prato-do-povo-taruma-acu\/#primaryimage\"},\"thumbnailUrl\":\"https:\/\/www.manaus.am.gov.br\/semasc\/wp-content\/uploads\/sites\/17\/2024\/05\/WhatsApp-Image-2024-05-23-at-12.18.31.jpeg\",\"datePublished\":\"2024-05-23T16:56:20+00:00\",\"dateModified\":\"2024-06-10T13:30:11+00:00\",\"description\":\"O prefeito David Almeida, inaugurou a quinta unidade do \u201cPrato do Povo\u201d da capital, na comunidade Parque das Tribos.\",\"breadcrumb\":{\"@id\":\"https:\/\/www.manaus.am.gov.br\/semasc\/nova-unidade-prato-do-povo-taruma-acu\/#breadcrumb\"},\"inLanguage\":\"pt-BR\",\"potentialAction\":[{\"@type\":\"ReadAction\",\"target\":[\"https:\/\/www.manaus.am.gov.br\/semasc\/nova-unidade-prato-do-povo-taruma-acu\/\"]}]},{\"@type\":\"ImageObject\",\"inLanguage\":\"pt-BR\",\"@id\":\"https:\/\/www.manaus.am.gov.br\/semasc\/nova-unidade-prato-do-povo-taruma-acu\/#primaryimage\",\"url\":\"https:\/\/www.manaus.am.gov.br\/semasc\/wp-content\/uploads\/sites\/17\/2024\/05\/WhatsApp-Image-2024-05-23-at-12.18.31.jpeg\",\"contentUrl\":\"https:\/\/www.manaus.am.gov.br\/semasc\/wp-content\/uploads\/sites\/17\/2024\/05\/WhatsApp-Image-2024-05-23-at-12.18.31.jpeg\",\"width\":4128,\"height\":2752,\"caption\":\"#paratodosverem - Prefeito de Manaus, David Almeida, acompanhado de secret\u00e1rios municipais, parlamentares e comunidade, durante descerramento da placa de inaugura\u00e7\u00e3o da quinta unidade do \\\"Prato do Povo\\\" no bairro Tarum\u00e3-A\u00e7u\"},{\"@type\":\"BreadcrumbList\",\"@id\":\"https:\/\/www.manaus.am.gov.br\/semasc\/nova-unidade-prato-do-povo-taruma-acu\/#breadcrumb\",\"itemListElement\":[{\"@type\":\"ListItem\",\"position\":1,\"name\":\"Home\",\"item\":\"https:\/\/www.manaus.am.gov.br\/semasc\/\"},{\"@type\":\"ListItem\",\"position\":2,\"name\":\"Prefeitura de Manaus inaugura nova unidade do \u2018Prato do Povo\u2019 no bairro Tarum\u00e3-A\u00e7u\"}]},{\"@type\":\"WebSite\",\"@id\":\"https:\/\/www.manaus.am.gov.br\/semasc\/#website\",\"url\":\"https:\/\/www.manaus.am.gov.br\/semasc\/\",\"name\":\"SEMASC\",\"description\":\"Secretaria Municipal da Mulher, Assist\u00eancia Social e Cidadania.\",\"publisher\":{\"@id\":\"https:\/\/www.manaus.am.gov.br\/semasc\/#organization\"},\"alternateName\":\"Secretaria Municipal da Mulher, Assist\u00eancia Social e Cidadania\",\"potentialAction\":[{\"@type\":\"SearchAction\",\"target\":{\"@type\":\"EntryPoint\",\"urlTemplate\":\"https:\/\/www.manaus.am.gov.br\/semasc\/?s={search_term_string}\"},\"query-input\":\"required name=search_term_string\"}],\"inLanguage\":\"pt-BR\"},{\"@type\":\"Organization\",\"@id\":\"https:\/\/www.manaus.am.gov.br\/semasc\/#organization\",\"name\":\"Prefeitura de Manaus\",\"alternateName\":\"Prefeitura Municipal de Manaus\",\"url\":\"https:\/\/www.manaus.am.gov.br\/semasc\/\",\"logo\":{\"@type\":\"ImageObject\",\"inLanguage\":\"pt-BR\",\"@id\":\"https:\/\/www.manaus.am.gov.br\/semasc\/#\/schema\/logo\/image\/\",\"url\":\"https:\/\/www.manaus.am.gov.br\/semasc\/wp-content\/uploads\/sites\/17\/2024\/07\/favicon.png\",\"contentUrl\":\"https:\/\/www.manaus.am.gov.br\/semasc\/wp-content\/uploads\/sites\/17\/2024\/07\/favicon.png\",\"width\":300,\"height\":300,\"caption\":\"Prefeitura de Manaus\"},\"image\":{\"@id\":\"https:\/\/www.manaus.am.gov.br\/semasc\/#\/schema\/logo\/image\/\"},\"sameAs\":[\"https:\/\/www.facebook.com\/semascmanaus\",\"https:\/\/www.instagram.com\/semascmanaus\/\"]},{\"@type\":\"Person\",\"@id\":\"https:\/\/www.manaus.am.gov.br\/semasc\/#\/schema\/person\/05d223aea2bf115f9883a6ff3683d81b\",\"name\":\"Bruna Greco\",\"image\":{\"@type\":\"ImageObject\",\"inLanguage\":\"pt-BR\",\"@id\":\"https:\/\/www.manaus.am.gov.br\/semasc\/#\/schema\/person\/image\/\",\"url\":\"https:\/\/secure.gravatar.com\/avatar\/9c877d1a6adc2a055330e5c09a8653ce?s=96&d=mm&r=g\",\"contentUrl\":\"https:\/\/secure.gravatar.com\/avatar\/9c877d1a6adc2a055330e5c09a8653ce?s=96&d=mm&r=g\",\"caption\":\"Bruna Greco\"}}]}<\/script>\n<!-- \/ Yoast SEO plugin. -->","yoast_head_json":{"title":"Nova unidade do \u2018Prato do Povo\u2019 no bairro Tarum\u00e3-A\u00e7u","description":"O prefeito David Almeida, inaugurou a quinta unidade do \u201cPrato do Povo\u201d da capital, na comunidade Parque das Tribos.","robots":{"index":"noindex","follow":"follow"},"og_locale":"pt_BR","og_type":"article","og_title":"Nova unidade do \u2018Prato do Povo\u2019 no bairro Tarum\u00e3-A\u00e7u","og_description":"O prefeito David Almeida, inaugurou a quinta unidade do \u201cPrato do Povo\u201d da capital, na comunidade Parque das Tribos.","og_url":"https:\/\/www.manaus.am.gov.br\/semasc\/nova-unidade-prato-do-povo-taruma-acu\/","og_site_name":"SEMASC","article_publisher":"https:\/\/www.facebook.com\/semascmanaus","article_published_time":"2024-05-23T16:56:20+00:00","article_modified_time":"2024-06-10T13:30:11+00:00","og_image":[{"width":4128,"height":2752,"url":"https:\/\/www.manaus.am.gov.br\/semasc\/wp-content\/uploads\/sites\/17\/2024\/05\/WhatsApp-Image-2024-05-23-at-12.18.31.jpeg","type":"image\/jpeg"}],"author":"Bruna Greco","twitter_card":"summary_large_image","twitter_misc":{"Written by":"Bruna Greco","Est. reading time":"4 minutos"},"schema":{"@context":"https:\/\/schema.org","@graph":[{"@type":"Article","@id":"https:\/\/www.manaus.am.gov.br\/semasc\/nova-unidade-prato-do-povo-taruma-acu\/#article","isPartOf":{"@id":"https:\/\/www.manaus.am.gov.br\/semasc\/nova-unidade-prato-do-povo-taruma-acu\/"},"author":{"name":"Bruna Greco","@id":"https:\/\/www.manaus.am.gov.br\/semasc\/#\/schema\/person\/05d223aea2bf115f9883a6ff3683d81b"},"headline":"Prefeitura de Manaus inaugura nova unidade do \u2018Prato do Povo\u2019 no bairro Tarum\u00e3-A\u00e7u","datePublished":"2024-05-23T16:56:20+00:00","dateModified":"2024-06-10T13:30:11+00:00","mainEntityOfPage":{"@id":"https:\/\/www.manaus.am.gov.br\/semasc\/nova-unidade-prato-do-povo-taruma-acu\/"},"wordCount":674,"publisher":{"@id":"https:\/\/www.manaus.am.gov.br\/semasc\/#organization"},"image":{"@id":"https:\/\/www.manaus.am.gov.br\/semasc\/nova-unidade-prato-do-povo-taruma-acu\/#primaryimage"},"thumbnailUrl":"https:\/\/www.manaus.am.gov.br\/semasc\/wp-content\/uploads\/sites\/17\/2024\/05\/WhatsApp-Image-2024-05-23-at-12.18.31.jpeg","keywords":["bairro Tarum\u00e3-A\u00e7u","David Almeida","Prato do Povo","prefeitura de manaus","quinta unidade","Semasc"],"articleSection":["Assist\u00eancia"],"inLanguage":"pt-BR"},{"@type":"WebPage","@id":"https:\/\/www.manaus.am.gov.br\/semasc\/nova-unidade-prato-do-povo-taruma-acu\/","url":"https:\/\/www.manaus.am.gov.br\/semasc\/nova-unidade-prato-do-povo-taruma-acu\/","name":"Nova unidade do \u2018Prato do Povo\u2019 no bairro Tarum\u00e3-A\u00e7u","isPartOf":{"@id":"https:\/\/www.manaus.am.gov.br\/semasc\/#website"},"primaryImageOfPage":{"@id":"https:\/\/www.manaus.am.gov.br\/semasc\/nova-unidade-prato-do-povo-taruma-acu\/#primaryimage"},"image":{"@id":"https:\/\/www.manaus.am.gov.br\/semasc\/nova-unidade-prato-do-povo-taruma-acu\/#primaryimage"},"thumbnailUrl":"https:\/\/www.manaus.am.gov.br\/semasc\/wp-content\/uploads\/sites\/17\/2024\/05\/WhatsApp-Image-2024-05-23-at-12.18.31.jpeg","datePublished":"2024-05-23T16:56:20+00:00","dateModified":"2024-06-10T13:30:11+00:00","description":"O prefeito David Almeida, inaugurou a quinta unidade do \u201cPrato do Povo\u201d da capital, na comunidade Parque das Tribos.","breadcrumb":{"@id":"https:\/\/www.manaus.am.gov.br\/semasc\/nova-unidade-prato-do-povo-taruma-acu\/#breadcrumb"},"inLanguage":"pt-BR","potentialAction":[{"@type":"ReadAction","target":["https:\/\/www.manaus.am.gov.br\/semasc\/nova-unidade-prato-do-povo-taruma-acu\/"]}]},{"@type":"ImageObject","inLanguage":"pt-BR","@id":"https:\/\/www.manaus.am.gov.br\/semasc\/nova-unidade-prato-do-povo-taruma-acu\/#primaryimage","url":"https:\/\/www.manaus.am.gov.br\/semasc\/wp-content\/uploads\/sites\/17\/2024\/05\/WhatsApp-Image-2024-05-23-at-12.18.31.jpeg","contentUrl":"https:\/\/www.manaus.am.gov.br\/semasc\/wp-content\/uploads\/sites\/17\/2024\/05\/WhatsApp-Image-2024-05-23-at-12.18.31.jpeg","width":4128,"height":2752,"caption":"#paratodosverem - Prefeito de Manaus, David Almeida, acompanhado de secret\u00e1rios municipais, parlamentares e comunidade, durante descerramento da placa de inaugura\u00e7\u00e3o da quinta unidade do \"Prato do Povo\" no bairro Tarum\u00e3-A\u00e7u"},{"@type":"BreadcrumbList","@id":"https:\/\/www.manaus.am.gov.br\/semasc\/nova-unidade-prato-do-povo-taruma-acu\/#breadcrumb","itemListElement":[{"@type":"ListItem","position":1,"name":"Home","item":"https:\/\/www.manaus.am.gov.br\/semasc\/"},{"@type":"ListItem","position":2,"name":"Prefeitura de Manaus inaugura nova unidade do \u2018Prato do Povo\u2019 no bairro Tarum\u00e3-A\u00e7u"}]},{"@type":"WebSite","@id":"https:\/\/www.manaus.am.gov.br\/semasc\/#website","url":"https:\/\/www.manaus.am.gov.br\/semasc\/","name":"SEMASC","description":"Secretaria Municipal da Mulher, Assist\u00eancia Social e Cidadania.","publisher":{"@id":"https:\/\/www.manaus.am.gov.br\/semasc\/#organization"},"alternateName":"Secretaria Municipal da Mulher, Assist\u00eancia Social e Cidadania","potentialAction":[{"@type":"SearchAction","target":{"@type":"EntryPoint","urlTemplate":"https:\/\/www.manaus.am.gov.br\/semasc\/?s={search_term_string}"},"query-input":"required name=search_term_string"}],"inLanguage":"pt-BR"},{"@type":"Organization","@id":"https:\/\/www.manaus.am.gov.br\/semasc\/#organization","name":"Prefeitura de Manaus","alternateName":"Prefeitura Municipal de Manaus","url":"https:\/\/www.manaus.am.gov.br\/semasc\/","logo":{"@type":"ImageObject","inLanguage":"pt-BR","@id":"https:\/\/www.manaus.am.gov.br\/semasc\/#\/schema\/logo\/image\/","url":"https:\/\/www.manaus.am.gov.br\/semasc\/wp-content\/uploads\/sites\/17\/2024\/07\/favicon.png","contentUrl":"https:\/\/www.manaus.am.gov.br\/semasc\/wp-content\/uploads\/sites\/17\/2024\/07\/favicon.png","width":300,"height":300,"caption":"Prefeitura de Manaus"},"image":{"@id":"https:\/\/www.manaus.am.gov.br\/semasc\/#\/schema\/logo\/image\/"},"sameAs":["https:\/\/www.facebook.com\/semascmanaus","https:\/\/www.instagram.com\/semascmanaus\/"]},{"@type":"Person","@id":"https:\/\/www.manaus.am.gov.br\/semasc\/#\/schema\/person\/05d223aea2bf115f9883a6ff3683d81b","name":"Bruna Greco","image":{"@type":"ImageObject","inLanguage":"pt-BR","@id":"https:\/\/www.manaus.am.gov.br\/semasc\/#\/schema\/person\/image\/","url":"https:\/\/secure.gravatar.com\/avatar\/9c877d1a6adc2a055330e5c09a8653ce?s=96&d=mm&r=g","contentUrl":"https:\/\/secure.gravatar.com\/avatar\/9c877d1a6adc2a055330e5c09a8653ce?s=96&d=mm&r=g","caption":"Bruna Greco"}}]}},"_links":{"self":[{"href":"https:\/\/www.manaus.am.gov.br\/semasc\/wp-json\/wp\/v2\/posts\/210431"}],"collection":[{"href":"https:\/\/www.manaus.am.gov.br\/semasc\/wp-json\/wp\/v2\/posts"}],"about":[{"href":"https:\/\/www.manaus.am.gov.br\/semasc\/wp-json\/wp\/v2\/types\/post"}],"author":[{"embeddable":true,"href":"https:\/\/www.manaus.am.gov.br\/semasc\/wp-json\/wp\/v2\/users\/39"}],"replies":[{"embeddable":true,"href":"https:\/\/www.manaus.am.gov.br\/semasc\/wp-json\/wp\/v2\/comments?post=210431"}],"version-history":[{"count":1,"href":"https:\/\/www.manaus.am.gov.br\/semasc\/wp-json\/wp\/v2\/posts\/210431\/revisions"}],"predecessor-version":[{"id":210434,"href":"https:\/\/www.manaus.am.gov.br\/semasc\/wp-json\/wp\/v2\/posts\/210431\/revisions\/210434"}],"wp:featuredmedia":[{"embeddable":true,"href":"https:\/\/www.manaus.am.gov.br\/semasc\/wp-json\/wp\/v2\/media\/210433"}],"wp:attachment":[{"href":"https:\/\/www.manaus.am.gov.br\/semasc\/wp-json\/wp\/v2\/media?parent=210431"}],"wp:term":[{"taxonomy":"category","embeddable":true,"href":"https:\/\/www.manaus.am.gov.br\/semasc\/wp-json\/wp\/v2\/categories?post=210431"},{"taxonomy":"post_tag","embeddable":true,"href":"https:\/\/www.manaus.am.gov.br\/semasc\/wp-json\/wp\/v2\/tags?post=210431"}],"curies":[{"name":"wp","href":"https:\/\/api.w.org\/{rel}","templated":true}]}}