{"id":210396,"date":"2024-05-16T12:47:30","date_gmt":"2024-05-16T16:47:30","guid":{"rendered":"https:\/\/www.manaus.am.gov.br\/semasc\/caminhada-combate-abuso-exploracao-sexual-contra-criancas-adolescentes-na-zona-leste\/"},"modified":"2024-05-24T11:31:33","modified_gmt":"2024-05-24T15:31:33","slug":"caminhada-combate-abuso-exploracao-sexual-contra-criancas-adolescentes-na-zona-leste","status":"publish","type":"post","link":"https:\/\/www.manaus.am.gov.br\/semasc\/caminhada-combate-abuso-exploracao-sexual-contra-criancas-adolescentes-na-zona-leste\/","title":{"rendered":"Prefeitura promove \u2018Caminhada de Combate ao Abuso e \u00e0 Explora\u00e7\u00e3o Sexual contra Crian\u00e7as e Adolescentes\u2019 na zona Leste"},"content":{"rendered":"\n<p>A Prefeitura de Manaus, por meio da Secretaria Municipal da Mulher, Assist\u00eancia Social e Cidadania (Semasc), promoveu, nesta quinta-feira, 16\/5, a \u201cCaminhada de Combate ao Abuso e \u00e0 Explora\u00e7\u00e3o Sexual contra Crian\u00e7as e Adolescentes\u201d, em alus\u00e3o ao \u201cMaio Laranja\u201d, m\u00eas de conscientiza\u00e7\u00e3o sobre o tema.&nbsp;<\/p>\n\n\n\n<p>A concentra\u00e7\u00e3o teve in\u00edcio \u00e0s 7h30, em frente ao Centro Municipal de Ensino de Jovens e Adultos (Cemeja) Prof.\u00ba Samuel Isaac Benchimol, no bairro S\u00e3o Jos\u00e9 Oper\u00e1rio, na zona Leste, de onde servidores da assist\u00eancia social, Organiza\u00e7\u00f5es da Sociedade Civil (OSCs), conselheiros tutelares e alunos da rede municipal de ensino percorreram at\u00e9 um trecho da avenida Autaz Mirim.&nbsp;<\/p>\n\n\n\n<p>Aproximadamente 500 pessoas participaram da caminhada, empunhando cartazes, estandartes e bradando alguns dos principais lemas da campanha, como \u201cesquecer \u00e9 permitir, lembrar \u00e9 combater\u201d.<\/p>\n\n\n\n<p>\u201c\u00c9 inadmiss\u00edvel que ainda vejamos crian\u00e7as e adolescentes tendo seus direitos violados e vidas sendo destru\u00eddas pelo abuso e pela explora\u00e7\u00e3o sexual. A atividade de hoje visa justamente trazer essa indigna\u00e7\u00e3o e este debate para as ruas, convidando a popula\u00e7\u00e3o a tamb\u00e9m fazer sua parte na prote\u00e7\u00e3o desses jovens\u201d, destacou a subsecret\u00e1ria de Pol\u00edticas Afirmativas para Mulheres e Direitos Humanos, Gra\u00e7a Prola.&nbsp;<\/p>\n\n\n\n<figure class=\"wp-block-image size-large\"><img loading=\"lazy\" decoding=\"async\" width=\"1024\" height=\"683\" src=\"https:\/\/www.manaus.am.gov.br\/semasc\/wp-content\/uploads\/sites\/17\/2024\/05\/53725874875_5eac45318e_k-1024x683.jpg\" alt=\"\" class=\"wp-image-210398\" srcset=\"https:\/\/www.manaus.am.gov.br\/semasc\/wp-content\/uploads\/sites\/17\/2024\/05\/53725874875_5eac45318e_k-1024x683.jpg 1024w, https:\/\/www.manaus.am.gov.br\/semasc\/wp-content\/uploads\/sites\/17\/2024\/05\/53725874875_5eac45318e_k-300x200.jpg 300w, https:\/\/www.manaus.am.gov.br\/semasc\/wp-content\/uploads\/sites\/17\/2024\/05\/53725874875_5eac45318e_k-768x512.jpg 768w, https:\/\/www.manaus.am.gov.br\/semasc\/wp-content\/uploads\/sites\/17\/2024\/05\/53725874875_5eac45318e_k-1536x1024.jpg 1536w, https:\/\/www.manaus.am.gov.br\/semasc\/wp-content\/uploads\/sites\/17\/2024\/05\/53725874875_5eac45318e_k.jpg 2048w\" sizes=\"(max-width: 1024px) 100vw, 1024px\" \/><\/figure>\n\n\n\n<p><br>Chefe da Divis\u00e3o de M\u00e9dia Complexidade do Departamento de Prote\u00e7\u00e3o Social Especial (DPSE) da Semasc, M\u00e1rcia Helena Braga ressaltou que esse engajamento de diferentes secretarias, entidades e \u00f3rg\u00e3os da rede de prote\u00e7\u00e3o social \u00e9 fundamental para os objetivos da campanha.\u00a0<\/p>\n\n\n\n<p>\u201cForam muitos os parceiros que abra\u00e7aram essa campanha, que se uniram a n\u00f3s nesta caminhada e que v\u00eam nos dando apoio em outras atividades do &#8216;Maio Laranja&#8217;. Quando nos unimos por uma causa como esta, damos um alerta para a sociedade, estamos dizendo que Manaus n\u00e3o tolerar\u00e1 crimes cometidos contra crian\u00e7as e adolescentes, e \u00e9 isso que queremos\u201d, afirmou.&nbsp;<\/p>\n\n\n\n<p>A sensibiliza\u00e7\u00e3o&nbsp;se mostra ainda mais necess\u00e1ria \u00e0 medida que n\u00fameros divulgados pelo Minist\u00e9rio da Sa\u00fade indicam que pais e conhecidos s\u00e3o os respons\u00e1veis por crimes de viol\u00eancia sexual contra crian\u00e7as de 0 a 9 anos de idade em 68% dos casos ocorridos no Brasil, e que em 70,9% das vezes o crime ocorre dentro de casa.&nbsp;<\/p>\n\n\n\n<p>O gestor da escola municipal Hiran de Lima Caminha, Laelson da Costa, frisou a import\u00e2ncia da participa\u00e7\u00e3o de seus alunos e de toda a rede municipal de ensino na campanha. Para ele, a educa\u00e7\u00e3o \u00e9 uma das principais armas de preven\u00e7\u00e3o e combate ao abuso sexual.&nbsp;<\/p>\n\n\n\n<p><br>\u201cQuando engajamos nossos alunos em campanhas como essa, garantimos que essas crian\u00e7as tenham acesso \u00e0 informa\u00e7\u00e3o, que tenham a devida orienta\u00e7\u00e3o para conseguir identificar situa\u00e7\u00f5es que possam colocar sua integridade em risco e que saibam a quem recorrer quando necess\u00e1rio. O papel da escola \u00e9 esse e n\u00e3o podemos deixar de cumpr\u00ed-lo\u201d, pontuou.&nbsp;<\/p>\n\n\n\n<p>A estudante Ana J\u00falia Ramos, de 14 anos, definiu sua experi\u00eancia na caminhada como muito gratificante e destacou a import\u00e2ncia do momento para ela e seus colegas de sala. \u201cFoi muito legal participar da caminhada, at\u00e9 porque acho que todo mundo precisa realmente combater esses crimes, \u00e9 uma quest\u00e3o de empatia e amor ao pr\u00f3ximo\u201d, concluiu.&nbsp;<\/p>\n\n\n\n<p><strong>&#8216;Maio Laranja&#8217;<\/strong><\/p>\n\n\n\n<p>Alusivo ao Dia Nacional de Combate \u00e0 Explora\u00e7\u00e3o Sexual de Crian\u00e7as e Adolescentes, celebrado no dia 18 de maio, o &#8220;Maio Laranja&#8221; tem como objetivo orientar crian\u00e7as, adolescentes, pais e a sociedade a identificar e denunciar situa\u00e7\u00f5es de abuso e explora\u00e7\u00e3o sexual ao longo de todo o m\u00eas.&nbsp;<\/p>\n\n\n\n<p>A data relembra o caso da menina capixaba Araceli Crespo, sequestrada, drogada, espancada, estuprada e morta em 18 de maio de 1973, aos 8 anos de idade.<\/p>\n\n\n\n<p>O cronograma de atividades especiais do munic\u00edpio como parte da campanha continua neste s\u00e1bado, 18\/5, com uma grande a\u00e7\u00e3o de sensibiliza\u00e7\u00e3o que ser\u00e1 realizada na feira da Manaus Moderna, no centro hist\u00f3rico da cidade, a partir das 8h.&nbsp;<\/p>\n\n\n\n<p>&#8212; &#8212; &#8212;<\/p>\n\n\n\n<p><strong>Texto &#8211;&nbsp;<\/strong>Guilherme Pacheco\/Semasc&nbsp;<\/p>\n\n\n\n<p><strong>Fotos &#8211; <\/strong>Diego Lima\/Semasc e Valdo Le\u00e3o\/Semcom<\/p>\n\n\n\n<p><strong>Dispon\u00edveis em &#8211;<\/strong><a href=\"https:\/\/flic.kr\/s\/aHBqjBqyd6\">https:\/\/flic.kr\/s\/aHBqjBqyd6<\/a><\/p>\n","protected":false},"excerpt":{"rendered":"","protected":false},"author":39,"featured_media":210397,"comment_status":"closed","ping_status":"closed","sticky":false,"template":"","format":"standard","meta":{"footnotes":""},"categories":[562],"tags":[1095,1096,1097,7,18,323],"acf":[],"yoast_head":"<!-- This site is optimized with the Yoast SEO plugin v23.0 - https:\/\/yoast.com\/wordpress\/plugins\/seo\/ -->\n<title>\u2018Caminhada de Combate ao Abuso e \u00e0 Explora\u00e7\u00e3o Sexual&#039;<\/title>\n<meta name=\"description\" content=\"Prefeitura promove \u2018Caminhada de Combate ao Abuso e \u00e0 Explora\u00e7\u00e3o Sexual contra Crian\u00e7as e Adolescentes\u2019 na zona Leste.\" \/>\n<meta name=\"robots\" content=\"noindex, follow\" \/>\n<meta property=\"og:locale\" content=\"pt_BR\" \/>\n<meta property=\"og:type\" content=\"article\" \/>\n<meta property=\"og:title\" content=\"\u2018Caminhada de Combate ao Abuso e \u00e0 Explora\u00e7\u00e3o Sexual&#039;\" \/>\n<meta property=\"og:description\" content=\"Prefeitura promove \u2018Caminhada de Combate ao Abuso e \u00e0 Explora\u00e7\u00e3o Sexual contra Crian\u00e7as e Adolescentes\u2019 na zona Leste.\" \/>\n<meta property=\"og:url\" content=\"https:\/\/www.manaus.am.gov.br\/semasc\/caminhada-combate-abuso-exploracao-sexual-contra-criancas-adolescentes-na-zona-leste\/\" \/>\n<meta property=\"og:site_name\" content=\"SEMASC\" \/>\n<meta property=\"article:publisher\" content=\"https:\/\/www.facebook.com\/semascmanaus\" \/>\n<meta property=\"article:published_time\" content=\"2024-05-16T16:47:30+00:00\" \/>\n<meta property=\"article:modified_time\" content=\"2024-05-24T15:31:33+00:00\" \/>\n<meta property=\"og:image\" content=\"https:\/\/www.manaus.am.gov.br\/semasc\/wp-content\/uploads\/sites\/17\/2024\/05\/53724517847_d71f04d546_k.jpg\" \/>\n\t<meta property=\"og:image:width\" content=\"2047\" \/>\n\t<meta property=\"og:image:height\" content=\"1373\" \/>\n\t<meta property=\"og:image:type\" content=\"image\/jpeg\" \/>\n<meta name=\"author\" content=\"Bruna Greco\" \/>\n<meta name=\"twitter:card\" content=\"summary_large_image\" \/>\n<meta name=\"twitter:label1\" content=\"Written by\" \/>\n\t<meta name=\"twitter:data1\" content=\"Bruna Greco\" \/>\n\t<meta name=\"twitter:label2\" content=\"Est. reading time\" \/>\n\t<meta name=\"twitter:data2\" content=\"4 minutos\" \/>\n<script type=\"application\/ld+json\" class=\"yoast-schema-graph\">{\"@context\":\"https:\/\/schema.org\",\"@graph\":[{\"@type\":\"Article\",\"@id\":\"https:\/\/www.manaus.am.gov.br\/semasc\/caminhada-combate-abuso-exploracao-sexual-contra-criancas-adolescentes-na-zona-leste\/#article\",\"isPartOf\":{\"@id\":\"https:\/\/www.manaus.am.gov.br\/semasc\/caminhada-combate-abuso-exploracao-sexual-contra-criancas-adolescentes-na-zona-leste\/\"},\"author\":{\"name\":\"Bruna Greco\",\"@id\":\"https:\/\/www.manaus.am.gov.br\/semasc\/#\/schema\/person\/05d223aea2bf115f9883a6ff3683d81b\"},\"headline\":\"Prefeitura promove \u2018Caminhada de Combate ao Abuso e \u00e0 Explora\u00e7\u00e3o Sexual contra Crian\u00e7as e Adolescentes\u2019 na zona Leste\",\"datePublished\":\"2024-05-16T16:47:30+00:00\",\"dateModified\":\"2024-05-24T15:31:33+00:00\",\"mainEntityOfPage\":{\"@id\":\"https:\/\/www.manaus.am.gov.br\/semasc\/caminhada-combate-abuso-exploracao-sexual-contra-criancas-adolescentes-na-zona-leste\/\"},\"wordCount\":720,\"publisher\":{\"@id\":\"https:\/\/www.manaus.am.gov.br\/semasc\/#organization\"},\"image\":{\"@id\":\"https:\/\/www.manaus.am.gov.br\/semasc\/caminhada-combate-abuso-exploracao-sexual-contra-criancas-adolescentes-na-zona-leste\/#primaryimage\"},\"thumbnailUrl\":\"https:\/\/www.manaus.am.gov.br\/semasc\/wp-content\/uploads\/sites\/17\/2024\/05\/53724517847_d71f04d546_k.jpg\",\"keywords\":[\"\u201cMaio Laranja\u201d\",\"Caminhada de Combate ao Abuso e \u00e0 Explora\u00e7\u00e3o Sexual contra Crian\u00e7as e Adolescentes\",\"mobiliza\u00e7\u00e3o\",\"prefeitura de manaus\",\"Semasc\",\"zona leste\"],\"articleSection\":[\"Mobiliza\u00e7\u00e3o\"],\"inLanguage\":\"pt-BR\"},{\"@type\":\"WebPage\",\"@id\":\"https:\/\/www.manaus.am.gov.br\/semasc\/caminhada-combate-abuso-exploracao-sexual-contra-criancas-adolescentes-na-zona-leste\/\",\"url\":\"https:\/\/www.manaus.am.gov.br\/semasc\/caminhada-combate-abuso-exploracao-sexual-contra-criancas-adolescentes-na-zona-leste\/\",\"name\":\"\u2018Caminhada de Combate ao Abuso e \u00e0 Explora\u00e7\u00e3o Sexual'\",\"isPartOf\":{\"@id\":\"https:\/\/www.manaus.am.gov.br\/semasc\/#website\"},\"primaryImageOfPage\":{\"@id\":\"https:\/\/www.manaus.am.gov.br\/semasc\/caminhada-combate-abuso-exploracao-sexual-contra-criancas-adolescentes-na-zona-leste\/#primaryimage\"},\"image\":{\"@id\":\"https:\/\/www.manaus.am.gov.br\/semasc\/caminhada-combate-abuso-exploracao-sexual-contra-criancas-adolescentes-na-zona-leste\/#primaryimage\"},\"thumbnailUrl\":\"https:\/\/www.manaus.am.gov.br\/semasc\/wp-content\/uploads\/sites\/17\/2024\/05\/53724517847_d71f04d546_k.jpg\",\"datePublished\":\"2024-05-16T16:47:30+00:00\",\"dateModified\":\"2024-05-24T15:31:33+00:00\",\"description\":\"Prefeitura promove \u2018Caminhada de Combate ao Abuso e \u00e0 Explora\u00e7\u00e3o Sexual contra Crian\u00e7as e Adolescentes\u2019 na zona Leste.\",\"breadcrumb\":{\"@id\":\"https:\/\/www.manaus.am.gov.br\/semasc\/caminhada-combate-abuso-exploracao-sexual-contra-criancas-adolescentes-na-zona-leste\/#breadcrumb\"},\"inLanguage\":\"pt-BR\",\"potentialAction\":[{\"@type\":\"ReadAction\",\"target\":[\"https:\/\/www.manaus.am.gov.br\/semasc\/caminhada-combate-abuso-exploracao-sexual-contra-criancas-adolescentes-na-zona-leste\/\"]}]},{\"@type\":\"ImageObject\",\"inLanguage\":\"pt-BR\",\"@id\":\"https:\/\/www.manaus.am.gov.br\/semasc\/caminhada-combate-abuso-exploracao-sexual-contra-criancas-adolescentes-na-zona-leste\/#primaryimage\",\"url\":\"https:\/\/www.manaus.am.gov.br\/semasc\/wp-content\/uploads\/sites\/17\/2024\/05\/53724517847_d71f04d546_k.jpg\",\"contentUrl\":\"https:\/\/www.manaus.am.gov.br\/semasc\/wp-content\/uploads\/sites\/17\/2024\/05\/53724517847_d71f04d546_k.jpg\",\"width\":2047,\"height\":1373,\"caption\":\"#paratodosverem - Grande p\u00fablico participando da \\\"Caminhada de Combate ao Abuso e \u00e0 Explora\u00e7\u00e3o Sexual contra Crian\u00e7as e Adolescentes\\\" na zona Leste\"},{\"@type\":\"BreadcrumbList\",\"@id\":\"https:\/\/www.manaus.am.gov.br\/semasc\/caminhada-combate-abuso-exploracao-sexual-contra-criancas-adolescentes-na-zona-leste\/#breadcrumb\",\"itemListElement\":[{\"@type\":\"ListItem\",\"position\":1,\"name\":\"Home\",\"item\":\"https:\/\/www.manaus.am.gov.br\/semasc\/\"},{\"@type\":\"ListItem\",\"position\":2,\"name\":\"Prefeitura promove \u2018Caminhada de Combate ao Abuso e \u00e0 Explora\u00e7\u00e3o Sexual contra Crian\u00e7as e Adolescentes\u2019 na zona Leste\"}]},{\"@type\":\"WebSite\",\"@id\":\"https:\/\/www.manaus.am.gov.br\/semasc\/#website\",\"url\":\"https:\/\/www.manaus.am.gov.br\/semasc\/\",\"name\":\"SEMASC\",\"description\":\"Secretaria Municipal da Mulher, Assist\u00eancia Social e Cidadania.\",\"publisher\":{\"@id\":\"https:\/\/www.manaus.am.gov.br\/semasc\/#organization\"},\"alternateName\":\"Secretaria Municipal da Mulher, Assist\u00eancia Social e Cidadania\",\"potentialAction\":[{\"@type\":\"SearchAction\",\"target\":{\"@type\":\"EntryPoint\",\"urlTemplate\":\"https:\/\/www.manaus.am.gov.br\/semasc\/?s={search_term_string}\"},\"query-input\":\"required name=search_term_string\"}],\"inLanguage\":\"pt-BR\"},{\"@type\":\"Organization\",\"@id\":\"https:\/\/www.manaus.am.gov.br\/semasc\/#organization\",\"name\":\"Prefeitura de Manaus\",\"alternateName\":\"Prefeitura Municipal de Manaus\",\"url\":\"https:\/\/www.manaus.am.gov.br\/semasc\/\",\"logo\":{\"@type\":\"ImageObject\",\"inLanguage\":\"pt-BR\",\"@id\":\"https:\/\/www.manaus.am.gov.br\/semasc\/#\/schema\/logo\/image\/\",\"url\":\"https:\/\/www.manaus.am.gov.br\/semasc\/wp-content\/uploads\/sites\/17\/2024\/07\/favicon.png\",\"contentUrl\":\"https:\/\/www.manaus.am.gov.br\/semasc\/wp-content\/uploads\/sites\/17\/2024\/07\/favicon.png\",\"width\":300,\"height\":300,\"caption\":\"Prefeitura de Manaus\"},\"image\":{\"@id\":\"https:\/\/www.manaus.am.gov.br\/semasc\/#\/schema\/logo\/image\/\"},\"sameAs\":[\"https:\/\/www.facebook.com\/semascmanaus\",\"https:\/\/www.instagram.com\/semascmanaus\/\"]},{\"@type\":\"Person\",\"@id\":\"https:\/\/www.manaus.am.gov.br\/semasc\/#\/schema\/person\/05d223aea2bf115f9883a6ff3683d81b\",\"name\":\"Bruna Greco\",\"image\":{\"@type\":\"ImageObject\",\"inLanguage\":\"pt-BR\",\"@id\":\"https:\/\/www.manaus.am.gov.br\/semasc\/#\/schema\/person\/image\/\",\"url\":\"https:\/\/secure.gravatar.com\/avatar\/9c877d1a6adc2a055330e5c09a8653ce?s=96&d=mm&r=g\",\"contentUrl\":\"https:\/\/secure.gravatar.com\/avatar\/9c877d1a6adc2a055330e5c09a8653ce?s=96&d=mm&r=g\",\"caption\":\"Bruna Greco\"}}]}<\/script>\n<!-- \/ Yoast SEO plugin. -->","yoast_head_json":{"title":"\u2018Caminhada de Combate ao Abuso e \u00e0 Explora\u00e7\u00e3o Sexual'","description":"Prefeitura promove \u2018Caminhada de Combate ao Abuso e \u00e0 Explora\u00e7\u00e3o Sexual contra Crian\u00e7as e Adolescentes\u2019 na zona Leste.","robots":{"index":"noindex","follow":"follow"},"og_locale":"pt_BR","og_type":"article","og_title":"\u2018Caminhada de Combate ao Abuso e \u00e0 Explora\u00e7\u00e3o Sexual'","og_description":"Prefeitura promove \u2018Caminhada de Combate ao Abuso e \u00e0 Explora\u00e7\u00e3o Sexual contra Crian\u00e7as e Adolescentes\u2019 na zona Leste.","og_url":"https:\/\/www.manaus.am.gov.br\/semasc\/caminhada-combate-abuso-exploracao-sexual-contra-criancas-adolescentes-na-zona-leste\/","og_site_name":"SEMASC","article_publisher":"https:\/\/www.facebook.com\/semascmanaus","article_published_time":"2024-05-16T16:47:30+00:00","article_modified_time":"2024-05-24T15:31:33+00:00","og_image":[{"width":2047,"height":1373,"url":"https:\/\/www.manaus.am.gov.br\/semasc\/wp-content\/uploads\/sites\/17\/2024\/05\/53724517847_d71f04d546_k.jpg","type":"image\/jpeg"}],"author":"Bruna Greco","twitter_card":"summary_large_image","twitter_misc":{"Written by":"Bruna Greco","Est. reading time":"4 minutos"},"schema":{"@context":"https:\/\/schema.org","@graph":[{"@type":"Article","@id":"https:\/\/www.manaus.am.gov.br\/semasc\/caminhada-combate-abuso-exploracao-sexual-contra-criancas-adolescentes-na-zona-leste\/#article","isPartOf":{"@id":"https:\/\/www.manaus.am.gov.br\/semasc\/caminhada-combate-abuso-exploracao-sexual-contra-criancas-adolescentes-na-zona-leste\/"},"author":{"name":"Bruna Greco","@id":"https:\/\/www.manaus.am.gov.br\/semasc\/#\/schema\/person\/05d223aea2bf115f9883a6ff3683d81b"},"headline":"Prefeitura promove \u2018Caminhada de Combate ao Abuso e \u00e0 Explora\u00e7\u00e3o Sexual contra Crian\u00e7as e Adolescentes\u2019 na zona Leste","datePublished":"2024-05-16T16:47:30+00:00","dateModified":"2024-05-24T15:31:33+00:00","mainEntityOfPage":{"@id":"https:\/\/www.manaus.am.gov.br\/semasc\/caminhada-combate-abuso-exploracao-sexual-contra-criancas-adolescentes-na-zona-leste\/"},"wordCount":720,"publisher":{"@id":"https:\/\/www.manaus.am.gov.br\/semasc\/#organization"},"image":{"@id":"https:\/\/www.manaus.am.gov.br\/semasc\/caminhada-combate-abuso-exploracao-sexual-contra-criancas-adolescentes-na-zona-leste\/#primaryimage"},"thumbnailUrl":"https:\/\/www.manaus.am.gov.br\/semasc\/wp-content\/uploads\/sites\/17\/2024\/05\/53724517847_d71f04d546_k.jpg","keywords":["\u201cMaio Laranja\u201d","Caminhada de Combate ao Abuso e \u00e0 Explora\u00e7\u00e3o Sexual contra Crian\u00e7as e Adolescentes","mobiliza\u00e7\u00e3o","prefeitura de manaus","Semasc","zona leste"],"articleSection":["Mobiliza\u00e7\u00e3o"],"inLanguage":"pt-BR"},{"@type":"WebPage","@id":"https:\/\/www.manaus.am.gov.br\/semasc\/caminhada-combate-abuso-exploracao-sexual-contra-criancas-adolescentes-na-zona-leste\/","url":"https:\/\/www.manaus.am.gov.br\/semasc\/caminhada-combate-abuso-exploracao-sexual-contra-criancas-adolescentes-na-zona-leste\/","name":"\u2018Caminhada de Combate ao Abuso e \u00e0 Explora\u00e7\u00e3o Sexual'","isPartOf":{"@id":"https:\/\/www.manaus.am.gov.br\/semasc\/#website"},"primaryImageOfPage":{"@id":"https:\/\/www.manaus.am.gov.br\/semasc\/caminhada-combate-abuso-exploracao-sexual-contra-criancas-adolescentes-na-zona-leste\/#primaryimage"},"image":{"@id":"https:\/\/www.manaus.am.gov.br\/semasc\/caminhada-combate-abuso-exploracao-sexual-contra-criancas-adolescentes-na-zona-leste\/#primaryimage"},"thumbnailUrl":"https:\/\/www.manaus.am.gov.br\/semasc\/wp-content\/uploads\/sites\/17\/2024\/05\/53724517847_d71f04d546_k.jpg","datePublished":"2024-05-16T16:47:30+00:00","dateModified":"2024-05-24T15:31:33+00:00","description":"Prefeitura promove \u2018Caminhada de Combate ao Abuso e \u00e0 Explora\u00e7\u00e3o Sexual contra Crian\u00e7as e Adolescentes\u2019 na zona Leste.","breadcrumb":{"@id":"https:\/\/www.manaus.am.gov.br\/semasc\/caminhada-combate-abuso-exploracao-sexual-contra-criancas-adolescentes-na-zona-leste\/#breadcrumb"},"inLanguage":"pt-BR","potentialAction":[{"@type":"ReadAction","target":["https:\/\/www.manaus.am.gov.br\/semasc\/caminhada-combate-abuso-exploracao-sexual-contra-criancas-adolescentes-na-zona-leste\/"]}]},{"@type":"ImageObject","inLanguage":"pt-BR","@id":"https:\/\/www.manaus.am.gov.br\/semasc\/caminhada-combate-abuso-exploracao-sexual-contra-criancas-adolescentes-na-zona-leste\/#primaryimage","url":"https:\/\/www.manaus.am.gov.br\/semasc\/wp-content\/uploads\/sites\/17\/2024\/05\/53724517847_d71f04d546_k.jpg","contentUrl":"https:\/\/www.manaus.am.gov.br\/semasc\/wp-content\/uploads\/sites\/17\/2024\/05\/53724517847_d71f04d546_k.jpg","width":2047,"height":1373,"caption":"#paratodosverem - Grande p\u00fablico participando da \"Caminhada de Combate ao Abuso e \u00e0 Explora\u00e7\u00e3o Sexual contra Crian\u00e7as e Adolescentes\" na zona Leste"},{"@type":"BreadcrumbList","@id":"https:\/\/www.manaus.am.gov.br\/semasc\/caminhada-combate-abuso-exploracao-sexual-contra-criancas-adolescentes-na-zona-leste\/#breadcrumb","itemListElement":[{"@type":"ListItem","position":1,"name":"Home","item":"https:\/\/www.manaus.am.gov.br\/semasc\/"},{"@type":"ListItem","position":2,"name":"Prefeitura promove \u2018Caminhada de Combate ao Abuso e \u00e0 Explora\u00e7\u00e3o Sexual contra Crian\u00e7as e Adolescentes\u2019 na zona Leste"}]},{"@type":"WebSite","@id":"https:\/\/www.manaus.am.gov.br\/semasc\/#website","url":"https:\/\/www.manaus.am.gov.br\/semasc\/","name":"SEMASC","description":"Secretaria Municipal da Mulher, Assist\u00eancia Social e Cidadania.","publisher":{"@id":"https:\/\/www.manaus.am.gov.br\/semasc\/#organization"},"alternateName":"Secretaria Municipal da Mulher, Assist\u00eancia Social e Cidadania","potentialAction":[{"@type":"SearchAction","target":{"@type":"EntryPoint","urlTemplate":"https:\/\/www.manaus.am.gov.br\/semasc\/?s={search_term_string}"},"query-input":"required name=search_term_string"}],"inLanguage":"pt-BR"},{"@type":"Organization","@id":"https:\/\/www.manaus.am.gov.br\/semasc\/#organization","name":"Prefeitura de Manaus","alternateName":"Prefeitura Municipal de Manaus","url":"https:\/\/www.manaus.am.gov.br\/semasc\/","logo":{"@type":"ImageObject","inLanguage":"pt-BR","@id":"https:\/\/www.manaus.am.gov.br\/semasc\/#\/schema\/logo\/image\/","url":"https:\/\/www.manaus.am.gov.br\/semasc\/wp-content\/uploads\/sites\/17\/2024\/07\/favicon.png","contentUrl":"https:\/\/www.manaus.am.gov.br\/semasc\/wp-content\/uploads\/sites\/17\/2024\/07\/favicon.png","width":300,"height":300,"caption":"Prefeitura de Manaus"},"image":{"@id":"https:\/\/www.manaus.am.gov.br\/semasc\/#\/schema\/logo\/image\/"},"sameAs":["https:\/\/www.facebook.com\/semascmanaus","https:\/\/www.instagram.com\/semascmanaus\/"]},{"@type":"Person","@id":"https:\/\/www.manaus.am.gov.br\/semasc\/#\/schema\/person\/05d223aea2bf115f9883a6ff3683d81b","name":"Bruna Greco","image":{"@type":"ImageObject","inLanguage":"pt-BR","@id":"https:\/\/www.manaus.am.gov.br\/semasc\/#\/schema\/person\/image\/","url":"https:\/\/secure.gravatar.com\/avatar\/9c877d1a6adc2a055330e5c09a8653ce?s=96&d=mm&r=g","contentUrl":"https:\/\/secure.gravatar.com\/avatar\/9c877d1a6adc2a055330e5c09a8653ce?s=96&d=mm&r=g","caption":"Bruna Greco"}}]}},"_links":{"self":[{"href":"https:\/\/www.manaus.am.gov.br\/semasc\/wp-json\/wp\/v2\/posts\/210396"}],"collection":[{"href":"https:\/\/www.manaus.am.gov.br\/semasc\/wp-json\/wp\/v2\/posts"}],"about":[{"href":"https:\/\/www.manaus.am.gov.br\/semasc\/wp-json\/wp\/v2\/types\/post"}],"author":[{"embeddable":true,"href":"https:\/\/www.manaus.am.gov.br\/semasc\/wp-json\/wp\/v2\/users\/39"}],"replies":[{"embeddable":true,"href":"https:\/\/www.manaus.am.gov.br\/semasc\/wp-json\/wp\/v2\/comments?post=210396"}],"version-history":[{"count":1,"href":"https:\/\/www.manaus.am.gov.br\/semasc\/wp-json\/wp\/v2\/posts\/210396\/revisions"}],"predecessor-version":[{"id":210399,"href":"https:\/\/www.manaus.am.gov.br\/semasc\/wp-json\/wp\/v2\/posts\/210396\/revisions\/210399"}],"wp:featuredmedia":[{"embeddable":true,"href":"https:\/\/www.manaus.am.gov.br\/semasc\/wp-json\/wp\/v2\/media\/210397"}],"wp:attachment":[{"href":"https:\/\/www.manaus.am.gov.br\/semasc\/wp-json\/wp\/v2\/media?parent=210396"}],"wp:term":[{"taxonomy":"category","embeddable":true,"href":"https:\/\/www.manaus.am.gov.br\/semasc\/wp-json\/wp\/v2\/categories?post=210396"},{"taxonomy":"post_tag","embeddable":true,"href":"https:\/\/www.manaus.am.gov.br\/semasc\/wp-json\/wp\/v2\/tags?post=210396"}],"curies":[{"name":"wp","href":"https:\/\/api.w.org\/{rel}","templated":true}]}}