{"id":210339,"date":"2024-05-14T15:40:48","date_gmt":"2024-05-14T19:40:48","guid":{"rendered":"https:\/\/www.manaus.am.gov.br\/semasc\/seguranca-alimentar\/"},"modified":"2024-05-24T11:31:59","modified_gmt":"2024-05-24T15:31:59","slug":"seguranca-alimentar","status":"publish","type":"post","link":"https:\/\/www.manaus.am.gov.br\/semasc\/seguranca-alimentar\/","title":{"rendered":"Prefeitura de Manaus participa de encontro nacional sobre seguran\u00e7a alimentar e nutricional nas cidades"},"content":{"rendered":"\n<p>Como parte das a\u00e7\u00f5es que promovam o bem-estar e a qualidade de vida da popula\u00e7\u00e3o, a Prefeitura de Manaus, por meio da Secretaria Municipal da Mulher, Assist\u00eancia Social e Cidadania (Semasc), est\u00e1 participando do evento nacional \u201cAlimenta Cidades &#8211; 1\u00b0 Encontro da Estrat\u00e9gia Nacional de Seguran\u00e7a Alimentar e Nutricional nas Cidades\u201d, que teve in\u00edcio nesta ter\u00e7a-feira, 14, e se estender\u00e1 at\u00e9 amanh\u00e3, 15\/5, em Bras\u00edlia.<\/p>\n\n\n\n<p>O objetivo \u00e9 promover o di\u00e1logo entre os representantes das cidades que manifestaram interesse em participar da \u201cAlimenta Cidades\u201d, iniciativa de atua\u00e7\u00e3o conjunta do governo federal e as cidades brasileiras na ado\u00e7\u00e3o de a\u00e7\u00f5es e programas que possibilitem o acesso, a oferta e a disponibilidade de alimentos saud\u00e1veis para a popula\u00e7\u00e3o mais vulner\u00e1vel.<\/p>\n\n\n\n<p>Durante a programa\u00e7\u00e3o, foram discutidas estrat\u00e9gias e iniciativas inovadoras para fortalecer as pol\u00edticas p\u00fablicas voltadas \u00e0 seguran\u00e7a alimentar e nutricional nas cidades, considerando os contextos locais e as especificidades de cada realidade.<\/p>\n\n\n\n<p>\u201cA nossa participa\u00e7\u00e3o evidencia o compromisso da administra\u00e7\u00e3o municipal em enfrentar os desafios relacionados \u00e0 garantia do acesso regular e permanente a alimentos de qualidade, em quantidade suficiente, sem comprometer o acesso a outras necessidades essenciais, tendo como horizonte a promo\u00e7\u00e3o da sa\u00fade e o desenvolvimento sustent\u00e1vel\u201d, declarou a secret\u00e1ria da Semasc, Dermi Rayol.<\/p>\n\n\n\n<p>Atualmente, Manaus conta com seis cozinhas comunit\u00e1rias, dois restaurantes populares e quatro restaurantes \u2018Prato do Povo\u2019, com a oferta mensal de mais de 100 mil refei\u00e7\u00f5es. Outras sete unidades \u2018Prato do Povo\u2019 dever\u00e3o ser inauguradas nos pr\u00f3ximos meses.<\/p>\n\n\n\n<p>&#8212; &#8212; &#8212;<\/p>\n\n\n\n<p><strong>Texto &#8211; <\/strong>Leonardo Fierro \/ Semasc<strong><\/strong><\/p>\n\n\n\n<p><strong>Fotos \u2013 <\/strong>Divulga\u00e7\u00e3o \/ Semasc<strong><\/strong><\/p>\n","protected":false},"excerpt":{"rendered":"","protected":false},"author":61,"featured_media":210340,"comment_status":"closed","ping_status":"closed","sticky":false,"template":"","format":"standard","meta":{"footnotes":""},"categories":[34],"tags":[1091,882,7,1084,1086,18],"acf":[],"yoast_head":"<!-- This site is optimized with the Yoast SEO plugin v23.0 - https:\/\/yoast.com\/wordpress\/plugins\/seo\/ -->\n<title>Prefeitura participa de evento nacional sobre seguran\u00e7a alimentar<\/title>\n<meta name=\"description\" content=\"A Prefeitura de Manaus est\u00e1 participando do evento \u201cAlimenta Cidades - 1\u00b0 Encontro da Estrat\u00e9gia Nacional de Seguran\u00e7a Alimentar e Nutricional nas Cidades\u201d.\" \/>\n<meta name=\"robots\" content=\"noindex, follow\" \/>\n<meta property=\"og:locale\" content=\"pt_BR\" \/>\n<meta property=\"og:type\" content=\"article\" \/>\n<meta property=\"og:title\" content=\"Prefeitura participa de evento nacional sobre seguran\u00e7a alimentar\" \/>\n<meta property=\"og:description\" content=\"A Prefeitura de Manaus est\u00e1 participando do evento \u201cAlimenta Cidades - 1\u00b0 Encontro da Estrat\u00e9gia Nacional de Seguran\u00e7a Alimentar e Nutricional nas Cidades\u201d.\" \/>\n<meta property=\"og:url\" content=\"https:\/\/www.manaus.am.gov.br\/semasc\/seguranca-alimentar\/\" \/>\n<meta property=\"og:site_name\" content=\"SEMASC\" \/>\n<meta property=\"article:publisher\" content=\"https:\/\/www.facebook.com\/semascmanaus\" \/>\n<meta property=\"article:published_time\" content=\"2024-05-14T19:40:48+00:00\" \/>\n<meta property=\"article:modified_time\" content=\"2024-05-24T15:31:59+00:00\" \/>\n<meta property=\"og:image\" content=\"https:\/\/www.manaus.am.gov.br\/semasc\/wp-content\/uploads\/sites\/17\/2024\/05\/Semasc-Encontro-Alimenta-Cidades-2-1024x683.jpg\" \/>\n\t<meta property=\"og:image:width\" content=\"1024\" \/>\n\t<meta property=\"og:image:height\" content=\"683\" \/>\n\t<meta property=\"og:image:type\" content=\"image\/jpeg\" \/>\n<meta name=\"author\" content=\"smonteiro\" \/>\n<meta name=\"twitter:card\" content=\"summary_large_image\" \/>\n<meta name=\"twitter:label1\" content=\"Written by\" \/>\n\t<meta name=\"twitter:data1\" content=\"smonteiro\" \/>\n\t<meta name=\"twitter:label2\" content=\"Est. reading time\" \/>\n\t<meta name=\"twitter:data2\" content=\"2 minutos\" \/>\n<script type=\"application\/ld+json\" class=\"yoast-schema-graph\">{\"@context\":\"https:\/\/schema.org\",\"@graph\":[{\"@type\":\"Article\",\"@id\":\"https:\/\/www.manaus.am.gov.br\/semasc\/seguranca-alimentar\/#article\",\"isPartOf\":{\"@id\":\"https:\/\/www.manaus.am.gov.br\/semasc\/seguranca-alimentar\/\"},\"author\":{\"name\":\"smonteiro\",\"@id\":\"https:\/\/www.manaus.am.gov.br\/semasc\/#\/schema\/person\/ab4dcf766a54dff74e8d267f5c591961\"},\"headline\":\"Prefeitura de Manaus participa de encontro nacional sobre seguran\u00e7a alimentar e nutricional nas cidades\",\"datePublished\":\"2024-05-14T19:40:48+00:00\",\"dateModified\":\"2024-05-24T15:31:59+00:00\",\"mainEntityOfPage\":{\"@id\":\"https:\/\/www.manaus.am.gov.br\/semasc\/seguranca-alimentar\/\"},\"wordCount\":292,\"publisher\":{\"@id\":\"https:\/\/www.manaus.am.gov.br\/semasc\/#organization\"},\"image\":{\"@id\":\"https:\/\/www.manaus.am.gov.br\/semasc\/seguranca-alimentar\/#primaryimage\"},\"thumbnailUrl\":\"https:\/\/www.manaus.am.gov.br\/semasc\/wp-content\/uploads\/sites\/17\/2024\/05\/Semasc-Encontro-Alimenta-Cidades-2.jpg\",\"keywords\":[\"Alimenta Cidades\",\"Prato do Povo\",\"prefeitura de manaus\",\"programa \u201cManaus Sem Fome\u201d\",\"restaurantes populares\",\"Semasc\"],\"articleSection\":[\"Assist\u00eancia Social\"],\"inLanguage\":\"pt-BR\"},{\"@type\":\"WebPage\",\"@id\":\"https:\/\/www.manaus.am.gov.br\/semasc\/seguranca-alimentar\/\",\"url\":\"https:\/\/www.manaus.am.gov.br\/semasc\/seguranca-alimentar\/\",\"name\":\"Prefeitura participa de evento nacional sobre seguran\u00e7a alimentar\",\"isPartOf\":{\"@id\":\"https:\/\/www.manaus.am.gov.br\/semasc\/#website\"},\"primaryImageOfPage\":{\"@id\":\"https:\/\/www.manaus.am.gov.br\/semasc\/seguranca-alimentar\/#primaryimage\"},\"image\":{\"@id\":\"https:\/\/www.manaus.am.gov.br\/semasc\/seguranca-alimentar\/#primaryimage\"},\"thumbnailUrl\":\"https:\/\/www.manaus.am.gov.br\/semasc\/wp-content\/uploads\/sites\/17\/2024\/05\/Semasc-Encontro-Alimenta-Cidades-2.jpg\",\"datePublished\":\"2024-05-14T19:40:48+00:00\",\"dateModified\":\"2024-05-24T15:31:59+00:00\",\"description\":\"A Prefeitura de Manaus est\u00e1 participando do evento \u201cAlimenta Cidades - 1\u00b0 Encontro da Estrat\u00e9gia Nacional de Seguran\u00e7a Alimentar e Nutricional nas Cidades\u201d.\",\"breadcrumb\":{\"@id\":\"https:\/\/www.manaus.am.gov.br\/semasc\/seguranca-alimentar\/#breadcrumb\"},\"inLanguage\":\"pt-BR\",\"potentialAction\":[{\"@type\":\"ReadAction\",\"target\":[\"https:\/\/www.manaus.am.gov.br\/semasc\/seguranca-alimentar\/\"]}]},{\"@type\":\"ImageObject\",\"inLanguage\":\"pt-BR\",\"@id\":\"https:\/\/www.manaus.am.gov.br\/semasc\/seguranca-alimentar\/#primaryimage\",\"url\":\"https:\/\/www.manaus.am.gov.br\/semasc\/wp-content\/uploads\/sites\/17\/2024\/05\/Semasc-Encontro-Alimenta-Cidades-2.jpg\",\"contentUrl\":\"https:\/\/www.manaus.am.gov.br\/semasc\/wp-content\/uploads\/sites\/17\/2024\/05\/Semasc-Encontro-Alimenta-Cidades-2.jpg\",\"width\":3392,\"height\":2261,\"caption\":\"#paratodosverem - imagem da mesa de abertura do Encontro, em Bras\u00edlia\"},{\"@type\":\"BreadcrumbList\",\"@id\":\"https:\/\/www.manaus.am.gov.br\/semasc\/seguranca-alimentar\/#breadcrumb\",\"itemListElement\":[{\"@type\":\"ListItem\",\"position\":1,\"name\":\"Home\",\"item\":\"https:\/\/www.manaus.am.gov.br\/semasc\/\"},{\"@type\":\"ListItem\",\"position\":2,\"name\":\"Prefeitura de Manaus participa de encontro nacional sobre seguran\u00e7a alimentar e nutricional nas cidades\"}]},{\"@type\":\"WebSite\",\"@id\":\"https:\/\/www.manaus.am.gov.br\/semasc\/#website\",\"url\":\"https:\/\/www.manaus.am.gov.br\/semasc\/\",\"name\":\"SEMASC\",\"description\":\"Secretaria Municipal da Mulher, Assist\u00eancia Social e Cidadania.\",\"publisher\":{\"@id\":\"https:\/\/www.manaus.am.gov.br\/semasc\/#organization\"},\"alternateName\":\"Secretaria Municipal da Mulher, Assist\u00eancia Social e Cidadania\",\"potentialAction\":[{\"@type\":\"SearchAction\",\"target\":{\"@type\":\"EntryPoint\",\"urlTemplate\":\"https:\/\/www.manaus.am.gov.br\/semasc\/?s={search_term_string}\"},\"query-input\":\"required name=search_term_string\"}],\"inLanguage\":\"pt-BR\"},{\"@type\":\"Organization\",\"@id\":\"https:\/\/www.manaus.am.gov.br\/semasc\/#organization\",\"name\":\"Prefeitura de Manaus\",\"alternateName\":\"Prefeitura Municipal de Manaus\",\"url\":\"https:\/\/www.manaus.am.gov.br\/semasc\/\",\"logo\":{\"@type\":\"ImageObject\",\"inLanguage\":\"pt-BR\",\"@id\":\"https:\/\/www.manaus.am.gov.br\/semasc\/#\/schema\/logo\/image\/\",\"url\":\"https:\/\/www.manaus.am.gov.br\/semasc\/wp-content\/uploads\/sites\/17\/2024\/07\/favicon.png\",\"contentUrl\":\"https:\/\/www.manaus.am.gov.br\/semasc\/wp-content\/uploads\/sites\/17\/2024\/07\/favicon.png\",\"width\":300,\"height\":300,\"caption\":\"Prefeitura de Manaus\"},\"image\":{\"@id\":\"https:\/\/www.manaus.am.gov.br\/semasc\/#\/schema\/logo\/image\/\"},\"sameAs\":[\"https:\/\/www.facebook.com\/semascmanaus\",\"https:\/\/www.instagram.com\/semascmanaus\/\"]},{\"@type\":\"Person\",\"@id\":\"https:\/\/www.manaus.am.gov.br\/semasc\/#\/schema\/person\/ab4dcf766a54dff74e8d267f5c591961\",\"name\":\"smonteiro\",\"image\":{\"@type\":\"ImageObject\",\"inLanguage\":\"pt-BR\",\"@id\":\"https:\/\/www.manaus.am.gov.br\/semasc\/#\/schema\/person\/image\/\",\"url\":\"https:\/\/secure.gravatar.com\/avatar\/21c8776ef61d9272c73322052e042d77?s=96&d=mm&r=g\",\"contentUrl\":\"https:\/\/secure.gravatar.com\/avatar\/21c8776ef61d9272c73322052e042d77?s=96&d=mm&r=g\",\"caption\":\"smonteiro\"}}]}<\/script>\n<!-- \/ Yoast SEO plugin. -->","yoast_head_json":{"title":"Prefeitura participa de evento nacional sobre seguran\u00e7a alimentar","description":"A Prefeitura de Manaus est\u00e1 participando do evento \u201cAlimenta Cidades - 1\u00b0 Encontro da Estrat\u00e9gia Nacional de Seguran\u00e7a Alimentar e Nutricional nas Cidades\u201d.","robots":{"index":"noindex","follow":"follow"},"og_locale":"pt_BR","og_type":"article","og_title":"Prefeitura participa de evento nacional sobre seguran\u00e7a alimentar","og_description":"A Prefeitura de Manaus est\u00e1 participando do evento \u201cAlimenta Cidades - 1\u00b0 Encontro da Estrat\u00e9gia Nacional de Seguran\u00e7a Alimentar e Nutricional nas Cidades\u201d.","og_url":"https:\/\/www.manaus.am.gov.br\/semasc\/seguranca-alimentar\/","og_site_name":"SEMASC","article_publisher":"https:\/\/www.facebook.com\/semascmanaus","article_published_time":"2024-05-14T19:40:48+00:00","article_modified_time":"2024-05-24T15:31:59+00:00","og_image":[{"width":1024,"height":683,"url":"https:\/\/www.manaus.am.gov.br\/semasc\/wp-content\/uploads\/sites\/17\/2024\/05\/Semasc-Encontro-Alimenta-Cidades-2-1024x683.jpg","type":"image\/jpeg"}],"author":"smonteiro","twitter_card":"summary_large_image","twitter_misc":{"Written by":"smonteiro","Est. reading time":"2 minutos"},"schema":{"@context":"https:\/\/schema.org","@graph":[{"@type":"Article","@id":"https:\/\/www.manaus.am.gov.br\/semasc\/seguranca-alimentar\/#article","isPartOf":{"@id":"https:\/\/www.manaus.am.gov.br\/semasc\/seguranca-alimentar\/"},"author":{"name":"smonteiro","@id":"https:\/\/www.manaus.am.gov.br\/semasc\/#\/schema\/person\/ab4dcf766a54dff74e8d267f5c591961"},"headline":"Prefeitura de Manaus participa de encontro nacional sobre seguran\u00e7a alimentar e nutricional nas cidades","datePublished":"2024-05-14T19:40:48+00:00","dateModified":"2024-05-24T15:31:59+00:00","mainEntityOfPage":{"@id":"https:\/\/www.manaus.am.gov.br\/semasc\/seguranca-alimentar\/"},"wordCount":292,"publisher":{"@id":"https:\/\/www.manaus.am.gov.br\/semasc\/#organization"},"image":{"@id":"https:\/\/www.manaus.am.gov.br\/semasc\/seguranca-alimentar\/#primaryimage"},"thumbnailUrl":"https:\/\/www.manaus.am.gov.br\/semasc\/wp-content\/uploads\/sites\/17\/2024\/05\/Semasc-Encontro-Alimenta-Cidades-2.jpg","keywords":["Alimenta Cidades","Prato do Povo","prefeitura de manaus","programa \u201cManaus Sem Fome\u201d","restaurantes populares","Semasc"],"articleSection":["Assist\u00eancia Social"],"inLanguage":"pt-BR"},{"@type":"WebPage","@id":"https:\/\/www.manaus.am.gov.br\/semasc\/seguranca-alimentar\/","url":"https:\/\/www.manaus.am.gov.br\/semasc\/seguranca-alimentar\/","name":"Prefeitura participa de evento nacional sobre seguran\u00e7a alimentar","isPartOf":{"@id":"https:\/\/www.manaus.am.gov.br\/semasc\/#website"},"primaryImageOfPage":{"@id":"https:\/\/www.manaus.am.gov.br\/semasc\/seguranca-alimentar\/#primaryimage"},"image":{"@id":"https:\/\/www.manaus.am.gov.br\/semasc\/seguranca-alimentar\/#primaryimage"},"thumbnailUrl":"https:\/\/www.manaus.am.gov.br\/semasc\/wp-content\/uploads\/sites\/17\/2024\/05\/Semasc-Encontro-Alimenta-Cidades-2.jpg","datePublished":"2024-05-14T19:40:48+00:00","dateModified":"2024-05-24T15:31:59+00:00","description":"A Prefeitura de Manaus est\u00e1 participando do evento \u201cAlimenta Cidades - 1\u00b0 Encontro da Estrat\u00e9gia Nacional de Seguran\u00e7a Alimentar e Nutricional nas Cidades\u201d.","breadcrumb":{"@id":"https:\/\/www.manaus.am.gov.br\/semasc\/seguranca-alimentar\/#breadcrumb"},"inLanguage":"pt-BR","potentialAction":[{"@type":"ReadAction","target":["https:\/\/www.manaus.am.gov.br\/semasc\/seguranca-alimentar\/"]}]},{"@type":"ImageObject","inLanguage":"pt-BR","@id":"https:\/\/www.manaus.am.gov.br\/semasc\/seguranca-alimentar\/#primaryimage","url":"https:\/\/www.manaus.am.gov.br\/semasc\/wp-content\/uploads\/sites\/17\/2024\/05\/Semasc-Encontro-Alimenta-Cidades-2.jpg","contentUrl":"https:\/\/www.manaus.am.gov.br\/semasc\/wp-content\/uploads\/sites\/17\/2024\/05\/Semasc-Encontro-Alimenta-Cidades-2.jpg","width":3392,"height":2261,"caption":"#paratodosverem - imagem da mesa de abertura do Encontro, em Bras\u00edlia"},{"@type":"BreadcrumbList","@id":"https:\/\/www.manaus.am.gov.br\/semasc\/seguranca-alimentar\/#breadcrumb","itemListElement":[{"@type":"ListItem","position":1,"name":"Home","item":"https:\/\/www.manaus.am.gov.br\/semasc\/"},{"@type":"ListItem","position":2,"name":"Prefeitura de Manaus participa de encontro nacional sobre seguran\u00e7a alimentar e nutricional nas cidades"}]},{"@type":"WebSite","@id":"https:\/\/www.manaus.am.gov.br\/semasc\/#website","url":"https:\/\/www.manaus.am.gov.br\/semasc\/","name":"SEMASC","description":"Secretaria Municipal da Mulher, Assist\u00eancia Social e Cidadania.","publisher":{"@id":"https:\/\/www.manaus.am.gov.br\/semasc\/#organization"},"alternateName":"Secretaria Municipal da Mulher, Assist\u00eancia Social e Cidadania","potentialAction":[{"@type":"SearchAction","target":{"@type":"EntryPoint","urlTemplate":"https:\/\/www.manaus.am.gov.br\/semasc\/?s={search_term_string}"},"query-input":"required name=search_term_string"}],"inLanguage":"pt-BR"},{"@type":"Organization","@id":"https:\/\/www.manaus.am.gov.br\/semasc\/#organization","name":"Prefeitura de Manaus","alternateName":"Prefeitura Municipal de Manaus","url":"https:\/\/www.manaus.am.gov.br\/semasc\/","logo":{"@type":"ImageObject","inLanguage":"pt-BR","@id":"https:\/\/www.manaus.am.gov.br\/semasc\/#\/schema\/logo\/image\/","url":"https:\/\/www.manaus.am.gov.br\/semasc\/wp-content\/uploads\/sites\/17\/2024\/07\/favicon.png","contentUrl":"https:\/\/www.manaus.am.gov.br\/semasc\/wp-content\/uploads\/sites\/17\/2024\/07\/favicon.png","width":300,"height":300,"caption":"Prefeitura de Manaus"},"image":{"@id":"https:\/\/www.manaus.am.gov.br\/semasc\/#\/schema\/logo\/image\/"},"sameAs":["https:\/\/www.facebook.com\/semascmanaus","https:\/\/www.instagram.com\/semascmanaus\/"]},{"@type":"Person","@id":"https:\/\/www.manaus.am.gov.br\/semasc\/#\/schema\/person\/ab4dcf766a54dff74e8d267f5c591961","name":"smonteiro","image":{"@type":"ImageObject","inLanguage":"pt-BR","@id":"https:\/\/www.manaus.am.gov.br\/semasc\/#\/schema\/person\/image\/","url":"https:\/\/secure.gravatar.com\/avatar\/21c8776ef61d9272c73322052e042d77?s=96&d=mm&r=g","contentUrl":"https:\/\/secure.gravatar.com\/avatar\/21c8776ef61d9272c73322052e042d77?s=96&d=mm&r=g","caption":"smonteiro"}}]}},"_links":{"self":[{"href":"https:\/\/www.manaus.am.gov.br\/semasc\/wp-json\/wp\/v2\/posts\/210339"}],"collection":[{"href":"https:\/\/www.manaus.am.gov.br\/semasc\/wp-json\/wp\/v2\/posts"}],"about":[{"href":"https:\/\/www.manaus.am.gov.br\/semasc\/wp-json\/wp\/v2\/types\/post"}],"author":[{"embeddable":true,"href":"https:\/\/www.manaus.am.gov.br\/semasc\/wp-json\/wp\/v2\/users\/61"}],"replies":[{"embeddable":true,"href":"https:\/\/www.manaus.am.gov.br\/semasc\/wp-json\/wp\/v2\/comments?post=210339"}],"version-history":[{"count":1,"href":"https:\/\/www.manaus.am.gov.br\/semasc\/wp-json\/wp\/v2\/posts\/210339\/revisions"}],"predecessor-version":[{"id":210393,"href":"https:\/\/www.manaus.am.gov.br\/semasc\/wp-json\/wp\/v2\/posts\/210339\/revisions\/210393"}],"wp:featuredmedia":[{"embeddable":true,"href":"https:\/\/www.manaus.am.gov.br\/semasc\/wp-json\/wp\/v2\/media\/210340"}],"wp:attachment":[{"href":"https:\/\/www.manaus.am.gov.br\/semasc\/wp-json\/wp\/v2\/media?parent=210339"}],"wp:term":[{"taxonomy":"category","embeddable":true,"href":"https:\/\/www.manaus.am.gov.br\/semasc\/wp-json\/wp\/v2\/categories?post=210339"},{"taxonomy":"post_tag","embeddable":true,"href":"https:\/\/www.manaus.am.gov.br\/semasc\/wp-json\/wp\/v2\/tags?post=210339"}],"curies":[{"name":"wp","href":"https:\/\/api.w.org\/{rel}","templated":true}]}}