{"id":210324,"date":"2024-05-14T10:51:41","date_gmt":"2024-05-14T14:51:41","guid":{"rendered":"https:\/\/www.manaus.am.gov.br\/semasc\/refeicoes-populacao-risco-social\/"},"modified":"2024-05-20T11:31:06","modified_gmt":"2024-05-20T15:31:06","slug":"refeicoes-populacao-risco-social","status":"publish","type":"post","link":"https:\/\/www.manaus.am.gov.br\/semasc\/refeicoes-populacao-risco-social\/","title":{"rendered":"Prefeitura serve mais de 2,2 milh\u00f5es de refei\u00e7\u00f5es \u00e0 popula\u00e7\u00e3o em risco social"},"content":{"rendered":"\n<p>Em tr\u00eas anos e quatro meses de gest\u00e3o David Almeida, a Prefeitura de Manaus j\u00e1 serviu mais de 2,2 milh\u00f5es de refei\u00e7\u00f5es balanceadas para pessoas em risco social, por meio do programa \u201cManaus sem Fome\u201d, realizado pela Secretaria Municipal da Mulher, Assist\u00eancia Social e Cidadania (Semasc) e que engloba diversas a\u00e7\u00f5es, como cozinhas comunit\u00e1rias, restaurantes populares e o &#8220;Prato do Povo&#8221;. A iniciativa conta com emendas parlamentares do deputado federal Saullo Vianna.&nbsp;<\/p>\n\n\n\n<p>No in\u00edcio deste m\u00eas o prefeito David Almeida entregou a quarta unidade do \u201cPrato do Povo\u201d, no bairro Armando Mendes, na zona Leste do munic\u00edpio. Na ocasi\u00e3o, o prefeito destacou a import\u00e2ncia do investimento em seguran\u00e7a alimentar.&nbsp;<\/p>\n\n\n\n<p>\u201c\u00c9 um trabalho que a prefeitura faz em prol da seguran\u00e7a alimentar na zona Leste. Al\u00e9m do bairro Armando Mendes, os moradores do Zumbi e parte do S\u00e3o Jos\u00e9 tamb\u00e9m ser\u00e3o contemplados com esse restaurante. Com isso, contribu\u00edmos para a seguran\u00e7a alimentar de mais mil pessoas por dia\u201d, garantiu o prefeito.<\/p>\n\n\n\n<p>O \u201cManaus sem Fome\u201d tem garantido a alimenta\u00e7\u00e3o de pessoas em vulnerabilidade social. As novas unidades do \u201cPrato do Povo\u201d entregues est\u00e3o localizadas nas zonas mais populosas da cidade (Leste e Norte), atendendo os bairros Jorge Teixeira, Col\u00f4nia Ant\u00f4nio Aleixo e Armando Mendes e o conjunto Viver Melhor.<\/p>\n\n\n<div class=\"wp-block-image\">\n<figure class=\"aligncenter size-large\"><img loading=\"lazy\" decoding=\"async\" width=\"1024\" height=\"682\" src=\"https:\/\/www.manaus.am.gov.br\/semasc\/wp-content\/uploads\/sites\/17\/2024\/05\/MANAUSSEMFOME3-1024x682.jpeg\" alt=\"\" class=\"wp-image-210325\" srcset=\"https:\/\/www.manaus.am.gov.br\/semasc\/wp-content\/uploads\/sites\/17\/2024\/05\/MANAUSSEMFOME3-1024x682.jpeg 1024w, https:\/\/www.manaus.am.gov.br\/semasc\/wp-content\/uploads\/sites\/17\/2024\/05\/MANAUSSEMFOME3-300x200.jpeg 300w, https:\/\/www.manaus.am.gov.br\/semasc\/wp-content\/uploads\/sites\/17\/2024\/05\/MANAUSSEMFOME3-768x512.jpeg 768w, https:\/\/www.manaus.am.gov.br\/semasc\/wp-content\/uploads\/sites\/17\/2024\/05\/MANAUSSEMFOME3-1536x1024.jpeg 1536w, https:\/\/www.manaus.am.gov.br\/semasc\/wp-content\/uploads\/sites\/17\/2024\/05\/MANAUSSEMFOME3-2048x1365.jpeg 2048w\" sizes=\"(max-width: 1024px) 100vw, 1024px\" \/><figcaption class=\"wp-element-caption\">#paratodosverem popula\u00e7\u00e3o recebe alimenta\u00e7\u00e3o balanceada, por meio do programa &#8220;Manaus sem Fome&#8221; <\/figcaption><\/figure><\/div>\n\n\n<p>Al\u00e9m da implementa\u00e7\u00e3o dos restaurantes populares, est\u00e1 em planejamento uma nova cozinha comunit\u00e1ria no bairro S\u00e3o Jos\u00e9 4; revitaliza\u00e7\u00e3o de seis Cozinhas Comunit\u00e1rias e tr\u00eas restaurantes &#8220;Prato do Povo&#8221;. H\u00e1 tamb\u00e9m aquisi\u00e7\u00e3o e distribui\u00e7\u00e3o de 100 mil cestas b\u00e1sicas em Manaus, para fam\u00edlias inseridas no Cadastro \u00danico e atendidas pela Semasc.<\/p>\n\n\n\n<p>&#8212; &#8212; &#8212;<\/p>\n\n\n\n<p><strong>Texto<\/strong> \u2013 Clinsman Brito \/ Semcom<\/p>\n\n\n\n<p><strong>Fotos<\/strong> \u2013 Arquivo \/ Semcom<\/p>\n","protected":false},"excerpt":{"rendered":"","protected":false},"author":25,"featured_media":210326,"comment_status":"closed","ping_status":"closed","sticky":false,"template":"","format":"standard","meta":{"footnotes":""},"categories":[34],"tags":[881,36,882,1084,1086,1087],"acf":[],"yoast_head":"<!-- This site is optimized with the Yoast SEO plugin v23.0 - https:\/\/yoast.com\/wordpress\/plugins\/seo\/ -->\n<title>Prefeitura serve mais de 2,2 milh\u00f5es de refei\u00e7\u00f5es \u00e0 popula\u00e7\u00e3o em risco social<\/title>\n<meta name=\"description\" content=\"Em tr\u00eas anos e quatro meses de gest\u00e3o David Almeida, a Prefeitura de Manaus j\u00e1 serviu mais de 2,2 milh\u00f5es de refei\u00e7\u00f5es balanceadas para pessoas em risco social\" \/>\n<meta name=\"robots\" content=\"noindex, follow\" \/>\n<meta property=\"og:locale\" content=\"pt_BR\" \/>\n<meta property=\"og:type\" content=\"article\" \/>\n<meta property=\"og:title\" content=\"Prefeitura serve mais de 2,2 milh\u00f5es de refei\u00e7\u00f5es \u00e0 popula\u00e7\u00e3o em risco social\" \/>\n<meta property=\"og:description\" content=\"Em tr\u00eas anos e quatro meses de gest\u00e3o David Almeida, a Prefeitura de Manaus j\u00e1 serviu mais de 2,2 milh\u00f5es de refei\u00e7\u00f5es balanceadas para pessoas em risco social\" \/>\n<meta property=\"og:url\" content=\"https:\/\/www.manaus.am.gov.br\/semasc\/refeicoes-populacao-risco-social\/\" \/>\n<meta property=\"og:site_name\" content=\"SEMASC\" \/>\n<meta property=\"article:publisher\" content=\"https:\/\/www.facebook.com\/semascmanaus\" \/>\n<meta property=\"article:published_time\" content=\"2024-05-14T14:51:41+00:00\" \/>\n<meta property=\"article:modified_time\" content=\"2024-05-20T15:31:06+00:00\" \/>\n<meta property=\"og:image\" content=\"https:\/\/www.manaus.am.gov.br\/semasc\/wp-content\/uploads\/sites\/17\/2024\/05\/MANAUSSEMFOME1.jpeg\" \/>\n\t<meta property=\"og:image:width\" content=\"2560\" \/>\n\t<meta property=\"og:image:height\" content=\"1706\" \/>\n\t<meta property=\"og:image:type\" content=\"image\/jpeg\" \/>\n<meta name=\"author\" content=\"Maur\u00edcio Freire\" \/>\n<meta name=\"twitter:card\" content=\"summary_large_image\" \/>\n<meta name=\"twitter:label1\" content=\"Written by\" \/>\n\t<meta name=\"twitter:data1\" content=\"Maur\u00edcio Freire\" \/>\n\t<meta name=\"twitter:label2\" content=\"Est. reading time\" \/>\n\t<meta name=\"twitter:data2\" content=\"2 minutos\" \/>\n<script type=\"application\/ld+json\" class=\"yoast-schema-graph\">{\"@context\":\"https:\/\/schema.org\",\"@graph\":[{\"@type\":\"Article\",\"@id\":\"https:\/\/www.manaus.am.gov.br\/semasc\/refeicoes-populacao-risco-social\/#article\",\"isPartOf\":{\"@id\":\"https:\/\/www.manaus.am.gov.br\/semasc\/refeicoes-populacao-risco-social\/\"},\"author\":{\"name\":\"Maur\u00edcio Freire\",\"@id\":\"https:\/\/www.manaus.am.gov.br\/semasc\/#\/schema\/person\/587989a23a463cde5618e6a028977a9a\"},\"headline\":\"Prefeitura serve mais de 2,2 milh\u00f5es de refei\u00e7\u00f5es \u00e0 popula\u00e7\u00e3o em risco social\",\"datePublished\":\"2024-05-14T14:51:41+00:00\",\"dateModified\":\"2024-05-20T15:31:06+00:00\",\"mainEntityOfPage\":{\"@id\":\"https:\/\/www.manaus.am.gov.br\/semasc\/refeicoes-populacao-risco-social\/\"},\"wordCount\":331,\"publisher\":{\"@id\":\"https:\/\/www.manaus.am.gov.br\/semasc\/#organization\"},\"image\":{\"@id\":\"https:\/\/www.manaus.am.gov.br\/semasc\/refeicoes-populacao-risco-social\/#primaryimage\"},\"thumbnailUrl\":\"https:\/\/www.manaus.am.gov.br\/semasc\/wp-content\/uploads\/sites\/17\/2024\/05\/MANAUSSEMFOME1.jpeg\",\"keywords\":[\"cozinhas comunit\u00e1rias\",\"David Alemida\",\"Prato do Povo\",\"programa \u201cManaus Sem Fome\u201d\",\"restaurantes populares\",\"Saullo Vianna\"],\"articleSection\":[\"Assist\u00eancia Social\"],\"inLanguage\":\"pt-BR\"},{\"@type\":\"WebPage\",\"@id\":\"https:\/\/www.manaus.am.gov.br\/semasc\/refeicoes-populacao-risco-social\/\",\"url\":\"https:\/\/www.manaus.am.gov.br\/semasc\/refeicoes-populacao-risco-social\/\",\"name\":\"Prefeitura serve mais de 2,2 milh\u00f5es de refei\u00e7\u00f5es \u00e0 popula\u00e7\u00e3o em risco social\",\"isPartOf\":{\"@id\":\"https:\/\/www.manaus.am.gov.br\/semasc\/#website\"},\"primaryImageOfPage\":{\"@id\":\"https:\/\/www.manaus.am.gov.br\/semasc\/refeicoes-populacao-risco-social\/#primaryimage\"},\"image\":{\"@id\":\"https:\/\/www.manaus.am.gov.br\/semasc\/refeicoes-populacao-risco-social\/#primaryimage\"},\"thumbnailUrl\":\"https:\/\/www.manaus.am.gov.br\/semasc\/wp-content\/uploads\/sites\/17\/2024\/05\/MANAUSSEMFOME1.jpeg\",\"datePublished\":\"2024-05-14T14:51:41+00:00\",\"dateModified\":\"2024-05-20T15:31:06+00:00\",\"description\":\"Em tr\u00eas anos e quatro meses de gest\u00e3o David Almeida, a Prefeitura de Manaus j\u00e1 serviu mais de 2,2 milh\u00f5es de refei\u00e7\u00f5es balanceadas para pessoas em risco social\",\"breadcrumb\":{\"@id\":\"https:\/\/www.manaus.am.gov.br\/semasc\/refeicoes-populacao-risco-social\/#breadcrumb\"},\"inLanguage\":\"pt-BR\",\"potentialAction\":[{\"@type\":\"ReadAction\",\"target\":[\"https:\/\/www.manaus.am.gov.br\/semasc\/refeicoes-populacao-risco-social\/\"]}]},{\"@type\":\"ImageObject\",\"inLanguage\":\"pt-BR\",\"@id\":\"https:\/\/www.manaus.am.gov.br\/semasc\/refeicoes-populacao-risco-social\/#primaryimage\",\"url\":\"https:\/\/www.manaus.am.gov.br\/semasc\/wp-content\/uploads\/sites\/17\/2024\/05\/MANAUSSEMFOME1.jpeg\",\"contentUrl\":\"https:\/\/www.manaus.am.gov.br\/semasc\/wp-content\/uploads\/sites\/17\/2024\/05\/MANAUSSEMFOME1.jpeg\",\"width\":2560,\"height\":1706,\"caption\":\"#paratodosverem quarta unidade do Prato do Povo foi inaugurada pelo prefeito David Almeida no Armando Mendes\"},{\"@type\":\"BreadcrumbList\",\"@id\":\"https:\/\/www.manaus.am.gov.br\/semasc\/refeicoes-populacao-risco-social\/#breadcrumb\",\"itemListElement\":[{\"@type\":\"ListItem\",\"position\":1,\"name\":\"Home\",\"item\":\"https:\/\/www.manaus.am.gov.br\/semasc\/\"},{\"@type\":\"ListItem\",\"position\":2,\"name\":\"Prefeitura serve mais de 2,2 milh\u00f5es de refei\u00e7\u00f5es \u00e0 popula\u00e7\u00e3o em risco social\"}]},{\"@type\":\"WebSite\",\"@id\":\"https:\/\/www.manaus.am.gov.br\/semasc\/#website\",\"url\":\"https:\/\/www.manaus.am.gov.br\/semasc\/\",\"name\":\"SEMASC\",\"description\":\"Secretaria Municipal da Mulher, Assist\u00eancia Social e Cidadania.\",\"publisher\":{\"@id\":\"https:\/\/www.manaus.am.gov.br\/semasc\/#organization\"},\"alternateName\":\"Secretaria Municipal da Mulher, Assist\u00eancia Social e Cidadania\",\"potentialAction\":[{\"@type\":\"SearchAction\",\"target\":{\"@type\":\"EntryPoint\",\"urlTemplate\":\"https:\/\/www.manaus.am.gov.br\/semasc\/?s={search_term_string}\"},\"query-input\":\"required name=search_term_string\"}],\"inLanguage\":\"pt-BR\"},{\"@type\":\"Organization\",\"@id\":\"https:\/\/www.manaus.am.gov.br\/semasc\/#organization\",\"name\":\"Prefeitura de Manaus\",\"alternateName\":\"Prefeitura Municipal de Manaus\",\"url\":\"https:\/\/www.manaus.am.gov.br\/semasc\/\",\"logo\":{\"@type\":\"ImageObject\",\"inLanguage\":\"pt-BR\",\"@id\":\"https:\/\/www.manaus.am.gov.br\/semasc\/#\/schema\/logo\/image\/\",\"url\":\"https:\/\/www.manaus.am.gov.br\/semasc\/wp-content\/uploads\/sites\/17\/2024\/07\/favicon.png\",\"contentUrl\":\"https:\/\/www.manaus.am.gov.br\/semasc\/wp-content\/uploads\/sites\/17\/2024\/07\/favicon.png\",\"width\":300,\"height\":300,\"caption\":\"Prefeitura de Manaus\"},\"image\":{\"@id\":\"https:\/\/www.manaus.am.gov.br\/semasc\/#\/schema\/logo\/image\/\"},\"sameAs\":[\"https:\/\/www.facebook.com\/semascmanaus\",\"https:\/\/www.instagram.com\/semascmanaus\/\"]},{\"@type\":\"Person\",\"@id\":\"https:\/\/www.manaus.am.gov.br\/semasc\/#\/schema\/person\/587989a23a463cde5618e6a028977a9a\",\"name\":\"Maur\u00edcio Freire\",\"image\":{\"@type\":\"ImageObject\",\"inLanguage\":\"pt-BR\",\"@id\":\"https:\/\/www.manaus.am.gov.br\/semasc\/#\/schema\/person\/image\/\",\"url\":\"https:\/\/secure.gravatar.com\/avatar\/dc1481799a1f75c733ac3b2634cd6749?s=96&d=mm&r=g\",\"contentUrl\":\"https:\/\/secure.gravatar.com\/avatar\/dc1481799a1f75c733ac3b2634cd6749?s=96&d=mm&r=g\",\"caption\":\"Maur\u00edcio Freire\"}}]}<\/script>\n<!-- \/ Yoast SEO plugin. -->","yoast_head_json":{"title":"Prefeitura serve mais de 2,2 milh\u00f5es de refei\u00e7\u00f5es \u00e0 popula\u00e7\u00e3o em risco social","description":"Em tr\u00eas anos e quatro meses de gest\u00e3o David Almeida, a Prefeitura de Manaus j\u00e1 serviu mais de 2,2 milh\u00f5es de refei\u00e7\u00f5es balanceadas para pessoas em risco social","robots":{"index":"noindex","follow":"follow"},"og_locale":"pt_BR","og_type":"article","og_title":"Prefeitura serve mais de 2,2 milh\u00f5es de refei\u00e7\u00f5es \u00e0 popula\u00e7\u00e3o em risco social","og_description":"Em tr\u00eas anos e quatro meses de gest\u00e3o David Almeida, a Prefeitura de Manaus j\u00e1 serviu mais de 2,2 milh\u00f5es de refei\u00e7\u00f5es balanceadas para pessoas em risco social","og_url":"https:\/\/www.manaus.am.gov.br\/semasc\/refeicoes-populacao-risco-social\/","og_site_name":"SEMASC","article_publisher":"https:\/\/www.facebook.com\/semascmanaus","article_published_time":"2024-05-14T14:51:41+00:00","article_modified_time":"2024-05-20T15:31:06+00:00","og_image":[{"width":2560,"height":1706,"url":"https:\/\/www.manaus.am.gov.br\/semasc\/wp-content\/uploads\/sites\/17\/2024\/05\/MANAUSSEMFOME1.jpeg","type":"image\/jpeg"}],"author":"Maur\u00edcio Freire","twitter_card":"summary_large_image","twitter_misc":{"Written by":"Maur\u00edcio Freire","Est. reading time":"2 minutos"},"schema":{"@context":"https:\/\/schema.org","@graph":[{"@type":"Article","@id":"https:\/\/www.manaus.am.gov.br\/semasc\/refeicoes-populacao-risco-social\/#article","isPartOf":{"@id":"https:\/\/www.manaus.am.gov.br\/semasc\/refeicoes-populacao-risco-social\/"},"author":{"name":"Maur\u00edcio Freire","@id":"https:\/\/www.manaus.am.gov.br\/semasc\/#\/schema\/person\/587989a23a463cde5618e6a028977a9a"},"headline":"Prefeitura serve mais de 2,2 milh\u00f5es de refei\u00e7\u00f5es \u00e0 popula\u00e7\u00e3o em risco social","datePublished":"2024-05-14T14:51:41+00:00","dateModified":"2024-05-20T15:31:06+00:00","mainEntityOfPage":{"@id":"https:\/\/www.manaus.am.gov.br\/semasc\/refeicoes-populacao-risco-social\/"},"wordCount":331,"publisher":{"@id":"https:\/\/www.manaus.am.gov.br\/semasc\/#organization"},"image":{"@id":"https:\/\/www.manaus.am.gov.br\/semasc\/refeicoes-populacao-risco-social\/#primaryimage"},"thumbnailUrl":"https:\/\/www.manaus.am.gov.br\/semasc\/wp-content\/uploads\/sites\/17\/2024\/05\/MANAUSSEMFOME1.jpeg","keywords":["cozinhas comunit\u00e1rias","David Alemida","Prato do Povo","programa \u201cManaus Sem Fome\u201d","restaurantes populares","Saullo Vianna"],"articleSection":["Assist\u00eancia Social"],"inLanguage":"pt-BR"},{"@type":"WebPage","@id":"https:\/\/www.manaus.am.gov.br\/semasc\/refeicoes-populacao-risco-social\/","url":"https:\/\/www.manaus.am.gov.br\/semasc\/refeicoes-populacao-risco-social\/","name":"Prefeitura serve mais de 2,2 milh\u00f5es de refei\u00e7\u00f5es \u00e0 popula\u00e7\u00e3o em risco social","isPartOf":{"@id":"https:\/\/www.manaus.am.gov.br\/semasc\/#website"},"primaryImageOfPage":{"@id":"https:\/\/www.manaus.am.gov.br\/semasc\/refeicoes-populacao-risco-social\/#primaryimage"},"image":{"@id":"https:\/\/www.manaus.am.gov.br\/semasc\/refeicoes-populacao-risco-social\/#primaryimage"},"thumbnailUrl":"https:\/\/www.manaus.am.gov.br\/semasc\/wp-content\/uploads\/sites\/17\/2024\/05\/MANAUSSEMFOME1.jpeg","datePublished":"2024-05-14T14:51:41+00:00","dateModified":"2024-05-20T15:31:06+00:00","description":"Em tr\u00eas anos e quatro meses de gest\u00e3o David Almeida, a Prefeitura de Manaus j\u00e1 serviu mais de 2,2 milh\u00f5es de refei\u00e7\u00f5es balanceadas para pessoas em risco social","breadcrumb":{"@id":"https:\/\/www.manaus.am.gov.br\/semasc\/refeicoes-populacao-risco-social\/#breadcrumb"},"inLanguage":"pt-BR","potentialAction":[{"@type":"ReadAction","target":["https:\/\/www.manaus.am.gov.br\/semasc\/refeicoes-populacao-risco-social\/"]}]},{"@type":"ImageObject","inLanguage":"pt-BR","@id":"https:\/\/www.manaus.am.gov.br\/semasc\/refeicoes-populacao-risco-social\/#primaryimage","url":"https:\/\/www.manaus.am.gov.br\/semasc\/wp-content\/uploads\/sites\/17\/2024\/05\/MANAUSSEMFOME1.jpeg","contentUrl":"https:\/\/www.manaus.am.gov.br\/semasc\/wp-content\/uploads\/sites\/17\/2024\/05\/MANAUSSEMFOME1.jpeg","width":2560,"height":1706,"caption":"#paratodosverem quarta unidade do Prato do Povo foi inaugurada pelo prefeito David Almeida no Armando Mendes"},{"@type":"BreadcrumbList","@id":"https:\/\/www.manaus.am.gov.br\/semasc\/refeicoes-populacao-risco-social\/#breadcrumb","itemListElement":[{"@type":"ListItem","position":1,"name":"Home","item":"https:\/\/www.manaus.am.gov.br\/semasc\/"},{"@type":"ListItem","position":2,"name":"Prefeitura serve mais de 2,2 milh\u00f5es de refei\u00e7\u00f5es \u00e0 popula\u00e7\u00e3o em risco social"}]},{"@type":"WebSite","@id":"https:\/\/www.manaus.am.gov.br\/semasc\/#website","url":"https:\/\/www.manaus.am.gov.br\/semasc\/","name":"SEMASC","description":"Secretaria Municipal da Mulher, Assist\u00eancia Social e Cidadania.","publisher":{"@id":"https:\/\/www.manaus.am.gov.br\/semasc\/#organization"},"alternateName":"Secretaria Municipal da Mulher, Assist\u00eancia Social e Cidadania","potentialAction":[{"@type":"SearchAction","target":{"@type":"EntryPoint","urlTemplate":"https:\/\/www.manaus.am.gov.br\/semasc\/?s={search_term_string}"},"query-input":"required name=search_term_string"}],"inLanguage":"pt-BR"},{"@type":"Organization","@id":"https:\/\/www.manaus.am.gov.br\/semasc\/#organization","name":"Prefeitura de Manaus","alternateName":"Prefeitura Municipal de Manaus","url":"https:\/\/www.manaus.am.gov.br\/semasc\/","logo":{"@type":"ImageObject","inLanguage":"pt-BR","@id":"https:\/\/www.manaus.am.gov.br\/semasc\/#\/schema\/logo\/image\/","url":"https:\/\/www.manaus.am.gov.br\/semasc\/wp-content\/uploads\/sites\/17\/2024\/07\/favicon.png","contentUrl":"https:\/\/www.manaus.am.gov.br\/semasc\/wp-content\/uploads\/sites\/17\/2024\/07\/favicon.png","width":300,"height":300,"caption":"Prefeitura de Manaus"},"image":{"@id":"https:\/\/www.manaus.am.gov.br\/semasc\/#\/schema\/logo\/image\/"},"sameAs":["https:\/\/www.facebook.com\/semascmanaus","https:\/\/www.instagram.com\/semascmanaus\/"]},{"@type":"Person","@id":"https:\/\/www.manaus.am.gov.br\/semasc\/#\/schema\/person\/587989a23a463cde5618e6a028977a9a","name":"Maur\u00edcio Freire","image":{"@type":"ImageObject","inLanguage":"pt-BR","@id":"https:\/\/www.manaus.am.gov.br\/semasc\/#\/schema\/person\/image\/","url":"https:\/\/secure.gravatar.com\/avatar\/dc1481799a1f75c733ac3b2634cd6749?s=96&d=mm&r=g","contentUrl":"https:\/\/secure.gravatar.com\/avatar\/dc1481799a1f75c733ac3b2634cd6749?s=96&d=mm&r=g","caption":"Maur\u00edcio Freire"}}]}},"_links":{"self":[{"href":"https:\/\/www.manaus.am.gov.br\/semasc\/wp-json\/wp\/v2\/posts\/210324"}],"collection":[{"href":"https:\/\/www.manaus.am.gov.br\/semasc\/wp-json\/wp\/v2\/posts"}],"about":[{"href":"https:\/\/www.manaus.am.gov.br\/semasc\/wp-json\/wp\/v2\/types\/post"}],"author":[{"embeddable":true,"href":"https:\/\/www.manaus.am.gov.br\/semasc\/wp-json\/wp\/v2\/users\/25"}],"replies":[{"embeddable":true,"href":"https:\/\/www.manaus.am.gov.br\/semasc\/wp-json\/wp\/v2\/comments?post=210324"}],"version-history":[{"count":1,"href":"https:\/\/www.manaus.am.gov.br\/semasc\/wp-json\/wp\/v2\/posts\/210324\/revisions"}],"predecessor-version":[{"id":210327,"href":"https:\/\/www.manaus.am.gov.br\/semasc\/wp-json\/wp\/v2\/posts\/210324\/revisions\/210327"}],"wp:featuredmedia":[{"embeddable":true,"href":"https:\/\/www.manaus.am.gov.br\/semasc\/wp-json\/wp\/v2\/media\/210326"}],"wp:attachment":[{"href":"https:\/\/www.manaus.am.gov.br\/semasc\/wp-json\/wp\/v2\/media?parent=210324"}],"wp:term":[{"taxonomy":"category","embeddable":true,"href":"https:\/\/www.manaus.am.gov.br\/semasc\/wp-json\/wp\/v2\/categories?post=210324"},{"taxonomy":"post_tag","embeddable":true,"href":"https:\/\/www.manaus.am.gov.br\/semasc\/wp-json\/wp\/v2\/tags?post=210324"}],"curies":[{"name":"wp","href":"https:\/\/api.w.org\/{rel}","templated":true}]}}