{"id":210279,"date":"2024-04-30T16:49:22","date_gmt":"2024-04-30T20:49:22","guid":{"rendered":"https:\/\/www.manaus.am.gov.br\/semasc\/servicos-funcionamento-feriado\/"},"modified":"2024-04-30T16:49:24","modified_gmt":"2024-04-30T20:49:24","slug":"servicos-funcionamento-feriado","status":"publish","type":"post","link":"https:\/\/www.manaus.am.gov.br\/semasc\/servicos-funcionamento-feriado\/","title":{"rendered":"Prefeitura de Manaus mant\u00e9m servi\u00e7os essenciais em funcionamento no Dia do Trabalhador\u00a0\u00a0"},"content":{"rendered":"\n<p>A Prefeitura de Manaus informa que os servi\u00e7os essenciais oferecidos gratuitamente \u00e0 popula\u00e7\u00e3o estar\u00e3o funcionando normalmente nesta quarta-feira, 1\u00ba de maio, feriado em homenagem aos trabalhadores.<\/p>\n\n\n\n<p><strong>Sa\u00fade<\/strong><\/p>\n\n\n\n<p>Na \u00e1rea da sa\u00fade, o Servi\u00e7o de Atendimento M\u00f3vel de Urg\u00eancia (Samu), que pode ser solicitado por meio do n\u00famero 192, para prestar atendimento pr\u00e9-hospitalar em situa\u00e7\u00f5es de emerg\u00eancia e urg\u00eancia, e a Maternidade Moura Tapaj\u00f3z, localizada no bairro Compensa, zona Oeste da capital, funcionar\u00e3o na modalidade de plant\u00e3o.<\/p>\n\n\n\n<p>O Centro de Emiss\u00e3o de Declara\u00e7\u00e3o de \u00d3bito por Causa Natural em Domic\u00edlio (Cedo) prestar\u00e1 atendimento no hor\u00e1rio das 8h \u00e0s 18h, por meio do n\u00famero (92) 98842-8437.<\/p>\n\n\n\n<p>Os usu\u00e1rios que precisarem buscar os servi\u00e7os b\u00e1sicos da Aten\u00e7\u00e3o Prim\u00e1ria \u00e0 Sa\u00fade, a exemplo de vacina\u00e7\u00f5es, testagem r\u00e1pida para detec\u00e7\u00e3o de Infec\u00e7\u00f5es Sexualmente Transmiss\u00edveis (ISTs), e atendimento para profilaxia antirr\u00e1bica, podem recorrer \u00e0 Cl\u00ednica da Fam\u00edlia Carmen Nicolau, que funcionar\u00e1 das 8h \u00e0s 18h, na rua Santa Tereza D\u2019\u00c1vila, s\/n\u00ba, bairro Lago Azul, zona Norte.<\/p>\n\n\n\n<p><strong>Assist\u00eancia Social<\/strong><\/p>\n\n\n\n<p>O SOS Funeral, da Secretaria Municipal da Mulher, Assist\u00eancia Social e Cidadania (Semasc) tamb\u00e9m funcionar\u00e1 normalmente, 24 horas por dia. O contato pode ser feito pelos n\u00fameros: 98842-2963 (WhatsApp) \/ 0800 280 8087 \/ 3215-2649 \/ 3631-9983. A solicita\u00e7\u00e3o do servi\u00e7o tamb\u00e9m pode ser feita diretamente na sede da Semasc, localizada na avenida Ayr\u00e3o, esquina com a avenida Ferreira Pena, no Centro.<\/p>\n\n\n\n<p><strong>Limpeza<\/strong><\/p>\n\n\n\n<p>Os servi\u00e7os essenciais de limpeza urbana tamb\u00e9m ser\u00e3o mantidos em formato de plant\u00e3o durante esta quarta-feira.<\/p>\n\n\n\n<p>Cerca de cem servidores da Secretaria Municipal de Limpeza Urbana (Semulsp) ir\u00e3o atender \u00e1reas especificas e \u00e1reas volantes, como a Ponta Negra, o centro da cidade, o mercado municipal Adolpho Lisboa, a feira Manaus Moderna, a Feira do Produtor, a Feira da Panair, a avenida Ita\u00faba, e pontos onde estiverem sendo realizados eventos, e os cemit\u00e9rios da cidade. O funcionamento fica \u00e0 disposi\u00e7\u00e3o da popula\u00e7\u00e3o todos os dias em v\u00e1rios turnos, inclusive nos fins de semana e feriados.<\/p>\n\n\n\n<p>A coleta na balsa e na feira da Manaus Moderna tamb\u00e9m funcionar\u00e1 de forma reduzida, tendo dispon\u00edvel cinco servidores para realizarem a coleta no Mirante Lucia Almeida, na Balsa Amarela e no Porto de Manaus.<\/p>\n\n\n\n<p><strong>Empreendedorismo e trabalho<\/strong><\/p>\n\n\n\n<p>O Shopping Phelippe Daou, no bairro Jorge Teixeira, zona Leste, e as Galerias Populares Esp\u00edrito Santo e Rem\u00e9dios, Centro, zona Sul da capital, administrados pela Secretaria Municipal do Trabalho, Empreendedorismo e Inova\u00e7\u00e3o (Semtepi), estar\u00e3o abertas das 8h \u00e0s 14h.<\/p>\n\n\n\n<p>O atendimento nos postos do Sine Manaus, localizados na avenida Constantino Nery, zona Sul, e no shopping Phelippe Daou, zona Leste de Manaus, estar\u00e3o suspensos durante esta quarta-feira, 1\u00ba\/5. As atividades retornam normalmente na quinta-feira, 2\/5. N\u00e3o \u00e9 necess\u00e1rio fazer agendamento pr\u00e9vio para acessar os servi\u00e7os. A popula\u00e7\u00e3o pode se dirigir a um dos postos, portando os documentos originais e o cart\u00e3o de vacina\u00e7\u00e3o, com o esquema vacinal completo contra a Covid-19, de segunda a sexta-feira, das 8h \u00e0s 14h.<\/p>\n\n\n\n<p><strong>Feiras e mercados<\/strong><\/p>\n\n\n\n<p>A Secretaria Municipal de Agricultura, Abastecimento, Centro e Com\u00e9rcio Informal (Semacc) manter\u00e1 todas as feiras e mercados municipais com expediente normal. As feiras Coronel Jorge Teixeira (Manaus Moderna) e da Banana, ambas no Centro, funcionam das 4h \u00e0s 17h. A feira municipal do Produtor, da zona Leste, abre as portas das 4h \u00e0s 17h. A da Panair, bairro Educandos, zona Sul, recebe o p\u00fablico das 4h \u00e0s 17h. J\u00e1 o tablado do peixe, na mesma feira, funciona das 18h \u00e0s 6h todos os dias. O Mercado Municipal Adolpho Lisboa, na avenida Manaus Moderna, Centro, tamb\u00e9m funcionar\u00e1 em hor\u00e1rio normal.<\/p>\n\n\n\n<p>&#8212; &#8212; &#8212;<\/p>\n\n\n\n<p><strong>Texto<\/strong> \u2013 Divulga\u00e7\u00e3o \/ Semcom, Semsa, Semtepi, Semasc, Semulsp e Semacc<\/p>\n\n\n\n<p><strong>Fotos<\/strong> \u2013 Arquivo \/ Semcom<\/p>\n","protected":false},"excerpt":{"rendered":"","protected":false},"author":61,"featured_media":210280,"comment_status":"closed","ping_status":"closed","sticky":false,"template":"","format":"standard","meta":{"footnotes":""},"categories":[1069],"tags":[7,514,18,189,197,517],"acf":[],"yoast_head":"<!-- This site is optimized with the Yoast SEO plugin v23.0 - https:\/\/yoast.com\/wordpress\/plugins\/seo\/ -->\n<title>Prefeitura de Manaus mant\u00e9m servi\u00e7os essenciais em funcionamento no feriado<\/title>\n<meta name=\"description\" content=\"A Prefeitura de Manaus informa que os servi\u00e7os essenciais estar\u00e3o funcionando normalmente nesta quarta-feira, 1\u00ba\/5.\" \/>\n<meta name=\"robots\" content=\"noindex, follow\" \/>\n<meta property=\"og:locale\" content=\"pt_BR\" \/>\n<meta property=\"og:type\" content=\"article\" \/>\n<meta property=\"og:title\" content=\"Prefeitura de Manaus mant\u00e9m servi\u00e7os essenciais em funcionamento no feriado\" \/>\n<meta property=\"og:description\" content=\"A Prefeitura de Manaus informa que os servi\u00e7os essenciais estar\u00e3o funcionando normalmente nesta quarta-feira, 1\u00ba\/5.\" \/>\n<meta property=\"og:url\" content=\"https:\/\/www.manaus.am.gov.br\/semasc\/servicos-funcionamento-feriado\/\" \/>\n<meta property=\"og:site_name\" content=\"SEMASC\" \/>\n<meta property=\"article:publisher\" content=\"https:\/\/www.facebook.com\/semascmanaus\" \/>\n<meta property=\"article:published_time\" content=\"2024-04-30T20:49:22+00:00\" \/>\n<meta property=\"article:modified_time\" content=\"2024-04-30T20:49:24+00:00\" \/>\n<meta property=\"og:image\" content=\"https:\/\/www.manaus.am.gov.br\/semasc\/wp-content\/uploads\/sites\/17\/2024\/04\/Servicos-Feriado-1.jpeg\" \/>\n\t<meta property=\"og:image:width\" content=\"800\" \/>\n\t<meta property=\"og:image:height\" content=\"533\" \/>\n\t<meta property=\"og:image:type\" content=\"image\/jpeg\" \/>\n<meta name=\"author\" content=\"smonteiro\" \/>\n<meta name=\"twitter:card\" content=\"summary_large_image\" \/>\n<meta name=\"twitter:label1\" content=\"Written by\" \/>\n\t<meta name=\"twitter:data1\" content=\"smonteiro\" \/>\n\t<meta name=\"twitter:label2\" content=\"Est. reading time\" \/>\n\t<meta name=\"twitter:data2\" content=\"4 minutos\" \/>\n<script type=\"application\/ld+json\" class=\"yoast-schema-graph\">{\"@context\":\"https:\/\/schema.org\",\"@graph\":[{\"@type\":\"Article\",\"@id\":\"https:\/\/www.manaus.am.gov.br\/semasc\/servicos-funcionamento-feriado\/#article\",\"isPartOf\":{\"@id\":\"https:\/\/www.manaus.am.gov.br\/semasc\/servicos-funcionamento-feriado\/\"},\"author\":{\"name\":\"smonteiro\",\"@id\":\"https:\/\/www.manaus.am.gov.br\/semasc\/#\/schema\/person\/ab4dcf766a54dff74e8d267f5c591961\"},\"headline\":\"Prefeitura de Manaus mant\u00e9m servi\u00e7os essenciais em funcionamento no Dia do Trabalhador\u00a0\u00a0\",\"datePublished\":\"2024-04-30T20:49:22+00:00\",\"dateModified\":\"2024-04-30T20:49:24+00:00\",\"mainEntityOfPage\":{\"@id\":\"https:\/\/www.manaus.am.gov.br\/semasc\/servicos-funcionamento-feriado\/\"},\"wordCount\":664,\"publisher\":{\"@id\":\"https:\/\/www.manaus.am.gov.br\/semasc\/#organization\"},\"image\":{\"@id\":\"https:\/\/www.manaus.am.gov.br\/semasc\/servicos-funcionamento-feriado\/#primaryimage\"},\"thumbnailUrl\":\"https:\/\/www.manaus.am.gov.br\/semasc\/wp-content\/uploads\/sites\/17\/2024\/04\/Servicos-Feriado-1.jpeg\",\"keywords\":[\"prefeitura de manaus\",\"Semacc\",\"Semasc\",\"semsa\",\"Semtepi\",\"semulsp\"],\"articleSection\":[\"Prefeitura\"],\"inLanguage\":\"pt-BR\"},{\"@type\":\"WebPage\",\"@id\":\"https:\/\/www.manaus.am.gov.br\/semasc\/servicos-funcionamento-feriado\/\",\"url\":\"https:\/\/www.manaus.am.gov.br\/semasc\/servicos-funcionamento-feriado\/\",\"name\":\"Prefeitura de Manaus mant\u00e9m servi\u00e7os essenciais em funcionamento no feriado\",\"isPartOf\":{\"@id\":\"https:\/\/www.manaus.am.gov.br\/semasc\/#website\"},\"primaryImageOfPage\":{\"@id\":\"https:\/\/www.manaus.am.gov.br\/semasc\/servicos-funcionamento-feriado\/#primaryimage\"},\"image\":{\"@id\":\"https:\/\/www.manaus.am.gov.br\/semasc\/servicos-funcionamento-feriado\/#primaryimage\"},\"thumbnailUrl\":\"https:\/\/www.manaus.am.gov.br\/semasc\/wp-content\/uploads\/sites\/17\/2024\/04\/Servicos-Feriado-1.jpeg\",\"datePublished\":\"2024-04-30T20:49:22+00:00\",\"dateModified\":\"2024-04-30T20:49:24+00:00\",\"description\":\"A Prefeitura de Manaus informa que os servi\u00e7os essenciais estar\u00e3o funcionando normalmente nesta quarta-feira, 1\u00ba\/5.\",\"breadcrumb\":{\"@id\":\"https:\/\/www.manaus.am.gov.br\/semasc\/servicos-funcionamento-feriado\/#breadcrumb\"},\"inLanguage\":\"pt-BR\",\"potentialAction\":[{\"@type\":\"ReadAction\",\"target\":[\"https:\/\/www.manaus.am.gov.br\/semasc\/servicos-funcionamento-feriado\/\"]}]},{\"@type\":\"ImageObject\",\"inLanguage\":\"pt-BR\",\"@id\":\"https:\/\/www.manaus.am.gov.br\/semasc\/servicos-funcionamento-feriado\/#primaryimage\",\"url\":\"https:\/\/www.manaus.am.gov.br\/semasc\/wp-content\/uploads\/sites\/17\/2024\/04\/Servicos-Feriado-1.jpeg\",\"contentUrl\":\"https:\/\/www.manaus.am.gov.br\/semasc\/wp-content\/uploads\/sites\/17\/2024\/04\/Servicos-Feriado-1.jpeg\",\"width\":800,\"height\":533,\"caption\":\"#paratodosverem - imagem da Feira do Alvorada\"},{\"@type\":\"BreadcrumbList\",\"@id\":\"https:\/\/www.manaus.am.gov.br\/semasc\/servicos-funcionamento-feriado\/#breadcrumb\",\"itemListElement\":[{\"@type\":\"ListItem\",\"position\":1,\"name\":\"Home\",\"item\":\"https:\/\/www.manaus.am.gov.br\/semasc\/\"},{\"@type\":\"ListItem\",\"position\":2,\"name\":\"Prefeitura de Manaus mant\u00e9m servi\u00e7os essenciais em funcionamento no Dia do Trabalhador\u00a0\u00a0\"}]},{\"@type\":\"WebSite\",\"@id\":\"https:\/\/www.manaus.am.gov.br\/semasc\/#website\",\"url\":\"https:\/\/www.manaus.am.gov.br\/semasc\/\",\"name\":\"SEMASC\",\"description\":\"Secretaria Municipal da Mulher, Assist\u00eancia Social e Cidadania.\",\"publisher\":{\"@id\":\"https:\/\/www.manaus.am.gov.br\/semasc\/#organization\"},\"alternateName\":\"Secretaria Municipal da Mulher, Assist\u00eancia Social e Cidadania\",\"potentialAction\":[{\"@type\":\"SearchAction\",\"target\":{\"@type\":\"EntryPoint\",\"urlTemplate\":\"https:\/\/www.manaus.am.gov.br\/semasc\/?s={search_term_string}\"},\"query-input\":\"required name=search_term_string\"}],\"inLanguage\":\"pt-BR\"},{\"@type\":\"Organization\",\"@id\":\"https:\/\/www.manaus.am.gov.br\/semasc\/#organization\",\"name\":\"Prefeitura de Manaus\",\"alternateName\":\"Prefeitura Municipal de Manaus\",\"url\":\"https:\/\/www.manaus.am.gov.br\/semasc\/\",\"logo\":{\"@type\":\"ImageObject\",\"inLanguage\":\"pt-BR\",\"@id\":\"https:\/\/www.manaus.am.gov.br\/semasc\/#\/schema\/logo\/image\/\",\"url\":\"https:\/\/www.manaus.am.gov.br\/semasc\/wp-content\/uploads\/sites\/17\/2024\/07\/favicon.png\",\"contentUrl\":\"https:\/\/www.manaus.am.gov.br\/semasc\/wp-content\/uploads\/sites\/17\/2024\/07\/favicon.png\",\"width\":300,\"height\":300,\"caption\":\"Prefeitura de Manaus\"},\"image\":{\"@id\":\"https:\/\/www.manaus.am.gov.br\/semasc\/#\/schema\/logo\/image\/\"},\"sameAs\":[\"https:\/\/www.facebook.com\/semascmanaus\",\"https:\/\/www.instagram.com\/semascmanaus\/\"]},{\"@type\":\"Person\",\"@id\":\"https:\/\/www.manaus.am.gov.br\/semasc\/#\/schema\/person\/ab4dcf766a54dff74e8d267f5c591961\",\"name\":\"smonteiro\",\"image\":{\"@type\":\"ImageObject\",\"inLanguage\":\"pt-BR\",\"@id\":\"https:\/\/www.manaus.am.gov.br\/semasc\/#\/schema\/person\/image\/\",\"url\":\"https:\/\/secure.gravatar.com\/avatar\/21c8776ef61d9272c73322052e042d77?s=96&d=mm&r=g\",\"contentUrl\":\"https:\/\/secure.gravatar.com\/avatar\/21c8776ef61d9272c73322052e042d77?s=96&d=mm&r=g\",\"caption\":\"smonteiro\"}}]}<\/script>\n<!-- \/ Yoast SEO plugin. -->","yoast_head_json":{"title":"Prefeitura de Manaus mant\u00e9m servi\u00e7os essenciais em funcionamento no feriado","description":"A Prefeitura de Manaus informa que os servi\u00e7os essenciais estar\u00e3o funcionando normalmente nesta quarta-feira, 1\u00ba\/5.","robots":{"index":"noindex","follow":"follow"},"og_locale":"pt_BR","og_type":"article","og_title":"Prefeitura de Manaus mant\u00e9m servi\u00e7os essenciais em funcionamento no feriado","og_description":"A Prefeitura de Manaus informa que os servi\u00e7os essenciais estar\u00e3o funcionando normalmente nesta quarta-feira, 1\u00ba\/5.","og_url":"https:\/\/www.manaus.am.gov.br\/semasc\/servicos-funcionamento-feriado\/","og_site_name":"SEMASC","article_publisher":"https:\/\/www.facebook.com\/semascmanaus","article_published_time":"2024-04-30T20:49:22+00:00","article_modified_time":"2024-04-30T20:49:24+00:00","og_image":[{"width":800,"height":533,"url":"https:\/\/www.manaus.am.gov.br\/semasc\/wp-content\/uploads\/sites\/17\/2024\/04\/Servicos-Feriado-1.jpeg","type":"image\/jpeg"}],"author":"smonteiro","twitter_card":"summary_large_image","twitter_misc":{"Written by":"smonteiro","Est. reading time":"4 minutos"},"schema":{"@context":"https:\/\/schema.org","@graph":[{"@type":"Article","@id":"https:\/\/www.manaus.am.gov.br\/semasc\/servicos-funcionamento-feriado\/#article","isPartOf":{"@id":"https:\/\/www.manaus.am.gov.br\/semasc\/servicos-funcionamento-feriado\/"},"author":{"name":"smonteiro","@id":"https:\/\/www.manaus.am.gov.br\/semasc\/#\/schema\/person\/ab4dcf766a54dff74e8d267f5c591961"},"headline":"Prefeitura de Manaus mant\u00e9m servi\u00e7os essenciais em funcionamento no Dia do Trabalhador\u00a0\u00a0","datePublished":"2024-04-30T20:49:22+00:00","dateModified":"2024-04-30T20:49:24+00:00","mainEntityOfPage":{"@id":"https:\/\/www.manaus.am.gov.br\/semasc\/servicos-funcionamento-feriado\/"},"wordCount":664,"publisher":{"@id":"https:\/\/www.manaus.am.gov.br\/semasc\/#organization"},"image":{"@id":"https:\/\/www.manaus.am.gov.br\/semasc\/servicos-funcionamento-feriado\/#primaryimage"},"thumbnailUrl":"https:\/\/www.manaus.am.gov.br\/semasc\/wp-content\/uploads\/sites\/17\/2024\/04\/Servicos-Feriado-1.jpeg","keywords":["prefeitura de manaus","Semacc","Semasc","semsa","Semtepi","semulsp"],"articleSection":["Prefeitura"],"inLanguage":"pt-BR"},{"@type":"WebPage","@id":"https:\/\/www.manaus.am.gov.br\/semasc\/servicos-funcionamento-feriado\/","url":"https:\/\/www.manaus.am.gov.br\/semasc\/servicos-funcionamento-feriado\/","name":"Prefeitura de Manaus mant\u00e9m servi\u00e7os essenciais em funcionamento no feriado","isPartOf":{"@id":"https:\/\/www.manaus.am.gov.br\/semasc\/#website"},"primaryImageOfPage":{"@id":"https:\/\/www.manaus.am.gov.br\/semasc\/servicos-funcionamento-feriado\/#primaryimage"},"image":{"@id":"https:\/\/www.manaus.am.gov.br\/semasc\/servicos-funcionamento-feriado\/#primaryimage"},"thumbnailUrl":"https:\/\/www.manaus.am.gov.br\/semasc\/wp-content\/uploads\/sites\/17\/2024\/04\/Servicos-Feriado-1.jpeg","datePublished":"2024-04-30T20:49:22+00:00","dateModified":"2024-04-30T20:49:24+00:00","description":"A Prefeitura de Manaus informa que os servi\u00e7os essenciais estar\u00e3o funcionando normalmente nesta quarta-feira, 1\u00ba\/5.","breadcrumb":{"@id":"https:\/\/www.manaus.am.gov.br\/semasc\/servicos-funcionamento-feriado\/#breadcrumb"},"inLanguage":"pt-BR","potentialAction":[{"@type":"ReadAction","target":["https:\/\/www.manaus.am.gov.br\/semasc\/servicos-funcionamento-feriado\/"]}]},{"@type":"ImageObject","inLanguage":"pt-BR","@id":"https:\/\/www.manaus.am.gov.br\/semasc\/servicos-funcionamento-feriado\/#primaryimage","url":"https:\/\/www.manaus.am.gov.br\/semasc\/wp-content\/uploads\/sites\/17\/2024\/04\/Servicos-Feriado-1.jpeg","contentUrl":"https:\/\/www.manaus.am.gov.br\/semasc\/wp-content\/uploads\/sites\/17\/2024\/04\/Servicos-Feriado-1.jpeg","width":800,"height":533,"caption":"#paratodosverem - imagem da Feira do Alvorada"},{"@type":"BreadcrumbList","@id":"https:\/\/www.manaus.am.gov.br\/semasc\/servicos-funcionamento-feriado\/#breadcrumb","itemListElement":[{"@type":"ListItem","position":1,"name":"Home","item":"https:\/\/www.manaus.am.gov.br\/semasc\/"},{"@type":"ListItem","position":2,"name":"Prefeitura de Manaus mant\u00e9m servi\u00e7os essenciais em funcionamento no Dia do Trabalhador\u00a0\u00a0"}]},{"@type":"WebSite","@id":"https:\/\/www.manaus.am.gov.br\/semasc\/#website","url":"https:\/\/www.manaus.am.gov.br\/semasc\/","name":"SEMASC","description":"Secretaria Municipal da Mulher, Assist\u00eancia Social e Cidadania.","publisher":{"@id":"https:\/\/www.manaus.am.gov.br\/semasc\/#organization"},"alternateName":"Secretaria Municipal da Mulher, Assist\u00eancia Social e Cidadania","potentialAction":[{"@type":"SearchAction","target":{"@type":"EntryPoint","urlTemplate":"https:\/\/www.manaus.am.gov.br\/semasc\/?s={search_term_string}"},"query-input":"required name=search_term_string"}],"inLanguage":"pt-BR"},{"@type":"Organization","@id":"https:\/\/www.manaus.am.gov.br\/semasc\/#organization","name":"Prefeitura de Manaus","alternateName":"Prefeitura Municipal de Manaus","url":"https:\/\/www.manaus.am.gov.br\/semasc\/","logo":{"@type":"ImageObject","inLanguage":"pt-BR","@id":"https:\/\/www.manaus.am.gov.br\/semasc\/#\/schema\/logo\/image\/","url":"https:\/\/www.manaus.am.gov.br\/semasc\/wp-content\/uploads\/sites\/17\/2024\/07\/favicon.png","contentUrl":"https:\/\/www.manaus.am.gov.br\/semasc\/wp-content\/uploads\/sites\/17\/2024\/07\/favicon.png","width":300,"height":300,"caption":"Prefeitura de Manaus"},"image":{"@id":"https:\/\/www.manaus.am.gov.br\/semasc\/#\/schema\/logo\/image\/"},"sameAs":["https:\/\/www.facebook.com\/semascmanaus","https:\/\/www.instagram.com\/semascmanaus\/"]},{"@type":"Person","@id":"https:\/\/www.manaus.am.gov.br\/semasc\/#\/schema\/person\/ab4dcf766a54dff74e8d267f5c591961","name":"smonteiro","image":{"@type":"ImageObject","inLanguage":"pt-BR","@id":"https:\/\/www.manaus.am.gov.br\/semasc\/#\/schema\/person\/image\/","url":"https:\/\/secure.gravatar.com\/avatar\/21c8776ef61d9272c73322052e042d77?s=96&d=mm&r=g","contentUrl":"https:\/\/secure.gravatar.com\/avatar\/21c8776ef61d9272c73322052e042d77?s=96&d=mm&r=g","caption":"smonteiro"}}]}},"_links":{"self":[{"href":"https:\/\/www.manaus.am.gov.br\/semasc\/wp-json\/wp\/v2\/posts\/210279"}],"collection":[{"href":"https:\/\/www.manaus.am.gov.br\/semasc\/wp-json\/wp\/v2\/posts"}],"about":[{"href":"https:\/\/www.manaus.am.gov.br\/semasc\/wp-json\/wp\/v2\/types\/post"}],"author":[{"embeddable":true,"href":"https:\/\/www.manaus.am.gov.br\/semasc\/wp-json\/wp\/v2\/users\/61"}],"replies":[{"embeddable":true,"href":"https:\/\/www.manaus.am.gov.br\/semasc\/wp-json\/wp\/v2\/comments?post=210279"}],"version-history":[{"count":0,"href":"https:\/\/www.manaus.am.gov.br\/semasc\/wp-json\/wp\/v2\/posts\/210279\/revisions"}],"wp:featuredmedia":[{"embeddable":true,"href":"https:\/\/www.manaus.am.gov.br\/semasc\/wp-json\/wp\/v2\/media\/210280"}],"wp:attachment":[{"href":"https:\/\/www.manaus.am.gov.br\/semasc\/wp-json\/wp\/v2\/media?parent=210279"}],"wp:term":[{"taxonomy":"category","embeddable":true,"href":"https:\/\/www.manaus.am.gov.br\/semasc\/wp-json\/wp\/v2\/categories?post=210279"},{"taxonomy":"post_tag","embeddable":true,"href":"https:\/\/www.manaus.am.gov.br\/semasc\/wp-json\/wp\/v2\/tags?post=210279"}],"curies":[{"name":"wp","href":"https:\/\/api.w.org\/{rel}","templated":true}]}}