{"id":210255,"date":"2024-04-26T17:49:25","date_gmt":"2024-04-26T21:49:25","guid":{"rendered":"https:\/\/www.manaus.am.gov.br\/semasc\/abril-azul-acoes\/"},"modified":"2024-05-06T11:34:55","modified_gmt":"2024-05-06T15:34:55","slug":"abril-azul-acoes","status":"publish","type":"post","link":"https:\/\/www.manaus.am.gov.br\/semasc\/abril-azul-acoes\/","title":{"rendered":"Programa\u00e7\u00e3o especial do \u2018Abril Azul\u2019 \u00e9 encerrada com sucesso em shopping de Manaus"},"content":{"rendered":"\n<p>A Prefeitura de Manaus, por meio da Secretaria Municipal da Mulher, Assist\u00eancia Social e Cidadania (Semasc), em parceria com o Amazonas Shopping e Organiza\u00e7\u00f5es da Sociedade Civil (OSCs), encerrou, com grande sucesso, nesta sexta-feira, 26\/4, a programa\u00e7\u00e3o do espa\u00e7o colaborativo \u201cAbril Azul\u201d, voltado para pessoas com autismo. Durante toda a semana, atividades inclusivas e sensoriais foram promovidas no centro comercial, proporcionando momentos de divers\u00e3o e aprendizado para os participantes.<\/p>\n\n\n\n<p>A iniciativa teve como objetivo principal oferecer um ambiente acolhedor e adaptado, visando a inclus\u00e3o e a valoriza\u00e7\u00e3o das pessoas com autismo. Com atividades especialmente planejadas, oficinas sensoriais, espa\u00e7os de intera\u00e7\u00e3o, emiss\u00e3o de credenciamento de estacionamento para Pessoas com Defici\u00eancia (PcDs), servi\u00e7os de Cadastro \u00danico, entre outros.&nbsp;<\/p>\n\n\n\n<p>&#8220;Obtivemos mais de 150 atendimentos, oferecendo os servi\u00e7os&nbsp; de credenciamento de estacionamento, Cadastro \u00danico, passe livre e outros. Algumas institui\u00e7\u00f5es tamb\u00e9m participaram com a venda de produtos voltados para pessoas com autismo. Foi um grande evento, com uma import\u00e2ncia no sentido de permitir as pessoas conhecerem um pouco mais sobre o autismo&#8221;, relatou a gerente de Promo\u00e7\u00e3o e Defesa dos Direitos das Pessoas Com Defici\u00eancia e dos Idosos da Semasc, De\u00eddre Nascimento.<\/p>\n\n\n\n<p>O encerramento da programa\u00e7\u00e3o contou ainda com apresenta\u00e7\u00f5es art\u00edsticas do jornalista e designer gr\u00e1fico, Andr\u00e9 Luiz, que demonstrou seu talento e sua criatividade presentes na comunidade autista.<\/p>\n\n\n\n<p>&#8220;A arte \u00e9 como se fosse uma terapia para PcDs, em especial aos autistas, que t\u00eam pouca visibilidade no mercado de trabalho, por\u00e9m atualmente j\u00e1 estamos come\u00e7ando a ganhar visibilidade, j\u00e1 estamos ganhando p\u00fablico. Espero que daqui para frente, como desenhista, eu possa inspirar outras pessoas autistas a compartilharem seus talentos&#8221;, compartilhou.&nbsp;<\/p>\n\n\n\n<p>Ariane Nascimento foi uma das pessoas que juntamente com sua fam\u00edlia visitaram o espa\u00e7o e aprovaram de forma positiva os servi\u00e7os prestados.&nbsp;<\/p>\n\n\n\n<p>&#8220;Eu gostei muito desse espa\u00e7o, porque ele \u00e9 muito importante para as pessoas que necessitam e at\u00e9 mesmo para ajudar outras pessoas, as que n\u00e3o t\u00eam autismo, a entender melhor essa realidade&#8221;, relatou.<\/p>\n\n\n\n<p>\u2013 \u2013 \u2013\u00a0<br><strong>Texto &#8211;\u00a0 <\/strong>Camili Victoria \/ Semasc\u00a0<br><strong>Fotos &#8211; <\/strong>Diego Lima \/ Semasc\u00a0<\/p>\n","protected":false},"excerpt":{"rendered":"","protected":false},"author":68,"featured_media":210256,"comment_status":"closed","ping_status":"closed","sticky":false,"template":"","format":"standard","meta":{"footnotes":""},"categories":[927],"tags":[737,1061,563,1062],"acf":[],"yoast_head":"<!-- This site is optimized with the Yoast SEO plugin v23.0 - https:\/\/yoast.com\/wordpress\/plugins\/seo\/ -->\n<title>Programa\u00e7\u00e3o especial do \u2018Abril Azul\u2019 \u00e9 encerrada com sucesso<\/title>\n<meta name=\"description\" content=\"A Prefeitura de Manaus, encerrou, com grande sucesso, nesta sexta-feira, 26\/4, a programa\u00e7\u00e3o do espa\u00e7o colaborativo \u201cAbril Azul\u201d, voltado para pessoas com autismo\" \/>\n<meta name=\"robots\" content=\"noindex, follow\" \/>\n<meta property=\"og:locale\" content=\"pt_BR\" \/>\n<meta property=\"og:type\" content=\"article\" \/>\n<meta property=\"og:title\" content=\"Programa\u00e7\u00e3o especial do \u2018Abril Azul\u2019 \u00e9 encerrada com sucesso\" \/>\n<meta property=\"og:description\" content=\"A Prefeitura de Manaus, encerrou, com grande sucesso, nesta sexta-feira, 26\/4, a programa\u00e7\u00e3o do espa\u00e7o colaborativo \u201cAbril Azul\u201d, voltado para pessoas com autismo\" \/>\n<meta property=\"og:url\" content=\"https:\/\/www.manaus.am.gov.br\/semasc\/abril-azul-acoes\/\" \/>\n<meta property=\"og:site_name\" content=\"SEMASC\" \/>\n<meta property=\"article:publisher\" content=\"https:\/\/www.facebook.com\/semascmanaus\" \/>\n<meta property=\"article:published_time\" content=\"2024-04-26T21:49:25+00:00\" \/>\n<meta property=\"article:modified_time\" content=\"2024-05-06T15:34:55+00:00\" \/>\n<meta property=\"og:image\" content=\"https:\/\/www.manaus.am.gov.br\/semasc\/wp-content\/uploads\/sites\/17\/2024\/04\/ACOLHIMENTO-2.jpg\" \/>\n\t<meta property=\"og:image:width\" content=\"800\" \/>\n\t<meta property=\"og:image:height\" content=\"533\" \/>\n\t<meta property=\"og:image:type\" content=\"image\/jpeg\" \/>\n<meta name=\"author\" content=\"bvalente\" \/>\n<meta name=\"twitter:card\" content=\"summary_large_image\" \/>\n<meta name=\"twitter:label1\" content=\"Written by\" \/>\n\t<meta name=\"twitter:data1\" content=\"bvalente\" \/>\n\t<meta name=\"twitter:label2\" content=\"Est. reading time\" \/>\n\t<meta name=\"twitter:data2\" content=\"3 minutos\" \/>\n<script type=\"application\/ld+json\" class=\"yoast-schema-graph\">{\"@context\":\"https:\/\/schema.org\",\"@graph\":[{\"@type\":\"Article\",\"@id\":\"https:\/\/www.manaus.am.gov.br\/semasc\/abril-azul-acoes\/#article\",\"isPartOf\":{\"@id\":\"https:\/\/www.manaus.am.gov.br\/semasc\/abril-azul-acoes\/\"},\"author\":{\"name\":\"bvalente\",\"@id\":\"https:\/\/www.manaus.am.gov.br\/semasc\/#\/schema\/person\/466a0e03ae4b6062809046bd560ac955\"},\"headline\":\"Programa\u00e7\u00e3o especial do \u2018Abril Azul\u2019 \u00e9 encerrada com sucesso em shopping de Manaus\",\"datePublished\":\"2024-04-26T21:49:25+00:00\",\"dateModified\":\"2024-05-06T15:34:55+00:00\",\"mainEntityOfPage\":{\"@id\":\"https:\/\/www.manaus.am.gov.br\/semasc\/abril-azul-acoes\/\"},\"wordCount\":378,\"publisher\":{\"@id\":\"https:\/\/www.manaus.am.gov.br\/semasc\/#organization\"},\"image\":{\"@id\":\"https:\/\/www.manaus.am.gov.br\/semasc\/abril-azul-acoes\/#primaryimage\"},\"thumbnailUrl\":\"https:\/\/www.manaus.am.gov.br\/semasc\/wp-content\/uploads\/sites\/17\/2024\/04\/ACOLHIMENTO-2.jpg\",\"keywords\":[\"Assist\u00eancia Social e Cidadania (Semasc)\",\"Associa\u00e7\u00e3o de Amigos do Autista (AMA)\",\"autismo\",\"autistas\"],\"articleSection\":[\"ACOLHIMENTO\"],\"inLanguage\":\"pt-BR\"},{\"@type\":\"WebPage\",\"@id\":\"https:\/\/www.manaus.am.gov.br\/semasc\/abril-azul-acoes\/\",\"url\":\"https:\/\/www.manaus.am.gov.br\/semasc\/abril-azul-acoes\/\",\"name\":\"Programa\u00e7\u00e3o especial do \u2018Abril Azul\u2019 \u00e9 encerrada com sucesso\",\"isPartOf\":{\"@id\":\"https:\/\/www.manaus.am.gov.br\/semasc\/#website\"},\"primaryImageOfPage\":{\"@id\":\"https:\/\/www.manaus.am.gov.br\/semasc\/abril-azul-acoes\/#primaryimage\"},\"image\":{\"@id\":\"https:\/\/www.manaus.am.gov.br\/semasc\/abril-azul-acoes\/#primaryimage\"},\"thumbnailUrl\":\"https:\/\/www.manaus.am.gov.br\/semasc\/wp-content\/uploads\/sites\/17\/2024\/04\/ACOLHIMENTO-2.jpg\",\"datePublished\":\"2024-04-26T21:49:25+00:00\",\"dateModified\":\"2024-05-06T15:34:55+00:00\",\"description\":\"A Prefeitura de Manaus, encerrou, com grande sucesso, nesta sexta-feira, 26\/4, a programa\u00e7\u00e3o do espa\u00e7o colaborativo \u201cAbril Azul\u201d, voltado para pessoas com autismo\",\"breadcrumb\":{\"@id\":\"https:\/\/www.manaus.am.gov.br\/semasc\/abril-azul-acoes\/#breadcrumb\"},\"inLanguage\":\"pt-BR\",\"potentialAction\":[{\"@type\":\"ReadAction\",\"target\":[\"https:\/\/www.manaus.am.gov.br\/semasc\/abril-azul-acoes\/\"]}]},{\"@type\":\"ImageObject\",\"inLanguage\":\"pt-BR\",\"@id\":\"https:\/\/www.manaus.am.gov.br\/semasc\/abril-azul-acoes\/#primaryimage\",\"url\":\"https:\/\/www.manaus.am.gov.br\/semasc\/wp-content\/uploads\/sites\/17\/2024\/04\/ACOLHIMENTO-2.jpg\",\"contentUrl\":\"https:\/\/www.manaus.am.gov.br\/semasc\/wp-content\/uploads\/sites\/17\/2024\/04\/ACOLHIMENTO-2.jpg\",\"width\":800,\"height\":533},{\"@type\":\"BreadcrumbList\",\"@id\":\"https:\/\/www.manaus.am.gov.br\/semasc\/abril-azul-acoes\/#breadcrumb\",\"itemListElement\":[{\"@type\":\"ListItem\",\"position\":1,\"name\":\"Home\",\"item\":\"https:\/\/www.manaus.am.gov.br\/semasc\/\"},{\"@type\":\"ListItem\",\"position\":2,\"name\":\"Programa\u00e7\u00e3o especial do \u2018Abril Azul\u2019 \u00e9 encerrada com sucesso em shopping de Manaus\"}]},{\"@type\":\"WebSite\",\"@id\":\"https:\/\/www.manaus.am.gov.br\/semasc\/#website\",\"url\":\"https:\/\/www.manaus.am.gov.br\/semasc\/\",\"name\":\"SEMASC\",\"description\":\"Secretaria Municipal da Mulher, Assist\u00eancia Social e Cidadania.\",\"publisher\":{\"@id\":\"https:\/\/www.manaus.am.gov.br\/semasc\/#organization\"},\"alternateName\":\"Secretaria Municipal da Mulher, Assist\u00eancia Social e Cidadania\",\"potentialAction\":[{\"@type\":\"SearchAction\",\"target\":{\"@type\":\"EntryPoint\",\"urlTemplate\":\"https:\/\/www.manaus.am.gov.br\/semasc\/?s={search_term_string}\"},\"query-input\":\"required name=search_term_string\"}],\"inLanguage\":\"pt-BR\"},{\"@type\":\"Organization\",\"@id\":\"https:\/\/www.manaus.am.gov.br\/semasc\/#organization\",\"name\":\"Prefeitura de Manaus\",\"alternateName\":\"Prefeitura Municipal de Manaus\",\"url\":\"https:\/\/www.manaus.am.gov.br\/semasc\/\",\"logo\":{\"@type\":\"ImageObject\",\"inLanguage\":\"pt-BR\",\"@id\":\"https:\/\/www.manaus.am.gov.br\/semasc\/#\/schema\/logo\/image\/\",\"url\":\"https:\/\/www.manaus.am.gov.br\/semasc\/wp-content\/uploads\/sites\/17\/2024\/07\/favicon.png\",\"contentUrl\":\"https:\/\/www.manaus.am.gov.br\/semasc\/wp-content\/uploads\/sites\/17\/2024\/07\/favicon.png\",\"width\":300,\"height\":300,\"caption\":\"Prefeitura de Manaus\"},\"image\":{\"@id\":\"https:\/\/www.manaus.am.gov.br\/semasc\/#\/schema\/logo\/image\/\"},\"sameAs\":[\"https:\/\/www.facebook.com\/semascmanaus\",\"https:\/\/www.instagram.com\/semascmanaus\/\"]},{\"@type\":\"Person\",\"@id\":\"https:\/\/www.manaus.am.gov.br\/semasc\/#\/schema\/person\/466a0e03ae4b6062809046bd560ac955\",\"name\":\"bvalente\",\"image\":{\"@type\":\"ImageObject\",\"inLanguage\":\"pt-BR\",\"@id\":\"https:\/\/www.manaus.am.gov.br\/semasc\/#\/schema\/person\/image\/\",\"url\":\"https:\/\/secure.gravatar.com\/avatar\/3e69bc2b014bdad41adfec3a39de07d2?s=96&d=mm&r=g\",\"contentUrl\":\"https:\/\/secure.gravatar.com\/avatar\/3e69bc2b014bdad41adfec3a39de07d2?s=96&d=mm&r=g\",\"caption\":\"bvalente\"}}]}<\/script>\n<!-- \/ Yoast SEO plugin. -->","yoast_head_json":{"title":"Programa\u00e7\u00e3o especial do \u2018Abril Azul\u2019 \u00e9 encerrada com sucesso","description":"A Prefeitura de Manaus, encerrou, com grande sucesso, nesta sexta-feira, 26\/4, a programa\u00e7\u00e3o do espa\u00e7o colaborativo \u201cAbril Azul\u201d, voltado para pessoas com autismo","robots":{"index":"noindex","follow":"follow"},"og_locale":"pt_BR","og_type":"article","og_title":"Programa\u00e7\u00e3o especial do \u2018Abril Azul\u2019 \u00e9 encerrada com sucesso","og_description":"A Prefeitura de Manaus, encerrou, com grande sucesso, nesta sexta-feira, 26\/4, a programa\u00e7\u00e3o do espa\u00e7o colaborativo \u201cAbril Azul\u201d, voltado para pessoas com autismo","og_url":"https:\/\/www.manaus.am.gov.br\/semasc\/abril-azul-acoes\/","og_site_name":"SEMASC","article_publisher":"https:\/\/www.facebook.com\/semascmanaus","article_published_time":"2024-04-26T21:49:25+00:00","article_modified_time":"2024-05-06T15:34:55+00:00","og_image":[{"width":800,"height":533,"url":"https:\/\/www.manaus.am.gov.br\/semasc\/wp-content\/uploads\/sites\/17\/2024\/04\/ACOLHIMENTO-2.jpg","type":"image\/jpeg"}],"author":"bvalente","twitter_card":"summary_large_image","twitter_misc":{"Written by":"bvalente","Est. reading time":"3 minutos"},"schema":{"@context":"https:\/\/schema.org","@graph":[{"@type":"Article","@id":"https:\/\/www.manaus.am.gov.br\/semasc\/abril-azul-acoes\/#article","isPartOf":{"@id":"https:\/\/www.manaus.am.gov.br\/semasc\/abril-azul-acoes\/"},"author":{"name":"bvalente","@id":"https:\/\/www.manaus.am.gov.br\/semasc\/#\/schema\/person\/466a0e03ae4b6062809046bd560ac955"},"headline":"Programa\u00e7\u00e3o especial do \u2018Abril Azul\u2019 \u00e9 encerrada com sucesso em shopping de Manaus","datePublished":"2024-04-26T21:49:25+00:00","dateModified":"2024-05-06T15:34:55+00:00","mainEntityOfPage":{"@id":"https:\/\/www.manaus.am.gov.br\/semasc\/abril-azul-acoes\/"},"wordCount":378,"publisher":{"@id":"https:\/\/www.manaus.am.gov.br\/semasc\/#organization"},"image":{"@id":"https:\/\/www.manaus.am.gov.br\/semasc\/abril-azul-acoes\/#primaryimage"},"thumbnailUrl":"https:\/\/www.manaus.am.gov.br\/semasc\/wp-content\/uploads\/sites\/17\/2024\/04\/ACOLHIMENTO-2.jpg","keywords":["Assist\u00eancia Social e Cidadania (Semasc)","Associa\u00e7\u00e3o de Amigos do Autista (AMA)","autismo","autistas"],"articleSection":["ACOLHIMENTO"],"inLanguage":"pt-BR"},{"@type":"WebPage","@id":"https:\/\/www.manaus.am.gov.br\/semasc\/abril-azul-acoes\/","url":"https:\/\/www.manaus.am.gov.br\/semasc\/abril-azul-acoes\/","name":"Programa\u00e7\u00e3o especial do \u2018Abril Azul\u2019 \u00e9 encerrada com sucesso","isPartOf":{"@id":"https:\/\/www.manaus.am.gov.br\/semasc\/#website"},"primaryImageOfPage":{"@id":"https:\/\/www.manaus.am.gov.br\/semasc\/abril-azul-acoes\/#primaryimage"},"image":{"@id":"https:\/\/www.manaus.am.gov.br\/semasc\/abril-azul-acoes\/#primaryimage"},"thumbnailUrl":"https:\/\/www.manaus.am.gov.br\/semasc\/wp-content\/uploads\/sites\/17\/2024\/04\/ACOLHIMENTO-2.jpg","datePublished":"2024-04-26T21:49:25+00:00","dateModified":"2024-05-06T15:34:55+00:00","description":"A Prefeitura de Manaus, encerrou, com grande sucesso, nesta sexta-feira, 26\/4, a programa\u00e7\u00e3o do espa\u00e7o colaborativo \u201cAbril Azul\u201d, voltado para pessoas com autismo","breadcrumb":{"@id":"https:\/\/www.manaus.am.gov.br\/semasc\/abril-azul-acoes\/#breadcrumb"},"inLanguage":"pt-BR","potentialAction":[{"@type":"ReadAction","target":["https:\/\/www.manaus.am.gov.br\/semasc\/abril-azul-acoes\/"]}]},{"@type":"ImageObject","inLanguage":"pt-BR","@id":"https:\/\/www.manaus.am.gov.br\/semasc\/abril-azul-acoes\/#primaryimage","url":"https:\/\/www.manaus.am.gov.br\/semasc\/wp-content\/uploads\/sites\/17\/2024\/04\/ACOLHIMENTO-2.jpg","contentUrl":"https:\/\/www.manaus.am.gov.br\/semasc\/wp-content\/uploads\/sites\/17\/2024\/04\/ACOLHIMENTO-2.jpg","width":800,"height":533},{"@type":"BreadcrumbList","@id":"https:\/\/www.manaus.am.gov.br\/semasc\/abril-azul-acoes\/#breadcrumb","itemListElement":[{"@type":"ListItem","position":1,"name":"Home","item":"https:\/\/www.manaus.am.gov.br\/semasc\/"},{"@type":"ListItem","position":2,"name":"Programa\u00e7\u00e3o especial do \u2018Abril Azul\u2019 \u00e9 encerrada com sucesso em shopping de Manaus"}]},{"@type":"WebSite","@id":"https:\/\/www.manaus.am.gov.br\/semasc\/#website","url":"https:\/\/www.manaus.am.gov.br\/semasc\/","name":"SEMASC","description":"Secretaria Municipal da Mulher, Assist\u00eancia Social e Cidadania.","publisher":{"@id":"https:\/\/www.manaus.am.gov.br\/semasc\/#organization"},"alternateName":"Secretaria Municipal da Mulher, Assist\u00eancia Social e Cidadania","potentialAction":[{"@type":"SearchAction","target":{"@type":"EntryPoint","urlTemplate":"https:\/\/www.manaus.am.gov.br\/semasc\/?s={search_term_string}"},"query-input":"required name=search_term_string"}],"inLanguage":"pt-BR"},{"@type":"Organization","@id":"https:\/\/www.manaus.am.gov.br\/semasc\/#organization","name":"Prefeitura de Manaus","alternateName":"Prefeitura Municipal de Manaus","url":"https:\/\/www.manaus.am.gov.br\/semasc\/","logo":{"@type":"ImageObject","inLanguage":"pt-BR","@id":"https:\/\/www.manaus.am.gov.br\/semasc\/#\/schema\/logo\/image\/","url":"https:\/\/www.manaus.am.gov.br\/semasc\/wp-content\/uploads\/sites\/17\/2024\/07\/favicon.png","contentUrl":"https:\/\/www.manaus.am.gov.br\/semasc\/wp-content\/uploads\/sites\/17\/2024\/07\/favicon.png","width":300,"height":300,"caption":"Prefeitura de Manaus"},"image":{"@id":"https:\/\/www.manaus.am.gov.br\/semasc\/#\/schema\/logo\/image\/"},"sameAs":["https:\/\/www.facebook.com\/semascmanaus","https:\/\/www.instagram.com\/semascmanaus\/"]},{"@type":"Person","@id":"https:\/\/www.manaus.am.gov.br\/semasc\/#\/schema\/person\/466a0e03ae4b6062809046bd560ac955","name":"bvalente","image":{"@type":"ImageObject","inLanguage":"pt-BR","@id":"https:\/\/www.manaus.am.gov.br\/semasc\/#\/schema\/person\/image\/","url":"https:\/\/secure.gravatar.com\/avatar\/3e69bc2b014bdad41adfec3a39de07d2?s=96&d=mm&r=g","contentUrl":"https:\/\/secure.gravatar.com\/avatar\/3e69bc2b014bdad41adfec3a39de07d2?s=96&d=mm&r=g","caption":"bvalente"}}]}},"_links":{"self":[{"href":"https:\/\/www.manaus.am.gov.br\/semasc\/wp-json\/wp\/v2\/posts\/210255"}],"collection":[{"href":"https:\/\/www.manaus.am.gov.br\/semasc\/wp-json\/wp\/v2\/posts"}],"about":[{"href":"https:\/\/www.manaus.am.gov.br\/semasc\/wp-json\/wp\/v2\/types\/post"}],"author":[{"embeddable":true,"href":"https:\/\/www.manaus.am.gov.br\/semasc\/wp-json\/wp\/v2\/users\/68"}],"replies":[{"embeddable":true,"href":"https:\/\/www.manaus.am.gov.br\/semasc\/wp-json\/wp\/v2\/comments?post=210255"}],"version-history":[{"count":1,"href":"https:\/\/www.manaus.am.gov.br\/semasc\/wp-json\/wp\/v2\/posts\/210255\/revisions"}],"predecessor-version":[{"id":210260,"href":"https:\/\/www.manaus.am.gov.br\/semasc\/wp-json\/wp\/v2\/posts\/210255\/revisions\/210260"}],"wp:featuredmedia":[{"embeddable":true,"href":"https:\/\/www.manaus.am.gov.br\/semasc\/wp-json\/wp\/v2\/media\/210256"}],"wp:attachment":[{"href":"https:\/\/www.manaus.am.gov.br\/semasc\/wp-json\/wp\/v2\/media?parent=210255"}],"wp:term":[{"taxonomy":"category","embeddable":true,"href":"https:\/\/www.manaus.am.gov.br\/semasc\/wp-json\/wp\/v2\/categories?post=210255"},{"taxonomy":"post_tag","embeddable":true,"href":"https:\/\/www.manaus.am.gov.br\/semasc\/wp-json\/wp\/v2\/tags?post=210255"}],"curies":[{"name":"wp","href":"https:\/\/api.w.org\/{rel}","templated":true}]}}