{"id":210209,"date":"2024-04-23T13:08:53","date_gmt":"2024-04-23T17:08:53","guid":{"rendered":"https:\/\/www.manaus.am.gov.br\/semasc\/servidores-assistencia-social-participam-treinamento-gesuas\/"},"modified":"2024-04-25T13:24:25","modified_gmt":"2024-04-25T17:24:25","slug":"servidores-assistencia-social-participam-treinamento-gesuas","status":"publish","type":"post","link":"https:\/\/www.manaus.am.gov.br\/semasc\/servidores-assistencia-social-participam-treinamento-gesuas\/","title":{"rendered":"Servidores da assist\u00eancia social participam de treinamento para a utiliza\u00e7\u00e3o de ferramenta virtual"},"content":{"rendered":"\n<p>Como parte da parceria firmada com a Ag\u00eancia Amazonense de Desenvolvimento Econ\u00f4mico, Social e Ambiental (Aadesam), a Prefeitura de Manaus, por meio da Secretaria Municipal da Mulher, Assist\u00eancia Social e Cidadania (Semasc), deu in\u00edcio, nesta ter\u00e7a-feira, 23\/4, ao treinamento dos servidores do projeto \u201cManaus Mais Prote\u00e7\u00e3o Social\u201d, para a utiliza\u00e7\u00e3o da ferramenta do sistema Gesuas.<\/p>\n\n\n\n<p>Realizada na Escola de Servi\u00e7o P\u00fablico Municipal e Inclus\u00e3o Socioeducacional (Espi), na zona Oeste, a capacita\u00e7\u00e3o tem o objetivo de sanar, ao longo dos seus dois dias de dura\u00e7\u00e3o, as principais d\u00favidas dos servidores em rela\u00e7\u00e3o \u00e0 ferramenta de padroniza\u00e7\u00e3o de dados utilizada nas unidades de atendimento socioassistencial da secretaria.&nbsp;<\/p>\n\n\n\n<p>\u201cO Gesuas \u00e9 uma de nossas principais ferramentas no dia a dia. Ent\u00e3o, nosso intuito aqui \u00e9 qualificar a experi\u00eancia desses servidores com o sistema, para que eles possam otimizar o trabalho realizado pelos equipamentos e atuar diretamente na amplia\u00e7\u00e3o da cobertura socioassistencial da cidade\u201d, explicou Priscila Martiniano, diretora do Departamento de Gest\u00e3o do Sistema \u00danico de Assist\u00eancia Social (Suas).&nbsp;<\/p>\n\n\n\n<p>Atualmente, o software \u00e9 utilizado em todas as unidades dos Centros de Refer\u00eancia de Assist\u00eancia Social (Cras), Centros de Refer\u00eancia Especializados de Assist\u00eancia Social (Creas) e servi\u00e7os de acolhimento institucional administrados pela gest\u00e3o municipal.&nbsp;<\/p>\n\n\n\n<p>Com o Gesuas, os dados coletados pelas equipes t\u00e9cnicas de qualquer um dos equipamentos ficam dispon\u00edveis para averigua\u00e7\u00e3o e cruzamento de dados a todos os servidores, tamb\u00e9m conectados no sistema, resultando na atua\u00e7\u00e3o integrada entre todos os equipamentos socioassistenciais da Prefeitura de Manaus.&nbsp;<\/p>\n\n\n\n<p>Alocada no Centro de Refer\u00eancia Especializado para Pessoas em Situa\u00e7\u00e3o de Rua (Centro Pop), a psic\u00f3loga \u00c9rika Priscila Hounsell definiu o momento como esclarecedor, elogiando o cuidado oferecido pela secretaria com as d\u00favidas apresentadas por ela e seus colegas.&nbsp;<\/p>\n\n\n\n<p>\u201cQuem usa o sistema no cotidiano, \u00e0s vezes, pode ter a impress\u00e3o de que j\u00e1 conhece as suas funcionalidades, mas a verdade \u00e9 que existem d\u00favidas que sempre v\u00e3o aparecer quando voc\u00ea menos espera. Ter esse momento para aprender mais sobre o Gesuas \u00e9 muito importante e muito esclarecedor para n\u00f3s\u201d, concluiu.&nbsp;<\/p>\n\n\n\n<p>&#8212; &#8212; &#8212;<\/p>\n\n\n\n<p><strong>Texto &#8211;&nbsp;<\/strong>Guilherme Pacheco \/ Semasc&nbsp;<\/p>\n\n\n\n<p><strong>Fotos &#8211; <\/strong>Diego Lima \/ Semasc&nbsp;<\/p>\n\n\n\n<p><strong>Dispon\u00edveis em &#8211;<\/strong>&nbsp;<a href=\"https:\/\/flic.kr\/s\/aHBqjBntRc\">https:\/\/flic.kr\/s\/aHBqjBntRc<\/a><strong><\/strong><\/p>\n","protected":false},"excerpt":{"rendered":"","protected":false},"author":39,"featured_media":210210,"comment_status":"closed","ping_status":"closed","sticky":false,"template":"","format":"standard","meta":{"footnotes":""},"categories":[1044],"tags":[7,18,1045,1046,1047],"acf":[],"yoast_head":"<!-- This site is optimized with the Yoast SEO plugin v23.0 - https:\/\/yoast.com\/wordpress\/plugins\/seo\/ -->\n<title>Servidores da assist\u00eancia social participam de treinamento<\/title>\n<meta name=\"description\" content=\"Prefeitura, por meio da Semasc, deu in\u00edcio, nesta ter\u00e7a-feira, 23\/4, ao treinamento dos servidores do projeto \u201cManaus Mais Prote\u00e7\u00e3o Social\u201d.\" \/>\n<meta name=\"robots\" content=\"noindex, follow\" \/>\n<meta property=\"og:locale\" content=\"pt_BR\" \/>\n<meta property=\"og:type\" content=\"article\" \/>\n<meta property=\"og:title\" content=\"Servidores da assist\u00eancia social participam de treinamento\" \/>\n<meta property=\"og:description\" content=\"Prefeitura, por meio da Semasc, deu in\u00edcio, nesta ter\u00e7a-feira, 23\/4, ao treinamento dos servidores do projeto \u201cManaus Mais Prote\u00e7\u00e3o Social\u201d.\" \/>\n<meta property=\"og:url\" content=\"https:\/\/www.manaus.am.gov.br\/semasc\/servidores-assistencia-social-participam-treinamento-gesuas\/\" \/>\n<meta property=\"og:site_name\" content=\"SEMASC\" \/>\n<meta property=\"article:publisher\" content=\"https:\/\/www.facebook.com\/semascmanaus\" \/>\n<meta property=\"article:published_time\" content=\"2024-04-23T17:08:53+00:00\" \/>\n<meta property=\"article:modified_time\" content=\"2024-04-25T17:24:25+00:00\" \/>\n<meta property=\"og:image\" content=\"https:\/\/www.manaus.am.gov.br\/semasc\/wp-content\/uploads\/sites\/17\/2024\/04\/53673730816_339e013af4_b.jpg\" \/>\n\t<meta property=\"og:image:width\" content=\"1023\" \/>\n\t<meta property=\"og:image:height\" content=\"682\" \/>\n\t<meta property=\"og:image:type\" content=\"image\/jpeg\" \/>\n<meta name=\"author\" content=\"Bruna Greco\" \/>\n<meta name=\"twitter:card\" content=\"summary_large_image\" \/>\n<meta name=\"twitter:label1\" content=\"Written by\" \/>\n\t<meta name=\"twitter:data1\" content=\"Bruna Greco\" \/>\n\t<meta name=\"twitter:label2\" content=\"Est. reading time\" \/>\n\t<meta name=\"twitter:data2\" content=\"3 minutos\" \/>\n<script type=\"application\/ld+json\" class=\"yoast-schema-graph\">{\"@context\":\"https:\/\/schema.org\",\"@graph\":[{\"@type\":\"Article\",\"@id\":\"https:\/\/www.manaus.am.gov.br\/semasc\/servidores-assistencia-social-participam-treinamento-gesuas\/#article\",\"isPartOf\":{\"@id\":\"https:\/\/www.manaus.am.gov.br\/semasc\/servidores-assistencia-social-participam-treinamento-gesuas\/\"},\"author\":{\"name\":\"Bruna Greco\",\"@id\":\"https:\/\/www.manaus.am.gov.br\/semasc\/#\/schema\/person\/05d223aea2bf115f9883a6ff3683d81b\"},\"headline\":\"Servidores da assist\u00eancia social participam de treinamento para a utiliza\u00e7\u00e3o de ferramenta virtual\",\"datePublished\":\"2024-04-23T17:08:53+00:00\",\"dateModified\":\"2024-04-25T17:24:25+00:00\",\"mainEntityOfPage\":{\"@id\":\"https:\/\/www.manaus.am.gov.br\/semasc\/servidores-assistencia-social-participam-treinamento-gesuas\/\"},\"wordCount\":412,\"publisher\":{\"@id\":\"https:\/\/www.manaus.am.gov.br\/semasc\/#organization\"},\"image\":{\"@id\":\"https:\/\/www.manaus.am.gov.br\/semasc\/servidores-assistencia-social-participam-treinamento-gesuas\/#primaryimage\"},\"thumbnailUrl\":\"https:\/\/www.manaus.am.gov.br\/semasc\/wp-content\/uploads\/sites\/17\/2024\/04\/53673730816_339e013af4_b.jpg\",\"keywords\":[\"prefeitura de manaus\",\"Semasc\",\"Servidores da assist\u00eancia social\",\"Sistema Gesuas\",\"utiliza\u00e7\u00e3o de ferramenta virtual\"],\"articleSection\":[\"Sistema\"],\"inLanguage\":\"pt-BR\"},{\"@type\":\"WebPage\",\"@id\":\"https:\/\/www.manaus.am.gov.br\/semasc\/servidores-assistencia-social-participam-treinamento-gesuas\/\",\"url\":\"https:\/\/www.manaus.am.gov.br\/semasc\/servidores-assistencia-social-participam-treinamento-gesuas\/\",\"name\":\"Servidores da assist\u00eancia social participam de treinamento\",\"isPartOf\":{\"@id\":\"https:\/\/www.manaus.am.gov.br\/semasc\/#website\"},\"primaryImageOfPage\":{\"@id\":\"https:\/\/www.manaus.am.gov.br\/semasc\/servidores-assistencia-social-participam-treinamento-gesuas\/#primaryimage\"},\"image\":{\"@id\":\"https:\/\/www.manaus.am.gov.br\/semasc\/servidores-assistencia-social-participam-treinamento-gesuas\/#primaryimage\"},\"thumbnailUrl\":\"https:\/\/www.manaus.am.gov.br\/semasc\/wp-content\/uploads\/sites\/17\/2024\/04\/53673730816_339e013af4_b.jpg\",\"datePublished\":\"2024-04-23T17:08:53+00:00\",\"dateModified\":\"2024-04-25T17:24:25+00:00\",\"description\":\"Prefeitura, por meio da Semasc, deu in\u00edcio, nesta ter\u00e7a-feira, 23\/4, ao treinamento dos servidores do projeto \u201cManaus Mais Prote\u00e7\u00e3o Social\u201d.\",\"breadcrumb\":{\"@id\":\"https:\/\/www.manaus.am.gov.br\/semasc\/servidores-assistencia-social-participam-treinamento-gesuas\/#breadcrumb\"},\"inLanguage\":\"pt-BR\",\"potentialAction\":[{\"@type\":\"ReadAction\",\"target\":[\"https:\/\/www.manaus.am.gov.br\/semasc\/servidores-assistencia-social-participam-treinamento-gesuas\/\"]}]},{\"@type\":\"ImageObject\",\"inLanguage\":\"pt-BR\",\"@id\":\"https:\/\/www.manaus.am.gov.br\/semasc\/servidores-assistencia-social-participam-treinamento-gesuas\/#primaryimage\",\"url\":\"https:\/\/www.manaus.am.gov.br\/semasc\/wp-content\/uploads\/sites\/17\/2024\/04\/53673730816_339e013af4_b.jpg\",\"contentUrl\":\"https:\/\/www.manaus.am.gov.br\/semasc\/wp-content\/uploads\/sites\/17\/2024\/04\/53673730816_339e013af4_b.jpg\",\"width\":1023,\"height\":682,\"caption\":\"#paratodosverem - Servidores da Semasc recebendo treinamento da ferramenta virtual do sistema Gesuas\"},{\"@type\":\"BreadcrumbList\",\"@id\":\"https:\/\/www.manaus.am.gov.br\/semasc\/servidores-assistencia-social-participam-treinamento-gesuas\/#breadcrumb\",\"itemListElement\":[{\"@type\":\"ListItem\",\"position\":1,\"name\":\"Home\",\"item\":\"https:\/\/www.manaus.am.gov.br\/semasc\/\"},{\"@type\":\"ListItem\",\"position\":2,\"name\":\"Servidores da assist\u00eancia social participam de treinamento para a utiliza\u00e7\u00e3o de ferramenta virtual\"}]},{\"@type\":\"WebSite\",\"@id\":\"https:\/\/www.manaus.am.gov.br\/semasc\/#website\",\"url\":\"https:\/\/www.manaus.am.gov.br\/semasc\/\",\"name\":\"SEMASC\",\"description\":\"Secretaria Municipal da Mulher, Assist\u00eancia Social e Cidadania.\",\"publisher\":{\"@id\":\"https:\/\/www.manaus.am.gov.br\/semasc\/#organization\"},\"alternateName\":\"Secretaria Municipal da Mulher, Assist\u00eancia Social e Cidadania\",\"potentialAction\":[{\"@type\":\"SearchAction\",\"target\":{\"@type\":\"EntryPoint\",\"urlTemplate\":\"https:\/\/www.manaus.am.gov.br\/semasc\/?s={search_term_string}\"},\"query-input\":\"required name=search_term_string\"}],\"inLanguage\":\"pt-BR\"},{\"@type\":\"Organization\",\"@id\":\"https:\/\/www.manaus.am.gov.br\/semasc\/#organization\",\"name\":\"Prefeitura de Manaus\",\"alternateName\":\"Prefeitura Municipal de Manaus\",\"url\":\"https:\/\/www.manaus.am.gov.br\/semasc\/\",\"logo\":{\"@type\":\"ImageObject\",\"inLanguage\":\"pt-BR\",\"@id\":\"https:\/\/www.manaus.am.gov.br\/semasc\/#\/schema\/logo\/image\/\",\"url\":\"https:\/\/www.manaus.am.gov.br\/semasc\/wp-content\/uploads\/sites\/17\/2024\/07\/favicon.png\",\"contentUrl\":\"https:\/\/www.manaus.am.gov.br\/semasc\/wp-content\/uploads\/sites\/17\/2024\/07\/favicon.png\",\"width\":300,\"height\":300,\"caption\":\"Prefeitura de Manaus\"},\"image\":{\"@id\":\"https:\/\/www.manaus.am.gov.br\/semasc\/#\/schema\/logo\/image\/\"},\"sameAs\":[\"https:\/\/www.facebook.com\/semascmanaus\",\"https:\/\/www.instagram.com\/semascmanaus\/\"]},{\"@type\":\"Person\",\"@id\":\"https:\/\/www.manaus.am.gov.br\/semasc\/#\/schema\/person\/05d223aea2bf115f9883a6ff3683d81b\",\"name\":\"Bruna Greco\",\"image\":{\"@type\":\"ImageObject\",\"inLanguage\":\"pt-BR\",\"@id\":\"https:\/\/www.manaus.am.gov.br\/semasc\/#\/schema\/person\/image\/\",\"url\":\"https:\/\/secure.gravatar.com\/avatar\/9c877d1a6adc2a055330e5c09a8653ce?s=96&d=mm&r=g\",\"contentUrl\":\"https:\/\/secure.gravatar.com\/avatar\/9c877d1a6adc2a055330e5c09a8653ce?s=96&d=mm&r=g\",\"caption\":\"Bruna Greco\"}}]}<\/script>\n<!-- \/ Yoast SEO plugin. -->","yoast_head_json":{"title":"Servidores da assist\u00eancia social participam de treinamento","description":"Prefeitura, por meio da Semasc, deu in\u00edcio, nesta ter\u00e7a-feira, 23\/4, ao treinamento dos servidores do projeto \u201cManaus Mais Prote\u00e7\u00e3o Social\u201d.","robots":{"index":"noindex","follow":"follow"},"og_locale":"pt_BR","og_type":"article","og_title":"Servidores da assist\u00eancia social participam de treinamento","og_description":"Prefeitura, por meio da Semasc, deu in\u00edcio, nesta ter\u00e7a-feira, 23\/4, ao treinamento dos servidores do projeto \u201cManaus Mais Prote\u00e7\u00e3o Social\u201d.","og_url":"https:\/\/www.manaus.am.gov.br\/semasc\/servidores-assistencia-social-participam-treinamento-gesuas\/","og_site_name":"SEMASC","article_publisher":"https:\/\/www.facebook.com\/semascmanaus","article_published_time":"2024-04-23T17:08:53+00:00","article_modified_time":"2024-04-25T17:24:25+00:00","og_image":[{"width":1023,"height":682,"url":"https:\/\/www.manaus.am.gov.br\/semasc\/wp-content\/uploads\/sites\/17\/2024\/04\/53673730816_339e013af4_b.jpg","type":"image\/jpeg"}],"author":"Bruna Greco","twitter_card":"summary_large_image","twitter_misc":{"Written by":"Bruna Greco","Est. reading time":"3 minutos"},"schema":{"@context":"https:\/\/schema.org","@graph":[{"@type":"Article","@id":"https:\/\/www.manaus.am.gov.br\/semasc\/servidores-assistencia-social-participam-treinamento-gesuas\/#article","isPartOf":{"@id":"https:\/\/www.manaus.am.gov.br\/semasc\/servidores-assistencia-social-participam-treinamento-gesuas\/"},"author":{"name":"Bruna Greco","@id":"https:\/\/www.manaus.am.gov.br\/semasc\/#\/schema\/person\/05d223aea2bf115f9883a6ff3683d81b"},"headline":"Servidores da assist\u00eancia social participam de treinamento para a utiliza\u00e7\u00e3o de ferramenta virtual","datePublished":"2024-04-23T17:08:53+00:00","dateModified":"2024-04-25T17:24:25+00:00","mainEntityOfPage":{"@id":"https:\/\/www.manaus.am.gov.br\/semasc\/servidores-assistencia-social-participam-treinamento-gesuas\/"},"wordCount":412,"publisher":{"@id":"https:\/\/www.manaus.am.gov.br\/semasc\/#organization"},"image":{"@id":"https:\/\/www.manaus.am.gov.br\/semasc\/servidores-assistencia-social-participam-treinamento-gesuas\/#primaryimage"},"thumbnailUrl":"https:\/\/www.manaus.am.gov.br\/semasc\/wp-content\/uploads\/sites\/17\/2024\/04\/53673730816_339e013af4_b.jpg","keywords":["prefeitura de manaus","Semasc","Servidores da assist\u00eancia social","Sistema Gesuas","utiliza\u00e7\u00e3o de ferramenta virtual"],"articleSection":["Sistema"],"inLanguage":"pt-BR"},{"@type":"WebPage","@id":"https:\/\/www.manaus.am.gov.br\/semasc\/servidores-assistencia-social-participam-treinamento-gesuas\/","url":"https:\/\/www.manaus.am.gov.br\/semasc\/servidores-assistencia-social-participam-treinamento-gesuas\/","name":"Servidores da assist\u00eancia social participam de treinamento","isPartOf":{"@id":"https:\/\/www.manaus.am.gov.br\/semasc\/#website"},"primaryImageOfPage":{"@id":"https:\/\/www.manaus.am.gov.br\/semasc\/servidores-assistencia-social-participam-treinamento-gesuas\/#primaryimage"},"image":{"@id":"https:\/\/www.manaus.am.gov.br\/semasc\/servidores-assistencia-social-participam-treinamento-gesuas\/#primaryimage"},"thumbnailUrl":"https:\/\/www.manaus.am.gov.br\/semasc\/wp-content\/uploads\/sites\/17\/2024\/04\/53673730816_339e013af4_b.jpg","datePublished":"2024-04-23T17:08:53+00:00","dateModified":"2024-04-25T17:24:25+00:00","description":"Prefeitura, por meio da Semasc, deu in\u00edcio, nesta ter\u00e7a-feira, 23\/4, ao treinamento dos servidores do projeto \u201cManaus Mais Prote\u00e7\u00e3o Social\u201d.","breadcrumb":{"@id":"https:\/\/www.manaus.am.gov.br\/semasc\/servidores-assistencia-social-participam-treinamento-gesuas\/#breadcrumb"},"inLanguage":"pt-BR","potentialAction":[{"@type":"ReadAction","target":["https:\/\/www.manaus.am.gov.br\/semasc\/servidores-assistencia-social-participam-treinamento-gesuas\/"]}]},{"@type":"ImageObject","inLanguage":"pt-BR","@id":"https:\/\/www.manaus.am.gov.br\/semasc\/servidores-assistencia-social-participam-treinamento-gesuas\/#primaryimage","url":"https:\/\/www.manaus.am.gov.br\/semasc\/wp-content\/uploads\/sites\/17\/2024\/04\/53673730816_339e013af4_b.jpg","contentUrl":"https:\/\/www.manaus.am.gov.br\/semasc\/wp-content\/uploads\/sites\/17\/2024\/04\/53673730816_339e013af4_b.jpg","width":1023,"height":682,"caption":"#paratodosverem - Servidores da Semasc recebendo treinamento da ferramenta virtual do sistema Gesuas"},{"@type":"BreadcrumbList","@id":"https:\/\/www.manaus.am.gov.br\/semasc\/servidores-assistencia-social-participam-treinamento-gesuas\/#breadcrumb","itemListElement":[{"@type":"ListItem","position":1,"name":"Home","item":"https:\/\/www.manaus.am.gov.br\/semasc\/"},{"@type":"ListItem","position":2,"name":"Servidores da assist\u00eancia social participam de treinamento para a utiliza\u00e7\u00e3o de ferramenta virtual"}]},{"@type":"WebSite","@id":"https:\/\/www.manaus.am.gov.br\/semasc\/#website","url":"https:\/\/www.manaus.am.gov.br\/semasc\/","name":"SEMASC","description":"Secretaria Municipal da Mulher, Assist\u00eancia Social e Cidadania.","publisher":{"@id":"https:\/\/www.manaus.am.gov.br\/semasc\/#organization"},"alternateName":"Secretaria Municipal da Mulher, Assist\u00eancia Social e Cidadania","potentialAction":[{"@type":"SearchAction","target":{"@type":"EntryPoint","urlTemplate":"https:\/\/www.manaus.am.gov.br\/semasc\/?s={search_term_string}"},"query-input":"required name=search_term_string"}],"inLanguage":"pt-BR"},{"@type":"Organization","@id":"https:\/\/www.manaus.am.gov.br\/semasc\/#organization","name":"Prefeitura de Manaus","alternateName":"Prefeitura Municipal de Manaus","url":"https:\/\/www.manaus.am.gov.br\/semasc\/","logo":{"@type":"ImageObject","inLanguage":"pt-BR","@id":"https:\/\/www.manaus.am.gov.br\/semasc\/#\/schema\/logo\/image\/","url":"https:\/\/www.manaus.am.gov.br\/semasc\/wp-content\/uploads\/sites\/17\/2024\/07\/favicon.png","contentUrl":"https:\/\/www.manaus.am.gov.br\/semasc\/wp-content\/uploads\/sites\/17\/2024\/07\/favicon.png","width":300,"height":300,"caption":"Prefeitura de Manaus"},"image":{"@id":"https:\/\/www.manaus.am.gov.br\/semasc\/#\/schema\/logo\/image\/"},"sameAs":["https:\/\/www.facebook.com\/semascmanaus","https:\/\/www.instagram.com\/semascmanaus\/"]},{"@type":"Person","@id":"https:\/\/www.manaus.am.gov.br\/semasc\/#\/schema\/person\/05d223aea2bf115f9883a6ff3683d81b","name":"Bruna Greco","image":{"@type":"ImageObject","inLanguage":"pt-BR","@id":"https:\/\/www.manaus.am.gov.br\/semasc\/#\/schema\/person\/image\/","url":"https:\/\/secure.gravatar.com\/avatar\/9c877d1a6adc2a055330e5c09a8653ce?s=96&d=mm&r=g","contentUrl":"https:\/\/secure.gravatar.com\/avatar\/9c877d1a6adc2a055330e5c09a8653ce?s=96&d=mm&r=g","caption":"Bruna Greco"}}]}},"_links":{"self":[{"href":"https:\/\/www.manaus.am.gov.br\/semasc\/wp-json\/wp\/v2\/posts\/210209"}],"collection":[{"href":"https:\/\/www.manaus.am.gov.br\/semasc\/wp-json\/wp\/v2\/posts"}],"about":[{"href":"https:\/\/www.manaus.am.gov.br\/semasc\/wp-json\/wp\/v2\/types\/post"}],"author":[{"embeddable":true,"href":"https:\/\/www.manaus.am.gov.br\/semasc\/wp-json\/wp\/v2\/users\/39"}],"replies":[{"embeddable":true,"href":"https:\/\/www.manaus.am.gov.br\/semasc\/wp-json\/wp\/v2\/comments?post=210209"}],"version-history":[{"count":1,"href":"https:\/\/www.manaus.am.gov.br\/semasc\/wp-json\/wp\/v2\/posts\/210209\/revisions"}],"predecessor-version":[{"id":210211,"href":"https:\/\/www.manaus.am.gov.br\/semasc\/wp-json\/wp\/v2\/posts\/210209\/revisions\/210211"}],"wp:featuredmedia":[{"embeddable":true,"href":"https:\/\/www.manaus.am.gov.br\/semasc\/wp-json\/wp\/v2\/media\/210210"}],"wp:attachment":[{"href":"https:\/\/www.manaus.am.gov.br\/semasc\/wp-json\/wp\/v2\/media?parent=210209"}],"wp:term":[{"taxonomy":"category","embeddable":true,"href":"https:\/\/www.manaus.am.gov.br\/semasc\/wp-json\/wp\/v2\/categories?post=210209"},{"taxonomy":"post_tag","embeddable":true,"href":"https:\/\/www.manaus.am.gov.br\/semasc\/wp-json\/wp\/v2\/tags?post=210209"}],"curies":[{"name":"wp","href":"https:\/\/api.w.org\/{rel}","templated":true}]}}