{"id":210207,"date":"2024-04-23T13:03:27","date_gmt":"2024-04-23T17:03:27","guid":{"rendered":"https:\/\/www.manaus.am.gov.br\/semasc\/unidade-movel-semasc\/"},"modified":"2024-04-25T13:24:38","modified_gmt":"2024-04-25T17:24:38","slug":"unidade-movel-semasc","status":"publish","type":"post","link":"https:\/\/www.manaus.am.gov.br\/semasc\/unidade-movel-semasc\/","title":{"rendered":"Com unidade m\u00f3vel de atendimento, prefeitura leva atendimento socioassistencial a mulheres da zona Sul"},"content":{"rendered":"\n<p>A Prefeitura de Manaus, por meio da Secretaria Municipal da Mulher, Assist\u00eancia Social e Cidadania (Semasc), direcionou, nesta ter\u00e7a-feira, 23\/4, a Unidade M\u00f3vel de Atendimento \u00e0 Mulher para realizar seus atendimentos na rua 24 de Agosto,&nbsp;&nbsp;no bairro Morro da Liberdade, pr\u00f3ximo ao albergue municipal Gecilda Albano, na zona Sul da capital.<\/p>\n\n\n\n<p>A unidade oferece, gratuitamente, servi\u00e7os de orienta\u00e7\u00e3o jur\u00eddica, psicol\u00f3gica e social para mulheres em situa\u00e7\u00e3o de vulnerabilidade social ou de viola\u00e7\u00e3o de direitos, al\u00e9m de promover rodas de conversa com tem\u00e1ticas alusivas aos direitos da mulher e os diferentes tipos de viol\u00eancia dom\u00e9stica.<\/p>\n\n\n\n<p>\u201cA unidade m\u00f3vel procura identificar \u00e1reas com lacunas de servi\u00e7os essenciais para atender \u00e0s necessidades da comunidade, especialmente mulheres que t\u00eam dificuldade em se deslocar at\u00e9 os centros de atendimento, por isso, \u00e9 um importante recurso m\u00f3bil para viabiliza\u00e7\u00e3o do acolhimento\u201d, ressaltou a coordenadora do Centro de Refer\u00eancia dos Direitos da Mulher (CRDM).<\/p>\n\n\n\n<p>Entre as orienta\u00e7\u00f5es realizadas, est\u00e3o inclusos encaminhamentos para cursos de qualifica\u00e7\u00e3o profissional, acesso ao sistema educacional e servi\u00e7os de sa\u00fade, conforme a demanda de cada mulher. Para as v\u00edtimas de viol\u00eancia dom\u00e9stica, h\u00e1 ainda o encaminhamento para atendimento no CRDM, onde as usu\u00e1rias s\u00e3o acompanhadas pela equipe t\u00e9cnica da unidade.<\/p>\n\n\n\n<p>A dona de casa Francineia Fernandes relatou uma experi\u00eancia positiva ao receber atendimento. Moradora do bairro Santa Luzia, tamb\u00e9m na zona Sul, Francineia elogiou a capacidade das profissionais em esclarecer e instruir, principalmente para pessoas \u201cleigas no assunto\u201d.<\/p>\n\n\n\n<p>&#8220;Incr\u00edvel. As meninas sabem como esclarecer, trabalhar e instruir a pessoa que n\u00e3o possui muito conhecimento sobre essas quest\u00f5es. Para quem \u00e9 leigo no assunto, buscar&nbsp;&nbsp;esse tipo de atendimento \u00e9 o que faz a diferen\u00e7a no final\u201d, destacou.<\/p>\n\n\n\n<p>A Unidade M\u00f3vel de Atendimento \u00e0 Mulher permanecer\u00e1 no bairro Morro da Liberdade at\u00e9 esta quarta-feira, 24\/4, funcionando das 8h \u00e0s 14h. Para ter acesso aos servi\u00e7os, \u00e9 necess\u00e1ria a apresenta\u00e7\u00e3o de documento de identifica\u00e7\u00e3o com foto e CPF.<\/p>\n\n\n\n<p>&#8212; &#8212; &#8212;<\/p>\n\n\n\n<p><strong>Texto &#8211;&nbsp;<\/strong>Igor Costa \/ Semasc<\/p>\n\n\n\n<p><strong>Foto &#8211;&nbsp;<\/strong>Diego Lima \/ Semasc<\/p>\n","protected":false},"excerpt":{"rendered":"","protected":false},"author":23,"featured_media":210208,"comment_status":"closed","ping_status":"closed","sticky":false,"template":"","format":"standard","meta":{"footnotes":""},"categories":[927],"tags":[1006,1043,7,18,1041,110],"acf":[],"yoast_head":"<!-- This site is optimized with the Yoast SEO plugin v23.0 - https:\/\/yoast.com\/wordpress\/plugins\/seo\/ -->\n<title>Com unidade m\u00f3vel de atendimento, prefeitura leva atendimento socioassistencial a mulheres da zona Sul<\/title>\n<meta name=\"description\" content=\"A Prefeitura de Manaus, por meio da Secretaria Municipal da Mulher, Assist\u00eancia Social e Cidadania (Semasc), direcionou, nesta ter\u00e7a-feira, 23\/4, a Unidade M\u00f3vel de Atendimento \u00e0 Mulher para realizar seus atendimentos na rua 24 de Agosto, no bairro Morro da Liberdade, pr\u00f3ximo ao albergue municipal Gecilda Albano, na zona Sul da capital.\" \/>\n<meta name=\"robots\" content=\"noindex, follow\" \/>\n<meta property=\"og:locale\" content=\"pt_BR\" \/>\n<meta property=\"og:type\" content=\"article\" \/>\n<meta property=\"og:title\" content=\"Com unidade m\u00f3vel de atendimento, prefeitura leva atendimento socioassistencial a mulheres da zona Sul\" \/>\n<meta property=\"og:description\" content=\"A Prefeitura de Manaus, por meio da Secretaria Municipal da Mulher, Assist\u00eancia Social e Cidadania (Semasc), direcionou, nesta ter\u00e7a-feira, 23\/4, a Unidade M\u00f3vel de Atendimento \u00e0 Mulher para realizar seus atendimentos na rua 24 de Agosto, no bairro Morro da Liberdade, pr\u00f3ximo ao albergue municipal Gecilda Albano, na zona Sul da capital.\" \/>\n<meta property=\"og:url\" content=\"https:\/\/www.manaus.am.gov.br\/semasc\/unidade-movel-semasc\/\" \/>\n<meta property=\"og:site_name\" content=\"SEMASC\" \/>\n<meta property=\"article:publisher\" content=\"https:\/\/www.facebook.com\/semascmanaus\" \/>\n<meta property=\"article:published_time\" content=\"2024-04-23T17:03:27+00:00\" \/>\n<meta property=\"article:modified_time\" content=\"2024-04-25T17:24:38+00:00\" \/>\n<meta property=\"og:image\" content=\"https:\/\/www.manaus.am.gov.br\/semasc\/wp-content\/uploads\/sites\/17\/2024\/04\/WhatsApp-Image-2024-04-23-at-12.39.05-1.jpeg\" \/>\n\t<meta property=\"og:image:width\" content=\"1280\" \/>\n\t<meta property=\"og:image:height\" content=\"960\" \/>\n\t<meta property=\"og:image:type\" content=\"image\/jpeg\" \/>\n<meta name=\"author\" content=\"Adriana Costa\" \/>\n<meta name=\"twitter:card\" content=\"summary_large_image\" \/>\n<meta name=\"twitter:label1\" content=\"Written by\" \/>\n\t<meta name=\"twitter:data1\" content=\"Adriana Costa\" \/>\n\t<meta name=\"twitter:label2\" content=\"Est. reading time\" \/>\n\t<meta name=\"twitter:data2\" content=\"2 minutos\" \/>\n<script type=\"application\/ld+json\" class=\"yoast-schema-graph\">{\"@context\":\"https:\/\/schema.org\",\"@graph\":[{\"@type\":\"Article\",\"@id\":\"https:\/\/www.manaus.am.gov.br\/semasc\/unidade-movel-semasc\/#article\",\"isPartOf\":{\"@id\":\"https:\/\/www.manaus.am.gov.br\/semasc\/unidade-movel-semasc\/\"},\"author\":{\"name\":\"Adriana Costa\",\"@id\":\"https:\/\/www.manaus.am.gov.br\/semasc\/#\/schema\/person\/4e49f4e267757a06ca072ec61b2b9968\"},\"headline\":\"Com unidade m\u00f3vel de atendimento, prefeitura leva atendimento socioassistencial a mulheres da zona Sul\",\"datePublished\":\"2024-04-23T17:03:27+00:00\",\"dateModified\":\"2024-04-25T17:24:38+00:00\",\"mainEntityOfPage\":{\"@id\":\"https:\/\/www.manaus.am.gov.br\/semasc\/unidade-movel-semasc\/\"},\"wordCount\":381,\"publisher\":{\"@id\":\"https:\/\/www.manaus.am.gov.br\/semasc\/#organization\"},\"image\":{\"@id\":\"https:\/\/www.manaus.am.gov.br\/semasc\/unidade-movel-semasc\/#primaryimage\"},\"thumbnailUrl\":\"https:\/\/www.manaus.am.gov.br\/semasc\/wp-content\/uploads\/sites\/17\/2024\/04\/WhatsApp-Image-2024-04-23-at-12.39.05-1.jpeg\",\"keywords\":[\"atendimento socioassistencial\",\"mulheres\",\"prefeitura de manaus\",\"Semasc\",\"Unidade M\u00f3vel de Atendimento \u00e0 Mulher\",\"zona sul\"],\"articleSection\":[\"ACOLHIMENTO\"],\"inLanguage\":\"pt-BR\"},{\"@type\":\"WebPage\",\"@id\":\"https:\/\/www.manaus.am.gov.br\/semasc\/unidade-movel-semasc\/\",\"url\":\"https:\/\/www.manaus.am.gov.br\/semasc\/unidade-movel-semasc\/\",\"name\":\"Com unidade m\u00f3vel de atendimento, prefeitura leva atendimento socioassistencial a mulheres da zona Sul\",\"isPartOf\":{\"@id\":\"https:\/\/www.manaus.am.gov.br\/semasc\/#website\"},\"primaryImageOfPage\":{\"@id\":\"https:\/\/www.manaus.am.gov.br\/semasc\/unidade-movel-semasc\/#primaryimage\"},\"image\":{\"@id\":\"https:\/\/www.manaus.am.gov.br\/semasc\/unidade-movel-semasc\/#primaryimage\"},\"thumbnailUrl\":\"https:\/\/www.manaus.am.gov.br\/semasc\/wp-content\/uploads\/sites\/17\/2024\/04\/WhatsApp-Image-2024-04-23-at-12.39.05-1.jpeg\",\"datePublished\":\"2024-04-23T17:03:27+00:00\",\"dateModified\":\"2024-04-25T17:24:38+00:00\",\"description\":\"A Prefeitura de Manaus, por meio da Secretaria Municipal da Mulher, Assist\u00eancia Social e Cidadania (Semasc), direcionou, nesta ter\u00e7a-feira, 23\/4, a Unidade M\u00f3vel de Atendimento \u00e0 Mulher para realizar seus atendimentos na rua 24 de Agosto, no bairro Morro da Liberdade, pr\u00f3ximo ao albergue municipal Gecilda Albano, na zona Sul da capital.\",\"breadcrumb\":{\"@id\":\"https:\/\/www.manaus.am.gov.br\/semasc\/unidade-movel-semasc\/#breadcrumb\"},\"inLanguage\":\"pt-BR\",\"potentialAction\":[{\"@type\":\"ReadAction\",\"target\":[\"https:\/\/www.manaus.am.gov.br\/semasc\/unidade-movel-semasc\/\"]}]},{\"@type\":\"ImageObject\",\"inLanguage\":\"pt-BR\",\"@id\":\"https:\/\/www.manaus.am.gov.br\/semasc\/unidade-movel-semasc\/#primaryimage\",\"url\":\"https:\/\/www.manaus.am.gov.br\/semasc\/wp-content\/uploads\/sites\/17\/2024\/04\/WhatsApp-Image-2024-04-23-at-12.39.05-1.jpeg\",\"contentUrl\":\"https:\/\/www.manaus.am.gov.br\/semasc\/wp-content\/uploads\/sites\/17\/2024\/04\/WhatsApp-Image-2024-04-23-at-12.39.05-1.jpeg\",\"width\":1280,\"height\":960},{\"@type\":\"BreadcrumbList\",\"@id\":\"https:\/\/www.manaus.am.gov.br\/semasc\/unidade-movel-semasc\/#breadcrumb\",\"itemListElement\":[{\"@type\":\"ListItem\",\"position\":1,\"name\":\"Home\",\"item\":\"https:\/\/www.manaus.am.gov.br\/semasc\/\"},{\"@type\":\"ListItem\",\"position\":2,\"name\":\"Com unidade m\u00f3vel de atendimento, prefeitura leva atendimento socioassistencial a mulheres da zona Sul\"}]},{\"@type\":\"WebSite\",\"@id\":\"https:\/\/www.manaus.am.gov.br\/semasc\/#website\",\"url\":\"https:\/\/www.manaus.am.gov.br\/semasc\/\",\"name\":\"SEMASC\",\"description\":\"Secretaria Municipal da Mulher, Assist\u00eancia Social e Cidadania.\",\"publisher\":{\"@id\":\"https:\/\/www.manaus.am.gov.br\/semasc\/#organization\"},\"alternateName\":\"Secretaria Municipal da Mulher, Assist\u00eancia Social e Cidadania\",\"potentialAction\":[{\"@type\":\"SearchAction\",\"target\":{\"@type\":\"EntryPoint\",\"urlTemplate\":\"https:\/\/www.manaus.am.gov.br\/semasc\/?s={search_term_string}\"},\"query-input\":\"required name=search_term_string\"}],\"inLanguage\":\"pt-BR\"},{\"@type\":\"Organization\",\"@id\":\"https:\/\/www.manaus.am.gov.br\/semasc\/#organization\",\"name\":\"Prefeitura de Manaus\",\"alternateName\":\"Prefeitura Municipal de Manaus\",\"url\":\"https:\/\/www.manaus.am.gov.br\/semasc\/\",\"logo\":{\"@type\":\"ImageObject\",\"inLanguage\":\"pt-BR\",\"@id\":\"https:\/\/www.manaus.am.gov.br\/semasc\/#\/schema\/logo\/image\/\",\"url\":\"https:\/\/www.manaus.am.gov.br\/semasc\/wp-content\/uploads\/sites\/17\/2024\/07\/favicon.png\",\"contentUrl\":\"https:\/\/www.manaus.am.gov.br\/semasc\/wp-content\/uploads\/sites\/17\/2024\/07\/favicon.png\",\"width\":300,\"height\":300,\"caption\":\"Prefeitura de Manaus\"},\"image\":{\"@id\":\"https:\/\/www.manaus.am.gov.br\/semasc\/#\/schema\/logo\/image\/\"},\"sameAs\":[\"https:\/\/www.facebook.com\/semascmanaus\",\"https:\/\/www.instagram.com\/semascmanaus\/\"]},{\"@type\":\"Person\",\"@id\":\"https:\/\/www.manaus.am.gov.br\/semasc\/#\/schema\/person\/4e49f4e267757a06ca072ec61b2b9968\",\"name\":\"Adriana Costa\",\"image\":{\"@type\":\"ImageObject\",\"inLanguage\":\"pt-BR\",\"@id\":\"https:\/\/www.manaus.am.gov.br\/semasc\/#\/schema\/person\/image\/\",\"url\":\"https:\/\/secure.gravatar.com\/avatar\/576258617ef7194f718179e766d57bd4?s=96&d=mm&r=g\",\"contentUrl\":\"https:\/\/secure.gravatar.com\/avatar\/576258617ef7194f718179e766d57bd4?s=96&d=mm&r=g\",\"caption\":\"Adriana Costa\"}}]}<\/script>\n<!-- \/ Yoast SEO plugin. -->","yoast_head_json":{"title":"Com unidade m\u00f3vel de atendimento, prefeitura leva atendimento socioassistencial a mulheres da zona Sul","description":"A Prefeitura de Manaus, por meio da Secretaria Municipal da Mulher, Assist\u00eancia Social e Cidadania (Semasc), direcionou, nesta ter\u00e7a-feira, 23\/4, a Unidade M\u00f3vel de Atendimento \u00e0 Mulher para realizar seus atendimentos na rua 24 de Agosto, no bairro Morro da Liberdade, pr\u00f3ximo ao albergue municipal Gecilda Albano, na zona Sul da capital.","robots":{"index":"noindex","follow":"follow"},"og_locale":"pt_BR","og_type":"article","og_title":"Com unidade m\u00f3vel de atendimento, prefeitura leva atendimento socioassistencial a mulheres da zona Sul","og_description":"A Prefeitura de Manaus, por meio da Secretaria Municipal da Mulher, Assist\u00eancia Social e Cidadania (Semasc), direcionou, nesta ter\u00e7a-feira, 23\/4, a Unidade M\u00f3vel de Atendimento \u00e0 Mulher para realizar seus atendimentos na rua 24 de Agosto, no bairro Morro da Liberdade, pr\u00f3ximo ao albergue municipal Gecilda Albano, na zona Sul da capital.","og_url":"https:\/\/www.manaus.am.gov.br\/semasc\/unidade-movel-semasc\/","og_site_name":"SEMASC","article_publisher":"https:\/\/www.facebook.com\/semascmanaus","article_published_time":"2024-04-23T17:03:27+00:00","article_modified_time":"2024-04-25T17:24:38+00:00","og_image":[{"width":1280,"height":960,"url":"https:\/\/www.manaus.am.gov.br\/semasc\/wp-content\/uploads\/sites\/17\/2024\/04\/WhatsApp-Image-2024-04-23-at-12.39.05-1.jpeg","type":"image\/jpeg"}],"author":"Adriana Costa","twitter_card":"summary_large_image","twitter_misc":{"Written by":"Adriana Costa","Est. reading time":"2 minutos"},"schema":{"@context":"https:\/\/schema.org","@graph":[{"@type":"Article","@id":"https:\/\/www.manaus.am.gov.br\/semasc\/unidade-movel-semasc\/#article","isPartOf":{"@id":"https:\/\/www.manaus.am.gov.br\/semasc\/unidade-movel-semasc\/"},"author":{"name":"Adriana Costa","@id":"https:\/\/www.manaus.am.gov.br\/semasc\/#\/schema\/person\/4e49f4e267757a06ca072ec61b2b9968"},"headline":"Com unidade m\u00f3vel de atendimento, prefeitura leva atendimento socioassistencial a mulheres da zona Sul","datePublished":"2024-04-23T17:03:27+00:00","dateModified":"2024-04-25T17:24:38+00:00","mainEntityOfPage":{"@id":"https:\/\/www.manaus.am.gov.br\/semasc\/unidade-movel-semasc\/"},"wordCount":381,"publisher":{"@id":"https:\/\/www.manaus.am.gov.br\/semasc\/#organization"},"image":{"@id":"https:\/\/www.manaus.am.gov.br\/semasc\/unidade-movel-semasc\/#primaryimage"},"thumbnailUrl":"https:\/\/www.manaus.am.gov.br\/semasc\/wp-content\/uploads\/sites\/17\/2024\/04\/WhatsApp-Image-2024-04-23-at-12.39.05-1.jpeg","keywords":["atendimento socioassistencial","mulheres","prefeitura de manaus","Semasc","Unidade M\u00f3vel de Atendimento \u00e0 Mulher","zona sul"],"articleSection":["ACOLHIMENTO"],"inLanguage":"pt-BR"},{"@type":"WebPage","@id":"https:\/\/www.manaus.am.gov.br\/semasc\/unidade-movel-semasc\/","url":"https:\/\/www.manaus.am.gov.br\/semasc\/unidade-movel-semasc\/","name":"Com unidade m\u00f3vel de atendimento, prefeitura leva atendimento socioassistencial a mulheres da zona Sul","isPartOf":{"@id":"https:\/\/www.manaus.am.gov.br\/semasc\/#website"},"primaryImageOfPage":{"@id":"https:\/\/www.manaus.am.gov.br\/semasc\/unidade-movel-semasc\/#primaryimage"},"image":{"@id":"https:\/\/www.manaus.am.gov.br\/semasc\/unidade-movel-semasc\/#primaryimage"},"thumbnailUrl":"https:\/\/www.manaus.am.gov.br\/semasc\/wp-content\/uploads\/sites\/17\/2024\/04\/WhatsApp-Image-2024-04-23-at-12.39.05-1.jpeg","datePublished":"2024-04-23T17:03:27+00:00","dateModified":"2024-04-25T17:24:38+00:00","description":"A Prefeitura de Manaus, por meio da Secretaria Municipal da Mulher, Assist\u00eancia Social e Cidadania (Semasc), direcionou, nesta ter\u00e7a-feira, 23\/4, a Unidade M\u00f3vel de Atendimento \u00e0 Mulher para realizar seus atendimentos na rua 24 de Agosto, no bairro Morro da Liberdade, pr\u00f3ximo ao albergue municipal Gecilda Albano, na zona Sul da capital.","breadcrumb":{"@id":"https:\/\/www.manaus.am.gov.br\/semasc\/unidade-movel-semasc\/#breadcrumb"},"inLanguage":"pt-BR","potentialAction":[{"@type":"ReadAction","target":["https:\/\/www.manaus.am.gov.br\/semasc\/unidade-movel-semasc\/"]}]},{"@type":"ImageObject","inLanguage":"pt-BR","@id":"https:\/\/www.manaus.am.gov.br\/semasc\/unidade-movel-semasc\/#primaryimage","url":"https:\/\/www.manaus.am.gov.br\/semasc\/wp-content\/uploads\/sites\/17\/2024\/04\/WhatsApp-Image-2024-04-23-at-12.39.05-1.jpeg","contentUrl":"https:\/\/www.manaus.am.gov.br\/semasc\/wp-content\/uploads\/sites\/17\/2024\/04\/WhatsApp-Image-2024-04-23-at-12.39.05-1.jpeg","width":1280,"height":960},{"@type":"BreadcrumbList","@id":"https:\/\/www.manaus.am.gov.br\/semasc\/unidade-movel-semasc\/#breadcrumb","itemListElement":[{"@type":"ListItem","position":1,"name":"Home","item":"https:\/\/www.manaus.am.gov.br\/semasc\/"},{"@type":"ListItem","position":2,"name":"Com unidade m\u00f3vel de atendimento, prefeitura leva atendimento socioassistencial a mulheres da zona Sul"}]},{"@type":"WebSite","@id":"https:\/\/www.manaus.am.gov.br\/semasc\/#website","url":"https:\/\/www.manaus.am.gov.br\/semasc\/","name":"SEMASC","description":"Secretaria Municipal da Mulher, Assist\u00eancia Social e Cidadania.","publisher":{"@id":"https:\/\/www.manaus.am.gov.br\/semasc\/#organization"},"alternateName":"Secretaria Municipal da Mulher, Assist\u00eancia Social e Cidadania","potentialAction":[{"@type":"SearchAction","target":{"@type":"EntryPoint","urlTemplate":"https:\/\/www.manaus.am.gov.br\/semasc\/?s={search_term_string}"},"query-input":"required name=search_term_string"}],"inLanguage":"pt-BR"},{"@type":"Organization","@id":"https:\/\/www.manaus.am.gov.br\/semasc\/#organization","name":"Prefeitura de Manaus","alternateName":"Prefeitura Municipal de Manaus","url":"https:\/\/www.manaus.am.gov.br\/semasc\/","logo":{"@type":"ImageObject","inLanguage":"pt-BR","@id":"https:\/\/www.manaus.am.gov.br\/semasc\/#\/schema\/logo\/image\/","url":"https:\/\/www.manaus.am.gov.br\/semasc\/wp-content\/uploads\/sites\/17\/2024\/07\/favicon.png","contentUrl":"https:\/\/www.manaus.am.gov.br\/semasc\/wp-content\/uploads\/sites\/17\/2024\/07\/favicon.png","width":300,"height":300,"caption":"Prefeitura de Manaus"},"image":{"@id":"https:\/\/www.manaus.am.gov.br\/semasc\/#\/schema\/logo\/image\/"},"sameAs":["https:\/\/www.facebook.com\/semascmanaus","https:\/\/www.instagram.com\/semascmanaus\/"]},{"@type":"Person","@id":"https:\/\/www.manaus.am.gov.br\/semasc\/#\/schema\/person\/4e49f4e267757a06ca072ec61b2b9968","name":"Adriana Costa","image":{"@type":"ImageObject","inLanguage":"pt-BR","@id":"https:\/\/www.manaus.am.gov.br\/semasc\/#\/schema\/person\/image\/","url":"https:\/\/secure.gravatar.com\/avatar\/576258617ef7194f718179e766d57bd4?s=96&d=mm&r=g","contentUrl":"https:\/\/secure.gravatar.com\/avatar\/576258617ef7194f718179e766d57bd4?s=96&d=mm&r=g","caption":"Adriana Costa"}}]}},"_links":{"self":[{"href":"https:\/\/www.manaus.am.gov.br\/semasc\/wp-json\/wp\/v2\/posts\/210207"}],"collection":[{"href":"https:\/\/www.manaus.am.gov.br\/semasc\/wp-json\/wp\/v2\/posts"}],"about":[{"href":"https:\/\/www.manaus.am.gov.br\/semasc\/wp-json\/wp\/v2\/types\/post"}],"author":[{"embeddable":true,"href":"https:\/\/www.manaus.am.gov.br\/semasc\/wp-json\/wp\/v2\/users\/23"}],"replies":[{"embeddable":true,"href":"https:\/\/www.manaus.am.gov.br\/semasc\/wp-json\/wp\/v2\/comments?post=210207"}],"version-history":[{"count":1,"href":"https:\/\/www.manaus.am.gov.br\/semasc\/wp-json\/wp\/v2\/posts\/210207\/revisions"}],"predecessor-version":[{"id":210212,"href":"https:\/\/www.manaus.am.gov.br\/semasc\/wp-json\/wp\/v2\/posts\/210207\/revisions\/210212"}],"wp:featuredmedia":[{"embeddable":true,"href":"https:\/\/www.manaus.am.gov.br\/semasc\/wp-json\/wp\/v2\/media\/210208"}],"wp:attachment":[{"href":"https:\/\/www.manaus.am.gov.br\/semasc\/wp-json\/wp\/v2\/media?parent=210207"}],"wp:term":[{"taxonomy":"category","embeddable":true,"href":"https:\/\/www.manaus.am.gov.br\/semasc\/wp-json\/wp\/v2\/categories?post=210207"},{"taxonomy":"post_tag","embeddable":true,"href":"https:\/\/www.manaus.am.gov.br\/semasc\/wp-json\/wp\/v2\/tags?post=210207"}],"curies":[{"name":"wp","href":"https:\/\/api.w.org\/{rel}","templated":true}]}}