{"id":210203,"date":"2024-04-22T18:17:28","date_gmt":"2024-04-22T22:17:28","guid":{"rendered":"https:\/\/www.manaus.am.gov.br\/semasc\/autismo-programacao\/"},"modified":"2024-04-25T13:24:53","modified_gmt":"2024-04-25T17:24:53","slug":"autismo-programacao","status":"publish","type":"post","link":"https:\/\/www.manaus.am.gov.br\/semasc\/autismo-programacao\/","title":{"rendered":"Prefeitura e sociedade civil iniciam programa\u00e7\u00e3o especial de conscientiza\u00e7\u00e3o do autismo em shopping de Manaus"},"content":{"rendered":"\n<p>A Prefeitura de Manaus, por meio da Secretaria Municipal da Mulher, Assist\u00eancia Social e Cidadania (Semasc), em parceria com o Amazonas Shopping e Organiza\u00e7\u00f5es da Sociedade Civil (OSCs) parceiras, deu in\u00edcio, nesta segunda-feira, 22\/4, \u00e0 programa\u00e7\u00e3o do espa\u00e7o colaborativo \u201cAbril Azul\u201d, alusivo ao m\u00eas de conscientiza\u00e7\u00e3o mundial sobre o autismo.<\/p>\n\n\n\n<p>O espa\u00e7o re\u00fane equipes da Semasc, do Instituto Municipal de Mobilidade Urbana (IMMU) e institui\u00e7\u00f5es civis respons\u00e1veis pelo atendimento socioassistencial a pessoas autistas na capital amazonense para oferecer diversos servi\u00e7os \u00e0 popula\u00e7\u00e3o, como Cadastro \u00danico, emiss\u00e3o de credenciamento de estacionamento para Pessoas com Defici\u00eancia (PcDs) e comercializa\u00e7\u00e3o de produtos.<\/p>\n\n\n\n<p>A gerente de Promo\u00e7\u00e3o e Defesa dos Direitos das Pessoas com Defici\u00eancia e dos Idosos da Semasc, De\u00eddre Nascimento, respons\u00e1vel pela coordena\u00e7\u00e3o da programa\u00e7\u00e3o, definiu o espa\u00e7o como uma iniciativa muito importante para a promo\u00e7\u00e3o, conscientiza\u00e7\u00e3o e a garantia dos direitos das pessoas com autismo.<\/p>\n\n\n\n<p>\u201cPara n\u00f3s, essa \u00e9 uma a\u00e7\u00e3o muito importante no sentido de reafirmar o nosso compromisso com a defesa dos direitos das pessoas autistas. \u00c9 um momento de parceria, de celebra\u00e7\u00e3o e de muito trabalho para aqueles que lutam por uma cidade cada vez mais inclusiva e justa para todos\u201d, relatou.<\/p>\n\n\n\n<p>Daidilane Pantoja, av\u00f3 da pequena Maria Eduarda, afirmou que o espa\u00e7o tem sido essencial para a busca de informa\u00e7\u00f5es e principalmente sobre os direitos da crian\u00e7a autista.&nbsp;<\/p>\n\n\n\n<p>\u201cEsse espa\u00e7o oferecido pela prefeitura est\u00e1 sendo maravilhoso. Estou amando. A gente descobriu sobre o evento hoje, e resolvemos comparecer aqui pela tarde. E est\u00e1 sendo essencial procurar os direitos da crian\u00e7a autista\u201d, compartilhou.<\/p>\n\n\n\n<p>Durante a semana, volunt\u00e1rios da Associa\u00e7\u00e3o Amigos do Autista (AMA) e do Instituto Autismo no Amazonas (IAAM) estar\u00e3o comercializando, no shopping, produtos personalizados, como camisetas, canecas, cord\u00e3o de identifica\u00e7\u00e3o, entre outros itens. Os valores s\u00e3o a partir de R$ 10.&nbsp;<\/p>\n\n\n\n<p>Todo o recurso ser\u00e1 revertido para manuten\u00e7\u00e3o do trabalho das duas institui\u00e7\u00f5es. Todos os stands, incluindo os de atendimento ao p\u00fablico, funcionar\u00e3o at\u00e9 sexta-feira, 26, das 10h \u00e0s 22h, na loja colaborativa que fica localizada no piso 1, em frente \u00e0 Pra\u00e7a de Alimenta\u00e7\u00e3o.<\/p>\n\n\n\n<p>\u2013 \u2013 \u2013&nbsp;<\/p>\n\n\n\n<p><strong>Texto &#8211; <\/strong>Camili Vit\u00f3ria \/ Semasc<br><strong>Fotos &#8211; <\/strong>Diego Lima \/ Semasc<\/p>\n","protected":false},"excerpt":{"rendered":"","protected":false},"author":68,"featured_media":210204,"comment_status":"closed","ping_status":"closed","sticky":false,"template":"","format":"standard","meta":{"footnotes":""},"categories":[204],"tags":[737,563,1042],"acf":[],"yoast_head":"<!-- This site is optimized with the Yoast SEO plugin v23.0 - https:\/\/yoast.com\/wordpress\/plugins\/seo\/ -->\n<title>Prefeitura inicia programa\u00e7\u00e3o especial de conscientiza\u00e7\u00e3o<\/title>\n<meta name=\"description\" content=\"A Prefeitura de Manaus, em parceria com o Amazonas Shopping e Organiza\u00e7\u00f5es da Sociedade Civil (OSCs) parceiras, deu in\u00edcio, ao \u201cAbril Azul\u201d.\" \/>\n<meta name=\"robots\" content=\"noindex, follow\" \/>\n<meta property=\"og:locale\" content=\"pt_BR\" \/>\n<meta property=\"og:type\" content=\"article\" \/>\n<meta property=\"og:title\" content=\"Prefeitura inicia programa\u00e7\u00e3o especial de conscientiza\u00e7\u00e3o\" \/>\n<meta property=\"og:description\" content=\"A Prefeitura de Manaus, em parceria com o Amazonas Shopping e Organiza\u00e7\u00f5es da Sociedade Civil (OSCs) parceiras, deu in\u00edcio, ao \u201cAbril Azul\u201d.\" \/>\n<meta property=\"og:url\" content=\"https:\/\/www.manaus.am.gov.br\/semasc\/autismo-programacao\/\" \/>\n<meta property=\"og:site_name\" content=\"SEMASC\" \/>\n<meta property=\"article:publisher\" content=\"https:\/\/www.facebook.com\/semascmanaus\" \/>\n<meta property=\"article:published_time\" content=\"2024-04-22T22:17:28+00:00\" \/>\n<meta property=\"article:modified_time\" content=\"2024-04-25T17:24:53+00:00\" \/>\n<meta property=\"og:image\" content=\"https:\/\/www.manaus.am.gov.br\/semasc\/wp-content\/uploads\/sites\/17\/2024\/04\/INCLUSAO-3.jpg\" \/>\n\t<meta property=\"og:image:width\" content=\"800\" \/>\n\t<meta property=\"og:image:height\" content=\"600\" \/>\n\t<meta property=\"og:image:type\" content=\"image\/jpeg\" \/>\n<meta name=\"author\" content=\"bvalente\" \/>\n<meta name=\"twitter:card\" content=\"summary_large_image\" \/>\n<meta name=\"twitter:label1\" content=\"Written by\" \/>\n\t<meta name=\"twitter:data1\" content=\"bvalente\" \/>\n\t<meta name=\"twitter:label2\" content=\"Est. reading time\" \/>\n\t<meta name=\"twitter:data2\" content=\"3 minutos\" \/>\n<script type=\"application\/ld+json\" class=\"yoast-schema-graph\">{\"@context\":\"https:\/\/schema.org\",\"@graph\":[{\"@type\":\"Article\",\"@id\":\"https:\/\/www.manaus.am.gov.br\/semasc\/autismo-programacao\/#article\",\"isPartOf\":{\"@id\":\"https:\/\/www.manaus.am.gov.br\/semasc\/autismo-programacao\/\"},\"author\":{\"name\":\"bvalente\",\"@id\":\"https:\/\/www.manaus.am.gov.br\/semasc\/#\/schema\/person\/466a0e03ae4b6062809046bd560ac955\"},\"headline\":\"Prefeitura e sociedade civil iniciam programa\u00e7\u00e3o especial de conscientiza\u00e7\u00e3o do autismo em shopping de Manaus\",\"datePublished\":\"2024-04-22T22:17:28+00:00\",\"dateModified\":\"2024-04-25T17:24:53+00:00\",\"mainEntityOfPage\":{\"@id\":\"https:\/\/www.manaus.am.gov.br\/semasc\/autismo-programacao\/\"},\"wordCount\":406,\"publisher\":{\"@id\":\"https:\/\/www.manaus.am.gov.br\/semasc\/#organization\"},\"image\":{\"@id\":\"https:\/\/www.manaus.am.gov.br\/semasc\/autismo-programacao\/#primaryimage\"},\"thumbnailUrl\":\"https:\/\/www.manaus.am.gov.br\/semasc\/wp-content\/uploads\/sites\/17\/2024\/04\/INCLUSAO-3.jpg\",\"keywords\":[\"Assist\u00eancia Social e Cidadania (Semasc)\",\"autismo\",\"espa\u00e7o de atendimento multidisciplinar ao Autista Amigo Ruy\"],\"articleSection\":[\"Inclus\u00e3o\"],\"inLanguage\":\"pt-BR\"},{\"@type\":\"WebPage\",\"@id\":\"https:\/\/www.manaus.am.gov.br\/semasc\/autismo-programacao\/\",\"url\":\"https:\/\/www.manaus.am.gov.br\/semasc\/autismo-programacao\/\",\"name\":\"Prefeitura inicia programa\u00e7\u00e3o especial de conscientiza\u00e7\u00e3o\",\"isPartOf\":{\"@id\":\"https:\/\/www.manaus.am.gov.br\/semasc\/#website\"},\"primaryImageOfPage\":{\"@id\":\"https:\/\/www.manaus.am.gov.br\/semasc\/autismo-programacao\/#primaryimage\"},\"image\":{\"@id\":\"https:\/\/www.manaus.am.gov.br\/semasc\/autismo-programacao\/#primaryimage\"},\"thumbnailUrl\":\"https:\/\/www.manaus.am.gov.br\/semasc\/wp-content\/uploads\/sites\/17\/2024\/04\/INCLUSAO-3.jpg\",\"datePublished\":\"2024-04-22T22:17:28+00:00\",\"dateModified\":\"2024-04-25T17:24:53+00:00\",\"description\":\"A Prefeitura de Manaus, em parceria com o Amazonas Shopping e Organiza\u00e7\u00f5es da Sociedade Civil (OSCs) parceiras, deu in\u00edcio, ao \u201cAbril Azul\u201d.\",\"breadcrumb\":{\"@id\":\"https:\/\/www.manaus.am.gov.br\/semasc\/autismo-programacao\/#breadcrumb\"},\"inLanguage\":\"pt-BR\",\"potentialAction\":[{\"@type\":\"ReadAction\",\"target\":[\"https:\/\/www.manaus.am.gov.br\/semasc\/autismo-programacao\/\"]}]},{\"@type\":\"ImageObject\",\"inLanguage\":\"pt-BR\",\"@id\":\"https:\/\/www.manaus.am.gov.br\/semasc\/autismo-programacao\/#primaryimage\",\"url\":\"https:\/\/www.manaus.am.gov.br\/semasc\/wp-content\/uploads\/sites\/17\/2024\/04\/INCLUSAO-3.jpg\",\"contentUrl\":\"https:\/\/www.manaus.am.gov.br\/semasc\/wp-content\/uploads\/sites\/17\/2024\/04\/INCLUSAO-3.jpg\",\"width\":800,\"height\":600},{\"@type\":\"BreadcrumbList\",\"@id\":\"https:\/\/www.manaus.am.gov.br\/semasc\/autismo-programacao\/#breadcrumb\",\"itemListElement\":[{\"@type\":\"ListItem\",\"position\":1,\"name\":\"Home\",\"item\":\"https:\/\/www.manaus.am.gov.br\/semasc\/\"},{\"@type\":\"ListItem\",\"position\":2,\"name\":\"Prefeitura e sociedade civil iniciam programa\u00e7\u00e3o especial de conscientiza\u00e7\u00e3o do autismo em shopping de Manaus\"}]},{\"@type\":\"WebSite\",\"@id\":\"https:\/\/www.manaus.am.gov.br\/semasc\/#website\",\"url\":\"https:\/\/www.manaus.am.gov.br\/semasc\/\",\"name\":\"SEMASC\",\"description\":\"Secretaria Municipal da Mulher, Assist\u00eancia Social e Cidadania.\",\"publisher\":{\"@id\":\"https:\/\/www.manaus.am.gov.br\/semasc\/#organization\"},\"alternateName\":\"Secretaria Municipal da Mulher, Assist\u00eancia Social e Cidadania\",\"potentialAction\":[{\"@type\":\"SearchAction\",\"target\":{\"@type\":\"EntryPoint\",\"urlTemplate\":\"https:\/\/www.manaus.am.gov.br\/semasc\/?s={search_term_string}\"},\"query-input\":\"required name=search_term_string\"}],\"inLanguage\":\"pt-BR\"},{\"@type\":\"Organization\",\"@id\":\"https:\/\/www.manaus.am.gov.br\/semasc\/#organization\",\"name\":\"Prefeitura de Manaus\",\"alternateName\":\"Prefeitura Municipal de Manaus\",\"url\":\"https:\/\/www.manaus.am.gov.br\/semasc\/\",\"logo\":{\"@type\":\"ImageObject\",\"inLanguage\":\"pt-BR\",\"@id\":\"https:\/\/www.manaus.am.gov.br\/semasc\/#\/schema\/logo\/image\/\",\"url\":\"https:\/\/www.manaus.am.gov.br\/semasc\/wp-content\/uploads\/sites\/17\/2024\/07\/favicon.png\",\"contentUrl\":\"https:\/\/www.manaus.am.gov.br\/semasc\/wp-content\/uploads\/sites\/17\/2024\/07\/favicon.png\",\"width\":300,\"height\":300,\"caption\":\"Prefeitura de Manaus\"},\"image\":{\"@id\":\"https:\/\/www.manaus.am.gov.br\/semasc\/#\/schema\/logo\/image\/\"},\"sameAs\":[\"https:\/\/www.facebook.com\/semascmanaus\",\"https:\/\/www.instagram.com\/semascmanaus\/\"]},{\"@type\":\"Person\",\"@id\":\"https:\/\/www.manaus.am.gov.br\/semasc\/#\/schema\/person\/466a0e03ae4b6062809046bd560ac955\",\"name\":\"bvalente\",\"image\":{\"@type\":\"ImageObject\",\"inLanguage\":\"pt-BR\",\"@id\":\"https:\/\/www.manaus.am.gov.br\/semasc\/#\/schema\/person\/image\/\",\"url\":\"https:\/\/secure.gravatar.com\/avatar\/3e69bc2b014bdad41adfec3a39de07d2?s=96&d=mm&r=g\",\"contentUrl\":\"https:\/\/secure.gravatar.com\/avatar\/3e69bc2b014bdad41adfec3a39de07d2?s=96&d=mm&r=g\",\"caption\":\"bvalente\"}}]}<\/script>\n<!-- \/ Yoast SEO plugin. -->","yoast_head_json":{"title":"Prefeitura inicia programa\u00e7\u00e3o especial de conscientiza\u00e7\u00e3o","description":"A Prefeitura de Manaus, em parceria com o Amazonas Shopping e Organiza\u00e7\u00f5es da Sociedade Civil (OSCs) parceiras, deu in\u00edcio, ao \u201cAbril Azul\u201d.","robots":{"index":"noindex","follow":"follow"},"og_locale":"pt_BR","og_type":"article","og_title":"Prefeitura inicia programa\u00e7\u00e3o especial de conscientiza\u00e7\u00e3o","og_description":"A Prefeitura de Manaus, em parceria com o Amazonas Shopping e Organiza\u00e7\u00f5es da Sociedade Civil (OSCs) parceiras, deu in\u00edcio, ao \u201cAbril Azul\u201d.","og_url":"https:\/\/www.manaus.am.gov.br\/semasc\/autismo-programacao\/","og_site_name":"SEMASC","article_publisher":"https:\/\/www.facebook.com\/semascmanaus","article_published_time":"2024-04-22T22:17:28+00:00","article_modified_time":"2024-04-25T17:24:53+00:00","og_image":[{"width":800,"height":600,"url":"https:\/\/www.manaus.am.gov.br\/semasc\/wp-content\/uploads\/sites\/17\/2024\/04\/INCLUSAO-3.jpg","type":"image\/jpeg"}],"author":"bvalente","twitter_card":"summary_large_image","twitter_misc":{"Written by":"bvalente","Est. reading time":"3 minutos"},"schema":{"@context":"https:\/\/schema.org","@graph":[{"@type":"Article","@id":"https:\/\/www.manaus.am.gov.br\/semasc\/autismo-programacao\/#article","isPartOf":{"@id":"https:\/\/www.manaus.am.gov.br\/semasc\/autismo-programacao\/"},"author":{"name":"bvalente","@id":"https:\/\/www.manaus.am.gov.br\/semasc\/#\/schema\/person\/466a0e03ae4b6062809046bd560ac955"},"headline":"Prefeitura e sociedade civil iniciam programa\u00e7\u00e3o especial de conscientiza\u00e7\u00e3o do autismo em shopping de Manaus","datePublished":"2024-04-22T22:17:28+00:00","dateModified":"2024-04-25T17:24:53+00:00","mainEntityOfPage":{"@id":"https:\/\/www.manaus.am.gov.br\/semasc\/autismo-programacao\/"},"wordCount":406,"publisher":{"@id":"https:\/\/www.manaus.am.gov.br\/semasc\/#organization"},"image":{"@id":"https:\/\/www.manaus.am.gov.br\/semasc\/autismo-programacao\/#primaryimage"},"thumbnailUrl":"https:\/\/www.manaus.am.gov.br\/semasc\/wp-content\/uploads\/sites\/17\/2024\/04\/INCLUSAO-3.jpg","keywords":["Assist\u00eancia Social e Cidadania (Semasc)","autismo","espa\u00e7o de atendimento multidisciplinar ao Autista Amigo Ruy"],"articleSection":["Inclus\u00e3o"],"inLanguage":"pt-BR"},{"@type":"WebPage","@id":"https:\/\/www.manaus.am.gov.br\/semasc\/autismo-programacao\/","url":"https:\/\/www.manaus.am.gov.br\/semasc\/autismo-programacao\/","name":"Prefeitura inicia programa\u00e7\u00e3o especial de conscientiza\u00e7\u00e3o","isPartOf":{"@id":"https:\/\/www.manaus.am.gov.br\/semasc\/#website"},"primaryImageOfPage":{"@id":"https:\/\/www.manaus.am.gov.br\/semasc\/autismo-programacao\/#primaryimage"},"image":{"@id":"https:\/\/www.manaus.am.gov.br\/semasc\/autismo-programacao\/#primaryimage"},"thumbnailUrl":"https:\/\/www.manaus.am.gov.br\/semasc\/wp-content\/uploads\/sites\/17\/2024\/04\/INCLUSAO-3.jpg","datePublished":"2024-04-22T22:17:28+00:00","dateModified":"2024-04-25T17:24:53+00:00","description":"A Prefeitura de Manaus, em parceria com o Amazonas Shopping e Organiza\u00e7\u00f5es da Sociedade Civil (OSCs) parceiras, deu in\u00edcio, ao \u201cAbril Azul\u201d.","breadcrumb":{"@id":"https:\/\/www.manaus.am.gov.br\/semasc\/autismo-programacao\/#breadcrumb"},"inLanguage":"pt-BR","potentialAction":[{"@type":"ReadAction","target":["https:\/\/www.manaus.am.gov.br\/semasc\/autismo-programacao\/"]}]},{"@type":"ImageObject","inLanguage":"pt-BR","@id":"https:\/\/www.manaus.am.gov.br\/semasc\/autismo-programacao\/#primaryimage","url":"https:\/\/www.manaus.am.gov.br\/semasc\/wp-content\/uploads\/sites\/17\/2024\/04\/INCLUSAO-3.jpg","contentUrl":"https:\/\/www.manaus.am.gov.br\/semasc\/wp-content\/uploads\/sites\/17\/2024\/04\/INCLUSAO-3.jpg","width":800,"height":600},{"@type":"BreadcrumbList","@id":"https:\/\/www.manaus.am.gov.br\/semasc\/autismo-programacao\/#breadcrumb","itemListElement":[{"@type":"ListItem","position":1,"name":"Home","item":"https:\/\/www.manaus.am.gov.br\/semasc\/"},{"@type":"ListItem","position":2,"name":"Prefeitura e sociedade civil iniciam programa\u00e7\u00e3o especial de conscientiza\u00e7\u00e3o do autismo em shopping de Manaus"}]},{"@type":"WebSite","@id":"https:\/\/www.manaus.am.gov.br\/semasc\/#website","url":"https:\/\/www.manaus.am.gov.br\/semasc\/","name":"SEMASC","description":"Secretaria Municipal da Mulher, Assist\u00eancia Social e Cidadania.","publisher":{"@id":"https:\/\/www.manaus.am.gov.br\/semasc\/#organization"},"alternateName":"Secretaria Municipal da Mulher, Assist\u00eancia Social e Cidadania","potentialAction":[{"@type":"SearchAction","target":{"@type":"EntryPoint","urlTemplate":"https:\/\/www.manaus.am.gov.br\/semasc\/?s={search_term_string}"},"query-input":"required name=search_term_string"}],"inLanguage":"pt-BR"},{"@type":"Organization","@id":"https:\/\/www.manaus.am.gov.br\/semasc\/#organization","name":"Prefeitura de Manaus","alternateName":"Prefeitura Municipal de Manaus","url":"https:\/\/www.manaus.am.gov.br\/semasc\/","logo":{"@type":"ImageObject","inLanguage":"pt-BR","@id":"https:\/\/www.manaus.am.gov.br\/semasc\/#\/schema\/logo\/image\/","url":"https:\/\/www.manaus.am.gov.br\/semasc\/wp-content\/uploads\/sites\/17\/2024\/07\/favicon.png","contentUrl":"https:\/\/www.manaus.am.gov.br\/semasc\/wp-content\/uploads\/sites\/17\/2024\/07\/favicon.png","width":300,"height":300,"caption":"Prefeitura de Manaus"},"image":{"@id":"https:\/\/www.manaus.am.gov.br\/semasc\/#\/schema\/logo\/image\/"},"sameAs":["https:\/\/www.facebook.com\/semascmanaus","https:\/\/www.instagram.com\/semascmanaus\/"]},{"@type":"Person","@id":"https:\/\/www.manaus.am.gov.br\/semasc\/#\/schema\/person\/466a0e03ae4b6062809046bd560ac955","name":"bvalente","image":{"@type":"ImageObject","inLanguage":"pt-BR","@id":"https:\/\/www.manaus.am.gov.br\/semasc\/#\/schema\/person\/image\/","url":"https:\/\/secure.gravatar.com\/avatar\/3e69bc2b014bdad41adfec3a39de07d2?s=96&d=mm&r=g","contentUrl":"https:\/\/secure.gravatar.com\/avatar\/3e69bc2b014bdad41adfec3a39de07d2?s=96&d=mm&r=g","caption":"bvalente"}}]}},"_links":{"self":[{"href":"https:\/\/www.manaus.am.gov.br\/semasc\/wp-json\/wp\/v2\/posts\/210203"}],"collection":[{"href":"https:\/\/www.manaus.am.gov.br\/semasc\/wp-json\/wp\/v2\/posts"}],"about":[{"href":"https:\/\/www.manaus.am.gov.br\/semasc\/wp-json\/wp\/v2\/types\/post"}],"author":[{"embeddable":true,"href":"https:\/\/www.manaus.am.gov.br\/semasc\/wp-json\/wp\/v2\/users\/68"}],"replies":[{"embeddable":true,"href":"https:\/\/www.manaus.am.gov.br\/semasc\/wp-json\/wp\/v2\/comments?post=210203"}],"version-history":[{"count":1,"href":"https:\/\/www.manaus.am.gov.br\/semasc\/wp-json\/wp\/v2\/posts\/210203\/revisions"}],"predecessor-version":[{"id":210205,"href":"https:\/\/www.manaus.am.gov.br\/semasc\/wp-json\/wp\/v2\/posts\/210203\/revisions\/210205"}],"wp:featuredmedia":[{"embeddable":true,"href":"https:\/\/www.manaus.am.gov.br\/semasc\/wp-json\/wp\/v2\/media\/210204"}],"wp:attachment":[{"href":"https:\/\/www.manaus.am.gov.br\/semasc\/wp-json\/wp\/v2\/media?parent=210203"}],"wp:term":[{"taxonomy":"category","embeddable":true,"href":"https:\/\/www.manaus.am.gov.br\/semasc\/wp-json\/wp\/v2\/categories?post=210203"},{"taxonomy":"post_tag","embeddable":true,"href":"https:\/\/www.manaus.am.gov.br\/semasc\/wp-json\/wp\/v2\/tags?post=210203"}],"curies":[{"name":"wp","href":"https:\/\/api.w.org\/{rel}","templated":true}]}}