{"id":210096,"date":"2024-04-03T16:25:10","date_gmt":"2024-04-03T20:25:10","guid":{"rendered":"https:\/\/www.manaus.am.gov.br\/semasc\/seguranca-alimentar-semasc\/"},"modified":"2024-04-08T12:08:57","modified_gmt":"2024-04-08T16:08:57","slug":"seguranca-alimentar-semasc","status":"publish","type":"post","link":"https:\/\/www.manaus.am.gov.br\/semasc\/seguranca-alimentar-semasc\/","title":{"rendered":"Prefeitura de Manaus inaugura mais uma unidade do \u201cPrato do Povo\u201d na zona Leste"},"content":{"rendered":"\n<p>O prefeito de Manaus, David Almeida, inaugurou, nesta quarta-feira, 3\/4, a terceira unidade \u201cPrato do Povo\u201d da capital, desta vez localizada no bairro Col\u00f4nia Ant\u00f4nio Aleixo, na zona Leste. A iniciativa, que integra as a\u00e7\u00f5es do programa \u201cManaus sem Fome\u201d, lan\u00e7ado em dezembro do ano passado, visa proporcionar alimenta\u00e7\u00e3o saud\u00e1vel e acess\u00edvel para a popula\u00e7\u00e3o. A iniciativa \u00e9 fruto de emenda parlamentar do deputado federal Saullo Vianna.&nbsp;<\/p>\n\n\n\n<p>Com a inaugura\u00e7\u00e3o desta terceira unidade, o programa &#8220;Prato do Povo&#8221; amplia sua capacidade de atendimento, beneficiando um n\u00famero ainda maior de pessoas em situa\u00e7\u00e3o de vulnerabilidade com a distribui\u00e7\u00e3o de mais de mil refei\u00e7\u00f5es gratuitas por dia. Al\u00e9m disso, a presen\u00e7a do programa em diferentes regi\u00f5es da cidade facilita o acesso dos cidad\u00e3os aos servi\u00e7os alimentares essenciais.&nbsp;<\/p>\n\n\n\n<p>\u201cEstamos passando por um salto na qualidade dos servi\u00e7os \u00e0 popula\u00e7\u00e3o que merece ser destacado e com louvor: agora, mais mil pessoas ter\u00e3o acesso, todos os dias, a uma alimenta\u00e7\u00e3o de qualidade, estamos concluindo agora o processo de revitaliza\u00e7\u00e3o de nossos equipamentos de atendimento socioassistencial, al\u00e9m de uma taxa de atualiza\u00e7\u00e3o cadastral no Cadastro \u00danico de 92% em uma cidade que nunca havia passado dos 40%. N\u00e3o \u00e9 pouco o trabalho realizado para atender \u00e0 popula\u00e7\u00e3o carente de Manaus\u201d, destacou David Almeida.<\/p>\n\n\n\n<p>O titular da Semasc, Eduardo Lucas, ressaltou que esta ainda \u00e9 uma fase inicial de um trabalho a longo prazo que visa alterar o panorama geral da seguran\u00e7a alimentar e nutricional do munic\u00edpio, historicamente afetado pela fome. Por meio do programa \u201cManaus Sem Fome\u201d, a capital ir\u00e1 receber mais oito unidades do \u201cPrato do Povo\u201d, as seis cozinhas comunit\u00e1rias existentes ser\u00e3o revitalizadas e mais duas ser\u00e3o constru\u00eddas, al\u00e9m da inaugura\u00e7\u00e3o e implementa\u00e7\u00e3o do primeiro \u201cBanco Municipal de Alimentos\u201d, entre outras a\u00e7\u00f5es.&nbsp;<\/p>\n\n\n\n<p>\u201cManaus, assim como muitas cidades da regi\u00e3o Norte do pa\u00eds, ainda possui n\u00fameros muito preocupantes quando falamos de seguran\u00e7a alimentar e nutricional e por isso, estamos muito felizes em dar continuidade a este projeto que mudar\u00e1 a vida de milhares de fam\u00edlias n\u00e3o apenas aqui na zona Leste, mas em todo o territ\u00f3rio da cidade. O que estamos fazendo n\u00e3o \u00e9 pouco, mas o verdadeiro trabalho est\u00e1 s\u00f3 come\u00e7ando\u201d, afirmou.&nbsp;<\/p>\n\n\n\n<p>De acordo com Julianna Diz, diretora do Departamento de Seguran\u00e7a Alimentar e Nutricional da Semasc, o novo equipamento tamb\u00e9m marca um novo cen\u00e1rio para a cobertura socioassistencial do bairro Col\u00f4nia Ant\u00f4nio Aleixo como um todo ao garantir que as fam\u00edlias do territ\u00f3rio ter\u00e3o acesso \u00e0 alimenta\u00e7\u00e3o necess\u00e1ria.&nbsp;&nbsp;<\/p>\n\n\n\n<p>\u201c\u00c9 uma alimenta\u00e7\u00e3o desenvolvida com o apoio e acompanhamento de nutricionistas, balanceada, saud\u00e1vel, rica em nutrientes e, acima de tudo, de qualidade. \u00c9 tendo acesso a esse servi\u00e7o que o cidad\u00e3o poder\u00e1 ter for\u00e7as para estudar, trabalhar, se locomover em busca de outros servi\u00e7os necess\u00e1rios, entre muitas outras coisas. Este \u00e9 um direito b\u00e1sico, que todos devem ter acesso e que estamos trabalhando para garantir que assim seja\u201d, frisou.&nbsp;<\/p>\n\n\n\n<p>A dona de casa Maria Marinho, 53, foi uma das primeiras comunit\u00e1rias a experimentar o card\u00e1pio do novo espa\u00e7o. Acompanhada da filha, Maria relatou uma certa dificuldade para encontrar as palavras certas para descrever sua emo\u00e7\u00e3o. \u201cNingu\u00e9m nunca havia lembrado do nosso bairro, muito menos para trazer um restaurante gratuito para c\u00e1. \u00c9 maravilhoso, simplesmente maravilhoso, ent\u00e3o s\u00f3 tenho a agradecer ao Prefeito e sua equipe. Eu, como m\u00e3e, av\u00f3 e dona de casa, s\u00f3 tenho a agradecer mesmo\u201d, concluiu.&nbsp;<\/p>\n\n\n\n<p>\u2013 \u2013 \u2013&nbsp;<\/p>\n\n\n\n<p><strong>Texto &#8211; <\/strong>Guilherme Pacheco \/ Semasc<br><strong>Fotos &#8211; <\/strong>Jo\u00e3o Viana<strong> <\/strong>\/Semcom&nbsp;<br><strong>Dispon\u00edveis em &#8211;&nbsp; <\/strong><a href=\"https:\/\/flic.kr\/s\/aHBqjBk7ft\">https:\/\/flic.kr\/s\/aHBqjBk7ft<\/a>&nbsp;<\/p>\n","protected":false},"excerpt":{"rendered":"","protected":false},"author":68,"featured_media":210098,"comment_status":"closed","ping_status":"closed","sticky":false,"template":"","format":"standard","meta":{"footnotes":""},"categories":[34,1017],"tags":[737,836,392,1018],"acf":[],"yoast_head":"<!-- This site is optimized with the Yoast SEO plugin v23.0 - https:\/\/yoast.com\/wordpress\/plugins\/seo\/ -->\n<title>Prefeitura inaugura mais uma unidade do \u201cPrato do Povo\u201d<\/title>\n<meta name=\"description\" content=\"O prefeito David Almeida, inaugurou, a terceira unidade \u201cPrato do Povo\u201d da capital, desta vez localizada no bairro Col\u00f4nia Ant\u00f4nio Aleixo,.\" \/>\n<meta name=\"robots\" content=\"noindex, follow\" \/>\n<meta property=\"og:locale\" content=\"pt_BR\" \/>\n<meta property=\"og:type\" content=\"article\" \/>\n<meta property=\"og:title\" content=\"Prefeitura inaugura mais uma unidade do \u201cPrato do Povo\u201d\" \/>\n<meta property=\"og:description\" content=\"O prefeito David Almeida, inaugurou, a terceira unidade \u201cPrato do Povo\u201d da capital, desta vez localizada no bairro Col\u00f4nia Ant\u00f4nio Aleixo,.\" \/>\n<meta property=\"og:url\" content=\"https:\/\/www.manaus.am.gov.br\/semasc\/seguranca-alimentar-semasc\/\" \/>\n<meta property=\"og:site_name\" content=\"SEMASC\" \/>\n<meta property=\"article:publisher\" content=\"https:\/\/www.facebook.com\/semascmanaus\" \/>\n<meta property=\"article:published_time\" content=\"2024-04-03T20:25:10+00:00\" \/>\n<meta property=\"article:modified_time\" content=\"2024-04-08T16:08:57+00:00\" \/>\n<meta property=\"og:image\" content=\"https:\/\/www.manaus.am.gov.br\/semasc\/wp-content\/uploads\/sites\/17\/2024\/04\/53629736946_500969b4ac_k.jpg\" \/>\n\t<meta property=\"og:image:width\" content=\"2047\" \/>\n\t<meta property=\"og:image:height\" content=\"1365\" \/>\n\t<meta property=\"og:image:type\" content=\"image\/jpeg\" \/>\n<meta name=\"author\" content=\"bvalente\" \/>\n<meta name=\"twitter:card\" content=\"summary_large_image\" \/>\n<meta name=\"twitter:label1\" content=\"Written by\" \/>\n\t<meta name=\"twitter:data1\" content=\"bvalente\" \/>\n\t<meta name=\"twitter:label2\" content=\"Est. reading time\" \/>\n\t<meta name=\"twitter:data2\" content=\"4 minutos\" \/>\n<script type=\"application\/ld+json\" class=\"yoast-schema-graph\">{\"@context\":\"https:\/\/schema.org\",\"@graph\":[{\"@type\":\"Article\",\"@id\":\"https:\/\/www.manaus.am.gov.br\/semasc\/seguranca-alimentar-semasc\/#article\",\"isPartOf\":{\"@id\":\"https:\/\/www.manaus.am.gov.br\/semasc\/seguranca-alimentar-semasc\/\"},\"author\":{\"name\":\"bvalente\",\"@id\":\"https:\/\/www.manaus.am.gov.br\/semasc\/#\/schema\/person\/466a0e03ae4b6062809046bd560ac955\"},\"headline\":\"Prefeitura de Manaus inaugura mais uma unidade do \u201cPrato do Povo\u201d na zona Leste\",\"datePublished\":\"2024-04-03T20:25:10+00:00\",\"dateModified\":\"2024-04-08T16:08:57+00:00\",\"mainEntityOfPage\":{\"@id\":\"https:\/\/www.manaus.am.gov.br\/semasc\/seguranca-alimentar-semasc\/\"},\"wordCount\":657,\"publisher\":{\"@id\":\"https:\/\/www.manaus.am.gov.br\/semasc\/#organization\"},\"image\":{\"@id\":\"https:\/\/www.manaus.am.gov.br\/semasc\/seguranca-alimentar-semasc\/#primaryimage\"},\"thumbnailUrl\":\"https:\/\/www.manaus.am.gov.br\/semasc\/wp-content\/uploads\/sites\/17\/2024\/04\/53629736946_500969b4ac_k.jpg\",\"keywords\":[\"Assist\u00eancia Social e Cidadania (Semasc)\",\"restaurante Prato do Povo\",\"Seguran\u00e7a Alimentar\",\"zona Leste da capital\"],\"articleSection\":[\"Assist\u00eancia Social\",\"Seguran\u00e7a\"],\"inLanguage\":\"pt-BR\"},{\"@type\":\"WebPage\",\"@id\":\"https:\/\/www.manaus.am.gov.br\/semasc\/seguranca-alimentar-semasc\/\",\"url\":\"https:\/\/www.manaus.am.gov.br\/semasc\/seguranca-alimentar-semasc\/\",\"name\":\"Prefeitura inaugura mais uma unidade do \u201cPrato do Povo\u201d\",\"isPartOf\":{\"@id\":\"https:\/\/www.manaus.am.gov.br\/semasc\/#website\"},\"primaryImageOfPage\":{\"@id\":\"https:\/\/www.manaus.am.gov.br\/semasc\/seguranca-alimentar-semasc\/#primaryimage\"},\"image\":{\"@id\":\"https:\/\/www.manaus.am.gov.br\/semasc\/seguranca-alimentar-semasc\/#primaryimage\"},\"thumbnailUrl\":\"https:\/\/www.manaus.am.gov.br\/semasc\/wp-content\/uploads\/sites\/17\/2024\/04\/53629736946_500969b4ac_k.jpg\",\"datePublished\":\"2024-04-03T20:25:10+00:00\",\"dateModified\":\"2024-04-08T16:08:57+00:00\",\"description\":\"O prefeito David Almeida, inaugurou, a terceira unidade \u201cPrato do Povo\u201d da capital, desta vez localizada no bairro Col\u00f4nia Ant\u00f4nio Aleixo,.\",\"breadcrumb\":{\"@id\":\"https:\/\/www.manaus.am.gov.br\/semasc\/seguranca-alimentar-semasc\/#breadcrumb\"},\"inLanguage\":\"pt-BR\",\"potentialAction\":[{\"@type\":\"ReadAction\",\"target\":[\"https:\/\/www.manaus.am.gov.br\/semasc\/seguranca-alimentar-semasc\/\"]}]},{\"@type\":\"ImageObject\",\"inLanguage\":\"pt-BR\",\"@id\":\"https:\/\/www.manaus.am.gov.br\/semasc\/seguranca-alimentar-semasc\/#primaryimage\",\"url\":\"https:\/\/www.manaus.am.gov.br\/semasc\/wp-content\/uploads\/sites\/17\/2024\/04\/53629736946_500969b4ac_k.jpg\",\"contentUrl\":\"https:\/\/www.manaus.am.gov.br\/semasc\/wp-content\/uploads\/sites\/17\/2024\/04\/53629736946_500969b4ac_k.jpg\",\"width\":2047,\"height\":1365},{\"@type\":\"BreadcrumbList\",\"@id\":\"https:\/\/www.manaus.am.gov.br\/semasc\/seguranca-alimentar-semasc\/#breadcrumb\",\"itemListElement\":[{\"@type\":\"ListItem\",\"position\":1,\"name\":\"Home\",\"item\":\"https:\/\/www.manaus.am.gov.br\/semasc\/\"},{\"@type\":\"ListItem\",\"position\":2,\"name\":\"Prefeitura de Manaus inaugura mais uma unidade do \u201cPrato do Povo\u201d na zona Leste\"}]},{\"@type\":\"WebSite\",\"@id\":\"https:\/\/www.manaus.am.gov.br\/semasc\/#website\",\"url\":\"https:\/\/www.manaus.am.gov.br\/semasc\/\",\"name\":\"SEMASC\",\"description\":\"Secretaria Municipal da Mulher, Assist\u00eancia Social e Cidadania.\",\"publisher\":{\"@id\":\"https:\/\/www.manaus.am.gov.br\/semasc\/#organization\"},\"alternateName\":\"Secretaria Municipal da Mulher, Assist\u00eancia Social e Cidadania\",\"potentialAction\":[{\"@type\":\"SearchAction\",\"target\":{\"@type\":\"EntryPoint\",\"urlTemplate\":\"https:\/\/www.manaus.am.gov.br\/semasc\/?s={search_term_string}\"},\"query-input\":\"required name=search_term_string\"}],\"inLanguage\":\"pt-BR\"},{\"@type\":\"Organization\",\"@id\":\"https:\/\/www.manaus.am.gov.br\/semasc\/#organization\",\"name\":\"Prefeitura de Manaus\",\"alternateName\":\"Prefeitura Municipal de Manaus\",\"url\":\"https:\/\/www.manaus.am.gov.br\/semasc\/\",\"logo\":{\"@type\":\"ImageObject\",\"inLanguage\":\"pt-BR\",\"@id\":\"https:\/\/www.manaus.am.gov.br\/semasc\/#\/schema\/logo\/image\/\",\"url\":\"https:\/\/www.manaus.am.gov.br\/semasc\/wp-content\/uploads\/sites\/17\/2024\/07\/favicon.png\",\"contentUrl\":\"https:\/\/www.manaus.am.gov.br\/semasc\/wp-content\/uploads\/sites\/17\/2024\/07\/favicon.png\",\"width\":300,\"height\":300,\"caption\":\"Prefeitura de Manaus\"},\"image\":{\"@id\":\"https:\/\/www.manaus.am.gov.br\/semasc\/#\/schema\/logo\/image\/\"},\"sameAs\":[\"https:\/\/www.facebook.com\/semascmanaus\",\"https:\/\/www.instagram.com\/semascmanaus\/\"]},{\"@type\":\"Person\",\"@id\":\"https:\/\/www.manaus.am.gov.br\/semasc\/#\/schema\/person\/466a0e03ae4b6062809046bd560ac955\",\"name\":\"bvalente\",\"image\":{\"@type\":\"ImageObject\",\"inLanguage\":\"pt-BR\",\"@id\":\"https:\/\/www.manaus.am.gov.br\/semasc\/#\/schema\/person\/image\/\",\"url\":\"https:\/\/secure.gravatar.com\/avatar\/3e69bc2b014bdad41adfec3a39de07d2?s=96&d=mm&r=g\",\"contentUrl\":\"https:\/\/secure.gravatar.com\/avatar\/3e69bc2b014bdad41adfec3a39de07d2?s=96&d=mm&r=g\",\"caption\":\"bvalente\"}}]}<\/script>\n<!-- \/ Yoast SEO plugin. -->","yoast_head_json":{"title":"Prefeitura inaugura mais uma unidade do \u201cPrato do Povo\u201d","description":"O prefeito David Almeida, inaugurou, a terceira unidade \u201cPrato do Povo\u201d da capital, desta vez localizada no bairro Col\u00f4nia Ant\u00f4nio Aleixo,.","robots":{"index":"noindex","follow":"follow"},"og_locale":"pt_BR","og_type":"article","og_title":"Prefeitura inaugura mais uma unidade do \u201cPrato do Povo\u201d","og_description":"O prefeito David Almeida, inaugurou, a terceira unidade \u201cPrato do Povo\u201d da capital, desta vez localizada no bairro Col\u00f4nia Ant\u00f4nio Aleixo,.","og_url":"https:\/\/www.manaus.am.gov.br\/semasc\/seguranca-alimentar-semasc\/","og_site_name":"SEMASC","article_publisher":"https:\/\/www.facebook.com\/semascmanaus","article_published_time":"2024-04-03T20:25:10+00:00","article_modified_time":"2024-04-08T16:08:57+00:00","og_image":[{"width":2047,"height":1365,"url":"https:\/\/www.manaus.am.gov.br\/semasc\/wp-content\/uploads\/sites\/17\/2024\/04\/53629736946_500969b4ac_k.jpg","type":"image\/jpeg"}],"author":"bvalente","twitter_card":"summary_large_image","twitter_misc":{"Written by":"bvalente","Est. reading time":"4 minutos"},"schema":{"@context":"https:\/\/schema.org","@graph":[{"@type":"Article","@id":"https:\/\/www.manaus.am.gov.br\/semasc\/seguranca-alimentar-semasc\/#article","isPartOf":{"@id":"https:\/\/www.manaus.am.gov.br\/semasc\/seguranca-alimentar-semasc\/"},"author":{"name":"bvalente","@id":"https:\/\/www.manaus.am.gov.br\/semasc\/#\/schema\/person\/466a0e03ae4b6062809046bd560ac955"},"headline":"Prefeitura de Manaus inaugura mais uma unidade do \u201cPrato do Povo\u201d na zona Leste","datePublished":"2024-04-03T20:25:10+00:00","dateModified":"2024-04-08T16:08:57+00:00","mainEntityOfPage":{"@id":"https:\/\/www.manaus.am.gov.br\/semasc\/seguranca-alimentar-semasc\/"},"wordCount":657,"publisher":{"@id":"https:\/\/www.manaus.am.gov.br\/semasc\/#organization"},"image":{"@id":"https:\/\/www.manaus.am.gov.br\/semasc\/seguranca-alimentar-semasc\/#primaryimage"},"thumbnailUrl":"https:\/\/www.manaus.am.gov.br\/semasc\/wp-content\/uploads\/sites\/17\/2024\/04\/53629736946_500969b4ac_k.jpg","keywords":["Assist\u00eancia Social e Cidadania (Semasc)","restaurante Prato do Povo","Seguran\u00e7a Alimentar","zona Leste da capital"],"articleSection":["Assist\u00eancia Social","Seguran\u00e7a"],"inLanguage":"pt-BR"},{"@type":"WebPage","@id":"https:\/\/www.manaus.am.gov.br\/semasc\/seguranca-alimentar-semasc\/","url":"https:\/\/www.manaus.am.gov.br\/semasc\/seguranca-alimentar-semasc\/","name":"Prefeitura inaugura mais uma unidade do \u201cPrato do Povo\u201d","isPartOf":{"@id":"https:\/\/www.manaus.am.gov.br\/semasc\/#website"},"primaryImageOfPage":{"@id":"https:\/\/www.manaus.am.gov.br\/semasc\/seguranca-alimentar-semasc\/#primaryimage"},"image":{"@id":"https:\/\/www.manaus.am.gov.br\/semasc\/seguranca-alimentar-semasc\/#primaryimage"},"thumbnailUrl":"https:\/\/www.manaus.am.gov.br\/semasc\/wp-content\/uploads\/sites\/17\/2024\/04\/53629736946_500969b4ac_k.jpg","datePublished":"2024-04-03T20:25:10+00:00","dateModified":"2024-04-08T16:08:57+00:00","description":"O prefeito David Almeida, inaugurou, a terceira unidade \u201cPrato do Povo\u201d da capital, desta vez localizada no bairro Col\u00f4nia Ant\u00f4nio Aleixo,.","breadcrumb":{"@id":"https:\/\/www.manaus.am.gov.br\/semasc\/seguranca-alimentar-semasc\/#breadcrumb"},"inLanguage":"pt-BR","potentialAction":[{"@type":"ReadAction","target":["https:\/\/www.manaus.am.gov.br\/semasc\/seguranca-alimentar-semasc\/"]}]},{"@type":"ImageObject","inLanguage":"pt-BR","@id":"https:\/\/www.manaus.am.gov.br\/semasc\/seguranca-alimentar-semasc\/#primaryimage","url":"https:\/\/www.manaus.am.gov.br\/semasc\/wp-content\/uploads\/sites\/17\/2024\/04\/53629736946_500969b4ac_k.jpg","contentUrl":"https:\/\/www.manaus.am.gov.br\/semasc\/wp-content\/uploads\/sites\/17\/2024\/04\/53629736946_500969b4ac_k.jpg","width":2047,"height":1365},{"@type":"BreadcrumbList","@id":"https:\/\/www.manaus.am.gov.br\/semasc\/seguranca-alimentar-semasc\/#breadcrumb","itemListElement":[{"@type":"ListItem","position":1,"name":"Home","item":"https:\/\/www.manaus.am.gov.br\/semasc\/"},{"@type":"ListItem","position":2,"name":"Prefeitura de Manaus inaugura mais uma unidade do \u201cPrato do Povo\u201d na zona Leste"}]},{"@type":"WebSite","@id":"https:\/\/www.manaus.am.gov.br\/semasc\/#website","url":"https:\/\/www.manaus.am.gov.br\/semasc\/","name":"SEMASC","description":"Secretaria Municipal da Mulher, Assist\u00eancia Social e Cidadania.","publisher":{"@id":"https:\/\/www.manaus.am.gov.br\/semasc\/#organization"},"alternateName":"Secretaria Municipal da Mulher, Assist\u00eancia Social e Cidadania","potentialAction":[{"@type":"SearchAction","target":{"@type":"EntryPoint","urlTemplate":"https:\/\/www.manaus.am.gov.br\/semasc\/?s={search_term_string}"},"query-input":"required name=search_term_string"}],"inLanguage":"pt-BR"},{"@type":"Organization","@id":"https:\/\/www.manaus.am.gov.br\/semasc\/#organization","name":"Prefeitura de Manaus","alternateName":"Prefeitura Municipal de Manaus","url":"https:\/\/www.manaus.am.gov.br\/semasc\/","logo":{"@type":"ImageObject","inLanguage":"pt-BR","@id":"https:\/\/www.manaus.am.gov.br\/semasc\/#\/schema\/logo\/image\/","url":"https:\/\/www.manaus.am.gov.br\/semasc\/wp-content\/uploads\/sites\/17\/2024\/07\/favicon.png","contentUrl":"https:\/\/www.manaus.am.gov.br\/semasc\/wp-content\/uploads\/sites\/17\/2024\/07\/favicon.png","width":300,"height":300,"caption":"Prefeitura de Manaus"},"image":{"@id":"https:\/\/www.manaus.am.gov.br\/semasc\/#\/schema\/logo\/image\/"},"sameAs":["https:\/\/www.facebook.com\/semascmanaus","https:\/\/www.instagram.com\/semascmanaus\/"]},{"@type":"Person","@id":"https:\/\/www.manaus.am.gov.br\/semasc\/#\/schema\/person\/466a0e03ae4b6062809046bd560ac955","name":"bvalente","image":{"@type":"ImageObject","inLanguage":"pt-BR","@id":"https:\/\/www.manaus.am.gov.br\/semasc\/#\/schema\/person\/image\/","url":"https:\/\/secure.gravatar.com\/avatar\/3e69bc2b014bdad41adfec3a39de07d2?s=96&d=mm&r=g","contentUrl":"https:\/\/secure.gravatar.com\/avatar\/3e69bc2b014bdad41adfec3a39de07d2?s=96&d=mm&r=g","caption":"bvalente"}}]}},"_links":{"self":[{"href":"https:\/\/www.manaus.am.gov.br\/semasc\/wp-json\/wp\/v2\/posts\/210096"}],"collection":[{"href":"https:\/\/www.manaus.am.gov.br\/semasc\/wp-json\/wp\/v2\/posts"}],"about":[{"href":"https:\/\/www.manaus.am.gov.br\/semasc\/wp-json\/wp\/v2\/types\/post"}],"author":[{"embeddable":true,"href":"https:\/\/www.manaus.am.gov.br\/semasc\/wp-json\/wp\/v2\/users\/68"}],"replies":[{"embeddable":true,"href":"https:\/\/www.manaus.am.gov.br\/semasc\/wp-json\/wp\/v2\/comments?post=210096"}],"version-history":[{"count":2,"href":"https:\/\/www.manaus.am.gov.br\/semasc\/wp-json\/wp\/v2\/posts\/210096\/revisions"}],"predecessor-version":[{"id":210100,"href":"https:\/\/www.manaus.am.gov.br\/semasc\/wp-json\/wp\/v2\/posts\/210096\/revisions\/210100"}],"wp:featuredmedia":[{"embeddable":true,"href":"https:\/\/www.manaus.am.gov.br\/semasc\/wp-json\/wp\/v2\/media\/210098"}],"wp:attachment":[{"href":"https:\/\/www.manaus.am.gov.br\/semasc\/wp-json\/wp\/v2\/media?parent=210096"}],"wp:term":[{"taxonomy":"category","embeddable":true,"href":"https:\/\/www.manaus.am.gov.br\/semasc\/wp-json\/wp\/v2\/categories?post=210096"},{"taxonomy":"post_tag","embeddable":true,"href":"https:\/\/www.manaus.am.gov.br\/semasc\/wp-json\/wp\/v2\/tags?post=210096"}],"curies":[{"name":"wp","href":"https:\/\/api.w.org\/{rel}","templated":true}]}}