{"id":210078,"date":"2024-03-27T13:18:22","date_gmt":"2024-03-27T17:18:22","guid":{"rendered":"https:\/\/www.manaus.am.gov.br\/semasc\/servicos-semana-santa\/"},"modified":"2024-04-04T15:16:44","modified_gmt":"2024-04-04T19:16:44","slug":"servicos-semana-santa","status":"publish","type":"post","link":"https:\/\/www.manaus.am.gov.br\/semasc\/servicos-semana-santa\/","title":{"rendered":"Prefeitura garante servi\u00e7os essenciais \u00e0 popula\u00e7\u00e3o no ponto facultativo e feriado da Semana Santa"},"content":{"rendered":"\n<p>Os servi\u00e7os essenciais da Prefeitura de Manaus ser\u00e3o mantidos durante as datas comemorativas da Semana Santa, da Quinta-Feira Santa, 28\/3, quando \u00e9 ponto facultativo no munic\u00edpio, at\u00e9 o Domingo de P\u00e1scoa, 31\/3.<\/p>\n\n\n\n<p>Quatro servi\u00e7os gerenciados pela Secretaria Municipal de Sa\u00fade (Semsa) ficam \u00e0 disposi\u00e7\u00e3o da popula\u00e7\u00e3o todos os dias, inclusive nos fins de semana e feriados.<\/p>\n\n\n\n<p>As unidades de hor\u00e1rio ampliado da rede municipal n\u00e3o funcionar\u00e3o no s\u00e1bado, 30\/3. Para acesso aos servi\u00e7os b\u00e1sicos da Aten\u00e7\u00e3o Prim\u00e1ria \u00e0 Sa\u00fade, como vacina\u00e7\u00e3o do calend\u00e1rio b\u00e1sico, procedimentos no Sistema de Regula\u00e7\u00e3o (Sisreg) e testes r\u00e1pidos de Infec\u00e7\u00f5es Sexualmente Transmiss\u00edveis (ISTs), popula\u00e7\u00e3o pode se dirigir \u00e0 Cl\u00ednica da Fam\u00edlia Carmen Nicolau, aberta todos os dias, das 8h \u00e0s 18h, na rua Santa Tereza D\u2019\u00c1vila, s\/n\u00ba, bairro Lago Azul, zona Norte.<\/p>\n\n\n\n<p>A Maternidade Dr. Moura Tapaj\u00f3z, no bairro Compensa, zona Oeste da capital, funciona em regime de plant\u00e3o 24 horas, todos os dias, assim como o Servi\u00e7o de Atendimento M\u00f3vel de Urg\u00eancia (Samu), que pode ser acionado para socorro em situa\u00e7\u00f5es de emerg\u00eancia e urg\u00eancia, pelo n\u00famero 192.<\/p>\n\n\n\n<p>O Centro de Emiss\u00e3o de Declara\u00e7\u00e3o de \u00d3bito por Causa Natural em Domic\u00edlio (Cedo) mant\u00e9m atendimento aos usu\u00e1rios das 8h \u00e0s 18h, por meio do n\u00famero (92) 98842-8437. Os demais estabelecimentos da rede municipal de sa\u00fade retomam as atividades regulares na segunda-feira, 1\u00ba\/4.<\/p>\n\n\n\n<p><strong>Assist\u00eancia<\/strong><\/p>\n\n\n\n<p>O SOS Funeral, da Secretaria Municipal da Mulher, Assist\u00eancia Social e Cidadania (Semasc), tamb\u00e9m funcionar\u00e1 normalmente, 24 horas por dia. Pode-se entrar em contato com o servi\u00e7o pelos n\u00fameros: 98842-2963 (WhatsApp) \/ 0800 280 8087 \/&nbsp; 3215-2649 \/ 3631-9983. A solicita\u00e7\u00e3o do servi\u00e7o tamb\u00e9m pode ser feita diretamente na sede da Semasc, na avenida Ayr\u00e3o com avenida Ferreira Pena, no Centro.<\/p>\n\n\n\n<p><strong>Feiras e mercado<\/strong><\/p>\n\n\n\n<p>A Secretaria Municipal de Agricultura, Abastecimento, Centro e Com\u00e9rcio informal (Semacc) informa que o mercado municipal Adolpho Lisboa, na avenida Louren\u00e7o Braga, Centro, funciona das 6h \u00e0s 17h, tanto na quinta-feira, 28\/3, quanto no s\u00e1bado, 30\/3. No feriado da Sexta-Feira Santa e no domingo, o mercado abre somente das 6h \u00e0s 12h.<\/p>\n\n\n\n<p>As feiras do Produtor, na zona Leste, e Coronel Jorge Teixeira (Manaus Moderna) funcionam, das 5h \u00e0s 20h, na quinta-feira; na sexta-feira, das 5h \u00e0s 12h e, no s\u00e1bado e domingo, ser\u00e1 mantido o hor\u00e1rio normal, das 3h at\u00e9 as 17h.<\/p>\n\n\n\n<p>A feira municipal da Panair, bairro Educandos, zona Sul, abre as portas das 5h \u00e0s 23h, na quinta-feira. Na sexta-feira, das 5h \u00e0s 12h, s\u00e1bado e domingo, hor\u00e1rio normal.<\/p>\n\n\n\n<p><strong>Sine Manaus<\/strong><\/p>\n\n\n\n<p>A Secretaria Municipal do Trabalho, Empreendedorismo e Inova\u00e7\u00e3o (Semtepi) informa que o atendimento nos postos do Sine Manaus, localizados na avenida Constantino Nery, zona Sul, e no shopping Phelippe Daou, zona Leste de Manaus, estar\u00e3o suspensos durante os dias 28 e 29 de mar\u00e7o, em virtude do ponto facultativo e feriado religioso de Sexta-Feira da Paix\u00e3o.<\/p>\n\n\n\n<p>As atividades retornam normalmente na segunda-feira, 1\u00b0\/4. N\u00e3o \u00e9 necess\u00e1rio fazer agendamento pr\u00e9vio para acessar os servi\u00e7os. A popula\u00e7\u00e3o pode se dirigir a um dos postos, portando os documentos originais e o cart\u00e3o de vacina\u00e7\u00e3o, com o esquema vacinal completo contra a Covid-19, de segunda a sexta-feira, das 8h \u00e0s 14h.<\/p>\n\n\n\n<p><strong>Com\u00e9rcio&nbsp;<\/strong><\/p>\n\n\n\n<p>A Semtepi divulga, ainda, que o shopping Phelippe Daou, bairro Jorge Teixeira, zona Leste, e galerias populares Esp\u00edrito Santo e Rem\u00e9dios, Centro, zona Sul da capital, funcionar\u00e3o das 8h \u00e0s 17h, na quinta e s\u00e1bado. No feriado de sexta, os espa\u00e7os estar\u00e3o fechados.<\/p>\n\n\n\n<p>&#8212; &#8212; &#8212;<\/p>\n\n\n\n<p><strong>Texto<\/strong>&nbsp;\u2013 Divulga\u00e7\u00e3o\/Semsa\/Semasc\/Semacc\/Semtepi<\/p>\n\n\n\n<p><strong>Fotos<\/strong>&nbsp;\u2013 Arquivo\/Semcom<\/p>\n","protected":false},"excerpt":{"rendered":"","protected":false},"author":23,"featured_media":210079,"comment_status":"closed","ping_status":"closed","sticky":false,"template":"","format":"standard","meta":{"footnotes":""},"categories":[1008],"tags":[1009,1010,1011,7,1012,1013],"acf":[],"yoast_head":"<!-- This site is optimized with the Yoast SEO plugin v23.0 - https:\/\/yoast.com\/wordpress\/plugins\/seo\/ -->\n<title>Prefeitura garante servi\u00e7os essenciais \u00e0 popula\u00e7\u00e3o nas datas celebrativas da Semana Santa<\/title>\n<meta name=\"description\" content=\"Os servi\u00e7os essenciais da Prefeitura de Manaus ser\u00e3o mantidos durante as datas comemorativas da Semana Santa, da Quinta-Feira Santa, 28\/3, quando \u00e9 ponto facultativo no munic\u00edpio, at\u00e9 o Domingo de P\u00e1scoa, 31\/3.\" \/>\n<meta name=\"robots\" content=\"noindex, follow\" \/>\n<meta property=\"og:locale\" content=\"pt_BR\" \/>\n<meta property=\"og:type\" content=\"article\" \/>\n<meta property=\"og:title\" content=\"Prefeitura garante servi\u00e7os essenciais \u00e0 popula\u00e7\u00e3o nas datas celebrativas da Semana Santa\" \/>\n<meta property=\"og:description\" content=\"Os servi\u00e7os essenciais da Prefeitura de Manaus ser\u00e3o mantidos durante as datas comemorativas da Semana Santa, da Quinta-Feira Santa, 28\/3, quando \u00e9 ponto facultativo no munic\u00edpio, at\u00e9 o Domingo de P\u00e1scoa, 31\/3.\" \/>\n<meta property=\"og:url\" content=\"https:\/\/www.manaus.am.gov.br\/semasc\/servicos-semana-santa\/\" \/>\n<meta property=\"og:site_name\" content=\"SEMASC\" \/>\n<meta property=\"article:publisher\" content=\"https:\/\/www.facebook.com\/semascmanaus\" \/>\n<meta property=\"article:published_time\" content=\"2024-03-27T17:18:22+00:00\" \/>\n<meta property=\"article:modified_time\" content=\"2024-04-04T19:16:44+00:00\" \/>\n<meta property=\"og:image\" content=\"https:\/\/www.manaus.am.gov.br\/semasc\/wp-content\/uploads\/sites\/17\/2024\/03\/51899346177_33cac72614_c.jpg\" \/>\n\t<meta property=\"og:image:width\" content=\"799\" \/>\n\t<meta property=\"og:image:height\" content=\"533\" \/>\n\t<meta property=\"og:image:type\" content=\"image\/jpeg\" \/>\n<meta name=\"author\" content=\"Adriana Costa\" \/>\n<meta name=\"twitter:card\" content=\"summary_large_image\" \/>\n<meta name=\"twitter:label1\" content=\"Written by\" \/>\n\t<meta name=\"twitter:data1\" content=\"Adriana Costa\" \/>\n\t<meta name=\"twitter:label2\" content=\"Est. reading time\" \/>\n\t<meta name=\"twitter:data2\" content=\"4 minutos\" \/>\n<script type=\"application\/ld+json\" class=\"yoast-schema-graph\">{\"@context\":\"https:\/\/schema.org\",\"@graph\":[{\"@type\":\"Article\",\"@id\":\"https:\/\/www.manaus.am.gov.br\/semasc\/servicos-semana-santa\/#article\",\"isPartOf\":{\"@id\":\"https:\/\/www.manaus.am.gov.br\/semasc\/servicos-semana-santa\/\"},\"author\":{\"name\":\"Adriana Costa\",\"@id\":\"https:\/\/www.manaus.am.gov.br\/semasc\/#\/schema\/person\/4e49f4e267757a06ca072ec61b2b9968\"},\"headline\":\"Prefeitura garante servi\u00e7os essenciais \u00e0 popula\u00e7\u00e3o no ponto facultativo e feriado da Semana Santa\",\"datePublished\":\"2024-03-27T17:18:22+00:00\",\"dateModified\":\"2024-04-04T19:16:44+00:00\",\"mainEntityOfPage\":{\"@id\":\"https:\/\/www.manaus.am.gov.br\/semasc\/servicos-semana-santa\/\"},\"wordCount\":644,\"publisher\":{\"@id\":\"https:\/\/www.manaus.am.gov.br\/semasc\/#organization\"},\"image\":{\"@id\":\"https:\/\/www.manaus.am.gov.br\/semasc\/servicos-semana-santa\/#primaryimage\"},\"thumbnailUrl\":\"https:\/\/www.manaus.am.gov.br\/semasc\/wp-content\/uploads\/sites\/17\/2024\/03\/51899346177_33cac72614_c.jpg\",\"keywords\":[\"feriado\",\"funcionamento\",\"ponto facultativo\",\"prefeitura de manaus\",\"semana santa\",\"servi\u00e7os essenciais\"],\"articleSection\":[\"Funcionamento\"],\"inLanguage\":\"pt-BR\"},{\"@type\":\"WebPage\",\"@id\":\"https:\/\/www.manaus.am.gov.br\/semasc\/servicos-semana-santa\/\",\"url\":\"https:\/\/www.manaus.am.gov.br\/semasc\/servicos-semana-santa\/\",\"name\":\"Prefeitura garante servi\u00e7os essenciais \u00e0 popula\u00e7\u00e3o nas datas celebrativas da Semana Santa\",\"isPartOf\":{\"@id\":\"https:\/\/www.manaus.am.gov.br\/semasc\/#website\"},\"primaryImageOfPage\":{\"@id\":\"https:\/\/www.manaus.am.gov.br\/semasc\/servicos-semana-santa\/#primaryimage\"},\"image\":{\"@id\":\"https:\/\/www.manaus.am.gov.br\/semasc\/servicos-semana-santa\/#primaryimage\"},\"thumbnailUrl\":\"https:\/\/www.manaus.am.gov.br\/semasc\/wp-content\/uploads\/sites\/17\/2024\/03\/51899346177_33cac72614_c.jpg\",\"datePublished\":\"2024-03-27T17:18:22+00:00\",\"dateModified\":\"2024-04-04T19:16:44+00:00\",\"description\":\"Os servi\u00e7os essenciais da Prefeitura de Manaus ser\u00e3o mantidos durante as datas comemorativas da Semana Santa, da Quinta-Feira Santa, 28\/3, quando \u00e9 ponto facultativo no munic\u00edpio, at\u00e9 o Domingo de P\u00e1scoa, 31\/3.\",\"breadcrumb\":{\"@id\":\"https:\/\/www.manaus.am.gov.br\/semasc\/servicos-semana-santa\/#breadcrumb\"},\"inLanguage\":\"pt-BR\",\"potentialAction\":[{\"@type\":\"ReadAction\",\"target\":[\"https:\/\/www.manaus.am.gov.br\/semasc\/servicos-semana-santa\/\"]}]},{\"@type\":\"ImageObject\",\"inLanguage\":\"pt-BR\",\"@id\":\"https:\/\/www.manaus.am.gov.br\/semasc\/servicos-semana-santa\/#primaryimage\",\"url\":\"https:\/\/www.manaus.am.gov.br\/semasc\/wp-content\/uploads\/sites\/17\/2024\/03\/51899346177_33cac72614_c.jpg\",\"contentUrl\":\"https:\/\/www.manaus.am.gov.br\/semasc\/wp-content\/uploads\/sites\/17\/2024\/03\/51899346177_33cac72614_c.jpg\",\"width\":799,\"height\":533},{\"@type\":\"BreadcrumbList\",\"@id\":\"https:\/\/www.manaus.am.gov.br\/semasc\/servicos-semana-santa\/#breadcrumb\",\"itemListElement\":[{\"@type\":\"ListItem\",\"position\":1,\"name\":\"Home\",\"item\":\"https:\/\/www.manaus.am.gov.br\/semasc\/\"},{\"@type\":\"ListItem\",\"position\":2,\"name\":\"Prefeitura garante servi\u00e7os essenciais \u00e0 popula\u00e7\u00e3o no ponto facultativo e feriado da Semana Santa\"}]},{\"@type\":\"WebSite\",\"@id\":\"https:\/\/www.manaus.am.gov.br\/semasc\/#website\",\"url\":\"https:\/\/www.manaus.am.gov.br\/semasc\/\",\"name\":\"SEMASC\",\"description\":\"Secretaria Municipal da Mulher, Assist\u00eancia Social e Cidadania.\",\"publisher\":{\"@id\":\"https:\/\/www.manaus.am.gov.br\/semasc\/#organization\"},\"alternateName\":\"Secretaria Municipal da Mulher, Assist\u00eancia Social e Cidadania\",\"potentialAction\":[{\"@type\":\"SearchAction\",\"target\":{\"@type\":\"EntryPoint\",\"urlTemplate\":\"https:\/\/www.manaus.am.gov.br\/semasc\/?s={search_term_string}\"},\"query-input\":\"required name=search_term_string\"}],\"inLanguage\":\"pt-BR\"},{\"@type\":\"Organization\",\"@id\":\"https:\/\/www.manaus.am.gov.br\/semasc\/#organization\",\"name\":\"Prefeitura de Manaus\",\"alternateName\":\"Prefeitura Municipal de Manaus\",\"url\":\"https:\/\/www.manaus.am.gov.br\/semasc\/\",\"logo\":{\"@type\":\"ImageObject\",\"inLanguage\":\"pt-BR\",\"@id\":\"https:\/\/www.manaus.am.gov.br\/semasc\/#\/schema\/logo\/image\/\",\"url\":\"https:\/\/www.manaus.am.gov.br\/semasc\/wp-content\/uploads\/sites\/17\/2024\/07\/favicon.png\",\"contentUrl\":\"https:\/\/www.manaus.am.gov.br\/semasc\/wp-content\/uploads\/sites\/17\/2024\/07\/favicon.png\",\"width\":300,\"height\":300,\"caption\":\"Prefeitura de Manaus\"},\"image\":{\"@id\":\"https:\/\/www.manaus.am.gov.br\/semasc\/#\/schema\/logo\/image\/\"},\"sameAs\":[\"https:\/\/www.facebook.com\/semascmanaus\",\"https:\/\/www.instagram.com\/semascmanaus\/\"]},{\"@type\":\"Person\",\"@id\":\"https:\/\/www.manaus.am.gov.br\/semasc\/#\/schema\/person\/4e49f4e267757a06ca072ec61b2b9968\",\"name\":\"Adriana Costa\",\"image\":{\"@type\":\"ImageObject\",\"inLanguage\":\"pt-BR\",\"@id\":\"https:\/\/www.manaus.am.gov.br\/semasc\/#\/schema\/person\/image\/\",\"url\":\"https:\/\/secure.gravatar.com\/avatar\/576258617ef7194f718179e766d57bd4?s=96&d=mm&r=g\",\"contentUrl\":\"https:\/\/secure.gravatar.com\/avatar\/576258617ef7194f718179e766d57bd4?s=96&d=mm&r=g\",\"caption\":\"Adriana Costa\"}}]}<\/script>\n<!-- \/ Yoast SEO plugin. -->","yoast_head_json":{"title":"Prefeitura garante servi\u00e7os essenciais \u00e0 popula\u00e7\u00e3o nas datas celebrativas da Semana Santa","description":"Os servi\u00e7os essenciais da Prefeitura de Manaus ser\u00e3o mantidos durante as datas comemorativas da Semana Santa, da Quinta-Feira Santa, 28\/3, quando \u00e9 ponto facultativo no munic\u00edpio, at\u00e9 o Domingo de P\u00e1scoa, 31\/3.","robots":{"index":"noindex","follow":"follow"},"og_locale":"pt_BR","og_type":"article","og_title":"Prefeitura garante servi\u00e7os essenciais \u00e0 popula\u00e7\u00e3o nas datas celebrativas da Semana Santa","og_description":"Os servi\u00e7os essenciais da Prefeitura de Manaus ser\u00e3o mantidos durante as datas comemorativas da Semana Santa, da Quinta-Feira Santa, 28\/3, quando \u00e9 ponto facultativo no munic\u00edpio, at\u00e9 o Domingo de P\u00e1scoa, 31\/3.","og_url":"https:\/\/www.manaus.am.gov.br\/semasc\/servicos-semana-santa\/","og_site_name":"SEMASC","article_publisher":"https:\/\/www.facebook.com\/semascmanaus","article_published_time":"2024-03-27T17:18:22+00:00","article_modified_time":"2024-04-04T19:16:44+00:00","og_image":[{"width":799,"height":533,"url":"https:\/\/www.manaus.am.gov.br\/semasc\/wp-content\/uploads\/sites\/17\/2024\/03\/51899346177_33cac72614_c.jpg","type":"image\/jpeg"}],"author":"Adriana Costa","twitter_card":"summary_large_image","twitter_misc":{"Written by":"Adriana Costa","Est. reading time":"4 minutos"},"schema":{"@context":"https:\/\/schema.org","@graph":[{"@type":"Article","@id":"https:\/\/www.manaus.am.gov.br\/semasc\/servicos-semana-santa\/#article","isPartOf":{"@id":"https:\/\/www.manaus.am.gov.br\/semasc\/servicos-semana-santa\/"},"author":{"name":"Adriana Costa","@id":"https:\/\/www.manaus.am.gov.br\/semasc\/#\/schema\/person\/4e49f4e267757a06ca072ec61b2b9968"},"headline":"Prefeitura garante servi\u00e7os essenciais \u00e0 popula\u00e7\u00e3o no ponto facultativo e feriado da Semana Santa","datePublished":"2024-03-27T17:18:22+00:00","dateModified":"2024-04-04T19:16:44+00:00","mainEntityOfPage":{"@id":"https:\/\/www.manaus.am.gov.br\/semasc\/servicos-semana-santa\/"},"wordCount":644,"publisher":{"@id":"https:\/\/www.manaus.am.gov.br\/semasc\/#organization"},"image":{"@id":"https:\/\/www.manaus.am.gov.br\/semasc\/servicos-semana-santa\/#primaryimage"},"thumbnailUrl":"https:\/\/www.manaus.am.gov.br\/semasc\/wp-content\/uploads\/sites\/17\/2024\/03\/51899346177_33cac72614_c.jpg","keywords":["feriado","funcionamento","ponto facultativo","prefeitura de manaus","semana santa","servi\u00e7os essenciais"],"articleSection":["Funcionamento"],"inLanguage":"pt-BR"},{"@type":"WebPage","@id":"https:\/\/www.manaus.am.gov.br\/semasc\/servicos-semana-santa\/","url":"https:\/\/www.manaus.am.gov.br\/semasc\/servicos-semana-santa\/","name":"Prefeitura garante servi\u00e7os essenciais \u00e0 popula\u00e7\u00e3o nas datas celebrativas da Semana Santa","isPartOf":{"@id":"https:\/\/www.manaus.am.gov.br\/semasc\/#website"},"primaryImageOfPage":{"@id":"https:\/\/www.manaus.am.gov.br\/semasc\/servicos-semana-santa\/#primaryimage"},"image":{"@id":"https:\/\/www.manaus.am.gov.br\/semasc\/servicos-semana-santa\/#primaryimage"},"thumbnailUrl":"https:\/\/www.manaus.am.gov.br\/semasc\/wp-content\/uploads\/sites\/17\/2024\/03\/51899346177_33cac72614_c.jpg","datePublished":"2024-03-27T17:18:22+00:00","dateModified":"2024-04-04T19:16:44+00:00","description":"Os servi\u00e7os essenciais da Prefeitura de Manaus ser\u00e3o mantidos durante as datas comemorativas da Semana Santa, da Quinta-Feira Santa, 28\/3, quando \u00e9 ponto facultativo no munic\u00edpio, at\u00e9 o Domingo de P\u00e1scoa, 31\/3.","breadcrumb":{"@id":"https:\/\/www.manaus.am.gov.br\/semasc\/servicos-semana-santa\/#breadcrumb"},"inLanguage":"pt-BR","potentialAction":[{"@type":"ReadAction","target":["https:\/\/www.manaus.am.gov.br\/semasc\/servicos-semana-santa\/"]}]},{"@type":"ImageObject","inLanguage":"pt-BR","@id":"https:\/\/www.manaus.am.gov.br\/semasc\/servicos-semana-santa\/#primaryimage","url":"https:\/\/www.manaus.am.gov.br\/semasc\/wp-content\/uploads\/sites\/17\/2024\/03\/51899346177_33cac72614_c.jpg","contentUrl":"https:\/\/www.manaus.am.gov.br\/semasc\/wp-content\/uploads\/sites\/17\/2024\/03\/51899346177_33cac72614_c.jpg","width":799,"height":533},{"@type":"BreadcrumbList","@id":"https:\/\/www.manaus.am.gov.br\/semasc\/servicos-semana-santa\/#breadcrumb","itemListElement":[{"@type":"ListItem","position":1,"name":"Home","item":"https:\/\/www.manaus.am.gov.br\/semasc\/"},{"@type":"ListItem","position":2,"name":"Prefeitura garante servi\u00e7os essenciais \u00e0 popula\u00e7\u00e3o no ponto facultativo e feriado da Semana Santa"}]},{"@type":"WebSite","@id":"https:\/\/www.manaus.am.gov.br\/semasc\/#website","url":"https:\/\/www.manaus.am.gov.br\/semasc\/","name":"SEMASC","description":"Secretaria Municipal da Mulher, Assist\u00eancia Social e Cidadania.","publisher":{"@id":"https:\/\/www.manaus.am.gov.br\/semasc\/#organization"},"alternateName":"Secretaria Municipal da Mulher, Assist\u00eancia Social e Cidadania","potentialAction":[{"@type":"SearchAction","target":{"@type":"EntryPoint","urlTemplate":"https:\/\/www.manaus.am.gov.br\/semasc\/?s={search_term_string}"},"query-input":"required name=search_term_string"}],"inLanguage":"pt-BR"},{"@type":"Organization","@id":"https:\/\/www.manaus.am.gov.br\/semasc\/#organization","name":"Prefeitura de Manaus","alternateName":"Prefeitura Municipal de Manaus","url":"https:\/\/www.manaus.am.gov.br\/semasc\/","logo":{"@type":"ImageObject","inLanguage":"pt-BR","@id":"https:\/\/www.manaus.am.gov.br\/semasc\/#\/schema\/logo\/image\/","url":"https:\/\/www.manaus.am.gov.br\/semasc\/wp-content\/uploads\/sites\/17\/2024\/07\/favicon.png","contentUrl":"https:\/\/www.manaus.am.gov.br\/semasc\/wp-content\/uploads\/sites\/17\/2024\/07\/favicon.png","width":300,"height":300,"caption":"Prefeitura de Manaus"},"image":{"@id":"https:\/\/www.manaus.am.gov.br\/semasc\/#\/schema\/logo\/image\/"},"sameAs":["https:\/\/www.facebook.com\/semascmanaus","https:\/\/www.instagram.com\/semascmanaus\/"]},{"@type":"Person","@id":"https:\/\/www.manaus.am.gov.br\/semasc\/#\/schema\/person\/4e49f4e267757a06ca072ec61b2b9968","name":"Adriana Costa","image":{"@type":"ImageObject","inLanguage":"pt-BR","@id":"https:\/\/www.manaus.am.gov.br\/semasc\/#\/schema\/person\/image\/","url":"https:\/\/secure.gravatar.com\/avatar\/576258617ef7194f718179e766d57bd4?s=96&d=mm&r=g","contentUrl":"https:\/\/secure.gravatar.com\/avatar\/576258617ef7194f718179e766d57bd4?s=96&d=mm&r=g","caption":"Adriana Costa"}}]}},"_links":{"self":[{"href":"https:\/\/www.manaus.am.gov.br\/semasc\/wp-json\/wp\/v2\/posts\/210078"}],"collection":[{"href":"https:\/\/www.manaus.am.gov.br\/semasc\/wp-json\/wp\/v2\/posts"}],"about":[{"href":"https:\/\/www.manaus.am.gov.br\/semasc\/wp-json\/wp\/v2\/types\/post"}],"author":[{"embeddable":true,"href":"https:\/\/www.manaus.am.gov.br\/semasc\/wp-json\/wp\/v2\/users\/23"}],"replies":[{"embeddable":true,"href":"https:\/\/www.manaus.am.gov.br\/semasc\/wp-json\/wp\/v2\/comments?post=210078"}],"version-history":[{"count":1,"href":"https:\/\/www.manaus.am.gov.br\/semasc\/wp-json\/wp\/v2\/posts\/210078\/revisions"}],"predecessor-version":[{"id":210080,"href":"https:\/\/www.manaus.am.gov.br\/semasc\/wp-json\/wp\/v2\/posts\/210078\/revisions\/210080"}],"wp:featuredmedia":[{"embeddable":true,"href":"https:\/\/www.manaus.am.gov.br\/semasc\/wp-json\/wp\/v2\/media\/210079"}],"wp:attachment":[{"href":"https:\/\/www.manaus.am.gov.br\/semasc\/wp-json\/wp\/v2\/media?parent=210078"}],"wp:term":[{"taxonomy":"category","embeddable":true,"href":"https:\/\/www.manaus.am.gov.br\/semasc\/wp-json\/wp\/v2\/categories?post=210078"},{"taxonomy":"post_tag","embeddable":true,"href":"https:\/\/www.manaus.am.gov.br\/semasc\/wp-json\/wp\/v2\/tags?post=210078"}],"curies":[{"name":"wp","href":"https:\/\/api.w.org\/{rel}","templated":true}]}}