{"id":209967,"date":"2024-03-05T16:59:12","date_gmt":"2024-03-05T20:59:12","guid":{"rendered":"https:\/\/www.manaus.am.gov.br\/semasc\/feira-artesanato-empreendedorismo\/"},"modified":"2024-03-18T12:20:41","modified_gmt":"2024-03-18T16:20:41","slug":"feira-artesanato-empreendedorismo","status":"publish","type":"post","link":"https:\/\/www.manaus.am.gov.br\/semasc\/feira-artesanato-empreendedorismo\/","title":{"rendered":"Prefeitura realiza 6\u00aa edi\u00e7\u00e3o da feira de empreendedorismo feminino \u201cElas Por Elas\u201d\u00a0"},"content":{"rendered":"\n<p>Dando continuidade \u00e0s atividades do m\u00eas da mulher, a Prefeitura de Manaus, por meio da Secretaria Municipal da Mulher, Assist\u00eancia Social e Cidadania (Semasc), realizou, nesta ter\u00e7a-feira, 5\/3, a 6\u00aa edi\u00e7\u00e3o da feira de empreendedorismo feminino \u201cElas Por Elas\u201d, no Manaus Plaza Shopping, na zona Centro-Sul.&nbsp;<\/p>\n\n\n\n<p>Reunindo 12 expositoras locais acompanhadas pelo Centro de Refer\u00eancia dos Direitos da Mulher (CRDM), a feira ofereceu ao p\u00fablico do centro comercial uma gama de produtos artesanais de diferentes tipos, entre bijuterias, pe\u00e7as de vestu\u00e1rio, artigos de decora\u00e7\u00e3o e afins.&nbsp;<\/p>\n\n\n\n<p>\u201cEste \u00e9 um projeto muito importante para n\u00f3s, pois visa oportunizar espa\u00e7os para a divulga\u00e7\u00e3o e venda de produtos artesanais manufaturados por mulheres assistidas pelo CRDM. Essa \u00e9 uma das formas pelas quais a gest\u00e3o municipal desenvolve a autonomia financeira e estimula a qualidade de vida de mulheres em situa\u00e7\u00e3o de vulnerabilidade por toda a cidade\u201d, destacou a diretora do Departamento de Enfrentamento \u00e0 Viol\u00eancia contra a Mulher, da Subsecretaria de Pol\u00edticas Afirmativas para Mulheres e Direitos Humanos da Semasc, Marley Santos.&nbsp;<\/p>\n\n\n\n<p>Participando pela primeira vez da feira, a artes\u00e3 Kenny Janny, 32, apresentou suas bijuterias e chaveiros feitos de material MDF, bolsas de tecido reutilizado e outros artigos. De acordo com Kenny, sua primeira participa\u00e7\u00e3o no evento acabou por ser muito produtiva para o crescimento de sua rede de contatos.&nbsp;<\/p>\n\n\n\n<p>\u201cA gente acaba conhecendo muita gente nova, fazendo novos contatos e vendo os diferentes trabalhos de colegas artes\u00e3s, o que \u00e9 muito bom para qualquer empreendedor que se preze. Foi uma experi\u00eancia muito prazerosa, no geral\u201d, afirmou.&nbsp;<\/p>\n\n\n\n<p>Considerada uma veterana entre as colegas, a artes\u00e3 Luciana Lima, 48, participou do evento pela terceira vez, reafirmando a import\u00e2ncia da \u201cElas Por Elas\u201d para o seu trabalho.&nbsp;<\/p>\n\n\n\n<p>\u201cQuando eu trago meus vasos personalizados feitos em barro, os meus bonecos de croch\u00ea ou qualquer outro artigo para c\u00e1 \u00e9 sempre um prazer. S\u00e3o produtos que eu idealizo junto da minha m\u00e3e, \u00e9 algo que nos une e poder trazer isso para um espa\u00e7o onde mais pessoas possam ver \u00e9 muito bom\u201d, concluiu.<\/p>\n\n\n\n<p>\u2013 \u2013 \u2013<br><strong>Texto: <\/strong>Guilherme Pacheco \/ Semasc<br><strong>Fotos: <\/strong>Diego Lima \/ Semasc<br><br><strong>Dispon\u00edveis em &#8211;<\/strong><a href=\"https:\/\/flic.kr\/s\/aHBqjBgxva\">https:\/\/flic.kr\/s\/aHBqjBgxva<\/a><\/p>\n","protected":false},"excerpt":{"rendered":"","protected":false},"author":68,"featured_media":209968,"comment_status":"closed","ping_status":"closed","sticky":false,"template":"","format":"standard","meta":{"footnotes":""},"categories":[983],"tags":[984,676,985],"acf":[],"yoast_head":"<!-- This site is optimized with the Yoast SEO plugin v23.0 - https:\/\/yoast.com\/wordpress\/plugins\/seo\/ -->\n<title>Prefeitura realiza 6\u00aa edi\u00e7\u00e3o da feira de empreendedorismo feminino<\/title>\n<meta name=\"description\" content=\"A Prefeitura de Manaus, realizou, nesta ter\u00e7a-feira, 5\/3, a 6\u00aa edi\u00e7\u00e3o da feira de empreendedorismo feminino \u201cElas Por Elas\u201d.\" \/>\n<meta name=\"robots\" content=\"noindex, follow\" \/>\n<meta property=\"og:locale\" content=\"pt_BR\" \/>\n<meta property=\"og:type\" content=\"article\" \/>\n<meta property=\"og:title\" content=\"Prefeitura realiza 6\u00aa edi\u00e7\u00e3o da feira de empreendedorismo feminino\" \/>\n<meta property=\"og:description\" content=\"A Prefeitura de Manaus, realizou, nesta ter\u00e7a-feira, 5\/3, a 6\u00aa edi\u00e7\u00e3o da feira de empreendedorismo feminino \u201cElas Por Elas\u201d.\" \/>\n<meta property=\"og:url\" content=\"https:\/\/www.manaus.am.gov.br\/semasc\/feira-artesanato-empreendedorismo\/\" \/>\n<meta property=\"og:site_name\" content=\"SEMASC\" \/>\n<meta property=\"article:publisher\" content=\"https:\/\/www.facebook.com\/semascmanaus\" \/>\n<meta property=\"article:published_time\" content=\"2024-03-05T20:59:12+00:00\" \/>\n<meta property=\"article:modified_time\" content=\"2024-03-18T16:20:41+00:00\" \/>\n<meta property=\"og:image\" content=\"https:\/\/www.manaus.am.gov.br\/semasc\/wp-content\/uploads\/sites\/17\/2024\/03\/ECONOMIA-CRIATIVA-2.jpg\" \/>\n\t<meta property=\"og:image:width\" content=\"800\" \/>\n\t<meta property=\"og:image:height\" content=\"533\" \/>\n\t<meta property=\"og:image:type\" content=\"image\/jpeg\" \/>\n<meta name=\"author\" content=\"bvalente\" \/>\n<meta name=\"twitter:card\" content=\"summary_large_image\" \/>\n<meta name=\"twitter:label1\" content=\"Written by\" \/>\n\t<meta name=\"twitter:data1\" content=\"bvalente\" \/>\n\t<meta name=\"twitter:label2\" content=\"Est. reading time\" \/>\n\t<meta name=\"twitter:data2\" content=\"3 minutos\" \/>\n<script type=\"application\/ld+json\" class=\"yoast-schema-graph\">{\"@context\":\"https:\/\/schema.org\",\"@graph\":[{\"@type\":\"Article\",\"@id\":\"https:\/\/www.manaus.am.gov.br\/semasc\/feira-artesanato-empreendedorismo\/#article\",\"isPartOf\":{\"@id\":\"https:\/\/www.manaus.am.gov.br\/semasc\/feira-artesanato-empreendedorismo\/\"},\"author\":{\"name\":\"bvalente\",\"@id\":\"https:\/\/www.manaus.am.gov.br\/semasc\/#\/schema\/person\/466a0e03ae4b6062809046bd560ac955\"},\"headline\":\"Prefeitura realiza 6\u00aa edi\u00e7\u00e3o da feira de empreendedorismo feminino \u201cElas Por Elas\u201d\u00a0\",\"datePublished\":\"2024-03-05T20:59:12+00:00\",\"dateModified\":\"2024-03-18T16:20:41+00:00\",\"mainEntityOfPage\":{\"@id\":\"https:\/\/www.manaus.am.gov.br\/semasc\/feira-artesanato-empreendedorismo\/\"},\"wordCount\":382,\"publisher\":{\"@id\":\"https:\/\/www.manaus.am.gov.br\/semasc\/#organization\"},\"image\":{\"@id\":\"https:\/\/www.manaus.am.gov.br\/semasc\/feira-artesanato-empreendedorismo\/#primaryimage\"},\"thumbnailUrl\":\"https:\/\/www.manaus.am.gov.br\/semasc\/wp-content\/uploads\/sites\/17\/2024\/03\/ECONOMIA-CRIATIVA-2.jpg\",\"keywords\":[\"13 empreendedores\",\"artesanato\",\"Economia Criativa\"],\"articleSection\":[\"Economia Criativa\"],\"inLanguage\":\"pt-BR\"},{\"@type\":\"WebPage\",\"@id\":\"https:\/\/www.manaus.am.gov.br\/semasc\/feira-artesanato-empreendedorismo\/\",\"url\":\"https:\/\/www.manaus.am.gov.br\/semasc\/feira-artesanato-empreendedorismo\/\",\"name\":\"Prefeitura realiza 6\u00aa edi\u00e7\u00e3o da feira de empreendedorismo feminino\",\"isPartOf\":{\"@id\":\"https:\/\/www.manaus.am.gov.br\/semasc\/#website\"},\"primaryImageOfPage\":{\"@id\":\"https:\/\/www.manaus.am.gov.br\/semasc\/feira-artesanato-empreendedorismo\/#primaryimage\"},\"image\":{\"@id\":\"https:\/\/www.manaus.am.gov.br\/semasc\/feira-artesanato-empreendedorismo\/#primaryimage\"},\"thumbnailUrl\":\"https:\/\/www.manaus.am.gov.br\/semasc\/wp-content\/uploads\/sites\/17\/2024\/03\/ECONOMIA-CRIATIVA-2.jpg\",\"datePublished\":\"2024-03-05T20:59:12+00:00\",\"dateModified\":\"2024-03-18T16:20:41+00:00\",\"description\":\"A Prefeitura de Manaus, realizou, nesta ter\u00e7a-feira, 5\/3, a 6\u00aa edi\u00e7\u00e3o da feira de empreendedorismo feminino \u201cElas Por Elas\u201d.\",\"breadcrumb\":{\"@id\":\"https:\/\/www.manaus.am.gov.br\/semasc\/feira-artesanato-empreendedorismo\/#breadcrumb\"},\"inLanguage\":\"pt-BR\",\"potentialAction\":[{\"@type\":\"ReadAction\",\"target\":[\"https:\/\/www.manaus.am.gov.br\/semasc\/feira-artesanato-empreendedorismo\/\"]}]},{\"@type\":\"ImageObject\",\"inLanguage\":\"pt-BR\",\"@id\":\"https:\/\/www.manaus.am.gov.br\/semasc\/feira-artesanato-empreendedorismo\/#primaryimage\",\"url\":\"https:\/\/www.manaus.am.gov.br\/semasc\/wp-content\/uploads\/sites\/17\/2024\/03\/ECONOMIA-CRIATIVA-2.jpg\",\"contentUrl\":\"https:\/\/www.manaus.am.gov.br\/semasc\/wp-content\/uploads\/sites\/17\/2024\/03\/ECONOMIA-CRIATIVA-2.jpg\",\"width\":800,\"height\":533},{\"@type\":\"BreadcrumbList\",\"@id\":\"https:\/\/www.manaus.am.gov.br\/semasc\/feira-artesanato-empreendedorismo\/#breadcrumb\",\"itemListElement\":[{\"@type\":\"ListItem\",\"position\":1,\"name\":\"Home\",\"item\":\"https:\/\/www.manaus.am.gov.br\/semasc\/\"},{\"@type\":\"ListItem\",\"position\":2,\"name\":\"Prefeitura realiza 6\u00aa edi\u00e7\u00e3o da feira de empreendedorismo feminino \u201cElas Por Elas\u201d\u00a0\"}]},{\"@type\":\"WebSite\",\"@id\":\"https:\/\/www.manaus.am.gov.br\/semasc\/#website\",\"url\":\"https:\/\/www.manaus.am.gov.br\/semasc\/\",\"name\":\"SEMASC\",\"description\":\"Secretaria Municipal da Mulher, Assist\u00eancia Social e Cidadania.\",\"publisher\":{\"@id\":\"https:\/\/www.manaus.am.gov.br\/semasc\/#organization\"},\"alternateName\":\"Secretaria Municipal da Mulher, Assist\u00eancia Social e Cidadania\",\"potentialAction\":[{\"@type\":\"SearchAction\",\"target\":{\"@type\":\"EntryPoint\",\"urlTemplate\":\"https:\/\/www.manaus.am.gov.br\/semasc\/?s={search_term_string}\"},\"query-input\":\"required name=search_term_string\"}],\"inLanguage\":\"pt-BR\"},{\"@type\":\"Organization\",\"@id\":\"https:\/\/www.manaus.am.gov.br\/semasc\/#organization\",\"name\":\"Prefeitura de Manaus\",\"alternateName\":\"Prefeitura Municipal de Manaus\",\"url\":\"https:\/\/www.manaus.am.gov.br\/semasc\/\",\"logo\":{\"@type\":\"ImageObject\",\"inLanguage\":\"pt-BR\",\"@id\":\"https:\/\/www.manaus.am.gov.br\/semasc\/#\/schema\/logo\/image\/\",\"url\":\"https:\/\/www.manaus.am.gov.br\/semasc\/wp-content\/uploads\/sites\/17\/2024\/07\/favicon.png\",\"contentUrl\":\"https:\/\/www.manaus.am.gov.br\/semasc\/wp-content\/uploads\/sites\/17\/2024\/07\/favicon.png\",\"width\":300,\"height\":300,\"caption\":\"Prefeitura de Manaus\"},\"image\":{\"@id\":\"https:\/\/www.manaus.am.gov.br\/semasc\/#\/schema\/logo\/image\/\"},\"sameAs\":[\"https:\/\/www.facebook.com\/semascmanaus\",\"https:\/\/www.instagram.com\/semascmanaus\/\"]},{\"@type\":\"Person\",\"@id\":\"https:\/\/www.manaus.am.gov.br\/semasc\/#\/schema\/person\/466a0e03ae4b6062809046bd560ac955\",\"name\":\"bvalente\",\"image\":{\"@type\":\"ImageObject\",\"inLanguage\":\"pt-BR\",\"@id\":\"https:\/\/www.manaus.am.gov.br\/semasc\/#\/schema\/person\/image\/\",\"url\":\"https:\/\/secure.gravatar.com\/avatar\/3e69bc2b014bdad41adfec3a39de07d2?s=96&d=mm&r=g\",\"contentUrl\":\"https:\/\/secure.gravatar.com\/avatar\/3e69bc2b014bdad41adfec3a39de07d2?s=96&d=mm&r=g\",\"caption\":\"bvalente\"}}]}<\/script>\n<!-- \/ Yoast SEO plugin. -->","yoast_head_json":{"title":"Prefeitura realiza 6\u00aa edi\u00e7\u00e3o da feira de empreendedorismo feminino","description":"A Prefeitura de Manaus, realizou, nesta ter\u00e7a-feira, 5\/3, a 6\u00aa edi\u00e7\u00e3o da feira de empreendedorismo feminino \u201cElas Por Elas\u201d.","robots":{"index":"noindex","follow":"follow"},"og_locale":"pt_BR","og_type":"article","og_title":"Prefeitura realiza 6\u00aa edi\u00e7\u00e3o da feira de empreendedorismo feminino","og_description":"A Prefeitura de Manaus, realizou, nesta ter\u00e7a-feira, 5\/3, a 6\u00aa edi\u00e7\u00e3o da feira de empreendedorismo feminino \u201cElas Por Elas\u201d.","og_url":"https:\/\/www.manaus.am.gov.br\/semasc\/feira-artesanato-empreendedorismo\/","og_site_name":"SEMASC","article_publisher":"https:\/\/www.facebook.com\/semascmanaus","article_published_time":"2024-03-05T20:59:12+00:00","article_modified_time":"2024-03-18T16:20:41+00:00","og_image":[{"width":800,"height":533,"url":"https:\/\/www.manaus.am.gov.br\/semasc\/wp-content\/uploads\/sites\/17\/2024\/03\/ECONOMIA-CRIATIVA-2.jpg","type":"image\/jpeg"}],"author":"bvalente","twitter_card":"summary_large_image","twitter_misc":{"Written by":"bvalente","Est. reading time":"3 minutos"},"schema":{"@context":"https:\/\/schema.org","@graph":[{"@type":"Article","@id":"https:\/\/www.manaus.am.gov.br\/semasc\/feira-artesanato-empreendedorismo\/#article","isPartOf":{"@id":"https:\/\/www.manaus.am.gov.br\/semasc\/feira-artesanato-empreendedorismo\/"},"author":{"name":"bvalente","@id":"https:\/\/www.manaus.am.gov.br\/semasc\/#\/schema\/person\/466a0e03ae4b6062809046bd560ac955"},"headline":"Prefeitura realiza 6\u00aa edi\u00e7\u00e3o da feira de empreendedorismo feminino \u201cElas Por Elas\u201d\u00a0","datePublished":"2024-03-05T20:59:12+00:00","dateModified":"2024-03-18T16:20:41+00:00","mainEntityOfPage":{"@id":"https:\/\/www.manaus.am.gov.br\/semasc\/feira-artesanato-empreendedorismo\/"},"wordCount":382,"publisher":{"@id":"https:\/\/www.manaus.am.gov.br\/semasc\/#organization"},"image":{"@id":"https:\/\/www.manaus.am.gov.br\/semasc\/feira-artesanato-empreendedorismo\/#primaryimage"},"thumbnailUrl":"https:\/\/www.manaus.am.gov.br\/semasc\/wp-content\/uploads\/sites\/17\/2024\/03\/ECONOMIA-CRIATIVA-2.jpg","keywords":["13 empreendedores","artesanato","Economia Criativa"],"articleSection":["Economia Criativa"],"inLanguage":"pt-BR"},{"@type":"WebPage","@id":"https:\/\/www.manaus.am.gov.br\/semasc\/feira-artesanato-empreendedorismo\/","url":"https:\/\/www.manaus.am.gov.br\/semasc\/feira-artesanato-empreendedorismo\/","name":"Prefeitura realiza 6\u00aa edi\u00e7\u00e3o da feira de empreendedorismo feminino","isPartOf":{"@id":"https:\/\/www.manaus.am.gov.br\/semasc\/#website"},"primaryImageOfPage":{"@id":"https:\/\/www.manaus.am.gov.br\/semasc\/feira-artesanato-empreendedorismo\/#primaryimage"},"image":{"@id":"https:\/\/www.manaus.am.gov.br\/semasc\/feira-artesanato-empreendedorismo\/#primaryimage"},"thumbnailUrl":"https:\/\/www.manaus.am.gov.br\/semasc\/wp-content\/uploads\/sites\/17\/2024\/03\/ECONOMIA-CRIATIVA-2.jpg","datePublished":"2024-03-05T20:59:12+00:00","dateModified":"2024-03-18T16:20:41+00:00","description":"A Prefeitura de Manaus, realizou, nesta ter\u00e7a-feira, 5\/3, a 6\u00aa edi\u00e7\u00e3o da feira de empreendedorismo feminino \u201cElas Por Elas\u201d.","breadcrumb":{"@id":"https:\/\/www.manaus.am.gov.br\/semasc\/feira-artesanato-empreendedorismo\/#breadcrumb"},"inLanguage":"pt-BR","potentialAction":[{"@type":"ReadAction","target":["https:\/\/www.manaus.am.gov.br\/semasc\/feira-artesanato-empreendedorismo\/"]}]},{"@type":"ImageObject","inLanguage":"pt-BR","@id":"https:\/\/www.manaus.am.gov.br\/semasc\/feira-artesanato-empreendedorismo\/#primaryimage","url":"https:\/\/www.manaus.am.gov.br\/semasc\/wp-content\/uploads\/sites\/17\/2024\/03\/ECONOMIA-CRIATIVA-2.jpg","contentUrl":"https:\/\/www.manaus.am.gov.br\/semasc\/wp-content\/uploads\/sites\/17\/2024\/03\/ECONOMIA-CRIATIVA-2.jpg","width":800,"height":533},{"@type":"BreadcrumbList","@id":"https:\/\/www.manaus.am.gov.br\/semasc\/feira-artesanato-empreendedorismo\/#breadcrumb","itemListElement":[{"@type":"ListItem","position":1,"name":"Home","item":"https:\/\/www.manaus.am.gov.br\/semasc\/"},{"@type":"ListItem","position":2,"name":"Prefeitura realiza 6\u00aa edi\u00e7\u00e3o da feira de empreendedorismo feminino \u201cElas Por Elas\u201d\u00a0"}]},{"@type":"WebSite","@id":"https:\/\/www.manaus.am.gov.br\/semasc\/#website","url":"https:\/\/www.manaus.am.gov.br\/semasc\/","name":"SEMASC","description":"Secretaria Municipal da Mulher, Assist\u00eancia Social e Cidadania.","publisher":{"@id":"https:\/\/www.manaus.am.gov.br\/semasc\/#organization"},"alternateName":"Secretaria Municipal da Mulher, Assist\u00eancia Social e Cidadania","potentialAction":[{"@type":"SearchAction","target":{"@type":"EntryPoint","urlTemplate":"https:\/\/www.manaus.am.gov.br\/semasc\/?s={search_term_string}"},"query-input":"required name=search_term_string"}],"inLanguage":"pt-BR"},{"@type":"Organization","@id":"https:\/\/www.manaus.am.gov.br\/semasc\/#organization","name":"Prefeitura de Manaus","alternateName":"Prefeitura Municipal de Manaus","url":"https:\/\/www.manaus.am.gov.br\/semasc\/","logo":{"@type":"ImageObject","inLanguage":"pt-BR","@id":"https:\/\/www.manaus.am.gov.br\/semasc\/#\/schema\/logo\/image\/","url":"https:\/\/www.manaus.am.gov.br\/semasc\/wp-content\/uploads\/sites\/17\/2024\/07\/favicon.png","contentUrl":"https:\/\/www.manaus.am.gov.br\/semasc\/wp-content\/uploads\/sites\/17\/2024\/07\/favicon.png","width":300,"height":300,"caption":"Prefeitura de Manaus"},"image":{"@id":"https:\/\/www.manaus.am.gov.br\/semasc\/#\/schema\/logo\/image\/"},"sameAs":["https:\/\/www.facebook.com\/semascmanaus","https:\/\/www.instagram.com\/semascmanaus\/"]},{"@type":"Person","@id":"https:\/\/www.manaus.am.gov.br\/semasc\/#\/schema\/person\/466a0e03ae4b6062809046bd560ac955","name":"bvalente","image":{"@type":"ImageObject","inLanguage":"pt-BR","@id":"https:\/\/www.manaus.am.gov.br\/semasc\/#\/schema\/person\/image\/","url":"https:\/\/secure.gravatar.com\/avatar\/3e69bc2b014bdad41adfec3a39de07d2?s=96&d=mm&r=g","contentUrl":"https:\/\/secure.gravatar.com\/avatar\/3e69bc2b014bdad41adfec3a39de07d2?s=96&d=mm&r=g","caption":"bvalente"}}]}},"_links":{"self":[{"href":"https:\/\/www.manaus.am.gov.br\/semasc\/wp-json\/wp\/v2\/posts\/209967"}],"collection":[{"href":"https:\/\/www.manaus.am.gov.br\/semasc\/wp-json\/wp\/v2\/posts"}],"about":[{"href":"https:\/\/www.manaus.am.gov.br\/semasc\/wp-json\/wp\/v2\/types\/post"}],"author":[{"embeddable":true,"href":"https:\/\/www.manaus.am.gov.br\/semasc\/wp-json\/wp\/v2\/users\/68"}],"replies":[{"embeddable":true,"href":"https:\/\/www.manaus.am.gov.br\/semasc\/wp-json\/wp\/v2\/comments?post=209967"}],"version-history":[{"count":1,"href":"https:\/\/www.manaus.am.gov.br\/semasc\/wp-json\/wp\/v2\/posts\/209967\/revisions"}],"predecessor-version":[{"id":209983,"href":"https:\/\/www.manaus.am.gov.br\/semasc\/wp-json\/wp\/v2\/posts\/209967\/revisions\/209983"}],"wp:featuredmedia":[{"embeddable":true,"href":"https:\/\/www.manaus.am.gov.br\/semasc\/wp-json\/wp\/v2\/media\/209968"}],"wp:attachment":[{"href":"https:\/\/www.manaus.am.gov.br\/semasc\/wp-json\/wp\/v2\/media?parent=209967"}],"wp:term":[{"taxonomy":"category","embeddable":true,"href":"https:\/\/www.manaus.am.gov.br\/semasc\/wp-json\/wp\/v2\/categories?post=209967"},{"taxonomy":"post_tag","embeddable":true,"href":"https:\/\/www.manaus.am.gov.br\/semasc\/wp-json\/wp\/v2\/tags?post=209967"}],"curies":[{"name":"wp","href":"https:\/\/api.w.org\/{rel}","templated":true}]}}