{"id":209957,"date":"2024-03-04T16:20:47","date_gmt":"2024-03-04T20:20:47","guid":{"rendered":"https:\/\/www.manaus.am.gov.br\/semasc\/etapa-estadual-2a-comigrar\/"},"modified":"2024-03-12T14:32:27","modified_gmt":"2024-03-12T18:32:27","slug":"etapa-estadual-2a-comigrar","status":"publish","type":"post","link":"https:\/\/www.manaus.am.gov.br\/semasc\/etapa-estadual-2a-comigrar\/","title":{"rendered":"Prefeitura de Manaus participa de etapa estadual da 2\u00aa Confer\u00eancia Nacional de Migra\u00e7\u00f5es, Ref\u00fagio e Apatridia"},"content":{"rendered":"\n<p>A Prefeitura de Manaus, por meio da Secretaria Municipal da Mulher, Assist\u00eancia Social e Cidadania (Semasc), participou, nesta segunda-feira, 4\/3, da \u201c1\u00aa Confer\u00eancia Estadual de Migra\u00e7\u00f5es, Ref\u00fagio e Apatridia\u201d, \u00faltima etapa local antes da realiza\u00e7\u00e3o da 2\u00aa Confer\u00eancia Nacional de Migra\u00e7\u00f5es, Ref\u00fagio e Apatridia (Comigrar), promovida pelo Minist\u00e9rio de Justi\u00e7a e Seguran\u00e7a P\u00fablica.<\/p>\n\n\n\n<p>O evento, capitaneado pela Secretaria de Estado de Justi\u00e7a, Direitos Humanos e Cidadania (Sejusc), ocorreu no audit\u00f3rio da Escola Superior de Tecnologia da Universidade do Estado do Amazonas (EST-UEA), com o objetivo de debater a\u00e7\u00f5es e pol\u00edticas p\u00fablicas desenvolvidas no estado voltadas para a popula\u00e7\u00e3o migrante nos eixos tem\u00e1ticos de assist\u00eancia social, empregabilidade, educa\u00e7\u00e3o, sa\u00fade, acesso a documenta\u00e7\u00e3o b\u00e1sica e afins.<\/p>\n\n\n\n<p>\u201cA gest\u00e3o municipal n\u00e3o poderia estar de fora de um momento como este, onde todos discutiremos as demandas, poss\u00edveis solu\u00e7\u00f5es e estrat\u00e9gias para a qualifica\u00e7\u00e3o do atendimento da popula\u00e7\u00e3o migrante, refugiada e ap\u00e1trida presente em nosso estado e, em especial, em Manaus. \u00c9 de determina\u00e7\u00e3o do prefeito David Almeida que o munic\u00edpio participe ativamente desses espa\u00e7os de debate para que possamos garantir melhores respostas a todos os grupos sociais presentes na cidade\u201d, afirmou o secret\u00e1rio da Semasc, Eduardo Lucas.<\/p>\n\n\n\n<p>Representando o Governo Federal no evento, o coordenador-geral de Pol\u00edtica Migrat\u00f3ria do Departamento de Migra\u00e7\u00e3o do Minist\u00e9rio de Justi\u00e7a e Seguran\u00e7a P\u00fablica, Paulo Illes, destacou a import\u00e2ncia do evento e de outras confer\u00eancias locais por representarem a primeira vez em que o estado do Amazonas e seus munic\u00edpios participam da Comigrar, cuja primeira edi\u00e7\u00e3o se deu em 2014.<\/p>\n\n\n\n<p>\u201cN\u00f3s estamos em um momento de estrutura\u00e7\u00e3o da pol\u00edtica migrat\u00f3ria brasileira. Ent\u00e3o, chegarmos em Manaus e encontrarmos um processo conferencial com a presen\u00e7a de tr\u00eas entes federativos participando ativamente desse debate mostra como essa estrutura\u00e7\u00e3o est\u00e1 avan\u00e7ando de forma satisfat\u00f3ria\u201d, ressaltou Illes.<\/p>\n\n\n\n<p>J\u00e1 Gabriella Campezatto, secret\u00e1ria-executiva de Direitos Humanos da Sejusc, pontuou a import\u00e2ncia de outro t\u00f3pico da confer\u00eancia: a escolha dos delegados que representar\u00e3o o Amazonas na Comigrar, que ser\u00e1 realizada em Foz do Igua\u00e7u, no Paran\u00e1, em junho deste ano. Para a secret\u00e1ria, ser\u00e1 por meio dos escolhidos que as propostas regionais encaminhadas ao Governo Federal tomar\u00e3o for\u00e7a, engrandecendo a primeira participa\u00e7\u00e3o do estado no evento.<\/p>\n\n\n\n<p>\u201cSer\u00e1 um grande momento, em que todos os participantes poder\u00e3o votar naqueles que nos representar\u00e3o na confer\u00eancia nacional. Discutir pol\u00edticas p\u00fablicas para o melhor recebimento de migrantes, refugiados e ap\u00e1tridas \u00e9 fundamental para o estado do Amazonas, tendo em vista nossa hist\u00f3ria recente. A participa\u00e7\u00e3o de todos aqui hoje \u00e9 extremamente importante para a sociedade amazonense no sentido de escolher quem ir\u00e1 nos representar neste debate a n\u00edvel nacional\u201d, concluiu.<\/p>\n\n\n\n<p>&#8212; &#8212; &#8212;<\/p>\n\n\n\n<p><strong>Texto &#8211; <\/strong>Guilherme Pacheco \/ Semasc<\/p>\n\n\n\n<p><strong>Fotos &#8211; <\/strong>Diego Lima \/ Semasc<\/p>\n\n\n\n<p><strong>Dispon\u00edveis em &#8211; <\/strong><a href=\"https:\/\/flic.kr\/s\/aHBqjBgozn\">https:\/\/flic.kr\/s\/aHBqjBgozn<\/a><\/p>\n","protected":false},"excerpt":{"rendered":"","protected":false},"author":39,"featured_media":209958,"comment_status":"closed","ping_status":"closed","sticky":false,"template":"","format":"standard","meta":{"footnotes":""},"categories":[212],"tags":[975,976,7,977,978,18],"acf":[],"yoast_head":"<!-- This site is optimized with the Yoast SEO plugin v23.0 - https:\/\/yoast.com\/wordpress\/plugins\/seo\/ -->\n<title>Prefeitura participa de etapa estadual da 2\u00aa Comigrar<\/title>\n<meta name=\"description\" content=\"Prefeitura de Manaus participa da 1\u00aa Confer\u00eancia Estadual de Migra\u00e7\u00f5es, Ref\u00fagio e Apatridiada, etapa local antes da 2\u00aa Comigrar.\" \/>\n<meta name=\"robots\" content=\"noindex, follow\" \/>\n<meta property=\"og:locale\" content=\"pt_BR\" \/>\n<meta property=\"og:type\" content=\"article\" \/>\n<meta property=\"og:title\" content=\"Prefeitura participa de etapa estadual da 2\u00aa Comigrar\" \/>\n<meta property=\"og:description\" content=\"Prefeitura de Manaus participa da 1\u00aa Confer\u00eancia Estadual de Migra\u00e7\u00f5es, Ref\u00fagio e Apatridiada, etapa local antes da 2\u00aa Comigrar.\" \/>\n<meta property=\"og:url\" content=\"https:\/\/www.manaus.am.gov.br\/semasc\/etapa-estadual-2a-comigrar\/\" \/>\n<meta property=\"og:site_name\" content=\"SEMASC\" \/>\n<meta property=\"article:publisher\" content=\"https:\/\/www.facebook.com\/semascmanaus\" \/>\n<meta property=\"article:published_time\" content=\"2024-03-04T20:20:47+00:00\" \/>\n<meta property=\"article:modified_time\" content=\"2024-03-12T18:32:27+00:00\" \/>\n<meta property=\"og:image\" content=\"https:\/\/www.manaus.am.gov.br\/semasc\/wp-content\/uploads\/sites\/17\/2024\/03\/53568172685_021a0e3129_k.jpg\" \/>\n\t<meta property=\"og:image:width\" content=\"2048\" \/>\n\t<meta property=\"og:image:height\" content=\"1536\" \/>\n\t<meta property=\"og:image:type\" content=\"image\/jpeg\" \/>\n<meta name=\"author\" content=\"Bruna Greco\" \/>\n<meta name=\"twitter:card\" content=\"summary_large_image\" \/>\n<meta name=\"twitter:label1\" content=\"Written by\" \/>\n\t<meta name=\"twitter:data1\" content=\"Bruna Greco\" \/>\n\t<meta name=\"twitter:label2\" content=\"Est. reading time\" \/>\n\t<meta name=\"twitter:data2\" content=\"3 minutos\" \/>\n<script type=\"application\/ld+json\" class=\"yoast-schema-graph\">{\"@context\":\"https:\/\/schema.org\",\"@graph\":[{\"@type\":\"Article\",\"@id\":\"https:\/\/www.manaus.am.gov.br\/semasc\/etapa-estadual-2a-comigrar\/#article\",\"isPartOf\":{\"@id\":\"https:\/\/www.manaus.am.gov.br\/semasc\/etapa-estadual-2a-comigrar\/\"},\"author\":{\"name\":\"Bruna Greco\",\"@id\":\"https:\/\/www.manaus.am.gov.br\/semasc\/#\/schema\/person\/05d223aea2bf115f9883a6ff3683d81b\"},\"headline\":\"Prefeitura de Manaus participa de etapa estadual da 2\u00aa Confer\u00eancia Nacional de Migra\u00e7\u00f5es, Ref\u00fagio e Apatridia\",\"datePublished\":\"2024-03-04T20:20:47+00:00\",\"dateModified\":\"2024-03-12T18:32:27+00:00\",\"mainEntityOfPage\":{\"@id\":\"https:\/\/www.manaus.am.gov.br\/semasc\/etapa-estadual-2a-comigrar\/\"},\"wordCount\":538,\"publisher\":{\"@id\":\"https:\/\/www.manaus.am.gov.br\/semasc\/#organization\"},\"image\":{\"@id\":\"https:\/\/www.manaus.am.gov.br\/semasc\/etapa-estadual-2a-comigrar\/#primaryimage\"},\"thumbnailUrl\":\"https:\/\/www.manaus.am.gov.br\/semasc\/wp-content\/uploads\/sites\/17\/2024\/03\/53568172685_021a0e3129_k.jpg\",\"keywords\":[\"\u201c1\u00aa Confer\u00eancia Estadual de Migra\u00e7\u00f5es\",\"2\u00aa Confer\u00eancia Nacional de Migra\u00e7\u00f5es\",\"prefeitura de manaus\",\"Ref\u00fagio e Apatridia (Comigrar)\",\"Ref\u00fagio e Apatridia\u201d\",\"Semasc\"],\"articleSection\":[\"Confer\u00eancia\"],\"inLanguage\":\"pt-BR\"},{\"@type\":\"WebPage\",\"@id\":\"https:\/\/www.manaus.am.gov.br\/semasc\/etapa-estadual-2a-comigrar\/\",\"url\":\"https:\/\/www.manaus.am.gov.br\/semasc\/etapa-estadual-2a-comigrar\/\",\"name\":\"Prefeitura participa de etapa estadual da 2\u00aa Comigrar\",\"isPartOf\":{\"@id\":\"https:\/\/www.manaus.am.gov.br\/semasc\/#website\"},\"primaryImageOfPage\":{\"@id\":\"https:\/\/www.manaus.am.gov.br\/semasc\/etapa-estadual-2a-comigrar\/#primaryimage\"},\"image\":{\"@id\":\"https:\/\/www.manaus.am.gov.br\/semasc\/etapa-estadual-2a-comigrar\/#primaryimage\"},\"thumbnailUrl\":\"https:\/\/www.manaus.am.gov.br\/semasc\/wp-content\/uploads\/sites\/17\/2024\/03\/53568172685_021a0e3129_k.jpg\",\"datePublished\":\"2024-03-04T20:20:47+00:00\",\"dateModified\":\"2024-03-12T18:32:27+00:00\",\"description\":\"Prefeitura de Manaus participa da 1\u00aa Confer\u00eancia Estadual de Migra\u00e7\u00f5es, Ref\u00fagio e Apatridiada, etapa local antes da 2\u00aa Comigrar.\",\"breadcrumb\":{\"@id\":\"https:\/\/www.manaus.am.gov.br\/semasc\/etapa-estadual-2a-comigrar\/#breadcrumb\"},\"inLanguage\":\"pt-BR\",\"potentialAction\":[{\"@type\":\"ReadAction\",\"target\":[\"https:\/\/www.manaus.am.gov.br\/semasc\/etapa-estadual-2a-comigrar\/\"]}]},{\"@type\":\"ImageObject\",\"inLanguage\":\"pt-BR\",\"@id\":\"https:\/\/www.manaus.am.gov.br\/semasc\/etapa-estadual-2a-comigrar\/#primaryimage\",\"url\":\"https:\/\/www.manaus.am.gov.br\/semasc\/wp-content\/uploads\/sites\/17\/2024\/03\/53568172685_021a0e3129_k.jpg\",\"contentUrl\":\"https:\/\/www.manaus.am.gov.br\/semasc\/wp-content\/uploads\/sites\/17\/2024\/03\/53568172685_021a0e3129_k.jpg\",\"width\":2048,\"height\":1536,\"caption\":\"#paratodosverem - Secret\u00e1rio da Semasc, Eduardo Lucas, com outros representantes, participando da etapa estadual da 2\u00aa Confer\u00eancia Nacional de Migra\u00e7\u00f5es, Ref\u00fagio e Apatridia\"},{\"@type\":\"BreadcrumbList\",\"@id\":\"https:\/\/www.manaus.am.gov.br\/semasc\/etapa-estadual-2a-comigrar\/#breadcrumb\",\"itemListElement\":[{\"@type\":\"ListItem\",\"position\":1,\"name\":\"Home\",\"item\":\"https:\/\/www.manaus.am.gov.br\/semasc\/\"},{\"@type\":\"ListItem\",\"position\":2,\"name\":\"Prefeitura de Manaus participa de etapa estadual da 2\u00aa Confer\u00eancia Nacional de Migra\u00e7\u00f5es, Ref\u00fagio e Apatridia\"}]},{\"@type\":\"WebSite\",\"@id\":\"https:\/\/www.manaus.am.gov.br\/semasc\/#website\",\"url\":\"https:\/\/www.manaus.am.gov.br\/semasc\/\",\"name\":\"SEMASC\",\"description\":\"Secretaria Municipal da Mulher, Assist\u00eancia Social e Cidadania.\",\"publisher\":{\"@id\":\"https:\/\/www.manaus.am.gov.br\/semasc\/#organization\"},\"alternateName\":\"Secretaria Municipal da Mulher, Assist\u00eancia Social e Cidadania\",\"potentialAction\":[{\"@type\":\"SearchAction\",\"target\":{\"@type\":\"EntryPoint\",\"urlTemplate\":\"https:\/\/www.manaus.am.gov.br\/semasc\/?s={search_term_string}\"},\"query-input\":\"required name=search_term_string\"}],\"inLanguage\":\"pt-BR\"},{\"@type\":\"Organization\",\"@id\":\"https:\/\/www.manaus.am.gov.br\/semasc\/#organization\",\"name\":\"Prefeitura de Manaus\",\"alternateName\":\"Prefeitura Municipal de Manaus\",\"url\":\"https:\/\/www.manaus.am.gov.br\/semasc\/\",\"logo\":{\"@type\":\"ImageObject\",\"inLanguage\":\"pt-BR\",\"@id\":\"https:\/\/www.manaus.am.gov.br\/semasc\/#\/schema\/logo\/image\/\",\"url\":\"https:\/\/www.manaus.am.gov.br\/semasc\/wp-content\/uploads\/sites\/17\/2024\/07\/favicon.png\",\"contentUrl\":\"https:\/\/www.manaus.am.gov.br\/semasc\/wp-content\/uploads\/sites\/17\/2024\/07\/favicon.png\",\"width\":300,\"height\":300,\"caption\":\"Prefeitura de Manaus\"},\"image\":{\"@id\":\"https:\/\/www.manaus.am.gov.br\/semasc\/#\/schema\/logo\/image\/\"},\"sameAs\":[\"https:\/\/www.facebook.com\/semascmanaus\",\"https:\/\/www.instagram.com\/semascmanaus\/\"]},{\"@type\":\"Person\",\"@id\":\"https:\/\/www.manaus.am.gov.br\/semasc\/#\/schema\/person\/05d223aea2bf115f9883a6ff3683d81b\",\"name\":\"Bruna Greco\",\"image\":{\"@type\":\"ImageObject\",\"inLanguage\":\"pt-BR\",\"@id\":\"https:\/\/www.manaus.am.gov.br\/semasc\/#\/schema\/person\/image\/\",\"url\":\"https:\/\/secure.gravatar.com\/avatar\/9c877d1a6adc2a055330e5c09a8653ce?s=96&d=mm&r=g\",\"contentUrl\":\"https:\/\/secure.gravatar.com\/avatar\/9c877d1a6adc2a055330e5c09a8653ce?s=96&d=mm&r=g\",\"caption\":\"Bruna Greco\"}}]}<\/script>\n<!-- \/ Yoast SEO plugin. -->","yoast_head_json":{"title":"Prefeitura participa de etapa estadual da 2\u00aa Comigrar","description":"Prefeitura de Manaus participa da 1\u00aa Confer\u00eancia Estadual de Migra\u00e7\u00f5es, Ref\u00fagio e Apatridiada, etapa local antes da 2\u00aa Comigrar.","robots":{"index":"noindex","follow":"follow"},"og_locale":"pt_BR","og_type":"article","og_title":"Prefeitura participa de etapa estadual da 2\u00aa Comigrar","og_description":"Prefeitura de Manaus participa da 1\u00aa Confer\u00eancia Estadual de Migra\u00e7\u00f5es, Ref\u00fagio e Apatridiada, etapa local antes da 2\u00aa Comigrar.","og_url":"https:\/\/www.manaus.am.gov.br\/semasc\/etapa-estadual-2a-comigrar\/","og_site_name":"SEMASC","article_publisher":"https:\/\/www.facebook.com\/semascmanaus","article_published_time":"2024-03-04T20:20:47+00:00","article_modified_time":"2024-03-12T18:32:27+00:00","og_image":[{"width":2048,"height":1536,"url":"https:\/\/www.manaus.am.gov.br\/semasc\/wp-content\/uploads\/sites\/17\/2024\/03\/53568172685_021a0e3129_k.jpg","type":"image\/jpeg"}],"author":"Bruna Greco","twitter_card":"summary_large_image","twitter_misc":{"Written by":"Bruna Greco","Est. reading time":"3 minutos"},"schema":{"@context":"https:\/\/schema.org","@graph":[{"@type":"Article","@id":"https:\/\/www.manaus.am.gov.br\/semasc\/etapa-estadual-2a-comigrar\/#article","isPartOf":{"@id":"https:\/\/www.manaus.am.gov.br\/semasc\/etapa-estadual-2a-comigrar\/"},"author":{"name":"Bruna Greco","@id":"https:\/\/www.manaus.am.gov.br\/semasc\/#\/schema\/person\/05d223aea2bf115f9883a6ff3683d81b"},"headline":"Prefeitura de Manaus participa de etapa estadual da 2\u00aa Confer\u00eancia Nacional de Migra\u00e7\u00f5es, Ref\u00fagio e Apatridia","datePublished":"2024-03-04T20:20:47+00:00","dateModified":"2024-03-12T18:32:27+00:00","mainEntityOfPage":{"@id":"https:\/\/www.manaus.am.gov.br\/semasc\/etapa-estadual-2a-comigrar\/"},"wordCount":538,"publisher":{"@id":"https:\/\/www.manaus.am.gov.br\/semasc\/#organization"},"image":{"@id":"https:\/\/www.manaus.am.gov.br\/semasc\/etapa-estadual-2a-comigrar\/#primaryimage"},"thumbnailUrl":"https:\/\/www.manaus.am.gov.br\/semasc\/wp-content\/uploads\/sites\/17\/2024\/03\/53568172685_021a0e3129_k.jpg","keywords":["\u201c1\u00aa Confer\u00eancia Estadual de Migra\u00e7\u00f5es","2\u00aa Confer\u00eancia Nacional de Migra\u00e7\u00f5es","prefeitura de manaus","Ref\u00fagio e Apatridia (Comigrar)","Ref\u00fagio e Apatridia\u201d","Semasc"],"articleSection":["Confer\u00eancia"],"inLanguage":"pt-BR"},{"@type":"WebPage","@id":"https:\/\/www.manaus.am.gov.br\/semasc\/etapa-estadual-2a-comigrar\/","url":"https:\/\/www.manaus.am.gov.br\/semasc\/etapa-estadual-2a-comigrar\/","name":"Prefeitura participa de etapa estadual da 2\u00aa Comigrar","isPartOf":{"@id":"https:\/\/www.manaus.am.gov.br\/semasc\/#website"},"primaryImageOfPage":{"@id":"https:\/\/www.manaus.am.gov.br\/semasc\/etapa-estadual-2a-comigrar\/#primaryimage"},"image":{"@id":"https:\/\/www.manaus.am.gov.br\/semasc\/etapa-estadual-2a-comigrar\/#primaryimage"},"thumbnailUrl":"https:\/\/www.manaus.am.gov.br\/semasc\/wp-content\/uploads\/sites\/17\/2024\/03\/53568172685_021a0e3129_k.jpg","datePublished":"2024-03-04T20:20:47+00:00","dateModified":"2024-03-12T18:32:27+00:00","description":"Prefeitura de Manaus participa da 1\u00aa Confer\u00eancia Estadual de Migra\u00e7\u00f5es, Ref\u00fagio e Apatridiada, etapa local antes da 2\u00aa Comigrar.","breadcrumb":{"@id":"https:\/\/www.manaus.am.gov.br\/semasc\/etapa-estadual-2a-comigrar\/#breadcrumb"},"inLanguage":"pt-BR","potentialAction":[{"@type":"ReadAction","target":["https:\/\/www.manaus.am.gov.br\/semasc\/etapa-estadual-2a-comigrar\/"]}]},{"@type":"ImageObject","inLanguage":"pt-BR","@id":"https:\/\/www.manaus.am.gov.br\/semasc\/etapa-estadual-2a-comigrar\/#primaryimage","url":"https:\/\/www.manaus.am.gov.br\/semasc\/wp-content\/uploads\/sites\/17\/2024\/03\/53568172685_021a0e3129_k.jpg","contentUrl":"https:\/\/www.manaus.am.gov.br\/semasc\/wp-content\/uploads\/sites\/17\/2024\/03\/53568172685_021a0e3129_k.jpg","width":2048,"height":1536,"caption":"#paratodosverem - Secret\u00e1rio da Semasc, Eduardo Lucas, com outros representantes, participando da etapa estadual da 2\u00aa Confer\u00eancia Nacional de Migra\u00e7\u00f5es, Ref\u00fagio e Apatridia"},{"@type":"BreadcrumbList","@id":"https:\/\/www.manaus.am.gov.br\/semasc\/etapa-estadual-2a-comigrar\/#breadcrumb","itemListElement":[{"@type":"ListItem","position":1,"name":"Home","item":"https:\/\/www.manaus.am.gov.br\/semasc\/"},{"@type":"ListItem","position":2,"name":"Prefeitura de Manaus participa de etapa estadual da 2\u00aa Confer\u00eancia Nacional de Migra\u00e7\u00f5es, Ref\u00fagio e Apatridia"}]},{"@type":"WebSite","@id":"https:\/\/www.manaus.am.gov.br\/semasc\/#website","url":"https:\/\/www.manaus.am.gov.br\/semasc\/","name":"SEMASC","description":"Secretaria Municipal da Mulher, Assist\u00eancia Social e Cidadania.","publisher":{"@id":"https:\/\/www.manaus.am.gov.br\/semasc\/#organization"},"alternateName":"Secretaria Municipal da Mulher, Assist\u00eancia Social e Cidadania","potentialAction":[{"@type":"SearchAction","target":{"@type":"EntryPoint","urlTemplate":"https:\/\/www.manaus.am.gov.br\/semasc\/?s={search_term_string}"},"query-input":"required name=search_term_string"}],"inLanguage":"pt-BR"},{"@type":"Organization","@id":"https:\/\/www.manaus.am.gov.br\/semasc\/#organization","name":"Prefeitura de Manaus","alternateName":"Prefeitura Municipal de Manaus","url":"https:\/\/www.manaus.am.gov.br\/semasc\/","logo":{"@type":"ImageObject","inLanguage":"pt-BR","@id":"https:\/\/www.manaus.am.gov.br\/semasc\/#\/schema\/logo\/image\/","url":"https:\/\/www.manaus.am.gov.br\/semasc\/wp-content\/uploads\/sites\/17\/2024\/07\/favicon.png","contentUrl":"https:\/\/www.manaus.am.gov.br\/semasc\/wp-content\/uploads\/sites\/17\/2024\/07\/favicon.png","width":300,"height":300,"caption":"Prefeitura de Manaus"},"image":{"@id":"https:\/\/www.manaus.am.gov.br\/semasc\/#\/schema\/logo\/image\/"},"sameAs":["https:\/\/www.facebook.com\/semascmanaus","https:\/\/www.instagram.com\/semascmanaus\/"]},{"@type":"Person","@id":"https:\/\/www.manaus.am.gov.br\/semasc\/#\/schema\/person\/05d223aea2bf115f9883a6ff3683d81b","name":"Bruna Greco","image":{"@type":"ImageObject","inLanguage":"pt-BR","@id":"https:\/\/www.manaus.am.gov.br\/semasc\/#\/schema\/person\/image\/","url":"https:\/\/secure.gravatar.com\/avatar\/9c877d1a6adc2a055330e5c09a8653ce?s=96&d=mm&r=g","contentUrl":"https:\/\/secure.gravatar.com\/avatar\/9c877d1a6adc2a055330e5c09a8653ce?s=96&d=mm&r=g","caption":"Bruna Greco"}}]}},"_links":{"self":[{"href":"https:\/\/www.manaus.am.gov.br\/semasc\/wp-json\/wp\/v2\/posts\/209957"}],"collection":[{"href":"https:\/\/www.manaus.am.gov.br\/semasc\/wp-json\/wp\/v2\/posts"}],"about":[{"href":"https:\/\/www.manaus.am.gov.br\/semasc\/wp-json\/wp\/v2\/types\/post"}],"author":[{"embeddable":true,"href":"https:\/\/www.manaus.am.gov.br\/semasc\/wp-json\/wp\/v2\/users\/39"}],"replies":[{"embeddable":true,"href":"https:\/\/www.manaus.am.gov.br\/semasc\/wp-json\/wp\/v2\/comments?post=209957"}],"version-history":[{"count":1,"href":"https:\/\/www.manaus.am.gov.br\/semasc\/wp-json\/wp\/v2\/posts\/209957\/revisions"}],"predecessor-version":[{"id":209961,"href":"https:\/\/www.manaus.am.gov.br\/semasc\/wp-json\/wp\/v2\/posts\/209957\/revisions\/209961"}],"wp:featuredmedia":[{"embeddable":true,"href":"https:\/\/www.manaus.am.gov.br\/semasc\/wp-json\/wp\/v2\/media\/209958"}],"wp:attachment":[{"href":"https:\/\/www.manaus.am.gov.br\/semasc\/wp-json\/wp\/v2\/media?parent=209957"}],"wp:term":[{"taxonomy":"category","embeddable":true,"href":"https:\/\/www.manaus.am.gov.br\/semasc\/wp-json\/wp\/v2\/categories?post=209957"},{"taxonomy":"post_tag","embeddable":true,"href":"https:\/\/www.manaus.am.gov.br\/semasc\/wp-json\/wp\/v2\/tags?post=209957"}],"curies":[{"name":"wp","href":"https:\/\/api.w.org\/{rel}","templated":true}]}}