{"id":209940,"date":"2024-03-04T11:58:46","date_gmt":"2024-03-04T15:58:46","guid":{"rendered":"https:\/\/www.manaus.am.gov.br\/semasc\/orientacoes-coletivas-informam-usuarios-do-cras-sobre-diferentes-programas-socioassistenciais\/"},"modified":"2024-03-11T09:54:14","modified_gmt":"2024-03-11T13:54:14","slug":"orientacoes-coletivas-semasc","status":"publish","type":"post","link":"https:\/\/www.manaus.am.gov.br\/semasc\/orientacoes-coletivas-semasc\/","title":{"rendered":"Orienta\u00e7\u00f5es coletivas informam usu\u00e1rios do Cras sobre diferentes programas socioassistenciais"},"content":{"rendered":"\n<p>Todos os dias, pela parte da manh\u00e3, as equipes t\u00e9cnicas dos Centros de Refer\u00eancia de Assist\u00eancia Social (Cras), da Prefeitura de Manaus, iniciam os atendimentos das unidades socioassistenciais com o chamado \u201cmomento de acolhida\u201d, em que os primeiros usu\u00e1rios do dia s\u00e3o recebidos. Ao menos uma vez por semana, a acolhida tamb\u00e9m \u00e9 acompanhada de orienta\u00e7\u00f5es coletivas, em que a equipe t\u00e9cnica repassa aos usu\u00e1rios as principais informa\u00e7\u00f5es acerca dos servi\u00e7os e programas socioassistenciais oferecidos pelo Cras \u00e0 popula\u00e7\u00e3o.<\/p>\n\n\n\n<p>Nesta segunda-feira, 4\/3, os usu\u00e1rios do Cras Mutir\u00e3o, temporariamente alocado nas depend\u00eancias do shopping Phelippe Daou, na zona Leste, participaram da primeira orienta\u00e7\u00e3o coletiva da semana, contando com a presen\u00e7a do titular da Secretaria Municipal da Mulher, Assist\u00eancia Social e Cidadania (Semasc), Eduardo Lucas, que destacou a gratuidade total dos servi\u00e7os oferecidos pelos equipamentos da secretaria, canais de den\u00fancia para casos de cobran\u00e7a indevida e os principais avan\u00e7os da Prefeitura de Manaus na assist\u00eancia social do munic\u00edpio.<\/p>\n\n\n\n<p>\u201cAs orienta\u00e7\u00f5es coletivas s\u00e3o fundamentais para que um n\u00famero maior de nossos usu\u00e1rios tenha acesso a informa\u00e7\u00f5es important\u00edssimas para o seu atendimento cotidiano. Essa \u00e9 uma das formas que a secretaria tem encontrado para se aproximar da popula\u00e7\u00e3o e falar sobre a venda ilegal de cadastros, sanar d\u00favidas, divulgar nossa Ouvidoria para poss\u00edveis den\u00fancias e afins, de forma mais direta e sem ru\u00eddos na comunica\u00e7\u00e3o\u201d, destacou o titular da Semasc.<\/p>\n\n\n\n<p>Al\u00e9m da apresenta\u00e7\u00e3o b\u00e1sica de servi\u00e7os como o Cadastro \u00danico, pelo qual fam\u00edlias de baixa renda podem ter acesso a programas assistenciais como Bolsa Fam\u00edlia, e o Servi\u00e7o de Conviv\u00eancia e Fortalecimento de V\u00ednculos (SCFV), respons\u00e1vel pela promo\u00e7\u00e3o de atividades que estimulem uma conviv\u00eancia comunit\u00e1ria saud\u00e1vel para crian\u00e7as, adolescentes, mulheres e idosos, a orienta\u00e7\u00e3o ainda destacou a import\u00e2ncia do sistema de Ouvidoria da Semasc.<\/p>\n\n\n\n<p>\u00c9 por meio desse sistema que a popula\u00e7\u00e3o \u00e9 capaz de formalizar den\u00fancias relativas \u00e0 venda de cadastros e outras poss\u00edveis inadequa\u00e7\u00f5es no atendimento constatadas nos equipamentos socioassistenciais administrados pela gest\u00e3o municipal. As den\u00fancias podem ser enviadas para n\u00famero (92) 98406-0952 ou pelo e-mail&nbsp;<a href=\"mailto:ouvidoria.semasc@manaus.am.gov.br\" target=\"_blank\" rel=\"noreferrer noopener\">ouvidoria.semasc@manaus.am.gov.br<\/a>.&nbsp;<\/p>\n\n\n\n<p>&#8212; &#8212; &#8212;<\/p>\n\n\n\n<p><strong>Texto &#8211;&nbsp;<\/strong>Guilherme Pacheco \/ Semasc&nbsp;<\/p>\n\n\n\n<p><strong>Fotos &#8211;&nbsp;<\/strong>Diego Lima \/ Semasc&nbsp;<\/p>\n\n\n\n<p><strong>Dispon\u00edveis em &#8211;&nbsp;<\/strong><a href=\"https:\/\/flic.kr\/s\/aHBqjBgknw\">https:\/\/flic.kr\/s\/aHBqjBgknw<\/a><br><\/p>\n","protected":false},"excerpt":{"rendered":"","protected":false},"author":23,"featured_media":209941,"comment_status":"closed","ping_status":"closed","sticky":false,"template":"","format":"standard","meta":{"footnotes":""},"categories":[34],"tags":[972,121,973,7,974,18,291],"acf":[],"yoast_head":"<!-- This site is optimized with the Yoast SEO plugin v23.0 - https:\/\/yoast.com\/wordpress\/plugins\/seo\/ -->\n<title>Orienta\u00e7\u00f5es coletivas informam usu\u00e1rios do Cras<\/title>\n<meta name=\"description\" content=\"Equipes t\u00e9cnicas dos Cras iniciam os atendimentos das unidades socioassistenciais com o chamado \u201cmomento de acolhida\u201d.\" \/>\n<meta name=\"robots\" content=\"noindex, follow\" \/>\n<meta property=\"og:locale\" content=\"pt_BR\" \/>\n<meta property=\"og:type\" content=\"article\" \/>\n<meta property=\"og:title\" content=\"Orienta\u00e7\u00f5es coletivas informam usu\u00e1rios do Cras\" \/>\n<meta property=\"og:description\" content=\"Equipes t\u00e9cnicas dos Cras iniciam os atendimentos das unidades socioassistenciais com o chamado \u201cmomento de acolhida\u201d.\" \/>\n<meta property=\"og:url\" content=\"https:\/\/www.manaus.am.gov.br\/semasc\/orientacoes-coletivas-semasc\/\" \/>\n<meta property=\"og:site_name\" content=\"SEMASC\" \/>\n<meta property=\"article:publisher\" content=\"https:\/\/www.facebook.com\/semascmanaus\" \/>\n<meta property=\"article:published_time\" content=\"2024-03-04T15:58:46+00:00\" \/>\n<meta property=\"article:modified_time\" content=\"2024-03-11T13:54:14+00:00\" \/>\n<meta property=\"og:image\" content=\"https:\/\/www.manaus.am.gov.br\/semasc\/wp-content\/uploads\/sites\/17\/2024\/03\/WhatsApp-Image-2024-03-04-at-11.51.33.jpeg\" \/>\n\t<meta property=\"og:image:width\" content=\"1600\" \/>\n\t<meta property=\"og:image:height\" content=\"1066\" \/>\n\t<meta property=\"og:image:type\" content=\"image\/jpeg\" \/>\n<meta name=\"author\" content=\"Adriana Costa\" \/>\n<meta name=\"twitter:card\" content=\"summary_large_image\" \/>\n<meta name=\"twitter:label1\" content=\"Written by\" \/>\n\t<meta name=\"twitter:data1\" content=\"Adriana Costa\" \/>\n\t<meta name=\"twitter:label2\" content=\"Est. reading time\" \/>\n\t<meta name=\"twitter:data2\" content=\"3 minutos\" \/>\n<script type=\"application\/ld+json\" class=\"yoast-schema-graph\">{\"@context\":\"https:\/\/schema.org\",\"@graph\":[{\"@type\":\"Article\",\"@id\":\"https:\/\/www.manaus.am.gov.br\/semasc\/orientacoes-coletivas-semasc\/#article\",\"isPartOf\":{\"@id\":\"https:\/\/www.manaus.am.gov.br\/semasc\/orientacoes-coletivas-semasc\/\"},\"author\":{\"name\":\"Adriana Costa\",\"@id\":\"https:\/\/www.manaus.am.gov.br\/semasc\/#\/schema\/person\/4e49f4e267757a06ca072ec61b2b9968\"},\"headline\":\"Orienta\u00e7\u00f5es coletivas informam usu\u00e1rios do Cras sobre diferentes programas socioassistenciais\",\"datePublished\":\"2024-03-04T15:58:46+00:00\",\"dateModified\":\"2024-03-11T13:54:14+00:00\",\"mainEntityOfPage\":{\"@id\":\"https:\/\/www.manaus.am.gov.br\/semasc\/orientacoes-coletivas-semasc\/\"},\"wordCount\":433,\"publisher\":{\"@id\":\"https:\/\/www.manaus.am.gov.br\/semasc\/#organization\"},\"image\":{\"@id\":\"https:\/\/www.manaus.am.gov.br\/semasc\/orientacoes-coletivas-semasc\/#primaryimage\"},\"thumbnailUrl\":\"https:\/\/www.manaus.am.gov.br\/semasc\/wp-content\/uploads\/sites\/17\/2024\/03\/WhatsApp-Image-2024-03-04-at-11.51.33.jpeg\",\"keywords\":[\"Acolhida\",\"cras\",\"orienta\u00e7\u00f5es coletivas\",\"prefeitura de manaus\",\"programas socioassistenciais\",\"Semasc\",\"servi\u00e7os\"],\"articleSection\":[\"Assist\u00eancia Social\"],\"inLanguage\":\"pt-BR\"},{\"@type\":\"WebPage\",\"@id\":\"https:\/\/www.manaus.am.gov.br\/semasc\/orientacoes-coletivas-semasc\/\",\"url\":\"https:\/\/www.manaus.am.gov.br\/semasc\/orientacoes-coletivas-semasc\/\",\"name\":\"Orienta\u00e7\u00f5es coletivas informam usu\u00e1rios do Cras\",\"isPartOf\":{\"@id\":\"https:\/\/www.manaus.am.gov.br\/semasc\/#website\"},\"primaryImageOfPage\":{\"@id\":\"https:\/\/www.manaus.am.gov.br\/semasc\/orientacoes-coletivas-semasc\/#primaryimage\"},\"image\":{\"@id\":\"https:\/\/www.manaus.am.gov.br\/semasc\/orientacoes-coletivas-semasc\/#primaryimage\"},\"thumbnailUrl\":\"https:\/\/www.manaus.am.gov.br\/semasc\/wp-content\/uploads\/sites\/17\/2024\/03\/WhatsApp-Image-2024-03-04-at-11.51.33.jpeg\",\"datePublished\":\"2024-03-04T15:58:46+00:00\",\"dateModified\":\"2024-03-11T13:54:14+00:00\",\"description\":\"Equipes t\u00e9cnicas dos Cras iniciam os atendimentos das unidades socioassistenciais com o chamado \u201cmomento de acolhida\u201d.\",\"breadcrumb\":{\"@id\":\"https:\/\/www.manaus.am.gov.br\/semasc\/orientacoes-coletivas-semasc\/#breadcrumb\"},\"inLanguage\":\"pt-BR\",\"potentialAction\":[{\"@type\":\"ReadAction\",\"target\":[\"https:\/\/www.manaus.am.gov.br\/semasc\/orientacoes-coletivas-semasc\/\"]}]},{\"@type\":\"ImageObject\",\"inLanguage\":\"pt-BR\",\"@id\":\"https:\/\/www.manaus.am.gov.br\/semasc\/orientacoes-coletivas-semasc\/#primaryimage\",\"url\":\"https:\/\/www.manaus.am.gov.br\/semasc\/wp-content\/uploads\/sites\/17\/2024\/03\/WhatsApp-Image-2024-03-04-at-11.51.33.jpeg\",\"contentUrl\":\"https:\/\/www.manaus.am.gov.br\/semasc\/wp-content\/uploads\/sites\/17\/2024\/03\/WhatsApp-Image-2024-03-04-at-11.51.33.jpeg\",\"width\":1600,\"height\":1066},{\"@type\":\"BreadcrumbList\",\"@id\":\"https:\/\/www.manaus.am.gov.br\/semasc\/orientacoes-coletivas-semasc\/#breadcrumb\",\"itemListElement\":[{\"@type\":\"ListItem\",\"position\":1,\"name\":\"Home\",\"item\":\"https:\/\/www.manaus.am.gov.br\/semasc\/\"},{\"@type\":\"ListItem\",\"position\":2,\"name\":\"Orienta\u00e7\u00f5es coletivas informam usu\u00e1rios do Cras sobre diferentes programas socioassistenciais\"}]},{\"@type\":\"WebSite\",\"@id\":\"https:\/\/www.manaus.am.gov.br\/semasc\/#website\",\"url\":\"https:\/\/www.manaus.am.gov.br\/semasc\/\",\"name\":\"SEMASC\",\"description\":\"Secretaria Municipal da Mulher, Assist\u00eancia Social e Cidadania.\",\"publisher\":{\"@id\":\"https:\/\/www.manaus.am.gov.br\/semasc\/#organization\"},\"alternateName\":\"Secretaria Municipal da Mulher, Assist\u00eancia Social e Cidadania\",\"potentialAction\":[{\"@type\":\"SearchAction\",\"target\":{\"@type\":\"EntryPoint\",\"urlTemplate\":\"https:\/\/www.manaus.am.gov.br\/semasc\/?s={search_term_string}\"},\"query-input\":\"required name=search_term_string\"}],\"inLanguage\":\"pt-BR\"},{\"@type\":\"Organization\",\"@id\":\"https:\/\/www.manaus.am.gov.br\/semasc\/#organization\",\"name\":\"Prefeitura de Manaus\",\"alternateName\":\"Prefeitura Municipal de Manaus\",\"url\":\"https:\/\/www.manaus.am.gov.br\/semasc\/\",\"logo\":{\"@type\":\"ImageObject\",\"inLanguage\":\"pt-BR\",\"@id\":\"https:\/\/www.manaus.am.gov.br\/semasc\/#\/schema\/logo\/image\/\",\"url\":\"https:\/\/www.manaus.am.gov.br\/semasc\/wp-content\/uploads\/sites\/17\/2024\/07\/favicon.png\",\"contentUrl\":\"https:\/\/www.manaus.am.gov.br\/semasc\/wp-content\/uploads\/sites\/17\/2024\/07\/favicon.png\",\"width\":300,\"height\":300,\"caption\":\"Prefeitura de Manaus\"},\"image\":{\"@id\":\"https:\/\/www.manaus.am.gov.br\/semasc\/#\/schema\/logo\/image\/\"},\"sameAs\":[\"https:\/\/www.facebook.com\/semascmanaus\",\"https:\/\/www.instagram.com\/semascmanaus\/\"]},{\"@type\":\"Person\",\"@id\":\"https:\/\/www.manaus.am.gov.br\/semasc\/#\/schema\/person\/4e49f4e267757a06ca072ec61b2b9968\",\"name\":\"Adriana Costa\",\"image\":{\"@type\":\"ImageObject\",\"inLanguage\":\"pt-BR\",\"@id\":\"https:\/\/www.manaus.am.gov.br\/semasc\/#\/schema\/person\/image\/\",\"url\":\"https:\/\/secure.gravatar.com\/avatar\/576258617ef7194f718179e766d57bd4?s=96&d=mm&r=g\",\"contentUrl\":\"https:\/\/secure.gravatar.com\/avatar\/576258617ef7194f718179e766d57bd4?s=96&d=mm&r=g\",\"caption\":\"Adriana Costa\"}}]}<\/script>\n<!-- \/ Yoast SEO plugin. -->","yoast_head_json":{"title":"Orienta\u00e7\u00f5es coletivas informam usu\u00e1rios do Cras","description":"Equipes t\u00e9cnicas dos Cras iniciam os atendimentos das unidades socioassistenciais com o chamado \u201cmomento de acolhida\u201d.","robots":{"index":"noindex","follow":"follow"},"og_locale":"pt_BR","og_type":"article","og_title":"Orienta\u00e7\u00f5es coletivas informam usu\u00e1rios do Cras","og_description":"Equipes t\u00e9cnicas dos Cras iniciam os atendimentos das unidades socioassistenciais com o chamado \u201cmomento de acolhida\u201d.","og_url":"https:\/\/www.manaus.am.gov.br\/semasc\/orientacoes-coletivas-semasc\/","og_site_name":"SEMASC","article_publisher":"https:\/\/www.facebook.com\/semascmanaus","article_published_time":"2024-03-04T15:58:46+00:00","article_modified_time":"2024-03-11T13:54:14+00:00","og_image":[{"width":1600,"height":1066,"url":"https:\/\/www.manaus.am.gov.br\/semasc\/wp-content\/uploads\/sites\/17\/2024\/03\/WhatsApp-Image-2024-03-04-at-11.51.33.jpeg","type":"image\/jpeg"}],"author":"Adriana Costa","twitter_card":"summary_large_image","twitter_misc":{"Written by":"Adriana Costa","Est. reading time":"3 minutos"},"schema":{"@context":"https:\/\/schema.org","@graph":[{"@type":"Article","@id":"https:\/\/www.manaus.am.gov.br\/semasc\/orientacoes-coletivas-semasc\/#article","isPartOf":{"@id":"https:\/\/www.manaus.am.gov.br\/semasc\/orientacoes-coletivas-semasc\/"},"author":{"name":"Adriana Costa","@id":"https:\/\/www.manaus.am.gov.br\/semasc\/#\/schema\/person\/4e49f4e267757a06ca072ec61b2b9968"},"headline":"Orienta\u00e7\u00f5es coletivas informam usu\u00e1rios do Cras sobre diferentes programas socioassistenciais","datePublished":"2024-03-04T15:58:46+00:00","dateModified":"2024-03-11T13:54:14+00:00","mainEntityOfPage":{"@id":"https:\/\/www.manaus.am.gov.br\/semasc\/orientacoes-coletivas-semasc\/"},"wordCount":433,"publisher":{"@id":"https:\/\/www.manaus.am.gov.br\/semasc\/#organization"},"image":{"@id":"https:\/\/www.manaus.am.gov.br\/semasc\/orientacoes-coletivas-semasc\/#primaryimage"},"thumbnailUrl":"https:\/\/www.manaus.am.gov.br\/semasc\/wp-content\/uploads\/sites\/17\/2024\/03\/WhatsApp-Image-2024-03-04-at-11.51.33.jpeg","keywords":["Acolhida","cras","orienta\u00e7\u00f5es coletivas","prefeitura de manaus","programas socioassistenciais","Semasc","servi\u00e7os"],"articleSection":["Assist\u00eancia Social"],"inLanguage":"pt-BR"},{"@type":"WebPage","@id":"https:\/\/www.manaus.am.gov.br\/semasc\/orientacoes-coletivas-semasc\/","url":"https:\/\/www.manaus.am.gov.br\/semasc\/orientacoes-coletivas-semasc\/","name":"Orienta\u00e7\u00f5es coletivas informam usu\u00e1rios do Cras","isPartOf":{"@id":"https:\/\/www.manaus.am.gov.br\/semasc\/#website"},"primaryImageOfPage":{"@id":"https:\/\/www.manaus.am.gov.br\/semasc\/orientacoes-coletivas-semasc\/#primaryimage"},"image":{"@id":"https:\/\/www.manaus.am.gov.br\/semasc\/orientacoes-coletivas-semasc\/#primaryimage"},"thumbnailUrl":"https:\/\/www.manaus.am.gov.br\/semasc\/wp-content\/uploads\/sites\/17\/2024\/03\/WhatsApp-Image-2024-03-04-at-11.51.33.jpeg","datePublished":"2024-03-04T15:58:46+00:00","dateModified":"2024-03-11T13:54:14+00:00","description":"Equipes t\u00e9cnicas dos Cras iniciam os atendimentos das unidades socioassistenciais com o chamado \u201cmomento de acolhida\u201d.","breadcrumb":{"@id":"https:\/\/www.manaus.am.gov.br\/semasc\/orientacoes-coletivas-semasc\/#breadcrumb"},"inLanguage":"pt-BR","potentialAction":[{"@type":"ReadAction","target":["https:\/\/www.manaus.am.gov.br\/semasc\/orientacoes-coletivas-semasc\/"]}]},{"@type":"ImageObject","inLanguage":"pt-BR","@id":"https:\/\/www.manaus.am.gov.br\/semasc\/orientacoes-coletivas-semasc\/#primaryimage","url":"https:\/\/www.manaus.am.gov.br\/semasc\/wp-content\/uploads\/sites\/17\/2024\/03\/WhatsApp-Image-2024-03-04-at-11.51.33.jpeg","contentUrl":"https:\/\/www.manaus.am.gov.br\/semasc\/wp-content\/uploads\/sites\/17\/2024\/03\/WhatsApp-Image-2024-03-04-at-11.51.33.jpeg","width":1600,"height":1066},{"@type":"BreadcrumbList","@id":"https:\/\/www.manaus.am.gov.br\/semasc\/orientacoes-coletivas-semasc\/#breadcrumb","itemListElement":[{"@type":"ListItem","position":1,"name":"Home","item":"https:\/\/www.manaus.am.gov.br\/semasc\/"},{"@type":"ListItem","position":2,"name":"Orienta\u00e7\u00f5es coletivas informam usu\u00e1rios do Cras sobre diferentes programas socioassistenciais"}]},{"@type":"WebSite","@id":"https:\/\/www.manaus.am.gov.br\/semasc\/#website","url":"https:\/\/www.manaus.am.gov.br\/semasc\/","name":"SEMASC","description":"Secretaria Municipal da Mulher, Assist\u00eancia Social e Cidadania.","publisher":{"@id":"https:\/\/www.manaus.am.gov.br\/semasc\/#organization"},"alternateName":"Secretaria Municipal da Mulher, Assist\u00eancia Social e Cidadania","potentialAction":[{"@type":"SearchAction","target":{"@type":"EntryPoint","urlTemplate":"https:\/\/www.manaus.am.gov.br\/semasc\/?s={search_term_string}"},"query-input":"required name=search_term_string"}],"inLanguage":"pt-BR"},{"@type":"Organization","@id":"https:\/\/www.manaus.am.gov.br\/semasc\/#organization","name":"Prefeitura de Manaus","alternateName":"Prefeitura Municipal de Manaus","url":"https:\/\/www.manaus.am.gov.br\/semasc\/","logo":{"@type":"ImageObject","inLanguage":"pt-BR","@id":"https:\/\/www.manaus.am.gov.br\/semasc\/#\/schema\/logo\/image\/","url":"https:\/\/www.manaus.am.gov.br\/semasc\/wp-content\/uploads\/sites\/17\/2024\/07\/favicon.png","contentUrl":"https:\/\/www.manaus.am.gov.br\/semasc\/wp-content\/uploads\/sites\/17\/2024\/07\/favicon.png","width":300,"height":300,"caption":"Prefeitura de Manaus"},"image":{"@id":"https:\/\/www.manaus.am.gov.br\/semasc\/#\/schema\/logo\/image\/"},"sameAs":["https:\/\/www.facebook.com\/semascmanaus","https:\/\/www.instagram.com\/semascmanaus\/"]},{"@type":"Person","@id":"https:\/\/www.manaus.am.gov.br\/semasc\/#\/schema\/person\/4e49f4e267757a06ca072ec61b2b9968","name":"Adriana Costa","image":{"@type":"ImageObject","inLanguage":"pt-BR","@id":"https:\/\/www.manaus.am.gov.br\/semasc\/#\/schema\/person\/image\/","url":"https:\/\/secure.gravatar.com\/avatar\/576258617ef7194f718179e766d57bd4?s=96&d=mm&r=g","contentUrl":"https:\/\/secure.gravatar.com\/avatar\/576258617ef7194f718179e766d57bd4?s=96&d=mm&r=g","caption":"Adriana Costa"}}]}},"_links":{"self":[{"href":"https:\/\/www.manaus.am.gov.br\/semasc\/wp-json\/wp\/v2\/posts\/209940"}],"collection":[{"href":"https:\/\/www.manaus.am.gov.br\/semasc\/wp-json\/wp\/v2\/posts"}],"about":[{"href":"https:\/\/www.manaus.am.gov.br\/semasc\/wp-json\/wp\/v2\/types\/post"}],"author":[{"embeddable":true,"href":"https:\/\/www.manaus.am.gov.br\/semasc\/wp-json\/wp\/v2\/users\/23"}],"replies":[{"embeddable":true,"href":"https:\/\/www.manaus.am.gov.br\/semasc\/wp-json\/wp\/v2\/comments?post=209940"}],"version-history":[{"count":2,"href":"https:\/\/www.manaus.am.gov.br\/semasc\/wp-json\/wp\/v2\/posts\/209940\/revisions"}],"predecessor-version":[{"id":209956,"href":"https:\/\/www.manaus.am.gov.br\/semasc\/wp-json\/wp\/v2\/posts\/209940\/revisions\/209956"}],"wp:featuredmedia":[{"embeddable":true,"href":"https:\/\/www.manaus.am.gov.br\/semasc\/wp-json\/wp\/v2\/media\/209941"}],"wp:attachment":[{"href":"https:\/\/www.manaus.am.gov.br\/semasc\/wp-json\/wp\/v2\/media?parent=209940"}],"wp:term":[{"taxonomy":"category","embeddable":true,"href":"https:\/\/www.manaus.am.gov.br\/semasc\/wp-json\/wp\/v2\/categories?post=209940"},{"taxonomy":"post_tag","embeddable":true,"href":"https:\/\/www.manaus.am.gov.br\/semasc\/wp-json\/wp\/v2\/tags?post=209940"}],"curies":[{"name":"wp","href":"https:\/\/api.w.org\/{rel}","templated":true}]}}