{"id":209934,"date":"2024-03-01T19:22:09","date_gmt":"2024-03-01T23:22:09","guid":{"rendered":"https:\/\/www.manaus.am.gov.br\/semasc\/folia-idosos-cras\/"},"modified":"2024-03-06T12:14:32","modified_gmt":"2024-03-06T16:14:32","slug":"folia-idosos-cras","status":"publish","type":"post","link":"https:\/\/www.manaus.am.gov.br\/semasc\/folia-idosos-cras\/","title":{"rendered":"Prefeitura de Manaus leva a folia do Carnaval para idosos atendidos pelos CRAS"},"content":{"rendered":"\n<p>A Prefeitura de Manaus, por meio da Secretaria Municipal da Mulher, Assist\u00eancia Social e Cidadania (Semasc), em parceria com o F\u00f3rum dos Direitos da Pessoa Idosa do Estado do Amazonas (F\u00f3rum DPI-AM), realizou, nesta sexta-feira, 1\u00ba\/3, o \u201c2\u00ba Bloco de Carnaval dos Idosos\u201d, destinado ao p\u00fablico da terceira idade atendido pelo Servi\u00e7o de Conviv\u00eancia e Fortalecimento de V\u00ednculos dos Centros de Refer\u00eancia de Assist\u00eancia Social (Cras) do munic\u00edpio.<\/p>\n\n\n\n<p>Buscando levar a alegria do per\u00edodo carnavalesco a fam\u00edlias em situa\u00e7\u00e3o de vulnerabilidade social, o bloco foi realizado no Parque Municipal do Idoso, na zona Centro-Sul, reunindo aproximadamente 1,5 mil idosos atendidos pelas 20 unidades do Cras existentes na capital amazonense e 14 grupos de conviv\u00eancia referenciados pelo F\u00f3rum DPI-AM.<\/p>\n\n\n\n<p>\u201c\u00c9 muito gratificante para n\u00f3s, da Semasc, ver todos os nossos idosos reunidos aqui hoje celebrando a vida com tanta vitalidade, com tanta energia e felicidade nos olhos. O servi\u00e7o existe para isso, para garantir direitos e qualidade de vida a quem precisa\u201d, destacou o secret\u00e1rio Eduardo Lucas, da Semasc.<\/p>\n\n\n\n<p>Para a gerente do Servi\u00e7o de Conviv\u00eancia e Fortalecimento de V\u00ednculos da Semasc, Josieth Ara\u00fajo, a magnitude do evento serve n\u00e3o apenas para a promo\u00e7\u00e3o de uma grande atividade de socializa\u00e7\u00e3o, mas tamb\u00e9m para dar visibilidade aos diferentes servi\u00e7os socioassistenciais oferecidos pela gest\u00e3o municipal.<\/p>\n\n\n\n<p>\u201cQuando boa parte da popula\u00e7\u00e3o pensa em Cras, o comum \u00e9 pensar no Cadastro \u00danico. Faz sentido, mas o trabalho da assist\u00eancia social \u00e9 muito mais abrangente. Quando fazemos um evento deste porte, mostramos para a popula\u00e7\u00e3o a diversidade daquilo que oferecemos. S\u00e3o diversos servi\u00e7os, para diferentes p\u00fablicos e que s\u00e3o ofertados conforme a demanda de cada uma dessas fam\u00edlias. Isso \u00e9 trabalho\u201d, afirmou.<\/p>\n\n\n\n<p>Embalados pela Banda da Pol\u00edcia Militar do Amazonas e do cantor Rogerinho da Bahia, os idosos presentes no bloco elogiaram a realiza\u00e7\u00e3o de mais um evento voltado para eles. A aposentada Gra\u00e7a Barros, 60, referenciada no Cras Crespo, ressaltou a import\u00e2ncia da festa para sua no\u00e7\u00e3o de \u201cvitalidade\u201d.<\/p>\n\n\n\n<p>\u201c\u00c9 muito importante para n\u00f3s. A intera\u00e7\u00e3o social, a proximidade com nossos colegas, a alegria de dan\u00e7ar juntinhos, \u00e9 tudo muito bom. A gente se sente vivo\u201d, afirmou.<\/p>\n\n\n\n<p>Rosana Francisca, 71, referenciada no Cras S\u00e3o Raimundo, tamb\u00e9m elogiou a festa e pediu por mais. \u201cEu estou t\u00e3o emocionada que mal consigo pensar em palavras para dizer, mas hoje foi muito legal, simplesmente maravilhoso. O sentimento que fica \u00e9 o de \u2018quero mais\u2019, sabe?\u201d, concluiu.<\/p>\n\n\n\n<p>&#8212; &#8212; &#8212;<\/p>\n\n\n\n<p><strong>Texto<\/strong> &#8211; Guilherme Pacheco \/ Semasc<\/p>\n\n\n\n<p><strong>Fotos<\/strong> &#8211; Diego Lima \/ Semasc<\/p>\n","protected":false},"excerpt":{"rendered":"","protected":false},"author":61,"featured_media":209935,"comment_status":"closed","ping_status":"closed","sticky":false,"template":"","format":"standard","meta":{"footnotes":""},"categories":[34],"tags":[121,133,7,18],"acf":[],"yoast_head":"<!-- This site is optimized with the Yoast SEO plugin v23.0 - https:\/\/yoast.com\/wordpress\/plugins\/seo\/ -->\n<title>Prefeitura leva a folia do Carnaval para idosos dos CRAS<\/title>\n<meta name=\"description\" content=\"A Prefeitura de Manaus, por meio Semasc, em parceria com o F\u00f3rum DPI-AM, realizou o \u201c2\u00ba Bloco de Carnaval dos Idosos\u201d,\" \/>\n<meta name=\"robots\" content=\"noindex, follow\" \/>\n<meta property=\"og:locale\" content=\"pt_BR\" \/>\n<meta property=\"og:type\" content=\"article\" \/>\n<meta property=\"og:title\" content=\"Prefeitura leva a folia do Carnaval para idosos dos CRAS\" \/>\n<meta property=\"og:description\" content=\"A Prefeitura de Manaus, por meio Semasc, em parceria com o F\u00f3rum DPI-AM, realizou o \u201c2\u00ba Bloco de Carnaval dos Idosos\u201d,\" \/>\n<meta property=\"og:url\" content=\"https:\/\/www.manaus.am.gov.br\/semasc\/folia-idosos-cras\/\" \/>\n<meta property=\"og:site_name\" content=\"SEMASC\" \/>\n<meta property=\"article:publisher\" content=\"https:\/\/www.facebook.com\/semascmanaus\" \/>\n<meta property=\"article:published_time\" content=\"2024-03-01T23:22:09+00:00\" \/>\n<meta property=\"article:modified_time\" content=\"2024-03-06T16:14:32+00:00\" \/>\n<meta property=\"og:image\" content=\"https:\/\/www.manaus.am.gov.br\/semasc\/wp-content\/uploads\/sites\/17\/2024\/03\/Carnaval-dos-Idosos-3.jpg\" \/>\n\t<meta property=\"og:image:width\" content=\"799\" \/>\n\t<meta property=\"og:image:height\" content=\"533\" \/>\n\t<meta property=\"og:image:type\" content=\"image\/jpeg\" \/>\n<meta name=\"author\" content=\"smonteiro\" \/>\n<meta name=\"twitter:card\" content=\"summary_large_image\" \/>\n<meta name=\"twitter:label1\" content=\"Written by\" \/>\n\t<meta name=\"twitter:data1\" content=\"smonteiro\" \/>\n\t<meta name=\"twitter:label2\" content=\"Est. reading time\" \/>\n\t<meta name=\"twitter:data2\" content=\"3 minutos\" \/>\n<script type=\"application\/ld+json\" class=\"yoast-schema-graph\">{\"@context\":\"https:\/\/schema.org\",\"@graph\":[{\"@type\":\"Article\",\"@id\":\"https:\/\/www.manaus.am.gov.br\/semasc\/folia-idosos-cras\/#article\",\"isPartOf\":{\"@id\":\"https:\/\/www.manaus.am.gov.br\/semasc\/folia-idosos-cras\/\"},\"author\":{\"name\":\"smonteiro\",\"@id\":\"https:\/\/www.manaus.am.gov.br\/semasc\/#\/schema\/person\/ab4dcf766a54dff74e8d267f5c591961\"},\"headline\":\"Prefeitura de Manaus leva a folia do Carnaval para idosos atendidos pelos CRAS\",\"datePublished\":\"2024-03-01T23:22:09+00:00\",\"dateModified\":\"2024-03-06T16:14:32+00:00\",\"mainEntityOfPage\":{\"@id\":\"https:\/\/www.manaus.am.gov.br\/semasc\/folia-idosos-cras\/\"},\"wordCount\":457,\"publisher\":{\"@id\":\"https:\/\/www.manaus.am.gov.br\/semasc\/#organization\"},\"image\":{\"@id\":\"https:\/\/www.manaus.am.gov.br\/semasc\/folia-idosos-cras\/#primaryimage\"},\"thumbnailUrl\":\"https:\/\/www.manaus.am.gov.br\/semasc\/wp-content\/uploads\/sites\/17\/2024\/03\/Carnaval-dos-Idosos-3.jpg\",\"keywords\":[\"cras\",\"idosos\",\"prefeitura de manaus\",\"Semasc\"],\"articleSection\":[\"Assist\u00eancia Social\"],\"inLanguage\":\"pt-BR\"},{\"@type\":\"WebPage\",\"@id\":\"https:\/\/www.manaus.am.gov.br\/semasc\/folia-idosos-cras\/\",\"url\":\"https:\/\/www.manaus.am.gov.br\/semasc\/folia-idosos-cras\/\",\"name\":\"Prefeitura leva a folia do Carnaval para idosos dos CRAS\",\"isPartOf\":{\"@id\":\"https:\/\/www.manaus.am.gov.br\/semasc\/#website\"},\"primaryImageOfPage\":{\"@id\":\"https:\/\/www.manaus.am.gov.br\/semasc\/folia-idosos-cras\/#primaryimage\"},\"image\":{\"@id\":\"https:\/\/www.manaus.am.gov.br\/semasc\/folia-idosos-cras\/#primaryimage\"},\"thumbnailUrl\":\"https:\/\/www.manaus.am.gov.br\/semasc\/wp-content\/uploads\/sites\/17\/2024\/03\/Carnaval-dos-Idosos-3.jpg\",\"datePublished\":\"2024-03-01T23:22:09+00:00\",\"dateModified\":\"2024-03-06T16:14:32+00:00\",\"description\":\"A Prefeitura de Manaus, por meio Semasc, em parceria com o F\u00f3rum DPI-AM, realizou o \u201c2\u00ba Bloco de Carnaval dos Idosos\u201d,\",\"breadcrumb\":{\"@id\":\"https:\/\/www.manaus.am.gov.br\/semasc\/folia-idosos-cras\/#breadcrumb\"},\"inLanguage\":\"pt-BR\",\"potentialAction\":[{\"@type\":\"ReadAction\",\"target\":[\"https:\/\/www.manaus.am.gov.br\/semasc\/folia-idosos-cras\/\"]}]},{\"@type\":\"ImageObject\",\"inLanguage\":\"pt-BR\",\"@id\":\"https:\/\/www.manaus.am.gov.br\/semasc\/folia-idosos-cras\/#primaryimage\",\"url\":\"https:\/\/www.manaus.am.gov.br\/semasc\/wp-content\/uploads\/sites\/17\/2024\/03\/Carnaval-dos-Idosos-3.jpg\",\"contentUrl\":\"https:\/\/www.manaus.am.gov.br\/semasc\/wp-content\/uploads\/sites\/17\/2024\/03\/Carnaval-dos-Idosos-3.jpg\",\"width\":799,\"height\":533,\"caption\":\"#paratodosverem - secret\u00e1rio e representantes do F\u00f3rum DPI no Carnaval dos Idosos\"},{\"@type\":\"BreadcrumbList\",\"@id\":\"https:\/\/www.manaus.am.gov.br\/semasc\/folia-idosos-cras\/#breadcrumb\",\"itemListElement\":[{\"@type\":\"ListItem\",\"position\":1,\"name\":\"Home\",\"item\":\"https:\/\/www.manaus.am.gov.br\/semasc\/\"},{\"@type\":\"ListItem\",\"position\":2,\"name\":\"Prefeitura de Manaus leva a folia do Carnaval para idosos atendidos pelos CRAS\"}]},{\"@type\":\"WebSite\",\"@id\":\"https:\/\/www.manaus.am.gov.br\/semasc\/#website\",\"url\":\"https:\/\/www.manaus.am.gov.br\/semasc\/\",\"name\":\"SEMASC\",\"description\":\"Secretaria Municipal da Mulher, Assist\u00eancia Social e Cidadania.\",\"publisher\":{\"@id\":\"https:\/\/www.manaus.am.gov.br\/semasc\/#organization\"},\"alternateName\":\"Secretaria Municipal da Mulher, Assist\u00eancia Social e Cidadania\",\"potentialAction\":[{\"@type\":\"SearchAction\",\"target\":{\"@type\":\"EntryPoint\",\"urlTemplate\":\"https:\/\/www.manaus.am.gov.br\/semasc\/?s={search_term_string}\"},\"query-input\":\"required name=search_term_string\"}],\"inLanguage\":\"pt-BR\"},{\"@type\":\"Organization\",\"@id\":\"https:\/\/www.manaus.am.gov.br\/semasc\/#organization\",\"name\":\"Prefeitura de Manaus\",\"alternateName\":\"Prefeitura Municipal de Manaus\",\"url\":\"https:\/\/www.manaus.am.gov.br\/semasc\/\",\"logo\":{\"@type\":\"ImageObject\",\"inLanguage\":\"pt-BR\",\"@id\":\"https:\/\/www.manaus.am.gov.br\/semasc\/#\/schema\/logo\/image\/\",\"url\":\"https:\/\/www.manaus.am.gov.br\/semasc\/wp-content\/uploads\/sites\/17\/2024\/07\/favicon.png\",\"contentUrl\":\"https:\/\/www.manaus.am.gov.br\/semasc\/wp-content\/uploads\/sites\/17\/2024\/07\/favicon.png\",\"width\":300,\"height\":300,\"caption\":\"Prefeitura de Manaus\"},\"image\":{\"@id\":\"https:\/\/www.manaus.am.gov.br\/semasc\/#\/schema\/logo\/image\/\"},\"sameAs\":[\"https:\/\/www.facebook.com\/semascmanaus\",\"https:\/\/www.instagram.com\/semascmanaus\/\"]},{\"@type\":\"Person\",\"@id\":\"https:\/\/www.manaus.am.gov.br\/semasc\/#\/schema\/person\/ab4dcf766a54dff74e8d267f5c591961\",\"name\":\"smonteiro\",\"image\":{\"@type\":\"ImageObject\",\"inLanguage\":\"pt-BR\",\"@id\":\"https:\/\/www.manaus.am.gov.br\/semasc\/#\/schema\/person\/image\/\",\"url\":\"https:\/\/secure.gravatar.com\/avatar\/21c8776ef61d9272c73322052e042d77?s=96&d=mm&r=g\",\"contentUrl\":\"https:\/\/secure.gravatar.com\/avatar\/21c8776ef61d9272c73322052e042d77?s=96&d=mm&r=g\",\"caption\":\"smonteiro\"}}]}<\/script>\n<!-- \/ Yoast SEO plugin. -->","yoast_head_json":{"title":"Prefeitura leva a folia do Carnaval para idosos dos CRAS","description":"A Prefeitura de Manaus, por meio Semasc, em parceria com o F\u00f3rum DPI-AM, realizou o \u201c2\u00ba Bloco de Carnaval dos Idosos\u201d,","robots":{"index":"noindex","follow":"follow"},"og_locale":"pt_BR","og_type":"article","og_title":"Prefeitura leva a folia do Carnaval para idosos dos CRAS","og_description":"A Prefeitura de Manaus, por meio Semasc, em parceria com o F\u00f3rum DPI-AM, realizou o \u201c2\u00ba Bloco de Carnaval dos Idosos\u201d,","og_url":"https:\/\/www.manaus.am.gov.br\/semasc\/folia-idosos-cras\/","og_site_name":"SEMASC","article_publisher":"https:\/\/www.facebook.com\/semascmanaus","article_published_time":"2024-03-01T23:22:09+00:00","article_modified_time":"2024-03-06T16:14:32+00:00","og_image":[{"width":799,"height":533,"url":"https:\/\/www.manaus.am.gov.br\/semasc\/wp-content\/uploads\/sites\/17\/2024\/03\/Carnaval-dos-Idosos-3.jpg","type":"image\/jpeg"}],"author":"smonteiro","twitter_card":"summary_large_image","twitter_misc":{"Written by":"smonteiro","Est. reading time":"3 minutos"},"schema":{"@context":"https:\/\/schema.org","@graph":[{"@type":"Article","@id":"https:\/\/www.manaus.am.gov.br\/semasc\/folia-idosos-cras\/#article","isPartOf":{"@id":"https:\/\/www.manaus.am.gov.br\/semasc\/folia-idosos-cras\/"},"author":{"name":"smonteiro","@id":"https:\/\/www.manaus.am.gov.br\/semasc\/#\/schema\/person\/ab4dcf766a54dff74e8d267f5c591961"},"headline":"Prefeitura de Manaus leva a folia do Carnaval para idosos atendidos pelos CRAS","datePublished":"2024-03-01T23:22:09+00:00","dateModified":"2024-03-06T16:14:32+00:00","mainEntityOfPage":{"@id":"https:\/\/www.manaus.am.gov.br\/semasc\/folia-idosos-cras\/"},"wordCount":457,"publisher":{"@id":"https:\/\/www.manaus.am.gov.br\/semasc\/#organization"},"image":{"@id":"https:\/\/www.manaus.am.gov.br\/semasc\/folia-idosos-cras\/#primaryimage"},"thumbnailUrl":"https:\/\/www.manaus.am.gov.br\/semasc\/wp-content\/uploads\/sites\/17\/2024\/03\/Carnaval-dos-Idosos-3.jpg","keywords":["cras","idosos","prefeitura de manaus","Semasc"],"articleSection":["Assist\u00eancia Social"],"inLanguage":"pt-BR"},{"@type":"WebPage","@id":"https:\/\/www.manaus.am.gov.br\/semasc\/folia-idosos-cras\/","url":"https:\/\/www.manaus.am.gov.br\/semasc\/folia-idosos-cras\/","name":"Prefeitura leva a folia do Carnaval para idosos dos CRAS","isPartOf":{"@id":"https:\/\/www.manaus.am.gov.br\/semasc\/#website"},"primaryImageOfPage":{"@id":"https:\/\/www.manaus.am.gov.br\/semasc\/folia-idosos-cras\/#primaryimage"},"image":{"@id":"https:\/\/www.manaus.am.gov.br\/semasc\/folia-idosos-cras\/#primaryimage"},"thumbnailUrl":"https:\/\/www.manaus.am.gov.br\/semasc\/wp-content\/uploads\/sites\/17\/2024\/03\/Carnaval-dos-Idosos-3.jpg","datePublished":"2024-03-01T23:22:09+00:00","dateModified":"2024-03-06T16:14:32+00:00","description":"A Prefeitura de Manaus, por meio Semasc, em parceria com o F\u00f3rum DPI-AM, realizou o \u201c2\u00ba Bloco de Carnaval dos Idosos\u201d,","breadcrumb":{"@id":"https:\/\/www.manaus.am.gov.br\/semasc\/folia-idosos-cras\/#breadcrumb"},"inLanguage":"pt-BR","potentialAction":[{"@type":"ReadAction","target":["https:\/\/www.manaus.am.gov.br\/semasc\/folia-idosos-cras\/"]}]},{"@type":"ImageObject","inLanguage":"pt-BR","@id":"https:\/\/www.manaus.am.gov.br\/semasc\/folia-idosos-cras\/#primaryimage","url":"https:\/\/www.manaus.am.gov.br\/semasc\/wp-content\/uploads\/sites\/17\/2024\/03\/Carnaval-dos-Idosos-3.jpg","contentUrl":"https:\/\/www.manaus.am.gov.br\/semasc\/wp-content\/uploads\/sites\/17\/2024\/03\/Carnaval-dos-Idosos-3.jpg","width":799,"height":533,"caption":"#paratodosverem - secret\u00e1rio e representantes do F\u00f3rum DPI no Carnaval dos Idosos"},{"@type":"BreadcrumbList","@id":"https:\/\/www.manaus.am.gov.br\/semasc\/folia-idosos-cras\/#breadcrumb","itemListElement":[{"@type":"ListItem","position":1,"name":"Home","item":"https:\/\/www.manaus.am.gov.br\/semasc\/"},{"@type":"ListItem","position":2,"name":"Prefeitura de Manaus leva a folia do Carnaval para idosos atendidos pelos CRAS"}]},{"@type":"WebSite","@id":"https:\/\/www.manaus.am.gov.br\/semasc\/#website","url":"https:\/\/www.manaus.am.gov.br\/semasc\/","name":"SEMASC","description":"Secretaria Municipal da Mulher, Assist\u00eancia Social e Cidadania.","publisher":{"@id":"https:\/\/www.manaus.am.gov.br\/semasc\/#organization"},"alternateName":"Secretaria Municipal da Mulher, Assist\u00eancia Social e Cidadania","potentialAction":[{"@type":"SearchAction","target":{"@type":"EntryPoint","urlTemplate":"https:\/\/www.manaus.am.gov.br\/semasc\/?s={search_term_string}"},"query-input":"required name=search_term_string"}],"inLanguage":"pt-BR"},{"@type":"Organization","@id":"https:\/\/www.manaus.am.gov.br\/semasc\/#organization","name":"Prefeitura de Manaus","alternateName":"Prefeitura Municipal de Manaus","url":"https:\/\/www.manaus.am.gov.br\/semasc\/","logo":{"@type":"ImageObject","inLanguage":"pt-BR","@id":"https:\/\/www.manaus.am.gov.br\/semasc\/#\/schema\/logo\/image\/","url":"https:\/\/www.manaus.am.gov.br\/semasc\/wp-content\/uploads\/sites\/17\/2024\/07\/favicon.png","contentUrl":"https:\/\/www.manaus.am.gov.br\/semasc\/wp-content\/uploads\/sites\/17\/2024\/07\/favicon.png","width":300,"height":300,"caption":"Prefeitura de Manaus"},"image":{"@id":"https:\/\/www.manaus.am.gov.br\/semasc\/#\/schema\/logo\/image\/"},"sameAs":["https:\/\/www.facebook.com\/semascmanaus","https:\/\/www.instagram.com\/semascmanaus\/"]},{"@type":"Person","@id":"https:\/\/www.manaus.am.gov.br\/semasc\/#\/schema\/person\/ab4dcf766a54dff74e8d267f5c591961","name":"smonteiro","image":{"@type":"ImageObject","inLanguage":"pt-BR","@id":"https:\/\/www.manaus.am.gov.br\/semasc\/#\/schema\/person\/image\/","url":"https:\/\/secure.gravatar.com\/avatar\/21c8776ef61d9272c73322052e042d77?s=96&d=mm&r=g","contentUrl":"https:\/\/secure.gravatar.com\/avatar\/21c8776ef61d9272c73322052e042d77?s=96&d=mm&r=g","caption":"smonteiro"}}]}},"_links":{"self":[{"href":"https:\/\/www.manaus.am.gov.br\/semasc\/wp-json\/wp\/v2\/posts\/209934"}],"collection":[{"href":"https:\/\/www.manaus.am.gov.br\/semasc\/wp-json\/wp\/v2\/posts"}],"about":[{"href":"https:\/\/www.manaus.am.gov.br\/semasc\/wp-json\/wp\/v2\/types\/post"}],"author":[{"embeddable":true,"href":"https:\/\/www.manaus.am.gov.br\/semasc\/wp-json\/wp\/v2\/users\/61"}],"replies":[{"embeddable":true,"href":"https:\/\/www.manaus.am.gov.br\/semasc\/wp-json\/wp\/v2\/comments?post=209934"}],"version-history":[{"count":1,"href":"https:\/\/www.manaus.am.gov.br\/semasc\/wp-json\/wp\/v2\/posts\/209934\/revisions"}],"predecessor-version":[{"id":209953,"href":"https:\/\/www.manaus.am.gov.br\/semasc\/wp-json\/wp\/v2\/posts\/209934\/revisions\/209953"}],"wp:featuredmedia":[{"embeddable":true,"href":"https:\/\/www.manaus.am.gov.br\/semasc\/wp-json\/wp\/v2\/media\/209935"}],"wp:attachment":[{"href":"https:\/\/www.manaus.am.gov.br\/semasc\/wp-json\/wp\/v2\/media?parent=209934"}],"wp:term":[{"taxonomy":"category","embeddable":true,"href":"https:\/\/www.manaus.am.gov.br\/semasc\/wp-json\/wp\/v2\/categories?post=209934"},{"taxonomy":"post_tag","embeddable":true,"href":"https:\/\/www.manaus.am.gov.br\/semasc\/wp-json\/wp\/v2\/tags?post=209934"}],"curies":[{"name":"wp","href":"https:\/\/api.w.org\/{rel}","templated":true}]}}