{"id":209913,"date":"2024-02-29T16:51:39","date_gmt":"2024-02-29T20:51:39","guid":{"rendered":"https:\/\/www.manaus.am.gov.br\/semasc\/inscricoes-escolha-sociedade-civil\/"},"modified":"2024-03-05T14:28:37","modified_gmt":"2024-03-05T18:28:37","slug":"inscricoes-escolha-sociedade-civil","status":"publish","type":"post","link":"https:\/\/www.manaus.am.gov.br\/semasc\/inscricoes-escolha-sociedade-civil\/","title":{"rendered":"Prefeitura e Conselho Municipal de Assist\u00eancia Social abrem inscri\u00e7\u00f5es para escolha de representantes da sociedade civil"},"content":{"rendered":"\n<p>A Prefeitura de Manaus e o Conselho Municipal de Assist\u00eancia Social (CMAS) tornaram p\u00fablico, por meio do Di\u00e1rio Oficial do Munic\u00edpio (DOM) n\u00ba 5774, do dia 28 de fevereiro, o edital complementar para inscri\u00e7\u00e3o no processo eleitoral dos representantes da sociedade civil para compor a gest\u00e3o do conselho no bi\u00eanio 2024\/2025. Este \u00e9 um importante passo para fortalecer a representatividade e a participa\u00e7\u00e3o da sociedade civil na formula\u00e7\u00e3o e implementa\u00e7\u00e3o de pol\u00edticas da assist\u00eancia social na cidade.<\/p>\n\n\n\n<p>O CMAS \u00e9 um \u00f3rg\u00e3o colegiado de car\u00e1ter permanente e deliberativo, respons\u00e1vel por formular diretrizes e fiscalizar a execu\u00e7\u00e3o da pol\u00edtica de assist\u00eancia social no munic\u00edpio. A participa\u00e7\u00e3o da sociedade civil \u00e9 fundamental para assegurar a diversidade de perspectivas e experi\u00eancias no debate e na tomada de decis\u00f5es relacionadas \u00e0 assist\u00eancia social em Manaus.<\/p>\n\n\n\n<p>&#8220;O conselho n\u00e3o pode funcionar sem a participa\u00e7\u00e3o da sociedade civil, porque ele \u00e9 parit\u00e1rio. Metade dos conselheiros representa o governo municipal e a outra metade \u00e9 de representantes da sociedade civil. Estamos empenhados em garantir que o Conselho Municipal de Assist\u00eancia Social represente verdadeiramente os interesses e as necessidades da popula\u00e7\u00e3o&#8221;, destacou o presidente do CMAS, Paulo Lamego.<\/p>\n\n\n\n<p>Ao todo s\u00e3o nove vagas, divididas da seguinte forma: tr\u00eas vagas destinadas a usu\u00e1rios do Suas (Sistema \u00danico de Assist\u00eancia Social), tr\u00eas para trabalhadores do Suas e outras tr\u00eas para Organiza\u00e7\u00f5es da Sociedade Civil. As inscri\u00e7\u00f5es de candidatos e eleitores j\u00e1 est\u00e3o abertas e seguem at\u00e9 o dia 12 de mar\u00e7o. As organiza\u00e7\u00f5es devem entregar a Ficha de Inscri\u00e7\u00e3o e toda a documenta\u00e7\u00e3o indicada no edital na sede do CMAS, localizada no Parque dos Bilhares, na avenida Constantino Nery, s\/n\u00ba, bairro Chapada, de segunda a sexta-feira, no hor\u00e1rio de 8h \u00e0s 16h. J\u00e1 os eleitores poder\u00e3o enviar a Ficha de Inscri\u00e7\u00e3o juntamente com os documentos indicados no edital para o e-mail cmasmanaus2021@gmail.com ou de forma presencial.<\/p>\n\n\n\n<p>De acordo com o cronograma, a assembleia de elei\u00e7\u00e3o acontecer\u00e1 no dia 12 de abril e a posse dos novos conselheiros ser\u00e1 realizada no dia 23 do mesmo m\u00eas. Informa\u00e7\u00f5es complementares podem ser conferidas no Di\u00e1rio Oficial do Munic\u00edpio.<\/p>\n\n\n\n<p>&#8212; &#8212; &#8212;<\/p>\n\n\n\n<p><strong>Texto<\/strong> &#8211; Leonardo Fierro \/ Semasc<\/p>\n\n\n\n<p><strong>Fotos<\/strong> &#8211; Diego Lima \/ Semasc<\/p>\n","protected":false},"excerpt":{"rendered":"","protected":false},"author":61,"featured_media":209914,"comment_status":"closed","ping_status":"closed","sticky":false,"template":"","format":"standard","meta":{"footnotes":""},"categories":[34],"tags":[965,111,7,18],"acf":[],"yoast_head":"<!-- This site is optimized with the Yoast SEO plugin v23.0 - https:\/\/yoast.com\/wordpress\/plugins\/seo\/ -->\n<title>Prefeitura e CMAS abrem inscri\u00e7\u00f5es para escolha de representantes da sociedade civil<\/title>\n<meta name=\"description\" content=\"A Prefeitura de Manaus e o Conselho Municipal de Assist\u00eancia Social (CMAS) tornaram p\u00fablico o edital complementar para inscri\u00e7\u00e3o no processo eleitoral dos representantes da sociedade civil para compor a gest\u00e3o do conselho no bi\u00eanio 2024\/2025.\" \/>\n<meta name=\"robots\" content=\"noindex, follow\" \/>\n<meta property=\"og:locale\" content=\"pt_BR\" \/>\n<meta property=\"og:type\" content=\"article\" \/>\n<meta property=\"og:title\" content=\"Prefeitura e CMAS abrem inscri\u00e7\u00f5es para escolha de representantes da sociedade civil\" \/>\n<meta property=\"og:description\" content=\"A Prefeitura de Manaus e o Conselho Municipal de Assist\u00eancia Social (CMAS) tornaram p\u00fablico o edital complementar para inscri\u00e7\u00e3o no processo eleitoral dos representantes da sociedade civil para compor a gest\u00e3o do conselho no bi\u00eanio 2024\/2025.\" \/>\n<meta property=\"og:url\" content=\"https:\/\/www.manaus.am.gov.br\/semasc\/inscricoes-escolha-sociedade-civil\/\" \/>\n<meta property=\"og:site_name\" content=\"SEMASC\" \/>\n<meta property=\"article:publisher\" content=\"https:\/\/www.facebook.com\/semascmanaus\" \/>\n<meta property=\"article:published_time\" content=\"2024-02-29T20:51:39+00:00\" \/>\n<meta property=\"article:modified_time\" content=\"2024-03-05T18:28:37+00:00\" \/>\n<meta property=\"og:image\" content=\"https:\/\/www.manaus.am.gov.br\/semasc\/wp-content\/uploads\/sites\/17\/2024\/02\/Fachada-CMAS.jpeg\" \/>\n\t<meta property=\"og:image:width\" content=\"4160\" \/>\n\t<meta property=\"og:image:height\" content=\"2773\" \/>\n\t<meta property=\"og:image:type\" content=\"image\/jpeg\" \/>\n<meta name=\"author\" content=\"smonteiro\" \/>\n<meta name=\"twitter:card\" content=\"summary_large_image\" \/>\n<meta name=\"twitter:label1\" content=\"Written by\" \/>\n\t<meta name=\"twitter:data1\" content=\"smonteiro\" \/>\n\t<meta name=\"twitter:label2\" content=\"Est. reading time\" \/>\n\t<meta name=\"twitter:data2\" content=\"3 minutos\" \/>\n<script type=\"application\/ld+json\" class=\"yoast-schema-graph\">{\"@context\":\"https:\/\/schema.org\",\"@graph\":[{\"@type\":\"Article\",\"@id\":\"https:\/\/www.manaus.am.gov.br\/semasc\/inscricoes-escolha-sociedade-civil\/#article\",\"isPartOf\":{\"@id\":\"https:\/\/www.manaus.am.gov.br\/semasc\/inscricoes-escolha-sociedade-civil\/\"},\"author\":{\"name\":\"smonteiro\",\"@id\":\"https:\/\/www.manaus.am.gov.br\/semasc\/#\/schema\/person\/ab4dcf766a54dff74e8d267f5c591961\"},\"headline\":\"Prefeitura e Conselho Municipal de Assist\u00eancia Social abrem inscri\u00e7\u00f5es para escolha de representantes da sociedade civil\",\"datePublished\":\"2024-02-29T20:51:39+00:00\",\"dateModified\":\"2024-03-05T18:28:37+00:00\",\"mainEntityOfPage\":{\"@id\":\"https:\/\/www.manaus.am.gov.br\/semasc\/inscricoes-escolha-sociedade-civil\/\"},\"wordCount\":416,\"publisher\":{\"@id\":\"https:\/\/www.manaus.am.gov.br\/semasc\/#organization\"},\"image\":{\"@id\":\"https:\/\/www.manaus.am.gov.br\/semasc\/inscricoes-escolha-sociedade-civil\/#primaryimage\"},\"thumbnailUrl\":\"https:\/\/www.manaus.am.gov.br\/semasc\/wp-content\/uploads\/sites\/17\/2024\/02\/Fachada-CMAS.jpeg\",\"keywords\":[\"cmas\",\"elei\u00e7\u00e3o\",\"prefeitura de manaus\",\"Semasc\"],\"articleSection\":[\"Assist\u00eancia Social\"],\"inLanguage\":\"pt-BR\"},{\"@type\":\"WebPage\",\"@id\":\"https:\/\/www.manaus.am.gov.br\/semasc\/inscricoes-escolha-sociedade-civil\/\",\"url\":\"https:\/\/www.manaus.am.gov.br\/semasc\/inscricoes-escolha-sociedade-civil\/\",\"name\":\"Prefeitura e CMAS abrem inscri\u00e7\u00f5es para escolha de representantes da sociedade civil\",\"isPartOf\":{\"@id\":\"https:\/\/www.manaus.am.gov.br\/semasc\/#website\"},\"primaryImageOfPage\":{\"@id\":\"https:\/\/www.manaus.am.gov.br\/semasc\/inscricoes-escolha-sociedade-civil\/#primaryimage\"},\"image\":{\"@id\":\"https:\/\/www.manaus.am.gov.br\/semasc\/inscricoes-escolha-sociedade-civil\/#primaryimage\"},\"thumbnailUrl\":\"https:\/\/www.manaus.am.gov.br\/semasc\/wp-content\/uploads\/sites\/17\/2024\/02\/Fachada-CMAS.jpeg\",\"datePublished\":\"2024-02-29T20:51:39+00:00\",\"dateModified\":\"2024-03-05T18:28:37+00:00\",\"description\":\"A Prefeitura de Manaus e o Conselho Municipal de Assist\u00eancia Social (CMAS) tornaram p\u00fablico o edital complementar para inscri\u00e7\u00e3o no processo eleitoral dos representantes da sociedade civil para compor a gest\u00e3o do conselho no bi\u00eanio 2024\/2025.\",\"breadcrumb\":{\"@id\":\"https:\/\/www.manaus.am.gov.br\/semasc\/inscricoes-escolha-sociedade-civil\/#breadcrumb\"},\"inLanguage\":\"pt-BR\",\"potentialAction\":[{\"@type\":\"ReadAction\",\"target\":[\"https:\/\/www.manaus.am.gov.br\/semasc\/inscricoes-escolha-sociedade-civil\/\"]}]},{\"@type\":\"ImageObject\",\"inLanguage\":\"pt-BR\",\"@id\":\"https:\/\/www.manaus.am.gov.br\/semasc\/inscricoes-escolha-sociedade-civil\/#primaryimage\",\"url\":\"https:\/\/www.manaus.am.gov.br\/semasc\/wp-content\/uploads\/sites\/17\/2024\/02\/Fachada-CMAS.jpeg\",\"contentUrl\":\"https:\/\/www.manaus.am.gov.br\/semasc\/wp-content\/uploads\/sites\/17\/2024\/02\/Fachada-CMAS.jpeg\",\"width\":4160,\"height\":2773,\"caption\":\"#paratodosverem - fachada do CMAS\"},{\"@type\":\"BreadcrumbList\",\"@id\":\"https:\/\/www.manaus.am.gov.br\/semasc\/inscricoes-escolha-sociedade-civil\/#breadcrumb\",\"itemListElement\":[{\"@type\":\"ListItem\",\"position\":1,\"name\":\"Home\",\"item\":\"https:\/\/www.manaus.am.gov.br\/semasc\/\"},{\"@type\":\"ListItem\",\"position\":2,\"name\":\"Prefeitura e Conselho Municipal de Assist\u00eancia Social abrem inscri\u00e7\u00f5es para escolha de representantes da sociedade civil\"}]},{\"@type\":\"WebSite\",\"@id\":\"https:\/\/www.manaus.am.gov.br\/semasc\/#website\",\"url\":\"https:\/\/www.manaus.am.gov.br\/semasc\/\",\"name\":\"SEMASC\",\"description\":\"Secretaria Municipal da Mulher, Assist\u00eancia Social e Cidadania.\",\"publisher\":{\"@id\":\"https:\/\/www.manaus.am.gov.br\/semasc\/#organization\"},\"alternateName\":\"Secretaria Municipal da Mulher, Assist\u00eancia Social e Cidadania\",\"potentialAction\":[{\"@type\":\"SearchAction\",\"target\":{\"@type\":\"EntryPoint\",\"urlTemplate\":\"https:\/\/www.manaus.am.gov.br\/semasc\/?s={search_term_string}\"},\"query-input\":\"required name=search_term_string\"}],\"inLanguage\":\"pt-BR\"},{\"@type\":\"Organization\",\"@id\":\"https:\/\/www.manaus.am.gov.br\/semasc\/#organization\",\"name\":\"Prefeitura de Manaus\",\"alternateName\":\"Prefeitura Municipal de Manaus\",\"url\":\"https:\/\/www.manaus.am.gov.br\/semasc\/\",\"logo\":{\"@type\":\"ImageObject\",\"inLanguage\":\"pt-BR\",\"@id\":\"https:\/\/www.manaus.am.gov.br\/semasc\/#\/schema\/logo\/image\/\",\"url\":\"https:\/\/www.manaus.am.gov.br\/semasc\/wp-content\/uploads\/sites\/17\/2024\/07\/favicon.png\",\"contentUrl\":\"https:\/\/www.manaus.am.gov.br\/semasc\/wp-content\/uploads\/sites\/17\/2024\/07\/favicon.png\",\"width\":300,\"height\":300,\"caption\":\"Prefeitura de Manaus\"},\"image\":{\"@id\":\"https:\/\/www.manaus.am.gov.br\/semasc\/#\/schema\/logo\/image\/\"},\"sameAs\":[\"https:\/\/www.facebook.com\/semascmanaus\",\"https:\/\/www.instagram.com\/semascmanaus\/\"]},{\"@type\":\"Person\",\"@id\":\"https:\/\/www.manaus.am.gov.br\/semasc\/#\/schema\/person\/ab4dcf766a54dff74e8d267f5c591961\",\"name\":\"smonteiro\",\"image\":{\"@type\":\"ImageObject\",\"inLanguage\":\"pt-BR\",\"@id\":\"https:\/\/www.manaus.am.gov.br\/semasc\/#\/schema\/person\/image\/\",\"url\":\"https:\/\/secure.gravatar.com\/avatar\/21c8776ef61d9272c73322052e042d77?s=96&d=mm&r=g\",\"contentUrl\":\"https:\/\/secure.gravatar.com\/avatar\/21c8776ef61d9272c73322052e042d77?s=96&d=mm&r=g\",\"caption\":\"smonteiro\"}}]}<\/script>\n<!-- \/ Yoast SEO plugin. -->","yoast_head_json":{"title":"Prefeitura e CMAS abrem inscri\u00e7\u00f5es para escolha de representantes da sociedade civil","description":"A Prefeitura de Manaus e o Conselho Municipal de Assist\u00eancia Social (CMAS) tornaram p\u00fablico o edital complementar para inscri\u00e7\u00e3o no processo eleitoral dos representantes da sociedade civil para compor a gest\u00e3o do conselho no bi\u00eanio 2024\/2025.","robots":{"index":"noindex","follow":"follow"},"og_locale":"pt_BR","og_type":"article","og_title":"Prefeitura e CMAS abrem inscri\u00e7\u00f5es para escolha de representantes da sociedade civil","og_description":"A Prefeitura de Manaus e o Conselho Municipal de Assist\u00eancia Social (CMAS) tornaram p\u00fablico o edital complementar para inscri\u00e7\u00e3o no processo eleitoral dos representantes da sociedade civil para compor a gest\u00e3o do conselho no bi\u00eanio 2024\/2025.","og_url":"https:\/\/www.manaus.am.gov.br\/semasc\/inscricoes-escolha-sociedade-civil\/","og_site_name":"SEMASC","article_publisher":"https:\/\/www.facebook.com\/semascmanaus","article_published_time":"2024-02-29T20:51:39+00:00","article_modified_time":"2024-03-05T18:28:37+00:00","og_image":[{"width":4160,"height":2773,"url":"https:\/\/www.manaus.am.gov.br\/semasc\/wp-content\/uploads\/sites\/17\/2024\/02\/Fachada-CMAS.jpeg","type":"image\/jpeg"}],"author":"smonteiro","twitter_card":"summary_large_image","twitter_misc":{"Written by":"smonteiro","Est. reading time":"3 minutos"},"schema":{"@context":"https:\/\/schema.org","@graph":[{"@type":"Article","@id":"https:\/\/www.manaus.am.gov.br\/semasc\/inscricoes-escolha-sociedade-civil\/#article","isPartOf":{"@id":"https:\/\/www.manaus.am.gov.br\/semasc\/inscricoes-escolha-sociedade-civil\/"},"author":{"name":"smonteiro","@id":"https:\/\/www.manaus.am.gov.br\/semasc\/#\/schema\/person\/ab4dcf766a54dff74e8d267f5c591961"},"headline":"Prefeitura e Conselho Municipal de Assist\u00eancia Social abrem inscri\u00e7\u00f5es para escolha de representantes da sociedade civil","datePublished":"2024-02-29T20:51:39+00:00","dateModified":"2024-03-05T18:28:37+00:00","mainEntityOfPage":{"@id":"https:\/\/www.manaus.am.gov.br\/semasc\/inscricoes-escolha-sociedade-civil\/"},"wordCount":416,"publisher":{"@id":"https:\/\/www.manaus.am.gov.br\/semasc\/#organization"},"image":{"@id":"https:\/\/www.manaus.am.gov.br\/semasc\/inscricoes-escolha-sociedade-civil\/#primaryimage"},"thumbnailUrl":"https:\/\/www.manaus.am.gov.br\/semasc\/wp-content\/uploads\/sites\/17\/2024\/02\/Fachada-CMAS.jpeg","keywords":["cmas","elei\u00e7\u00e3o","prefeitura de manaus","Semasc"],"articleSection":["Assist\u00eancia Social"],"inLanguage":"pt-BR"},{"@type":"WebPage","@id":"https:\/\/www.manaus.am.gov.br\/semasc\/inscricoes-escolha-sociedade-civil\/","url":"https:\/\/www.manaus.am.gov.br\/semasc\/inscricoes-escolha-sociedade-civil\/","name":"Prefeitura e CMAS abrem inscri\u00e7\u00f5es para escolha de representantes da sociedade civil","isPartOf":{"@id":"https:\/\/www.manaus.am.gov.br\/semasc\/#website"},"primaryImageOfPage":{"@id":"https:\/\/www.manaus.am.gov.br\/semasc\/inscricoes-escolha-sociedade-civil\/#primaryimage"},"image":{"@id":"https:\/\/www.manaus.am.gov.br\/semasc\/inscricoes-escolha-sociedade-civil\/#primaryimage"},"thumbnailUrl":"https:\/\/www.manaus.am.gov.br\/semasc\/wp-content\/uploads\/sites\/17\/2024\/02\/Fachada-CMAS.jpeg","datePublished":"2024-02-29T20:51:39+00:00","dateModified":"2024-03-05T18:28:37+00:00","description":"A Prefeitura de Manaus e o Conselho Municipal de Assist\u00eancia Social (CMAS) tornaram p\u00fablico o edital complementar para inscri\u00e7\u00e3o no processo eleitoral dos representantes da sociedade civil para compor a gest\u00e3o do conselho no bi\u00eanio 2024\/2025.","breadcrumb":{"@id":"https:\/\/www.manaus.am.gov.br\/semasc\/inscricoes-escolha-sociedade-civil\/#breadcrumb"},"inLanguage":"pt-BR","potentialAction":[{"@type":"ReadAction","target":["https:\/\/www.manaus.am.gov.br\/semasc\/inscricoes-escolha-sociedade-civil\/"]}]},{"@type":"ImageObject","inLanguage":"pt-BR","@id":"https:\/\/www.manaus.am.gov.br\/semasc\/inscricoes-escolha-sociedade-civil\/#primaryimage","url":"https:\/\/www.manaus.am.gov.br\/semasc\/wp-content\/uploads\/sites\/17\/2024\/02\/Fachada-CMAS.jpeg","contentUrl":"https:\/\/www.manaus.am.gov.br\/semasc\/wp-content\/uploads\/sites\/17\/2024\/02\/Fachada-CMAS.jpeg","width":4160,"height":2773,"caption":"#paratodosverem - fachada do CMAS"},{"@type":"BreadcrumbList","@id":"https:\/\/www.manaus.am.gov.br\/semasc\/inscricoes-escolha-sociedade-civil\/#breadcrumb","itemListElement":[{"@type":"ListItem","position":1,"name":"Home","item":"https:\/\/www.manaus.am.gov.br\/semasc\/"},{"@type":"ListItem","position":2,"name":"Prefeitura e Conselho Municipal de Assist\u00eancia Social abrem inscri\u00e7\u00f5es para escolha de representantes da sociedade civil"}]},{"@type":"WebSite","@id":"https:\/\/www.manaus.am.gov.br\/semasc\/#website","url":"https:\/\/www.manaus.am.gov.br\/semasc\/","name":"SEMASC","description":"Secretaria Municipal da Mulher, Assist\u00eancia Social e Cidadania.","publisher":{"@id":"https:\/\/www.manaus.am.gov.br\/semasc\/#organization"},"alternateName":"Secretaria Municipal da Mulher, Assist\u00eancia Social e Cidadania","potentialAction":[{"@type":"SearchAction","target":{"@type":"EntryPoint","urlTemplate":"https:\/\/www.manaus.am.gov.br\/semasc\/?s={search_term_string}"},"query-input":"required name=search_term_string"}],"inLanguage":"pt-BR"},{"@type":"Organization","@id":"https:\/\/www.manaus.am.gov.br\/semasc\/#organization","name":"Prefeitura de Manaus","alternateName":"Prefeitura Municipal de Manaus","url":"https:\/\/www.manaus.am.gov.br\/semasc\/","logo":{"@type":"ImageObject","inLanguage":"pt-BR","@id":"https:\/\/www.manaus.am.gov.br\/semasc\/#\/schema\/logo\/image\/","url":"https:\/\/www.manaus.am.gov.br\/semasc\/wp-content\/uploads\/sites\/17\/2024\/07\/favicon.png","contentUrl":"https:\/\/www.manaus.am.gov.br\/semasc\/wp-content\/uploads\/sites\/17\/2024\/07\/favicon.png","width":300,"height":300,"caption":"Prefeitura de Manaus"},"image":{"@id":"https:\/\/www.manaus.am.gov.br\/semasc\/#\/schema\/logo\/image\/"},"sameAs":["https:\/\/www.facebook.com\/semascmanaus","https:\/\/www.instagram.com\/semascmanaus\/"]},{"@type":"Person","@id":"https:\/\/www.manaus.am.gov.br\/semasc\/#\/schema\/person\/ab4dcf766a54dff74e8d267f5c591961","name":"smonteiro","image":{"@type":"ImageObject","inLanguage":"pt-BR","@id":"https:\/\/www.manaus.am.gov.br\/semasc\/#\/schema\/person\/image\/","url":"https:\/\/secure.gravatar.com\/avatar\/21c8776ef61d9272c73322052e042d77?s=96&d=mm&r=g","contentUrl":"https:\/\/secure.gravatar.com\/avatar\/21c8776ef61d9272c73322052e042d77?s=96&d=mm&r=g","caption":"smonteiro"}}]}},"_links":{"self":[{"href":"https:\/\/www.manaus.am.gov.br\/semasc\/wp-json\/wp\/v2\/posts\/209913"}],"collection":[{"href":"https:\/\/www.manaus.am.gov.br\/semasc\/wp-json\/wp\/v2\/posts"}],"about":[{"href":"https:\/\/www.manaus.am.gov.br\/semasc\/wp-json\/wp\/v2\/types\/post"}],"author":[{"embeddable":true,"href":"https:\/\/www.manaus.am.gov.br\/semasc\/wp-json\/wp\/v2\/users\/61"}],"replies":[{"embeddable":true,"href":"https:\/\/www.manaus.am.gov.br\/semasc\/wp-json\/wp\/v2\/comments?post=209913"}],"version-history":[{"count":1,"href":"https:\/\/www.manaus.am.gov.br\/semasc\/wp-json\/wp\/v2\/posts\/209913\/revisions"}],"predecessor-version":[{"id":209928,"href":"https:\/\/www.manaus.am.gov.br\/semasc\/wp-json\/wp\/v2\/posts\/209913\/revisions\/209928"}],"wp:featuredmedia":[{"embeddable":true,"href":"https:\/\/www.manaus.am.gov.br\/semasc\/wp-json\/wp\/v2\/media\/209914"}],"wp:attachment":[{"href":"https:\/\/www.manaus.am.gov.br\/semasc\/wp-json\/wp\/v2\/media?parent=209913"}],"wp:term":[{"taxonomy":"category","embeddable":true,"href":"https:\/\/www.manaus.am.gov.br\/semasc\/wp-json\/wp\/v2\/categories?post=209913"},{"taxonomy":"post_tag","embeddable":true,"href":"https:\/\/www.manaus.am.gov.br\/semasc\/wp-json\/wp\/v2\/tags?post=209913"}],"curies":[{"name":"wp","href":"https:\/\/api.w.org\/{rel}","templated":true}]}}