{"id":209906,"date":"2024-02-28T13:25:47","date_gmt":"2024-02-28T17:25:47","guid":{"rendered":"https:\/\/www.manaus.am.gov.br\/semasc\/encontro-local-politicas-publicas-populacao-situacao-rua\/"},"modified":"2024-11-04T09:47:22","modified_gmt":"2024-11-04T13:47:22","slug":"encontro-local-politicas-publicas-populacao-situacao-rua","status":"publish","type":"post","link":"https:\/\/www.manaus.am.gov.br\/semasc\/encontro-local-politicas-publicas-populacao-situacao-rua\/","title":{"rendered":"Prefeitura realiza 2\u00ba encontro local para debater pol\u00edticas voltadas para a popula\u00e7\u00e3o em situa\u00e7\u00e3o de rua em Manaus"},"content":{"rendered":"\n<p>Dando continuidade \u00e0s atividades determinadas e recomendadas pelo Conselho Nacional de Justi\u00e7a (CNJ), no Caderno de Protocolos lan\u00e7ado em setembro do ano passado, a Prefeitura de Manaus, por meio da Secretaria Municipal da Mulher, Assist\u00eancia Social e Cidadania (Semasc), deu in\u00edcio, nesta quarta-feira, 28\/2, ao 2\u00ba Encontro de Rede Intersetorial em Aten\u00e7\u00e3o \u00e0 Pessoa em Situa\u00e7\u00e3o de Rua, no Parque Municipal do Idoso, na zona Centro-Sul.<\/p>\n\n\n\n<p>Com o objetivo de discutir a padroniza\u00e7\u00e3o dos diferentes atendimentos socioassistenciais oferecidos \u00e0 popula\u00e7\u00e3o em situa\u00e7\u00e3o de rua presente na capital amazonense, o primeiro dia de evento reuniu servidores municipais e estaduais das \u00e1reas de Assist\u00eancia Social, Sa\u00fade, Direitos Humanos e Empregabilidade, al\u00e9m de parceiros da sociedade civil.<\/p>\n\n\n\n<p>\u201cEm dezembro do ano passado, tivemos nosso primeiro encontro para darmos in\u00edcio \u00e0 discuss\u00e3o acerca dos fluxos de trabalho das diferentes pol\u00edticas p\u00fablicas voltadas para a popula\u00e7\u00e3o em situa\u00e7\u00e3o de rua em Manaus. Ent\u00e3o, hoje estamos dando continuidade a esse debate. O objetivo \u00e9 aproximar os servidores uns dos outros e garantir um atendimento igualmente qualificado e eficaz em quaisquer que sejam os servi\u00e7os oferecidos\u201d, explicou M\u00e1rcia Helena Braga, chefe da Divis\u00e3o de M\u00e9dia Complexidade do Departamento de Prote\u00e7\u00e3o Social Especial (DPSE) da Semasc.<\/p>\n\n\n\n<p>Representando a Defensoria P\u00fablica do Estado do Amazonas (DPE-AM) no debate, a defensora Stefanie Sobral defendeu a continuidade dos encontros intersetoriais como forma de otimizar e qualificar o trabalho realizado pelo poder p\u00fablico, em parceria com a sociedade civil no munic\u00edpio de Manaus.<\/p>\n\n\n\n<p>\u201c\u00c9 muito importante que a Semasc continue com essa abordagem de encontros intersetoriais voltados para o atendimento de pessoas em situa\u00e7\u00e3o de rua, pois \u00e9 necess\u00e1rio que a Rede de Atendimento funcione de maneira interligada e cont\u00ednua. Al\u00e9m desse aspecto de conhecimento m\u00fatuo, s\u00e3o em ocasi\u00f5es como essa que tamb\u00e9m somos capazes de avaliar nossas demandas,&nbsp; fraquezas e falhas estruturais presentes no sistema de atendimentos, o que \u00e9 essencial para a qualifica\u00e7\u00e3o desses servi\u00e7os\u201d, concluiu.<\/p>\n\n\n\n<p>&#8212; &#8212; &#8212;<\/p>\n\n\n\n<p><strong>Texto &#8211;&nbsp;<\/strong>Guilherme Pacheco \/ Semasc<\/p>\n\n\n\n<p><strong>Fotos &#8211; <\/strong>Diego Lima \/ Semasc<\/p>\n\n\n\n<p><strong>Dispon\u00edveis em<\/strong> &#8211; https:\/\/flic.kr\/s\/aHBqjBfR7b <\/p>\n","protected":false},"excerpt":{"rendered":"","protected":false},"author":39,"featured_media":209911,"comment_status":"closed","ping_status":"closed","sticky":false,"template":"","format":"standard","meta":{"footnotes":""},"categories":[34],"tags":[961,962,963,964,7,18],"acf":[],"yoast_head":"<!-- This site is optimized with the Yoast SEO plugin v23.0 - https:\/\/yoast.com\/wordpress\/plugins\/seo\/ -->\n<title>2\u00ba encontro em Aten\u00e7\u00e3o \u00e0 Pessoa em Situa\u00e7\u00e3o de Rua<\/title>\n<meta name=\"description\" content=\"Prefeitura realiza 2\u00ba encontro local para debater pol\u00edticas voltadas para a popula\u00e7\u00e3o em situa\u00e7\u00e3o de rua em Manaus.\" \/>\n<meta name=\"robots\" content=\"noindex, follow\" \/>\n<meta property=\"og:locale\" content=\"pt_BR\" \/>\n<meta property=\"og:type\" content=\"article\" \/>\n<meta property=\"og:title\" content=\"2\u00ba encontro em Aten\u00e7\u00e3o \u00e0 Pessoa em Situa\u00e7\u00e3o de Rua\" \/>\n<meta property=\"og:description\" content=\"Prefeitura realiza 2\u00ba encontro local para debater pol\u00edticas voltadas para a popula\u00e7\u00e3o em situa\u00e7\u00e3o de rua em Manaus.\" \/>\n<meta property=\"og:url\" content=\"https:\/\/www.manaus.am.gov.br\/semasc\/encontro-local-politicas-publicas-populacao-situacao-rua\/\" \/>\n<meta property=\"og:site_name\" content=\"SEMASC\" \/>\n<meta property=\"article:publisher\" content=\"https:\/\/www.facebook.com\/semascmanaus\" \/>\n<meta property=\"article:published_time\" content=\"2024-02-28T17:25:47+00:00\" \/>\n<meta property=\"article:modified_time\" content=\"2024-11-04T13:47:22+00:00\" \/>\n<meta property=\"og:image\" content=\"https:\/\/www.manaus.am.gov.br\/semasc\/wp-content\/uploads\/sites\/17\/2024\/02\/ENCONTRO-1024x768.jpeg\" \/>\n\t<meta property=\"og:image:width\" content=\"1024\" \/>\n\t<meta property=\"og:image:height\" content=\"768\" \/>\n\t<meta property=\"og:image:type\" content=\"image\/jpeg\" \/>\n<meta name=\"author\" content=\"Bruna Greco\" \/>\n<meta name=\"twitter:card\" content=\"summary_large_image\" \/>\n<meta name=\"twitter:label1\" content=\"Written by\" \/>\n\t<meta name=\"twitter:data1\" content=\"Bruna Greco\" \/>\n\t<meta name=\"twitter:label2\" content=\"Est. reading time\" \/>\n\t<meta name=\"twitter:data2\" content=\"3 minutos\" \/>\n<script type=\"application\/ld+json\" class=\"yoast-schema-graph\">{\"@context\":\"https:\/\/schema.org\",\"@graph\":[{\"@type\":\"Article\",\"@id\":\"https:\/\/www.manaus.am.gov.br\/semasc\/encontro-local-politicas-publicas-populacao-situacao-rua\/#article\",\"isPartOf\":{\"@id\":\"https:\/\/www.manaus.am.gov.br\/semasc\/encontro-local-politicas-publicas-populacao-situacao-rua\/\"},\"author\":{\"name\":\"Bruna Greco\",\"@id\":\"https:\/\/www.manaus.am.gov.br\/semasc\/#\/schema\/person\/05d223aea2bf115f9883a6ff3683d81b\"},\"headline\":\"Prefeitura realiza 2\u00ba encontro local para debater pol\u00edticas voltadas para a popula\u00e7\u00e3o em situa\u00e7\u00e3o de rua em Manaus\",\"datePublished\":\"2024-02-28T17:25:47+00:00\",\"dateModified\":\"2024-11-04T13:47:22+00:00\",\"mainEntityOfPage\":{\"@id\":\"https:\/\/www.manaus.am.gov.br\/semasc\/encontro-local-politicas-publicas-populacao-situacao-rua\/\"},\"wordCount\":389,\"publisher\":{\"@id\":\"https:\/\/www.manaus.am.gov.br\/semasc\/#organization\"},\"image\":{\"@id\":\"https:\/\/www.manaus.am.gov.br\/semasc\/encontro-local-politicas-publicas-populacao-situacao-rua\/#primaryimage\"},\"thumbnailUrl\":\"https:\/\/www.manaus.am.gov.br\/semasc\/wp-content\/uploads\/sites\/17\/2024\/02\/ENCONTRO.jpeg\",\"keywords\":[\"2\u00ba Encontro de Rede Intersetorial em Aten\u00e7\u00e3o \u00e0 Pessoa em Situa\u00e7\u00e3o de Rua\",\"atendimentos socioassistenciais\",\"Conselho Nacional de Justi\u00e7a (CNJ)\",\"encontro local\",\"prefeitura de manaus\",\"Semasc\"],\"articleSection\":[\"Assist\u00eancia Social\"],\"inLanguage\":\"pt-BR\"},{\"@type\":\"WebPage\",\"@id\":\"https:\/\/www.manaus.am.gov.br\/semasc\/encontro-local-politicas-publicas-populacao-situacao-rua\/\",\"url\":\"https:\/\/www.manaus.am.gov.br\/semasc\/encontro-local-politicas-publicas-populacao-situacao-rua\/\",\"name\":\"2\u00ba encontro em Aten\u00e7\u00e3o \u00e0 Pessoa em Situa\u00e7\u00e3o de Rua\",\"isPartOf\":{\"@id\":\"https:\/\/www.manaus.am.gov.br\/semasc\/#website\"},\"primaryImageOfPage\":{\"@id\":\"https:\/\/www.manaus.am.gov.br\/semasc\/encontro-local-politicas-publicas-populacao-situacao-rua\/#primaryimage\"},\"image\":{\"@id\":\"https:\/\/www.manaus.am.gov.br\/semasc\/encontro-local-politicas-publicas-populacao-situacao-rua\/#primaryimage\"},\"thumbnailUrl\":\"https:\/\/www.manaus.am.gov.br\/semasc\/wp-content\/uploads\/sites\/17\/2024\/02\/ENCONTRO.jpeg\",\"datePublished\":\"2024-02-28T17:25:47+00:00\",\"dateModified\":\"2024-11-04T13:47:22+00:00\",\"description\":\"Prefeitura realiza 2\u00ba encontro local para debater pol\u00edticas voltadas para a popula\u00e7\u00e3o em situa\u00e7\u00e3o de rua em Manaus.\",\"breadcrumb\":{\"@id\":\"https:\/\/www.manaus.am.gov.br\/semasc\/encontro-local-politicas-publicas-populacao-situacao-rua\/#breadcrumb\"},\"inLanguage\":\"pt-BR\",\"potentialAction\":[{\"@type\":\"ReadAction\",\"target\":[\"https:\/\/www.manaus.am.gov.br\/semasc\/encontro-local-politicas-publicas-populacao-situacao-rua\/\"]}]},{\"@type\":\"ImageObject\",\"inLanguage\":\"pt-BR\",\"@id\":\"https:\/\/www.manaus.am.gov.br\/semasc\/encontro-local-politicas-publicas-populacao-situacao-rua\/#primaryimage\",\"url\":\"https:\/\/www.manaus.am.gov.br\/semasc\/wp-content\/uploads\/sites\/17\/2024\/02\/ENCONTRO.jpeg\",\"contentUrl\":\"https:\/\/www.manaus.am.gov.br\/semasc\/wp-content\/uploads\/sites\/17\/2024\/02\/ENCONTRO.jpeg\",\"width\":4032,\"height\":3024,\"caption\":\"#paratodosverem - grupo de pessoas participando do 2\u00ba Encontro de Rede Intersetorial em Aten\u00e7\u00e3o \u00e0 Pessoa em Situa\u00e7\u00e3o de Rua\"},{\"@type\":\"BreadcrumbList\",\"@id\":\"https:\/\/www.manaus.am.gov.br\/semasc\/encontro-local-politicas-publicas-populacao-situacao-rua\/#breadcrumb\",\"itemListElement\":[{\"@type\":\"ListItem\",\"position\":1,\"name\":\"Home\",\"item\":\"https:\/\/www.manaus.am.gov.br\/semasc\/\"},{\"@type\":\"ListItem\",\"position\":2,\"name\":\"Prefeitura realiza 2\u00ba encontro local para debater pol\u00edticas voltadas para a popula\u00e7\u00e3o em situa\u00e7\u00e3o de rua em Manaus\"}]},{\"@type\":\"WebSite\",\"@id\":\"https:\/\/www.manaus.am.gov.br\/semasc\/#website\",\"url\":\"https:\/\/www.manaus.am.gov.br\/semasc\/\",\"name\":\"SEMASC\",\"description\":\"Secretaria Municipal da Mulher, Assist\u00eancia Social e Cidadania.\",\"publisher\":{\"@id\":\"https:\/\/www.manaus.am.gov.br\/semasc\/#organization\"},\"alternateName\":\"Secretaria Municipal da Mulher, Assist\u00eancia Social e Cidadania\",\"potentialAction\":[{\"@type\":\"SearchAction\",\"target\":{\"@type\":\"EntryPoint\",\"urlTemplate\":\"https:\/\/www.manaus.am.gov.br\/semasc\/?s={search_term_string}\"},\"query-input\":\"required name=search_term_string\"}],\"inLanguage\":\"pt-BR\"},{\"@type\":\"Organization\",\"@id\":\"https:\/\/www.manaus.am.gov.br\/semasc\/#organization\",\"name\":\"Prefeitura de Manaus\",\"alternateName\":\"Prefeitura Municipal de Manaus\",\"url\":\"https:\/\/www.manaus.am.gov.br\/semasc\/\",\"logo\":{\"@type\":\"ImageObject\",\"inLanguage\":\"pt-BR\",\"@id\":\"https:\/\/www.manaus.am.gov.br\/semasc\/#\/schema\/logo\/image\/\",\"url\":\"https:\/\/www.manaus.am.gov.br\/semasc\/wp-content\/uploads\/sites\/17\/2024\/07\/favicon.png\",\"contentUrl\":\"https:\/\/www.manaus.am.gov.br\/semasc\/wp-content\/uploads\/sites\/17\/2024\/07\/favicon.png\",\"width\":300,\"height\":300,\"caption\":\"Prefeitura de Manaus\"},\"image\":{\"@id\":\"https:\/\/www.manaus.am.gov.br\/semasc\/#\/schema\/logo\/image\/\"},\"sameAs\":[\"https:\/\/www.facebook.com\/semascmanaus\",\"https:\/\/www.instagram.com\/semascmanaus\/\"]},{\"@type\":\"Person\",\"@id\":\"https:\/\/www.manaus.am.gov.br\/semasc\/#\/schema\/person\/05d223aea2bf115f9883a6ff3683d81b\",\"name\":\"Bruna Greco\",\"image\":{\"@type\":\"ImageObject\",\"inLanguage\":\"pt-BR\",\"@id\":\"https:\/\/www.manaus.am.gov.br\/semasc\/#\/schema\/person\/image\/\",\"url\":\"https:\/\/secure.gravatar.com\/avatar\/9c877d1a6adc2a055330e5c09a8653ce?s=96&d=mm&r=g\",\"contentUrl\":\"https:\/\/secure.gravatar.com\/avatar\/9c877d1a6adc2a055330e5c09a8653ce?s=96&d=mm&r=g\",\"caption\":\"Bruna Greco\"}}]}<\/script>\n<!-- \/ Yoast SEO plugin. -->","yoast_head_json":{"title":"2\u00ba encontro em Aten\u00e7\u00e3o \u00e0 Pessoa em Situa\u00e7\u00e3o de Rua","description":"Prefeitura realiza 2\u00ba encontro local para debater pol\u00edticas voltadas para a popula\u00e7\u00e3o em situa\u00e7\u00e3o de rua em Manaus.","robots":{"index":"noindex","follow":"follow"},"og_locale":"pt_BR","og_type":"article","og_title":"2\u00ba encontro em Aten\u00e7\u00e3o \u00e0 Pessoa em Situa\u00e7\u00e3o de Rua","og_description":"Prefeitura realiza 2\u00ba encontro local para debater pol\u00edticas voltadas para a popula\u00e7\u00e3o em situa\u00e7\u00e3o de rua em Manaus.","og_url":"https:\/\/www.manaus.am.gov.br\/semasc\/encontro-local-politicas-publicas-populacao-situacao-rua\/","og_site_name":"SEMASC","article_publisher":"https:\/\/www.facebook.com\/semascmanaus","article_published_time":"2024-02-28T17:25:47+00:00","article_modified_time":"2024-11-04T13:47:22+00:00","og_image":[{"width":1024,"height":768,"url":"https:\/\/www.manaus.am.gov.br\/semasc\/wp-content\/uploads\/sites\/17\/2024\/02\/ENCONTRO-1024x768.jpeg","type":"image\/jpeg"}],"author":"Bruna Greco","twitter_card":"summary_large_image","twitter_misc":{"Written by":"Bruna Greco","Est. reading time":"3 minutos"},"schema":{"@context":"https:\/\/schema.org","@graph":[{"@type":"Article","@id":"https:\/\/www.manaus.am.gov.br\/semasc\/encontro-local-politicas-publicas-populacao-situacao-rua\/#article","isPartOf":{"@id":"https:\/\/www.manaus.am.gov.br\/semasc\/encontro-local-politicas-publicas-populacao-situacao-rua\/"},"author":{"name":"Bruna Greco","@id":"https:\/\/www.manaus.am.gov.br\/semasc\/#\/schema\/person\/05d223aea2bf115f9883a6ff3683d81b"},"headline":"Prefeitura realiza 2\u00ba encontro local para debater pol\u00edticas voltadas para a popula\u00e7\u00e3o em situa\u00e7\u00e3o de rua em Manaus","datePublished":"2024-02-28T17:25:47+00:00","dateModified":"2024-11-04T13:47:22+00:00","mainEntityOfPage":{"@id":"https:\/\/www.manaus.am.gov.br\/semasc\/encontro-local-politicas-publicas-populacao-situacao-rua\/"},"wordCount":389,"publisher":{"@id":"https:\/\/www.manaus.am.gov.br\/semasc\/#organization"},"image":{"@id":"https:\/\/www.manaus.am.gov.br\/semasc\/encontro-local-politicas-publicas-populacao-situacao-rua\/#primaryimage"},"thumbnailUrl":"https:\/\/www.manaus.am.gov.br\/semasc\/wp-content\/uploads\/sites\/17\/2024\/02\/ENCONTRO.jpeg","keywords":["2\u00ba Encontro de Rede Intersetorial em Aten\u00e7\u00e3o \u00e0 Pessoa em Situa\u00e7\u00e3o de Rua","atendimentos socioassistenciais","Conselho Nacional de Justi\u00e7a (CNJ)","encontro local","prefeitura de manaus","Semasc"],"articleSection":["Assist\u00eancia Social"],"inLanguage":"pt-BR"},{"@type":"WebPage","@id":"https:\/\/www.manaus.am.gov.br\/semasc\/encontro-local-politicas-publicas-populacao-situacao-rua\/","url":"https:\/\/www.manaus.am.gov.br\/semasc\/encontro-local-politicas-publicas-populacao-situacao-rua\/","name":"2\u00ba encontro em Aten\u00e7\u00e3o \u00e0 Pessoa em Situa\u00e7\u00e3o de Rua","isPartOf":{"@id":"https:\/\/www.manaus.am.gov.br\/semasc\/#website"},"primaryImageOfPage":{"@id":"https:\/\/www.manaus.am.gov.br\/semasc\/encontro-local-politicas-publicas-populacao-situacao-rua\/#primaryimage"},"image":{"@id":"https:\/\/www.manaus.am.gov.br\/semasc\/encontro-local-politicas-publicas-populacao-situacao-rua\/#primaryimage"},"thumbnailUrl":"https:\/\/www.manaus.am.gov.br\/semasc\/wp-content\/uploads\/sites\/17\/2024\/02\/ENCONTRO.jpeg","datePublished":"2024-02-28T17:25:47+00:00","dateModified":"2024-11-04T13:47:22+00:00","description":"Prefeitura realiza 2\u00ba encontro local para debater pol\u00edticas voltadas para a popula\u00e7\u00e3o em situa\u00e7\u00e3o de rua em Manaus.","breadcrumb":{"@id":"https:\/\/www.manaus.am.gov.br\/semasc\/encontro-local-politicas-publicas-populacao-situacao-rua\/#breadcrumb"},"inLanguage":"pt-BR","potentialAction":[{"@type":"ReadAction","target":["https:\/\/www.manaus.am.gov.br\/semasc\/encontro-local-politicas-publicas-populacao-situacao-rua\/"]}]},{"@type":"ImageObject","inLanguage":"pt-BR","@id":"https:\/\/www.manaus.am.gov.br\/semasc\/encontro-local-politicas-publicas-populacao-situacao-rua\/#primaryimage","url":"https:\/\/www.manaus.am.gov.br\/semasc\/wp-content\/uploads\/sites\/17\/2024\/02\/ENCONTRO.jpeg","contentUrl":"https:\/\/www.manaus.am.gov.br\/semasc\/wp-content\/uploads\/sites\/17\/2024\/02\/ENCONTRO.jpeg","width":4032,"height":3024,"caption":"#paratodosverem - grupo de pessoas participando do 2\u00ba Encontro de Rede Intersetorial em Aten\u00e7\u00e3o \u00e0 Pessoa em Situa\u00e7\u00e3o de Rua"},{"@type":"BreadcrumbList","@id":"https:\/\/www.manaus.am.gov.br\/semasc\/encontro-local-politicas-publicas-populacao-situacao-rua\/#breadcrumb","itemListElement":[{"@type":"ListItem","position":1,"name":"Home","item":"https:\/\/www.manaus.am.gov.br\/semasc\/"},{"@type":"ListItem","position":2,"name":"Prefeitura realiza 2\u00ba encontro local para debater pol\u00edticas voltadas para a popula\u00e7\u00e3o em situa\u00e7\u00e3o de rua em Manaus"}]},{"@type":"WebSite","@id":"https:\/\/www.manaus.am.gov.br\/semasc\/#website","url":"https:\/\/www.manaus.am.gov.br\/semasc\/","name":"SEMASC","description":"Secretaria Municipal da Mulher, Assist\u00eancia Social e Cidadania.","publisher":{"@id":"https:\/\/www.manaus.am.gov.br\/semasc\/#organization"},"alternateName":"Secretaria Municipal da Mulher, Assist\u00eancia Social e Cidadania","potentialAction":[{"@type":"SearchAction","target":{"@type":"EntryPoint","urlTemplate":"https:\/\/www.manaus.am.gov.br\/semasc\/?s={search_term_string}"},"query-input":"required name=search_term_string"}],"inLanguage":"pt-BR"},{"@type":"Organization","@id":"https:\/\/www.manaus.am.gov.br\/semasc\/#organization","name":"Prefeitura de Manaus","alternateName":"Prefeitura Municipal de Manaus","url":"https:\/\/www.manaus.am.gov.br\/semasc\/","logo":{"@type":"ImageObject","inLanguage":"pt-BR","@id":"https:\/\/www.manaus.am.gov.br\/semasc\/#\/schema\/logo\/image\/","url":"https:\/\/www.manaus.am.gov.br\/semasc\/wp-content\/uploads\/sites\/17\/2024\/07\/favicon.png","contentUrl":"https:\/\/www.manaus.am.gov.br\/semasc\/wp-content\/uploads\/sites\/17\/2024\/07\/favicon.png","width":300,"height":300,"caption":"Prefeitura de Manaus"},"image":{"@id":"https:\/\/www.manaus.am.gov.br\/semasc\/#\/schema\/logo\/image\/"},"sameAs":["https:\/\/www.facebook.com\/semascmanaus","https:\/\/www.instagram.com\/semascmanaus\/"]},{"@type":"Person","@id":"https:\/\/www.manaus.am.gov.br\/semasc\/#\/schema\/person\/05d223aea2bf115f9883a6ff3683d81b","name":"Bruna Greco","image":{"@type":"ImageObject","inLanguage":"pt-BR","@id":"https:\/\/www.manaus.am.gov.br\/semasc\/#\/schema\/person\/image\/","url":"https:\/\/secure.gravatar.com\/avatar\/9c877d1a6adc2a055330e5c09a8653ce?s=96&d=mm&r=g","contentUrl":"https:\/\/secure.gravatar.com\/avatar\/9c877d1a6adc2a055330e5c09a8653ce?s=96&d=mm&r=g","caption":"Bruna Greco"}}]}},"_links":{"self":[{"href":"https:\/\/www.manaus.am.gov.br\/semasc\/wp-json\/wp\/v2\/posts\/209906"}],"collection":[{"href":"https:\/\/www.manaus.am.gov.br\/semasc\/wp-json\/wp\/v2\/posts"}],"about":[{"href":"https:\/\/www.manaus.am.gov.br\/semasc\/wp-json\/wp\/v2\/types\/post"}],"author":[{"embeddable":true,"href":"https:\/\/www.manaus.am.gov.br\/semasc\/wp-json\/wp\/v2\/users\/39"}],"replies":[{"embeddable":true,"href":"https:\/\/www.manaus.am.gov.br\/semasc\/wp-json\/wp\/v2\/comments?post=209906"}],"version-history":[{"count":3,"href":"https:\/\/www.manaus.am.gov.br\/semasc\/wp-json\/wp\/v2\/posts\/209906\/revisions"}],"predecessor-version":[{"id":209912,"href":"https:\/\/www.manaus.am.gov.br\/semasc\/wp-json\/wp\/v2\/posts\/209906\/revisions\/209912"}],"wp:featuredmedia":[{"embeddable":true,"href":"https:\/\/www.manaus.am.gov.br\/semasc\/wp-json\/wp\/v2\/media\/209911"}],"wp:attachment":[{"href":"https:\/\/www.manaus.am.gov.br\/semasc\/wp-json\/wp\/v2\/media?parent=209906"}],"wp:term":[{"taxonomy":"category","embeddable":true,"href":"https:\/\/www.manaus.am.gov.br\/semasc\/wp-json\/wp\/v2\/categories?post=209906"},{"taxonomy":"post_tag","embeddable":true,"href":"https:\/\/www.manaus.am.gov.br\/semasc\/wp-json\/wp\/v2\/tags?post=209906"}],"curies":[{"name":"wp","href":"https:\/\/api.w.org\/{rel}","templated":true}]}}