{"id":209899,"date":"2024-02-27T14:21:07","date_gmt":"2024-02-27T18:21:07","guid":{"rendered":"https:\/\/www.manaus.am.gov.br\/semasc\/prefeitura-ciee-parceria\/"},"modified":"2024-03-04T15:25:50","modified_gmt":"2024-03-04T19:25:50","slug":"prefeitura-ciee-parceria","status":"publish","type":"post","link":"https:\/\/www.manaus.am.gov.br\/semasc\/prefeitura-ciee-parceria\/","title":{"rendered":"Prefeitura de Manaus e CIEE se re\u00fanem para discutir parceria voltada a adolescentes atendidos por Cras"},"content":{"rendered":"\n<p>Em continuidade \u00e0 parceria que garantiu oficinas de capacita\u00e7\u00e3o para adolescentes e jovens atendidos pelo Servi\u00e7o de Conviv\u00eancia e Fortalecimento de V\u00ednculos dos Centros de Refer\u00eancia de Assist\u00eancia Social (Cras) do munic\u00edpio, a Prefeitura de Manaus, por meio da Secretaria Municipal da Mulher, Assist\u00eancia Social e Cidadania (Semasc), e o Centro de Integra\u00e7\u00e3o Empresa-Escola (CIEE) reuniram-se, nesta ter\u00e7a-feira, 27\/2, para elaborar as metas de&nbsp;coopera\u00e7\u00e3o&nbsp;t\u00e9cnica&nbsp;para o ano de 2024.<\/p>\n\n\n\n<p>A reuni\u00e3o foi realizada na sede do CIEE em Manaus, no bairro Dom Pedro, zona Centro-Oeste, e contou com a participa\u00e7\u00e3o de coordenadores, assistentes sociais e psic\u00f3logos de equipamentos socioassistenciais administrados pela secretaria para, al\u00e9m de planejar as a\u00e7\u00f5es deste ano, avaliar e discutir os resultados obtidos desde a assinatura do&nbsp;Termo&nbsp;de&nbsp;Coopera\u00e7\u00e3o&nbsp;T\u00e9cnica&nbsp;entre as duas institui\u00e7\u00f5es, em maio de 2023.<\/p>\n\n\n\n<p>Para a gerente do Servi\u00e7o de Conviv\u00eancia e Fortalecimento de V\u00ednculos da Semasc, Josieth Ara\u00fajo, a parceria j\u00e1 provou sua import\u00e2ncia para a juventude do munic\u00edpio, com o foco deste ano devendo se concentrar na amplia\u00e7\u00e3o do n\u00famero de equipamentos contemplados com as oficinas de capacita\u00e7\u00e3o. &nbsp;<\/p>\n\n\n\n<p>\u201cEstamos buscando implementar a parceria nos equipamentos da Prote\u00e7\u00e3o Social Especial. Levar esse trabalho para dentro dos Centros de Refer\u00eancia Especializados de Assist\u00eancia Social (Creas) significa ampliar o p\u00fablico jovem atendido de maneiras inimagin\u00e1veis e garantir mais oportunidades a quem precisa, por isso esse primeiro encontro \u00e9 t\u00e3o importante para o planejamento de metas\u201d, destacou.<\/p>\n\n\n\n<p>De acordo com a supervisora do CIEE no Amazonas, Glenda Negreiros, a parceria tem se mostrado cada vez mais importante, \u00e0 medida que intensifica um trabalho conjunto realizado&nbsp;bem antes&nbsp;da assinatura do&nbsp;Termo&nbsp;de&nbsp;Coopera\u00e7\u00e3o&nbsp;T\u00e9cnica.<\/p>\n\n\n\n<p>\u201c\u00c9 um dia muito feliz para n\u00f3s, pois \u00e9 um momento de estreitarmos la\u00e7os com o poder p\u00fablico, dando continuidade a um trabalho iniciado em 2018 e que s\u00f3 tem crescido. Nosso foco aqui \u00e9 encaminhar o jovem ao mercado de trabalho, e com essa parceria conseguiremos fazer muito mais do que j\u00e1 \u00e9 feito pela inclus\u00e3o e empregabilidade desses adolescentes\u201d, afirmou.<\/p>\n\n\n\n<p>&#8212; &#8212; &#8212;<\/p>\n\n\n\n<p><strong>Texto &#8211;&nbsp;<\/strong>Guilherme Pacheco \/ Semasc<\/p>\n\n\n\n<p><strong>Fotos &#8211; &nbsp;<\/strong>Diego Lima \/ Semasc<\/p>\n\n\n\n<p><strong>Dispon\u00edveis em &#8211; <a href=\"https:\/\/flic.kr\/s\/aHBqjBfQ2u\">https:\/\/flic.kr\/s\/aHBqjBfQ2u<\/a><\/strong><\/p>\n\n\n\n<p><\/p>\n","protected":false},"excerpt":{"rendered":"","protected":false},"author":23,"featured_media":209900,"comment_status":"closed","ping_status":"closed","sticky":false,"template":"","format":"standard","meta":{"footnotes":""},"categories":[680],"tags":[930,303,959,121,57,960,314,7,18],"acf":[],"yoast_head":"<!-- This site is optimized with the Yoast SEO plugin v23.0 - https:\/\/yoast.com\/wordpress\/plugins\/seo\/ -->\n<title>Prefeitura de Manaus e CIEE se re\u00fanem para discutir parceria voltada a adolescentes atendidos por Cras<\/title>\n<meta name=\"description\" content=\"Em continuidade \u00e0 parceria que garantiu oficinas de capacita\u00e7\u00e3o para adolescentes e jovens atendidos pelo Servi\u00e7o de Conviv\u00eancia e Fortalecimento de V\u00ednculos dos Centros de Refer\u00eancia de Assist\u00eancia Social (Cras) do munic\u00edpio, a Prefeitura de Manaus, por meio da Secretaria Municipal da Mulher, Assist\u00eancia Social e Cidadania (Semasc), e o Centro de Integra\u00e7\u00e3o Empresa-Escola (CIEE) reuniram-se, nesta ter\u00e7a-feira, 27\/2, para elaborar as metas de coopera\u00e7\u00e3o t\u00e9cnica para o ano de 2024.\" \/>\n<meta name=\"robots\" content=\"noindex, follow\" \/>\n<meta property=\"og:locale\" content=\"pt_BR\" \/>\n<meta property=\"og:type\" content=\"article\" \/>\n<meta property=\"og:title\" content=\"Prefeitura de Manaus e CIEE se re\u00fanem para discutir parceria voltada a adolescentes atendidos por Cras\" \/>\n<meta property=\"og:description\" content=\"Em continuidade \u00e0 parceria que garantiu oficinas de capacita\u00e7\u00e3o para adolescentes e jovens atendidos pelo Servi\u00e7o de Conviv\u00eancia e Fortalecimento de V\u00ednculos dos Centros de Refer\u00eancia de Assist\u00eancia Social (Cras) do munic\u00edpio, a Prefeitura de Manaus, por meio da Secretaria Municipal da Mulher, Assist\u00eancia Social e Cidadania (Semasc), e o Centro de Integra\u00e7\u00e3o Empresa-Escola (CIEE) reuniram-se, nesta ter\u00e7a-feira, 27\/2, para elaborar as metas de coopera\u00e7\u00e3o t\u00e9cnica para o ano de 2024.\" \/>\n<meta property=\"og:url\" content=\"https:\/\/www.manaus.am.gov.br\/semasc\/prefeitura-ciee-parceria\/\" \/>\n<meta property=\"og:site_name\" content=\"SEMASC\" \/>\n<meta property=\"article:publisher\" content=\"https:\/\/www.facebook.com\/semascmanaus\" \/>\n<meta property=\"article:published_time\" content=\"2024-02-27T18:21:07+00:00\" \/>\n<meta property=\"article:modified_time\" content=\"2024-03-04T19:25:50+00:00\" \/>\n<meta property=\"og:image\" content=\"https:\/\/www.manaus.am.gov.br\/semasc\/wp-content\/uploads\/sites\/17\/2024\/02\/53556133293_bc7d4932fa_c.jpg\" \/>\n\t<meta property=\"og:image:width\" content=\"800\" \/>\n\t<meta property=\"og:image:height\" content=\"600\" \/>\n\t<meta property=\"og:image:type\" content=\"image\/jpeg\" \/>\n<meta name=\"author\" content=\"Adriana Costa\" \/>\n<meta name=\"twitter:card\" content=\"summary_large_image\" \/>\n<meta name=\"twitter:label1\" content=\"Written by\" \/>\n\t<meta name=\"twitter:data1\" content=\"Adriana Costa\" \/>\n\t<meta name=\"twitter:label2\" content=\"Est. reading time\" \/>\n\t<meta name=\"twitter:data2\" content=\"3 minutos\" \/>\n<script type=\"application\/ld+json\" class=\"yoast-schema-graph\">{\"@context\":\"https:\/\/schema.org\",\"@graph\":[{\"@type\":\"Article\",\"@id\":\"https:\/\/www.manaus.am.gov.br\/semasc\/prefeitura-ciee-parceria\/#article\",\"isPartOf\":{\"@id\":\"https:\/\/www.manaus.am.gov.br\/semasc\/prefeitura-ciee-parceria\/\"},\"author\":{\"name\":\"Adriana Costa\",\"@id\":\"https:\/\/www.manaus.am.gov.br\/semasc\/#\/schema\/person\/4e49f4e267757a06ca072ec61b2b9968\"},\"headline\":\"Prefeitura de Manaus e CIEE se re\u00fanem para discutir parceria voltada a adolescentes atendidos por Cras\",\"datePublished\":\"2024-02-27T18:21:07+00:00\",\"dateModified\":\"2024-03-04T19:25:50+00:00\",\"mainEntityOfPage\":{\"@id\":\"https:\/\/www.manaus.am.gov.br\/semasc\/prefeitura-ciee-parceria\/\"},\"wordCount\":421,\"publisher\":{\"@id\":\"https:\/\/www.manaus.am.gov.br\/semasc\/#organization\"},\"image\":{\"@id\":\"https:\/\/www.manaus.am.gov.br\/semasc\/prefeitura-ciee-parceria\/#primaryimage\"},\"thumbnailUrl\":\"https:\/\/www.manaus.am.gov.br\/semasc\/wp-content\/uploads\/sites\/17\/2024\/02\/53556133293_bc7d4932fa_c.jpg\",\"keywords\":[\"adolescentes\",\"ciee\",\"coopera\u00e7\u00e3o\",\"cras\",\"Creas\",\"oficinas\",\"parceria\",\"prefeitura de manaus\",\"Semasc\"],\"articleSection\":[\"Coopera\u00e7\u00e3o\"],\"inLanguage\":\"pt-BR\"},{\"@type\":\"WebPage\",\"@id\":\"https:\/\/www.manaus.am.gov.br\/semasc\/prefeitura-ciee-parceria\/\",\"url\":\"https:\/\/www.manaus.am.gov.br\/semasc\/prefeitura-ciee-parceria\/\",\"name\":\"Prefeitura de Manaus e CIEE se re\u00fanem para discutir parceria voltada a adolescentes atendidos por Cras\",\"isPartOf\":{\"@id\":\"https:\/\/www.manaus.am.gov.br\/semasc\/#website\"},\"primaryImageOfPage\":{\"@id\":\"https:\/\/www.manaus.am.gov.br\/semasc\/prefeitura-ciee-parceria\/#primaryimage\"},\"image\":{\"@id\":\"https:\/\/www.manaus.am.gov.br\/semasc\/prefeitura-ciee-parceria\/#primaryimage\"},\"thumbnailUrl\":\"https:\/\/www.manaus.am.gov.br\/semasc\/wp-content\/uploads\/sites\/17\/2024\/02\/53556133293_bc7d4932fa_c.jpg\",\"datePublished\":\"2024-02-27T18:21:07+00:00\",\"dateModified\":\"2024-03-04T19:25:50+00:00\",\"description\":\"Em continuidade \u00e0 parceria que garantiu oficinas de capacita\u00e7\u00e3o para adolescentes e jovens atendidos pelo Servi\u00e7o de Conviv\u00eancia e Fortalecimento de V\u00ednculos dos Centros de Refer\u00eancia de Assist\u00eancia Social (Cras) do munic\u00edpio, a Prefeitura de Manaus, por meio da Secretaria Municipal da Mulher, Assist\u00eancia Social e Cidadania (Semasc), e o Centro de Integra\u00e7\u00e3o Empresa-Escola (CIEE) reuniram-se, nesta ter\u00e7a-feira, 27\/2, para elaborar as metas de coopera\u00e7\u00e3o t\u00e9cnica para o ano de 2024.\",\"breadcrumb\":{\"@id\":\"https:\/\/www.manaus.am.gov.br\/semasc\/prefeitura-ciee-parceria\/#breadcrumb\"},\"inLanguage\":\"pt-BR\",\"potentialAction\":[{\"@type\":\"ReadAction\",\"target\":[\"https:\/\/www.manaus.am.gov.br\/semasc\/prefeitura-ciee-parceria\/\"]}]},{\"@type\":\"ImageObject\",\"inLanguage\":\"pt-BR\",\"@id\":\"https:\/\/www.manaus.am.gov.br\/semasc\/prefeitura-ciee-parceria\/#primaryimage\",\"url\":\"https:\/\/www.manaus.am.gov.br\/semasc\/wp-content\/uploads\/sites\/17\/2024\/02\/53556133293_bc7d4932fa_c.jpg\",\"contentUrl\":\"https:\/\/www.manaus.am.gov.br\/semasc\/wp-content\/uploads\/sites\/17\/2024\/02\/53556133293_bc7d4932fa_c.jpg\",\"width\":800,\"height\":600},{\"@type\":\"BreadcrumbList\",\"@id\":\"https:\/\/www.manaus.am.gov.br\/semasc\/prefeitura-ciee-parceria\/#breadcrumb\",\"itemListElement\":[{\"@type\":\"ListItem\",\"position\":1,\"name\":\"Home\",\"item\":\"https:\/\/www.manaus.am.gov.br\/semasc\/\"},{\"@type\":\"ListItem\",\"position\":2,\"name\":\"Prefeitura de Manaus e CIEE se re\u00fanem para discutir parceria voltada a adolescentes atendidos por Cras\"}]},{\"@type\":\"WebSite\",\"@id\":\"https:\/\/www.manaus.am.gov.br\/semasc\/#website\",\"url\":\"https:\/\/www.manaus.am.gov.br\/semasc\/\",\"name\":\"SEMASC\",\"description\":\"Secretaria Municipal da Mulher, Assist\u00eancia Social e Cidadania.\",\"publisher\":{\"@id\":\"https:\/\/www.manaus.am.gov.br\/semasc\/#organization\"},\"alternateName\":\"Secretaria Municipal da Mulher, Assist\u00eancia Social e Cidadania\",\"potentialAction\":[{\"@type\":\"SearchAction\",\"target\":{\"@type\":\"EntryPoint\",\"urlTemplate\":\"https:\/\/www.manaus.am.gov.br\/semasc\/?s={search_term_string}\"},\"query-input\":\"required name=search_term_string\"}],\"inLanguage\":\"pt-BR\"},{\"@type\":\"Organization\",\"@id\":\"https:\/\/www.manaus.am.gov.br\/semasc\/#organization\",\"name\":\"Prefeitura de Manaus\",\"alternateName\":\"Prefeitura Municipal de Manaus\",\"url\":\"https:\/\/www.manaus.am.gov.br\/semasc\/\",\"logo\":{\"@type\":\"ImageObject\",\"inLanguage\":\"pt-BR\",\"@id\":\"https:\/\/www.manaus.am.gov.br\/semasc\/#\/schema\/logo\/image\/\",\"url\":\"https:\/\/www.manaus.am.gov.br\/semasc\/wp-content\/uploads\/sites\/17\/2024\/07\/favicon.png\",\"contentUrl\":\"https:\/\/www.manaus.am.gov.br\/semasc\/wp-content\/uploads\/sites\/17\/2024\/07\/favicon.png\",\"width\":300,\"height\":300,\"caption\":\"Prefeitura de Manaus\"},\"image\":{\"@id\":\"https:\/\/www.manaus.am.gov.br\/semasc\/#\/schema\/logo\/image\/\"},\"sameAs\":[\"https:\/\/www.facebook.com\/semascmanaus\",\"https:\/\/www.instagram.com\/semascmanaus\/\"]},{\"@type\":\"Person\",\"@id\":\"https:\/\/www.manaus.am.gov.br\/semasc\/#\/schema\/person\/4e49f4e267757a06ca072ec61b2b9968\",\"name\":\"Adriana Costa\",\"image\":{\"@type\":\"ImageObject\",\"inLanguage\":\"pt-BR\",\"@id\":\"https:\/\/www.manaus.am.gov.br\/semasc\/#\/schema\/person\/image\/\",\"url\":\"https:\/\/secure.gravatar.com\/avatar\/576258617ef7194f718179e766d57bd4?s=96&d=mm&r=g\",\"contentUrl\":\"https:\/\/secure.gravatar.com\/avatar\/576258617ef7194f718179e766d57bd4?s=96&d=mm&r=g\",\"caption\":\"Adriana Costa\"}}]}<\/script>\n<!-- \/ Yoast SEO plugin. -->","yoast_head_json":{"title":"Prefeitura de Manaus e CIEE se re\u00fanem para discutir parceria voltada a adolescentes atendidos por Cras","description":"Em continuidade \u00e0 parceria que garantiu oficinas de capacita\u00e7\u00e3o para adolescentes e jovens atendidos pelo Servi\u00e7o de Conviv\u00eancia e Fortalecimento de V\u00ednculos dos Centros de Refer\u00eancia de Assist\u00eancia Social (Cras) do munic\u00edpio, a Prefeitura de Manaus, por meio da Secretaria Municipal da Mulher, Assist\u00eancia Social e Cidadania (Semasc), e o Centro de Integra\u00e7\u00e3o Empresa-Escola (CIEE) reuniram-se, nesta ter\u00e7a-feira, 27\/2, para elaborar as metas de coopera\u00e7\u00e3o t\u00e9cnica para o ano de 2024.","robots":{"index":"noindex","follow":"follow"},"og_locale":"pt_BR","og_type":"article","og_title":"Prefeitura de Manaus e CIEE se re\u00fanem para discutir parceria voltada a adolescentes atendidos por Cras","og_description":"Em continuidade \u00e0 parceria que garantiu oficinas de capacita\u00e7\u00e3o para adolescentes e jovens atendidos pelo Servi\u00e7o de Conviv\u00eancia e Fortalecimento de V\u00ednculos dos Centros de Refer\u00eancia de Assist\u00eancia Social (Cras) do munic\u00edpio, a Prefeitura de Manaus, por meio da Secretaria Municipal da Mulher, Assist\u00eancia Social e Cidadania (Semasc), e o Centro de Integra\u00e7\u00e3o Empresa-Escola (CIEE) reuniram-se, nesta ter\u00e7a-feira, 27\/2, para elaborar as metas de coopera\u00e7\u00e3o t\u00e9cnica para o ano de 2024.","og_url":"https:\/\/www.manaus.am.gov.br\/semasc\/prefeitura-ciee-parceria\/","og_site_name":"SEMASC","article_publisher":"https:\/\/www.facebook.com\/semascmanaus","article_published_time":"2024-02-27T18:21:07+00:00","article_modified_time":"2024-03-04T19:25:50+00:00","og_image":[{"width":800,"height":600,"url":"https:\/\/www.manaus.am.gov.br\/semasc\/wp-content\/uploads\/sites\/17\/2024\/02\/53556133293_bc7d4932fa_c.jpg","type":"image\/jpeg"}],"author":"Adriana Costa","twitter_card":"summary_large_image","twitter_misc":{"Written by":"Adriana Costa","Est. reading time":"3 minutos"},"schema":{"@context":"https:\/\/schema.org","@graph":[{"@type":"Article","@id":"https:\/\/www.manaus.am.gov.br\/semasc\/prefeitura-ciee-parceria\/#article","isPartOf":{"@id":"https:\/\/www.manaus.am.gov.br\/semasc\/prefeitura-ciee-parceria\/"},"author":{"name":"Adriana Costa","@id":"https:\/\/www.manaus.am.gov.br\/semasc\/#\/schema\/person\/4e49f4e267757a06ca072ec61b2b9968"},"headline":"Prefeitura de Manaus e CIEE se re\u00fanem para discutir parceria voltada a adolescentes atendidos por Cras","datePublished":"2024-02-27T18:21:07+00:00","dateModified":"2024-03-04T19:25:50+00:00","mainEntityOfPage":{"@id":"https:\/\/www.manaus.am.gov.br\/semasc\/prefeitura-ciee-parceria\/"},"wordCount":421,"publisher":{"@id":"https:\/\/www.manaus.am.gov.br\/semasc\/#organization"},"image":{"@id":"https:\/\/www.manaus.am.gov.br\/semasc\/prefeitura-ciee-parceria\/#primaryimage"},"thumbnailUrl":"https:\/\/www.manaus.am.gov.br\/semasc\/wp-content\/uploads\/sites\/17\/2024\/02\/53556133293_bc7d4932fa_c.jpg","keywords":["adolescentes","ciee","coopera\u00e7\u00e3o","cras","Creas","oficinas","parceria","prefeitura de manaus","Semasc"],"articleSection":["Coopera\u00e7\u00e3o"],"inLanguage":"pt-BR"},{"@type":"WebPage","@id":"https:\/\/www.manaus.am.gov.br\/semasc\/prefeitura-ciee-parceria\/","url":"https:\/\/www.manaus.am.gov.br\/semasc\/prefeitura-ciee-parceria\/","name":"Prefeitura de Manaus e CIEE se re\u00fanem para discutir parceria voltada a adolescentes atendidos por Cras","isPartOf":{"@id":"https:\/\/www.manaus.am.gov.br\/semasc\/#website"},"primaryImageOfPage":{"@id":"https:\/\/www.manaus.am.gov.br\/semasc\/prefeitura-ciee-parceria\/#primaryimage"},"image":{"@id":"https:\/\/www.manaus.am.gov.br\/semasc\/prefeitura-ciee-parceria\/#primaryimage"},"thumbnailUrl":"https:\/\/www.manaus.am.gov.br\/semasc\/wp-content\/uploads\/sites\/17\/2024\/02\/53556133293_bc7d4932fa_c.jpg","datePublished":"2024-02-27T18:21:07+00:00","dateModified":"2024-03-04T19:25:50+00:00","description":"Em continuidade \u00e0 parceria que garantiu oficinas de capacita\u00e7\u00e3o para adolescentes e jovens atendidos pelo Servi\u00e7o de Conviv\u00eancia e Fortalecimento de V\u00ednculos dos Centros de Refer\u00eancia de Assist\u00eancia Social (Cras) do munic\u00edpio, a Prefeitura de Manaus, por meio da Secretaria Municipal da Mulher, Assist\u00eancia Social e Cidadania (Semasc), e o Centro de Integra\u00e7\u00e3o Empresa-Escola (CIEE) reuniram-se, nesta ter\u00e7a-feira, 27\/2, para elaborar as metas de coopera\u00e7\u00e3o t\u00e9cnica para o ano de 2024.","breadcrumb":{"@id":"https:\/\/www.manaus.am.gov.br\/semasc\/prefeitura-ciee-parceria\/#breadcrumb"},"inLanguage":"pt-BR","potentialAction":[{"@type":"ReadAction","target":["https:\/\/www.manaus.am.gov.br\/semasc\/prefeitura-ciee-parceria\/"]}]},{"@type":"ImageObject","inLanguage":"pt-BR","@id":"https:\/\/www.manaus.am.gov.br\/semasc\/prefeitura-ciee-parceria\/#primaryimage","url":"https:\/\/www.manaus.am.gov.br\/semasc\/wp-content\/uploads\/sites\/17\/2024\/02\/53556133293_bc7d4932fa_c.jpg","contentUrl":"https:\/\/www.manaus.am.gov.br\/semasc\/wp-content\/uploads\/sites\/17\/2024\/02\/53556133293_bc7d4932fa_c.jpg","width":800,"height":600},{"@type":"BreadcrumbList","@id":"https:\/\/www.manaus.am.gov.br\/semasc\/prefeitura-ciee-parceria\/#breadcrumb","itemListElement":[{"@type":"ListItem","position":1,"name":"Home","item":"https:\/\/www.manaus.am.gov.br\/semasc\/"},{"@type":"ListItem","position":2,"name":"Prefeitura de Manaus e CIEE se re\u00fanem para discutir parceria voltada a adolescentes atendidos por Cras"}]},{"@type":"WebSite","@id":"https:\/\/www.manaus.am.gov.br\/semasc\/#website","url":"https:\/\/www.manaus.am.gov.br\/semasc\/","name":"SEMASC","description":"Secretaria Municipal da Mulher, Assist\u00eancia Social e Cidadania.","publisher":{"@id":"https:\/\/www.manaus.am.gov.br\/semasc\/#organization"},"alternateName":"Secretaria Municipal da Mulher, Assist\u00eancia Social e Cidadania","potentialAction":[{"@type":"SearchAction","target":{"@type":"EntryPoint","urlTemplate":"https:\/\/www.manaus.am.gov.br\/semasc\/?s={search_term_string}"},"query-input":"required name=search_term_string"}],"inLanguage":"pt-BR"},{"@type":"Organization","@id":"https:\/\/www.manaus.am.gov.br\/semasc\/#organization","name":"Prefeitura de Manaus","alternateName":"Prefeitura Municipal de Manaus","url":"https:\/\/www.manaus.am.gov.br\/semasc\/","logo":{"@type":"ImageObject","inLanguage":"pt-BR","@id":"https:\/\/www.manaus.am.gov.br\/semasc\/#\/schema\/logo\/image\/","url":"https:\/\/www.manaus.am.gov.br\/semasc\/wp-content\/uploads\/sites\/17\/2024\/07\/favicon.png","contentUrl":"https:\/\/www.manaus.am.gov.br\/semasc\/wp-content\/uploads\/sites\/17\/2024\/07\/favicon.png","width":300,"height":300,"caption":"Prefeitura de Manaus"},"image":{"@id":"https:\/\/www.manaus.am.gov.br\/semasc\/#\/schema\/logo\/image\/"},"sameAs":["https:\/\/www.facebook.com\/semascmanaus","https:\/\/www.instagram.com\/semascmanaus\/"]},{"@type":"Person","@id":"https:\/\/www.manaus.am.gov.br\/semasc\/#\/schema\/person\/4e49f4e267757a06ca072ec61b2b9968","name":"Adriana Costa","image":{"@type":"ImageObject","inLanguage":"pt-BR","@id":"https:\/\/www.manaus.am.gov.br\/semasc\/#\/schema\/person\/image\/","url":"https:\/\/secure.gravatar.com\/avatar\/576258617ef7194f718179e766d57bd4?s=96&d=mm&r=g","contentUrl":"https:\/\/secure.gravatar.com\/avatar\/576258617ef7194f718179e766d57bd4?s=96&d=mm&r=g","caption":"Adriana Costa"}}]}},"_links":{"self":[{"href":"https:\/\/www.manaus.am.gov.br\/semasc\/wp-json\/wp\/v2\/posts\/209899"}],"collection":[{"href":"https:\/\/www.manaus.am.gov.br\/semasc\/wp-json\/wp\/v2\/posts"}],"about":[{"href":"https:\/\/www.manaus.am.gov.br\/semasc\/wp-json\/wp\/v2\/types\/post"}],"author":[{"embeddable":true,"href":"https:\/\/www.manaus.am.gov.br\/semasc\/wp-json\/wp\/v2\/users\/23"}],"replies":[{"embeddable":true,"href":"https:\/\/www.manaus.am.gov.br\/semasc\/wp-json\/wp\/v2\/comments?post=209899"}],"version-history":[{"count":1,"href":"https:\/\/www.manaus.am.gov.br\/semasc\/wp-json\/wp\/v2\/posts\/209899\/revisions"}],"predecessor-version":[{"id":209901,"href":"https:\/\/www.manaus.am.gov.br\/semasc\/wp-json\/wp\/v2\/posts\/209899\/revisions\/209901"}],"wp:featuredmedia":[{"embeddable":true,"href":"https:\/\/www.manaus.am.gov.br\/semasc\/wp-json\/wp\/v2\/media\/209900"}],"wp:attachment":[{"href":"https:\/\/www.manaus.am.gov.br\/semasc\/wp-json\/wp\/v2\/media?parent=209899"}],"wp:term":[{"taxonomy":"category","embeddable":true,"href":"https:\/\/www.manaus.am.gov.br\/semasc\/wp-json\/wp\/v2\/categories?post=209899"},{"taxonomy":"post_tag","embeddable":true,"href":"https:\/\/www.manaus.am.gov.br\/semasc\/wp-json\/wp\/v2\/tags?post=209899"}],"curies":[{"name":"wp","href":"https:\/\/api.w.org\/{rel}","templated":true}]}}