{"id":209894,"date":"2024-02-24T17:56:19","date_gmt":"2024-02-24T21:56:19","guid":{"rendered":"https:\/\/www.manaus.am.gov.br\/semasc\/recorde-manaus-mais-cidada\/"},"modified":"2024-03-04T15:20:39","modified_gmt":"2024-03-04T19:20:39","slug":"recorde-manaus-mais-cidada","status":"publish","type":"post","link":"https:\/\/www.manaus.am.gov.br\/semasc\/recorde-manaus-mais-cidada\/","title":{"rendered":"Prefeitura quebra recorde e realiza mais de 30 mil atendimentos na zona Norte durante o \u2018Manaus Mais Cidad\u00e3\u2019"},"content":{"rendered":"\n<p>Com a miss\u00e3o de se aproximar da popula\u00e7\u00e3o e ampliar o acesso a pol\u00edticas p\u00fablicas em zonas de dif\u00edcil acesso, a Prefeitura de Manaus, por meio da Secretaria Municipal da Mulher, Assist\u00eancia Social e Cidadania (Semasc), realizou, neste s\u00e1bado, 24\/2, a 2\u00aa edi\u00e7\u00e3o do mutir\u00e3o de servi\u00e7os &#8220;Manaus Mais Cidad\u00e3&#8221; de 2024, desta vez atendendo a popula\u00e7\u00e3o do conjunto habitacional Viver Melhor, na zona Norte.&nbsp;<\/p>\n\n\n\n<p>Ao todo, 31,4 mil atendimentos foram registrados ao longo do dia na escola municipal Benjamin Matias Fernandes e no Centro Municipal de Educa\u00e7\u00e3o Infantil (Cmei) Professor Caio Carlos Frota Medeiros, onde, mais uma vez, secretarias municipais, estaduais, parceiros da sociedade civil e outras entidades do poder p\u00fablico se uniram para ofertar, a mais de 10 mil comunit\u00e1rios da regi\u00e3o, mais de cem servi\u00e7os p\u00fablicos totalmente gratuitos e em \u00fanico espa\u00e7o. O antigo recorde era o de 26 mil atendimentos realizados no bairro Armando Mendes, em agosto de 2023.<\/p>\n\n\n\n<p>\u201cEste \u00e9 um projeto idealizado pelo nosso prefeito David Almeida, que visa descentralizar as a\u00e7\u00f5es da Prefeitura Municipal de Manaus e chegar mais perto do cidad\u00e3o, sobretudo aquele mais humilde e que muitas vezes n\u00e3o possui recursos para procurar esses servi\u00e7os. O foco desta gest\u00e3o \u00e9 cuidar das pessoas e, ao conversar com os cidad\u00e3os presentes aqui, percebemos que estamos no caminho certo\u201d, destacou o vice-prefeito e secret\u00e1rio-chefe da Casa Civil, Marcos Rotta.<\/p>\n\n\n\n<p>O secret\u00e1rio Eduardo Lucas, da Semasc, ressaltou a import\u00e2ncia de se trazer periodicamente um evento dessa magnitude \u00e0 popula\u00e7\u00e3o de diferentes zonas da cidade em um \u201cdia alternativo\u201d, levando em conta as demandas e as possibilidades de locomo\u00e7\u00e3o de cada territ\u00f3rio contemplado com a a\u00e7\u00e3o.<\/p>\n\n\n\n<p>\u201cO dia alternativo serve para a popula\u00e7\u00e3o que, por quaisquer que sejam os motivos, n\u00e3o consegue acessar esses servi\u00e7os durante a semana, tendo a oportunidade de ser atendida de maneira r\u00e1pida e pr\u00f3xima de sua casa. \u00c9 uma determina\u00e7\u00e3o do prefeito que nos fa\u00e7amos presentes na \u2018fonte\u2019, dentro da comunidade, praticamente na porta do cidad\u00e3o e facilitando sua vida\u201d, afirmou.<\/p>\n\n\n\n<p><strong>Diferentes servi\u00e7os<\/strong><\/p>\n\n\n\n<p>Ao todo, 120 servi\u00e7os foram oferecidos \u00e0 popula\u00e7\u00e3o ao longo da manh\u00e3. Entre os servi\u00e7os mais procurados, destacam-se a inser\u00e7\u00e3o e atualiza\u00e7\u00e3o do Cadastro \u00danico, cl\u00ednico geral, odontol\u00f3gico, dispensa de medicamentos, cadastro para vagas de emprego, emiss\u00e3o de documenta\u00e7\u00e3o b\u00e1sica, servi\u00e7os de habilita\u00e7\u00e3o e ve\u00edculos, orienta\u00e7\u00e3o jur\u00eddica, servi\u00e7os de embelezamento e muitos outros.<\/p>\n\n\n\n<p>A Secretaria Municipal de Administra\u00e7\u00e3o, Planejamento e Gest\u00e3o (Semad), participou do &#8220;Manaus Mais Cidad\u00e3&#8221; com atendimentos e orienta\u00e7\u00f5es nas \u00e1reas jur\u00eddica, de assist\u00eancia social e de psicologia, fazendo os encaminhamentos necess\u00e1rios a cada demanda.<\/p>\n\n\n\n<p>A equipe de t\u00e9cnicos foi coordenada pelo titular da Semad, Ebenezer Bezerra. &#8220;Essa a\u00e7\u00e3o \u00e9 muito importante porque leva at\u00e9 onde os cidad\u00e3os moram, os servi\u00e7os ofertados, gratuitamente, pela prefeitura. O prefeito David Almeida entende que, muitas das vezes, as pessoas n\u00e3o t\u00eam recursos para se deslocar at\u00e9 as unidades da administra\u00e7\u00e3o municipal. O &#8216;Manaus Mais Cidad\u00e3&#8217; \u00e9 uma prefeitura m\u00f3vel&#8221;, disse Bezerra.<\/p>\n\n\n\n<p>A estudante de direito Anne Silva, 32, compareceu \u00e0 a\u00e7\u00e3o em busca de atendimento m\u00e9dico para si e de vacina\u00e7\u00e3o para seu pet. De acordo com a comunit\u00e1ria, a\u00e7\u00f5es como essa s\u00e3o necess\u00e1rias e tornam a vida de muitos moradores mais pr\u00e1tica.<\/p>\n\n\n\n<p>\u201cO Viver Melhor possui muitas car\u00eancias, principalmente por se localizar em um bairro muito grande e que \u00e9 distante da regi\u00e3o central da cidade. A\u00e7\u00f5es como essa s\u00e3o maravilhosas justamente por conseguir trazer para perto de n\u00f3s muito daquilo que \u00e9 dif\u00edcil termos acesso durante a semana, al\u00e9m de ajudar na propaga\u00e7\u00e3o de informa\u00e7\u00f5es e outras utilidades\u201d, relatou.<\/p>\n\n\n\n<p>A dona de casa Adrielly Lacerda, acompanhada do marido e dos filhos, buscou o atendimento pedi\u00e1trico para os pequenos e o ortop\u00e9dico para o parceiro, elogiando o atendimento recebido.<\/p>\n\n\n\n<p>\u201cHoje vimos atr\u00e1s de diversos servi\u00e7os e fomos muito bem atendidos em todos, o que nos faz querer que mais a\u00e7\u00f5es como essa ocorram por aqui. Tem uma variedade boa de servi\u00e7os, o atendimento \u00e9 \u00f3timo e o melhor mesmo \u00e9 a praticidade da a\u00e7\u00e3o ser t\u00e3o perto de casa. Muito bom, muito bom mesmo\u201d, elogiou.<\/p>\n\n\n\n<p><strong>Parceiros<\/strong><\/p>\n\n\n\n<p>O programa \u201cManaus Mais Cidad\u00e3\u201d \u00e9 coordenado pela Semasc e conta com o apoio das secretarias municipais da Sa\u00fade (Semsa), do Trabalho, Empreendedorismo e Inova\u00e7\u00e3o (Semtepi), de Meio Ambiente e Sustentabilidade (Semmas), de Limpeza Urbana (Semulsp), de Infraestrutura (Seminf), de Seguran\u00e7a P\u00fablica e Defesa Social (Semseg), de Administra\u00e7\u00e3o e Planejamento (Semad), de Habita\u00e7\u00e3o e Assuntos Fundi\u00e1rios (Semhaf) e de Agricultura, Abastecimento, Centro e Com\u00e9rcio Informal (Semacc), da Funda\u00e7\u00e3o Manaus Esporte (FME), da Funda\u00e7\u00e3o Municipal de Cultura, Eventos e Turismo (Manauscult), do Instituto Municipal de Mobilidade Urbana (IMMU), da Funda\u00e7\u00e3o Dr. Thomas (FDT), da Casa Militar, da Ag\u00eancia Reguladora dos Servi\u00e7os P\u00fablicos Delegados do Munic\u00edpio de Manaus (Ageman), da Secretaria de Estado de Justi\u00e7a, Direitos Humanos e Cidadania (Sejusc), do Tribunal Regional Eleitoral do Amazonas (TRE-AM), da Amazonas Energia, do Departamento de Tr\u00e2nsito do Estado do Amazonas (Detran-AM), da Pol\u00edcia Militar do Amazonas (PM-AM), da Associa\u00e7\u00e3o dos Registradores Civis das Pessoas Naturais do Amazonas (Arpen-AM), das ag\u00eancias da Organiza\u00e7\u00e3o das Na\u00e7\u00f5es Unidas (ONU) com escrit\u00f3rios em Manaus e Organiza\u00e7\u00f5es da Sociedade Civil (OSCs).<\/p>\n\n\n\n<p>\u2013 \u2013 \u2013<\/p>\n\n\n\n<p><strong>Texto &#8211; <\/strong>Guilherme Pacheco \/ Semasc e Sandra Monteiro \/ Semad<\/p>\n\n\n\n<p><strong>Fotos &#8211; &nbsp;<\/strong>Valdo Le\u00e3o \/ Semcom e Antonio Pereira \/ Casa Civil<\/p>\n\n\n\n<p><strong>Dispon\u00edveis em<\/strong> &#8211; https:\/\/flic.kr\/s\/aHBqjBfoBt<\/p>\n","protected":false},"excerpt":{"rendered":"","protected":false},"author":25,"featured_media":209895,"comment_status":"closed","ping_status":"closed","sticky":false,"template":"","format":"standard","meta":{"footnotes":""},"categories":[624],"tags":[956,244,106,957,18,958],"acf":[],"yoast_head":"<!-- This site is optimized with the Yoast SEO plugin v23.0 - https:\/\/yoast.com\/wordpress\/plugins\/seo\/ -->\n<title>Prefeitura quebra recorde e realiza mais de 30 mil atendimentos na zona Norte durante o \u2018Manaus Mais Cidad\u00e3\u2019<\/title>\n<meta name=\"description\" content=\"Com a miss\u00e3o de se aproximar da popula\u00e7\u00e3o e ampliar o acesso a pol\u00edticas p\u00fablicas em zonas de dif\u00edcil acesso, a Prefeitura de Manaus,\" \/>\n<meta name=\"robots\" content=\"noindex, follow\" \/>\n<meta property=\"og:locale\" content=\"pt_BR\" \/>\n<meta property=\"og:type\" content=\"article\" \/>\n<meta property=\"og:title\" content=\"Prefeitura quebra recorde e realiza mais de 30 mil atendimentos na zona Norte durante o \u2018Manaus Mais Cidad\u00e3\u2019\" \/>\n<meta property=\"og:description\" content=\"Com a miss\u00e3o de se aproximar da popula\u00e7\u00e3o e ampliar o acesso a pol\u00edticas p\u00fablicas em zonas de dif\u00edcil acesso, a Prefeitura de Manaus,\" \/>\n<meta property=\"og:url\" content=\"https:\/\/www.manaus.am.gov.br\/semasc\/recorde-manaus-mais-cidada\/\" \/>\n<meta property=\"og:site_name\" content=\"SEMASC\" \/>\n<meta property=\"article:publisher\" content=\"https:\/\/www.facebook.com\/semascmanaus\" \/>\n<meta property=\"article:published_time\" content=\"2024-02-24T21:56:19+00:00\" \/>\n<meta property=\"article:modified_time\" content=\"2024-03-04T19:20:39+00:00\" \/>\n<meta property=\"og:image\" content=\"https:\/\/www.manaus.am.gov.br\/semasc\/wp-content\/uploads\/sites\/17\/2024\/02\/53549920350_b0b2f13f6f_c.jpg\" \/>\n\t<meta property=\"og:image:width\" content=\"799\" \/>\n\t<meta property=\"og:image:height\" content=\"533\" \/>\n\t<meta property=\"og:image:type\" content=\"image\/jpeg\" \/>\n<meta name=\"author\" content=\"Maur\u00edcio Freire\" \/>\n<meta name=\"twitter:card\" content=\"summary_large_image\" \/>\n<meta name=\"twitter:label1\" content=\"Written by\" \/>\n\t<meta name=\"twitter:data1\" content=\"Maur\u00edcio Freire\" \/>\n\t<meta name=\"twitter:label2\" content=\"Est. reading time\" \/>\n\t<meta name=\"twitter:data2\" content=\"5 minutos\" \/>\n<script type=\"application\/ld+json\" class=\"yoast-schema-graph\">{\"@context\":\"https:\/\/schema.org\",\"@graph\":[{\"@type\":\"Article\",\"@id\":\"https:\/\/www.manaus.am.gov.br\/semasc\/recorde-manaus-mais-cidada\/#article\",\"isPartOf\":{\"@id\":\"https:\/\/www.manaus.am.gov.br\/semasc\/recorde-manaus-mais-cidada\/\"},\"author\":{\"name\":\"Maur\u00edcio Freire\",\"@id\":\"https:\/\/www.manaus.am.gov.br\/semasc\/#\/schema\/person\/587989a23a463cde5618e6a028977a9a\"},\"headline\":\"Prefeitura quebra recorde e realiza mais de 30 mil atendimentos na zona Norte durante o \u2018Manaus Mais Cidad\u00e3\u2019\",\"datePublished\":\"2024-02-24T21:56:19+00:00\",\"dateModified\":\"2024-03-04T19:20:39+00:00\",\"mainEntityOfPage\":{\"@id\":\"https:\/\/www.manaus.am.gov.br\/semasc\/recorde-manaus-mais-cidada\/\"},\"wordCount\":987,\"publisher\":{\"@id\":\"https:\/\/www.manaus.am.gov.br\/semasc\/#organization\"},\"image\":{\"@id\":\"https:\/\/www.manaus.am.gov.br\/semasc\/recorde-manaus-mais-cidada\/#primaryimage\"},\"thumbnailUrl\":\"https:\/\/www.manaus.am.gov.br\/semasc\/wp-content\/uploads\/sites\/17\/2024\/02\/53549920350_b0b2f13f6f_c.jpg\",\"keywords\":[\"Ebenezer Bezerra\",\"Eduardo Lucas\",\"manaus mais ciad\u00e3\",\"Marcos Rotta\",\"Semasc\",\"viver melhor\"],\"articleSection\":[\"Servi\u00e7os\"],\"inLanguage\":\"pt-BR\"},{\"@type\":\"WebPage\",\"@id\":\"https:\/\/www.manaus.am.gov.br\/semasc\/recorde-manaus-mais-cidada\/\",\"url\":\"https:\/\/www.manaus.am.gov.br\/semasc\/recorde-manaus-mais-cidada\/\",\"name\":\"Prefeitura quebra recorde e realiza mais de 30 mil atendimentos na zona Norte durante o \u2018Manaus Mais Cidad\u00e3\u2019\",\"isPartOf\":{\"@id\":\"https:\/\/www.manaus.am.gov.br\/semasc\/#website\"},\"primaryImageOfPage\":{\"@id\":\"https:\/\/www.manaus.am.gov.br\/semasc\/recorde-manaus-mais-cidada\/#primaryimage\"},\"image\":{\"@id\":\"https:\/\/www.manaus.am.gov.br\/semasc\/recorde-manaus-mais-cidada\/#primaryimage\"},\"thumbnailUrl\":\"https:\/\/www.manaus.am.gov.br\/semasc\/wp-content\/uploads\/sites\/17\/2024\/02\/53549920350_b0b2f13f6f_c.jpg\",\"datePublished\":\"2024-02-24T21:56:19+00:00\",\"dateModified\":\"2024-03-04T19:20:39+00:00\",\"description\":\"Com a miss\u00e3o de se aproximar da popula\u00e7\u00e3o e ampliar o acesso a pol\u00edticas p\u00fablicas em zonas de dif\u00edcil acesso, a Prefeitura de Manaus,\",\"breadcrumb\":{\"@id\":\"https:\/\/www.manaus.am.gov.br\/semasc\/recorde-manaus-mais-cidada\/#breadcrumb\"},\"inLanguage\":\"pt-BR\",\"potentialAction\":[{\"@type\":\"ReadAction\",\"target\":[\"https:\/\/www.manaus.am.gov.br\/semasc\/recorde-manaus-mais-cidada\/\"]}]},{\"@type\":\"ImageObject\",\"inLanguage\":\"pt-BR\",\"@id\":\"https:\/\/www.manaus.am.gov.br\/semasc\/recorde-manaus-mais-cidada\/#primaryimage\",\"url\":\"https:\/\/www.manaus.am.gov.br\/semasc\/wp-content\/uploads\/sites\/17\/2024\/02\/53549920350_b0b2f13f6f_c.jpg\",\"contentUrl\":\"https:\/\/www.manaus.am.gov.br\/semasc\/wp-content\/uploads\/sites\/17\/2024\/02\/53549920350_b0b2f13f6f_c.jpg\",\"width\":799,\"height\":533,\"caption\":\"#paratodosverem vice-prefeito Marcos Rotta acompanha vacina\u00e7\u00e3o\"},{\"@type\":\"BreadcrumbList\",\"@id\":\"https:\/\/www.manaus.am.gov.br\/semasc\/recorde-manaus-mais-cidada\/#breadcrumb\",\"itemListElement\":[{\"@type\":\"ListItem\",\"position\":1,\"name\":\"Home\",\"item\":\"https:\/\/www.manaus.am.gov.br\/semasc\/\"},{\"@type\":\"ListItem\",\"position\":2,\"name\":\"Prefeitura quebra recorde e realiza mais de 30 mil atendimentos na zona Norte durante o \u2018Manaus Mais Cidad\u00e3\u2019\"}]},{\"@type\":\"WebSite\",\"@id\":\"https:\/\/www.manaus.am.gov.br\/semasc\/#website\",\"url\":\"https:\/\/www.manaus.am.gov.br\/semasc\/\",\"name\":\"SEMASC\",\"description\":\"Secretaria Municipal da Mulher, Assist\u00eancia Social e Cidadania.\",\"publisher\":{\"@id\":\"https:\/\/www.manaus.am.gov.br\/semasc\/#organization\"},\"alternateName\":\"Secretaria Municipal da Mulher, Assist\u00eancia Social e Cidadania\",\"potentialAction\":[{\"@type\":\"SearchAction\",\"target\":{\"@type\":\"EntryPoint\",\"urlTemplate\":\"https:\/\/www.manaus.am.gov.br\/semasc\/?s={search_term_string}\"},\"query-input\":\"required name=search_term_string\"}],\"inLanguage\":\"pt-BR\"},{\"@type\":\"Organization\",\"@id\":\"https:\/\/www.manaus.am.gov.br\/semasc\/#organization\",\"name\":\"Prefeitura de Manaus\",\"alternateName\":\"Prefeitura Municipal de Manaus\",\"url\":\"https:\/\/www.manaus.am.gov.br\/semasc\/\",\"logo\":{\"@type\":\"ImageObject\",\"inLanguage\":\"pt-BR\",\"@id\":\"https:\/\/www.manaus.am.gov.br\/semasc\/#\/schema\/logo\/image\/\",\"url\":\"https:\/\/www.manaus.am.gov.br\/semasc\/wp-content\/uploads\/sites\/17\/2024\/07\/favicon.png\",\"contentUrl\":\"https:\/\/www.manaus.am.gov.br\/semasc\/wp-content\/uploads\/sites\/17\/2024\/07\/favicon.png\",\"width\":300,\"height\":300,\"caption\":\"Prefeitura de Manaus\"},\"image\":{\"@id\":\"https:\/\/www.manaus.am.gov.br\/semasc\/#\/schema\/logo\/image\/\"},\"sameAs\":[\"https:\/\/www.facebook.com\/semascmanaus\",\"https:\/\/www.instagram.com\/semascmanaus\/\"]},{\"@type\":\"Person\",\"@id\":\"https:\/\/www.manaus.am.gov.br\/semasc\/#\/schema\/person\/587989a23a463cde5618e6a028977a9a\",\"name\":\"Maur\u00edcio Freire\",\"image\":{\"@type\":\"ImageObject\",\"inLanguage\":\"pt-BR\",\"@id\":\"https:\/\/www.manaus.am.gov.br\/semasc\/#\/schema\/person\/image\/\",\"url\":\"https:\/\/secure.gravatar.com\/avatar\/dc1481799a1f75c733ac3b2634cd6749?s=96&d=mm&r=g\",\"contentUrl\":\"https:\/\/secure.gravatar.com\/avatar\/dc1481799a1f75c733ac3b2634cd6749?s=96&d=mm&r=g\",\"caption\":\"Maur\u00edcio Freire\"}}]}<\/script>\n<!-- \/ Yoast SEO plugin. -->","yoast_head_json":{"title":"Prefeitura quebra recorde e realiza mais de 30 mil atendimentos na zona Norte durante o \u2018Manaus Mais Cidad\u00e3\u2019","description":"Com a miss\u00e3o de se aproximar da popula\u00e7\u00e3o e ampliar o acesso a pol\u00edticas p\u00fablicas em zonas de dif\u00edcil acesso, a Prefeitura de Manaus,","robots":{"index":"noindex","follow":"follow"},"og_locale":"pt_BR","og_type":"article","og_title":"Prefeitura quebra recorde e realiza mais de 30 mil atendimentos na zona Norte durante o \u2018Manaus Mais Cidad\u00e3\u2019","og_description":"Com a miss\u00e3o de se aproximar da popula\u00e7\u00e3o e ampliar o acesso a pol\u00edticas p\u00fablicas em zonas de dif\u00edcil acesso, a Prefeitura de Manaus,","og_url":"https:\/\/www.manaus.am.gov.br\/semasc\/recorde-manaus-mais-cidada\/","og_site_name":"SEMASC","article_publisher":"https:\/\/www.facebook.com\/semascmanaus","article_published_time":"2024-02-24T21:56:19+00:00","article_modified_time":"2024-03-04T19:20:39+00:00","og_image":[{"width":799,"height":533,"url":"https:\/\/www.manaus.am.gov.br\/semasc\/wp-content\/uploads\/sites\/17\/2024\/02\/53549920350_b0b2f13f6f_c.jpg","type":"image\/jpeg"}],"author":"Maur\u00edcio Freire","twitter_card":"summary_large_image","twitter_misc":{"Written by":"Maur\u00edcio Freire","Est. reading time":"5 minutos"},"schema":{"@context":"https:\/\/schema.org","@graph":[{"@type":"Article","@id":"https:\/\/www.manaus.am.gov.br\/semasc\/recorde-manaus-mais-cidada\/#article","isPartOf":{"@id":"https:\/\/www.manaus.am.gov.br\/semasc\/recorde-manaus-mais-cidada\/"},"author":{"name":"Maur\u00edcio Freire","@id":"https:\/\/www.manaus.am.gov.br\/semasc\/#\/schema\/person\/587989a23a463cde5618e6a028977a9a"},"headline":"Prefeitura quebra recorde e realiza mais de 30 mil atendimentos na zona Norte durante o \u2018Manaus Mais Cidad\u00e3\u2019","datePublished":"2024-02-24T21:56:19+00:00","dateModified":"2024-03-04T19:20:39+00:00","mainEntityOfPage":{"@id":"https:\/\/www.manaus.am.gov.br\/semasc\/recorde-manaus-mais-cidada\/"},"wordCount":987,"publisher":{"@id":"https:\/\/www.manaus.am.gov.br\/semasc\/#organization"},"image":{"@id":"https:\/\/www.manaus.am.gov.br\/semasc\/recorde-manaus-mais-cidada\/#primaryimage"},"thumbnailUrl":"https:\/\/www.manaus.am.gov.br\/semasc\/wp-content\/uploads\/sites\/17\/2024\/02\/53549920350_b0b2f13f6f_c.jpg","keywords":["Ebenezer Bezerra","Eduardo Lucas","manaus mais ciad\u00e3","Marcos Rotta","Semasc","viver melhor"],"articleSection":["Servi\u00e7os"],"inLanguage":"pt-BR"},{"@type":"WebPage","@id":"https:\/\/www.manaus.am.gov.br\/semasc\/recorde-manaus-mais-cidada\/","url":"https:\/\/www.manaus.am.gov.br\/semasc\/recorde-manaus-mais-cidada\/","name":"Prefeitura quebra recorde e realiza mais de 30 mil atendimentos na zona Norte durante o \u2018Manaus Mais Cidad\u00e3\u2019","isPartOf":{"@id":"https:\/\/www.manaus.am.gov.br\/semasc\/#website"},"primaryImageOfPage":{"@id":"https:\/\/www.manaus.am.gov.br\/semasc\/recorde-manaus-mais-cidada\/#primaryimage"},"image":{"@id":"https:\/\/www.manaus.am.gov.br\/semasc\/recorde-manaus-mais-cidada\/#primaryimage"},"thumbnailUrl":"https:\/\/www.manaus.am.gov.br\/semasc\/wp-content\/uploads\/sites\/17\/2024\/02\/53549920350_b0b2f13f6f_c.jpg","datePublished":"2024-02-24T21:56:19+00:00","dateModified":"2024-03-04T19:20:39+00:00","description":"Com a miss\u00e3o de se aproximar da popula\u00e7\u00e3o e ampliar o acesso a pol\u00edticas p\u00fablicas em zonas de dif\u00edcil acesso, a Prefeitura de Manaus,","breadcrumb":{"@id":"https:\/\/www.manaus.am.gov.br\/semasc\/recorde-manaus-mais-cidada\/#breadcrumb"},"inLanguage":"pt-BR","potentialAction":[{"@type":"ReadAction","target":["https:\/\/www.manaus.am.gov.br\/semasc\/recorde-manaus-mais-cidada\/"]}]},{"@type":"ImageObject","inLanguage":"pt-BR","@id":"https:\/\/www.manaus.am.gov.br\/semasc\/recorde-manaus-mais-cidada\/#primaryimage","url":"https:\/\/www.manaus.am.gov.br\/semasc\/wp-content\/uploads\/sites\/17\/2024\/02\/53549920350_b0b2f13f6f_c.jpg","contentUrl":"https:\/\/www.manaus.am.gov.br\/semasc\/wp-content\/uploads\/sites\/17\/2024\/02\/53549920350_b0b2f13f6f_c.jpg","width":799,"height":533,"caption":"#paratodosverem vice-prefeito Marcos Rotta acompanha vacina\u00e7\u00e3o"},{"@type":"BreadcrumbList","@id":"https:\/\/www.manaus.am.gov.br\/semasc\/recorde-manaus-mais-cidada\/#breadcrumb","itemListElement":[{"@type":"ListItem","position":1,"name":"Home","item":"https:\/\/www.manaus.am.gov.br\/semasc\/"},{"@type":"ListItem","position":2,"name":"Prefeitura quebra recorde e realiza mais de 30 mil atendimentos na zona Norte durante o \u2018Manaus Mais Cidad\u00e3\u2019"}]},{"@type":"WebSite","@id":"https:\/\/www.manaus.am.gov.br\/semasc\/#website","url":"https:\/\/www.manaus.am.gov.br\/semasc\/","name":"SEMASC","description":"Secretaria Municipal da Mulher, Assist\u00eancia Social e Cidadania.","publisher":{"@id":"https:\/\/www.manaus.am.gov.br\/semasc\/#organization"},"alternateName":"Secretaria Municipal da Mulher, Assist\u00eancia Social e Cidadania","potentialAction":[{"@type":"SearchAction","target":{"@type":"EntryPoint","urlTemplate":"https:\/\/www.manaus.am.gov.br\/semasc\/?s={search_term_string}"},"query-input":"required name=search_term_string"}],"inLanguage":"pt-BR"},{"@type":"Organization","@id":"https:\/\/www.manaus.am.gov.br\/semasc\/#organization","name":"Prefeitura de Manaus","alternateName":"Prefeitura Municipal de Manaus","url":"https:\/\/www.manaus.am.gov.br\/semasc\/","logo":{"@type":"ImageObject","inLanguage":"pt-BR","@id":"https:\/\/www.manaus.am.gov.br\/semasc\/#\/schema\/logo\/image\/","url":"https:\/\/www.manaus.am.gov.br\/semasc\/wp-content\/uploads\/sites\/17\/2024\/07\/favicon.png","contentUrl":"https:\/\/www.manaus.am.gov.br\/semasc\/wp-content\/uploads\/sites\/17\/2024\/07\/favicon.png","width":300,"height":300,"caption":"Prefeitura de Manaus"},"image":{"@id":"https:\/\/www.manaus.am.gov.br\/semasc\/#\/schema\/logo\/image\/"},"sameAs":["https:\/\/www.facebook.com\/semascmanaus","https:\/\/www.instagram.com\/semascmanaus\/"]},{"@type":"Person","@id":"https:\/\/www.manaus.am.gov.br\/semasc\/#\/schema\/person\/587989a23a463cde5618e6a028977a9a","name":"Maur\u00edcio Freire","image":{"@type":"ImageObject","inLanguage":"pt-BR","@id":"https:\/\/www.manaus.am.gov.br\/semasc\/#\/schema\/person\/image\/","url":"https:\/\/secure.gravatar.com\/avatar\/dc1481799a1f75c733ac3b2634cd6749?s=96&d=mm&r=g","contentUrl":"https:\/\/secure.gravatar.com\/avatar\/dc1481799a1f75c733ac3b2634cd6749?s=96&d=mm&r=g","caption":"Maur\u00edcio Freire"}}]}},"_links":{"self":[{"href":"https:\/\/www.manaus.am.gov.br\/semasc\/wp-json\/wp\/v2\/posts\/209894"}],"collection":[{"href":"https:\/\/www.manaus.am.gov.br\/semasc\/wp-json\/wp\/v2\/posts"}],"about":[{"href":"https:\/\/www.manaus.am.gov.br\/semasc\/wp-json\/wp\/v2\/types\/post"}],"author":[{"embeddable":true,"href":"https:\/\/www.manaus.am.gov.br\/semasc\/wp-json\/wp\/v2\/users\/25"}],"replies":[{"embeddable":true,"href":"https:\/\/www.manaus.am.gov.br\/semasc\/wp-json\/wp\/v2\/comments?post=209894"}],"version-history":[{"count":1,"href":"https:\/\/www.manaus.am.gov.br\/semasc\/wp-json\/wp\/v2\/posts\/209894\/revisions"}],"predecessor-version":[{"id":209952,"href":"https:\/\/www.manaus.am.gov.br\/semasc\/wp-json\/wp\/v2\/posts\/209894\/revisions\/209952"}],"wp:featuredmedia":[{"embeddable":true,"href":"https:\/\/www.manaus.am.gov.br\/semasc\/wp-json\/wp\/v2\/media\/209895"}],"wp:attachment":[{"href":"https:\/\/www.manaus.am.gov.br\/semasc\/wp-json\/wp\/v2\/media?parent=209894"}],"wp:term":[{"taxonomy":"category","embeddable":true,"href":"https:\/\/www.manaus.am.gov.br\/semasc\/wp-json\/wp\/v2\/categories?post=209894"},{"taxonomy":"post_tag","embeddable":true,"href":"https:\/\/www.manaus.am.gov.br\/semasc\/wp-json\/wp\/v2\/tags?post=209894"}],"curies":[{"name":"wp","href":"https:\/\/api.w.org\/{rel}","templated":true}]}}