{"id":209859,"date":"2024-02-19T13:21:48","date_gmt":"2024-02-19T17:21:48","guid":{"rendered":"https:\/\/www.manaus.am.gov.br\/semasc\/nota-semasc-3\/"},"modified":"2024-02-19T13:21:50","modified_gmt":"2024-02-19T17:21:50","slug":"nota-semasc-3","status":"publish","type":"post","link":"https:\/\/www.manaus.am.gov.br\/semasc\/nota-semasc-3\/","title":{"rendered":"Homem sofre mal s\u00fabito em unidade da Semasc"},"content":{"rendered":"\n<p>Na manh\u00e3 desta segunda-feira, 19\/2, um homem de 52 anos sofreu um mal s\u00fabito enquanto aguardava atendimento na subcentral do Cadastro \u00danico, localizada na sede da Secretaria Municipal da Mulher, Assist\u00eancia Social e Cidadania (Semasc), na avenida Ayr\u00e3o, Centro.<\/p>\n\n\n\n<p>O Samu foi acionado imediatamente, e duas equipes m\u00e9dicas chegaram ao local em quest\u00e3o de minutos. Ap\u00f3s a realiza\u00e7\u00e3o de todos os procedimentos m\u00e9dicos, o homem foi transportado para o SPA do S\u00e3o Raimundo.<\/p>\n\n\n\n<p>De acordo com relatos preliminares, o incidente ocorreu por volta das 11h, dez minutos ap\u00f3s chegar \u00e0 unidade. Uma senhora, que havia chegado junto com ele, afirmou que o homem j\u00e1 estava passando mal dentro do \u00f4nibus. Ele estava sentado, aguardando atendimento, quando sofreu o mal s\u00fabito.<\/p>\n\n\n\n<p>Uma assistente social da Semasc acompanhou o translado at\u00e9 o SPA e a secretaria dar\u00e1 todo o apoio necess\u00e1rio \u00e0 fam\u00edlia neste momento delicado. Detalhes adicionais sobre o homem n\u00e3o podem ser divulgados no momento, em respeito \u00e0 privacidade da fam\u00edlia e \u00e0 legisla\u00e7\u00e3o vigente sobre prote\u00e7\u00e3o de dados.<\/p>\n\n\n\n<p>&#8212; &#8212; &#8212;<\/p>\n\n\n\n<p><strong>Texto &#8211;&nbsp;<\/strong>Leonardo Fierro\/Semasc<\/p>\n","protected":false},"excerpt":{"rendered":"","protected":false},"author":23,"featured_media":207692,"comment_status":"closed","ping_status":"closed","sticky":false,"template":"","format":"standard","meta":{"footnotes":""},"categories":[156],"tags":[584,946,947,7,948,18,949],"acf":[],"yoast_head":"<!-- This site is optimized with the Yoast SEO plugin v23.0 - https:\/\/yoast.com\/wordpress\/plugins\/seo\/ -->\n<title>Homem sofre mal s\u00fabito em unidade da Semasc<\/title>\n<meta name=\"description\" content=\"Na manh\u00e3 desta segunda-feira, 19\/2, um homem de 52 anos sofreu um mal s\u00fabito enquanto aguardava atendimento na subcentral do Cadastro \u00danico, localizada na sede da Secretaria Municipal da Mulher, Assist\u00eancia Social e Cidadania (Semasc), na avenida Ayr\u00e3o, Centro.\" \/>\n<meta name=\"robots\" content=\"noindex, follow\" \/>\n<meta property=\"og:locale\" content=\"pt_BR\" \/>\n<meta property=\"og:type\" content=\"article\" \/>\n<meta property=\"og:title\" content=\"Homem sofre mal s\u00fabito em unidade da Semasc\" \/>\n<meta property=\"og:description\" content=\"Na manh\u00e3 desta segunda-feira, 19\/2, um homem de 52 anos sofreu um mal s\u00fabito enquanto aguardava atendimento na subcentral do Cadastro \u00danico, localizada na sede da Secretaria Municipal da Mulher, Assist\u00eancia Social e Cidadania (Semasc), na avenida Ayr\u00e3o, Centro.\" \/>\n<meta property=\"og:url\" content=\"https:\/\/www.manaus.am.gov.br\/semasc\/nota-semasc-3\/\" \/>\n<meta property=\"og:site_name\" content=\"SEMASC\" \/>\n<meta property=\"article:publisher\" content=\"https:\/\/www.facebook.com\/semascmanaus\" \/>\n<meta property=\"article:published_time\" content=\"2024-02-19T17:21:48+00:00\" \/>\n<meta property=\"article:modified_time\" content=\"2024-02-19T17:21:50+00:00\" \/>\n<meta property=\"og:image\" content=\"https:\/\/www.manaus.am.gov.br\/semasc\/wp-content\/uploads\/sites\/17\/2023\/06\/Nota.png\" \/>\n\t<meta property=\"og:image:width\" content=\"900\" \/>\n\t<meta property=\"og:image:height\" content=\"509\" \/>\n\t<meta property=\"og:image:type\" content=\"image\/png\" \/>\n<meta name=\"author\" content=\"Adriana Costa\" \/>\n<meta name=\"twitter:card\" content=\"summary_large_image\" \/>\n<meta name=\"twitter:label1\" content=\"Written by\" \/>\n\t<meta name=\"twitter:data1\" content=\"Adriana Costa\" \/>\n\t<meta name=\"twitter:label2\" content=\"Est. reading time\" \/>\n\t<meta name=\"twitter:data2\" content=\"2 minutos\" \/>\n<script type=\"application\/ld+json\" class=\"yoast-schema-graph\">{\"@context\":\"https:\/\/schema.org\",\"@graph\":[{\"@type\":\"Article\",\"@id\":\"https:\/\/www.manaus.am.gov.br\/semasc\/nota-semasc-3\/#article\",\"isPartOf\":{\"@id\":\"https:\/\/www.manaus.am.gov.br\/semasc\/nota-semasc-3\/\"},\"author\":{\"name\":\"Adriana Costa\",\"@id\":\"https:\/\/www.manaus.am.gov.br\/semasc\/#\/schema\/person\/4e49f4e267757a06ca072ec61b2b9968\"},\"headline\":\"Homem sofre mal s\u00fabito em unidade da Semasc\",\"datePublished\":\"2024-02-19T17:21:48+00:00\",\"dateModified\":\"2024-02-19T17:21:50+00:00\",\"mainEntityOfPage\":{\"@id\":\"https:\/\/www.manaus.am.gov.br\/semasc\/nota-semasc-3\/\"},\"wordCount\":198,\"publisher\":{\"@id\":\"https:\/\/www.manaus.am.gov.br\/semasc\/#organization\"},\"image\":{\"@id\":\"https:\/\/www.manaus.am.gov.br\/semasc\/nota-semasc-3\/#primaryimage\"},\"thumbnailUrl\":\"https:\/\/www.manaus.am.gov.br\/semasc\/wp-content\/uploads\/sites\/17\/2023\/06\/Nota.png\",\"keywords\":[\"atendimento\",\"homem\",\"mal s\u00fabito\",\"prefeitura de manaus\",\"samu\",\"Semasc\",\"subcentral de Cadastro \u00danico\"],\"articleSection\":[\"Nota\"],\"inLanguage\":\"pt-BR\"},{\"@type\":\"WebPage\",\"@id\":\"https:\/\/www.manaus.am.gov.br\/semasc\/nota-semasc-3\/\",\"url\":\"https:\/\/www.manaus.am.gov.br\/semasc\/nota-semasc-3\/\",\"name\":\"Homem sofre mal s\u00fabito em unidade da Semasc\",\"isPartOf\":{\"@id\":\"https:\/\/www.manaus.am.gov.br\/semasc\/#website\"},\"primaryImageOfPage\":{\"@id\":\"https:\/\/www.manaus.am.gov.br\/semasc\/nota-semasc-3\/#primaryimage\"},\"image\":{\"@id\":\"https:\/\/www.manaus.am.gov.br\/semasc\/nota-semasc-3\/#primaryimage\"},\"thumbnailUrl\":\"https:\/\/www.manaus.am.gov.br\/semasc\/wp-content\/uploads\/sites\/17\/2023\/06\/Nota.png\",\"datePublished\":\"2024-02-19T17:21:48+00:00\",\"dateModified\":\"2024-02-19T17:21:50+00:00\",\"description\":\"Na manh\u00e3 desta segunda-feira, 19\/2, um homem de 52 anos sofreu um mal s\u00fabito enquanto aguardava atendimento na subcentral do Cadastro \u00danico, localizada na sede da Secretaria Municipal da Mulher, Assist\u00eancia Social e Cidadania (Semasc), na avenida Ayr\u00e3o, Centro.\",\"breadcrumb\":{\"@id\":\"https:\/\/www.manaus.am.gov.br\/semasc\/nota-semasc-3\/#breadcrumb\"},\"inLanguage\":\"pt-BR\",\"potentialAction\":[{\"@type\":\"ReadAction\",\"target\":[\"https:\/\/www.manaus.am.gov.br\/semasc\/nota-semasc-3\/\"]}]},{\"@type\":\"ImageObject\",\"inLanguage\":\"pt-BR\",\"@id\":\"https:\/\/www.manaus.am.gov.br\/semasc\/nota-semasc-3\/#primaryimage\",\"url\":\"https:\/\/www.manaus.am.gov.br\/semasc\/wp-content\/uploads\/sites\/17\/2023\/06\/Nota.png\",\"contentUrl\":\"https:\/\/www.manaus.am.gov.br\/semasc\/wp-content\/uploads\/sites\/17\/2023\/06\/Nota.png\",\"width\":900,\"height\":509},{\"@type\":\"BreadcrumbList\",\"@id\":\"https:\/\/www.manaus.am.gov.br\/semasc\/nota-semasc-3\/#breadcrumb\",\"itemListElement\":[{\"@type\":\"ListItem\",\"position\":1,\"name\":\"Home\",\"item\":\"https:\/\/www.manaus.am.gov.br\/semasc\/\"},{\"@type\":\"ListItem\",\"position\":2,\"name\":\"Homem sofre mal s\u00fabito em unidade da Semasc\"}]},{\"@type\":\"WebSite\",\"@id\":\"https:\/\/www.manaus.am.gov.br\/semasc\/#website\",\"url\":\"https:\/\/www.manaus.am.gov.br\/semasc\/\",\"name\":\"SEMASC\",\"description\":\"Secretaria Municipal da Mulher, Assist\u00eancia Social e Cidadania.\",\"publisher\":{\"@id\":\"https:\/\/www.manaus.am.gov.br\/semasc\/#organization\"},\"alternateName\":\"Secretaria Municipal da Mulher, Assist\u00eancia Social e Cidadania\",\"potentialAction\":[{\"@type\":\"SearchAction\",\"target\":{\"@type\":\"EntryPoint\",\"urlTemplate\":\"https:\/\/www.manaus.am.gov.br\/semasc\/?s={search_term_string}\"},\"query-input\":\"required name=search_term_string\"}],\"inLanguage\":\"pt-BR\"},{\"@type\":\"Organization\",\"@id\":\"https:\/\/www.manaus.am.gov.br\/semasc\/#organization\",\"name\":\"Prefeitura de Manaus\",\"alternateName\":\"Prefeitura Municipal de Manaus\",\"url\":\"https:\/\/www.manaus.am.gov.br\/semasc\/\",\"logo\":{\"@type\":\"ImageObject\",\"inLanguage\":\"pt-BR\",\"@id\":\"https:\/\/www.manaus.am.gov.br\/semasc\/#\/schema\/logo\/image\/\",\"url\":\"https:\/\/www.manaus.am.gov.br\/semasc\/wp-content\/uploads\/sites\/17\/2024\/07\/favicon.png\",\"contentUrl\":\"https:\/\/www.manaus.am.gov.br\/semasc\/wp-content\/uploads\/sites\/17\/2024\/07\/favicon.png\",\"width\":300,\"height\":300,\"caption\":\"Prefeitura de Manaus\"},\"image\":{\"@id\":\"https:\/\/www.manaus.am.gov.br\/semasc\/#\/schema\/logo\/image\/\"},\"sameAs\":[\"https:\/\/www.facebook.com\/semascmanaus\",\"https:\/\/www.instagram.com\/semascmanaus\/\"]},{\"@type\":\"Person\",\"@id\":\"https:\/\/www.manaus.am.gov.br\/semasc\/#\/schema\/person\/4e49f4e267757a06ca072ec61b2b9968\",\"name\":\"Adriana Costa\",\"image\":{\"@type\":\"ImageObject\",\"inLanguage\":\"pt-BR\",\"@id\":\"https:\/\/www.manaus.am.gov.br\/semasc\/#\/schema\/person\/image\/\",\"url\":\"https:\/\/secure.gravatar.com\/avatar\/576258617ef7194f718179e766d57bd4?s=96&d=mm&r=g\",\"contentUrl\":\"https:\/\/secure.gravatar.com\/avatar\/576258617ef7194f718179e766d57bd4?s=96&d=mm&r=g\",\"caption\":\"Adriana Costa\"}}]}<\/script>\n<!-- \/ Yoast SEO plugin. -->","yoast_head_json":{"title":"Homem sofre mal s\u00fabito em unidade da Semasc","description":"Na manh\u00e3 desta segunda-feira, 19\/2, um homem de 52 anos sofreu um mal s\u00fabito enquanto aguardava atendimento na subcentral do Cadastro \u00danico, localizada na sede da Secretaria Municipal da Mulher, Assist\u00eancia Social e Cidadania (Semasc), na avenida Ayr\u00e3o, Centro.","robots":{"index":"noindex","follow":"follow"},"og_locale":"pt_BR","og_type":"article","og_title":"Homem sofre mal s\u00fabito em unidade da Semasc","og_description":"Na manh\u00e3 desta segunda-feira, 19\/2, um homem de 52 anos sofreu um mal s\u00fabito enquanto aguardava atendimento na subcentral do Cadastro \u00danico, localizada na sede da Secretaria Municipal da Mulher, Assist\u00eancia Social e Cidadania (Semasc), na avenida Ayr\u00e3o, Centro.","og_url":"https:\/\/www.manaus.am.gov.br\/semasc\/nota-semasc-3\/","og_site_name":"SEMASC","article_publisher":"https:\/\/www.facebook.com\/semascmanaus","article_published_time":"2024-02-19T17:21:48+00:00","article_modified_time":"2024-02-19T17:21:50+00:00","og_image":[{"width":900,"height":509,"url":"https:\/\/www.manaus.am.gov.br\/semasc\/wp-content\/uploads\/sites\/17\/2023\/06\/Nota.png","type":"image\/png"}],"author":"Adriana Costa","twitter_card":"summary_large_image","twitter_misc":{"Written by":"Adriana Costa","Est. reading time":"2 minutos"},"schema":{"@context":"https:\/\/schema.org","@graph":[{"@type":"Article","@id":"https:\/\/www.manaus.am.gov.br\/semasc\/nota-semasc-3\/#article","isPartOf":{"@id":"https:\/\/www.manaus.am.gov.br\/semasc\/nota-semasc-3\/"},"author":{"name":"Adriana Costa","@id":"https:\/\/www.manaus.am.gov.br\/semasc\/#\/schema\/person\/4e49f4e267757a06ca072ec61b2b9968"},"headline":"Homem sofre mal s\u00fabito em unidade da Semasc","datePublished":"2024-02-19T17:21:48+00:00","dateModified":"2024-02-19T17:21:50+00:00","mainEntityOfPage":{"@id":"https:\/\/www.manaus.am.gov.br\/semasc\/nota-semasc-3\/"},"wordCount":198,"publisher":{"@id":"https:\/\/www.manaus.am.gov.br\/semasc\/#organization"},"image":{"@id":"https:\/\/www.manaus.am.gov.br\/semasc\/nota-semasc-3\/#primaryimage"},"thumbnailUrl":"https:\/\/www.manaus.am.gov.br\/semasc\/wp-content\/uploads\/sites\/17\/2023\/06\/Nota.png","keywords":["atendimento","homem","mal s\u00fabito","prefeitura de manaus","samu","Semasc","subcentral de Cadastro \u00danico"],"articleSection":["Nota"],"inLanguage":"pt-BR"},{"@type":"WebPage","@id":"https:\/\/www.manaus.am.gov.br\/semasc\/nota-semasc-3\/","url":"https:\/\/www.manaus.am.gov.br\/semasc\/nota-semasc-3\/","name":"Homem sofre mal s\u00fabito em unidade da Semasc","isPartOf":{"@id":"https:\/\/www.manaus.am.gov.br\/semasc\/#website"},"primaryImageOfPage":{"@id":"https:\/\/www.manaus.am.gov.br\/semasc\/nota-semasc-3\/#primaryimage"},"image":{"@id":"https:\/\/www.manaus.am.gov.br\/semasc\/nota-semasc-3\/#primaryimage"},"thumbnailUrl":"https:\/\/www.manaus.am.gov.br\/semasc\/wp-content\/uploads\/sites\/17\/2023\/06\/Nota.png","datePublished":"2024-02-19T17:21:48+00:00","dateModified":"2024-02-19T17:21:50+00:00","description":"Na manh\u00e3 desta segunda-feira, 19\/2, um homem de 52 anos sofreu um mal s\u00fabito enquanto aguardava atendimento na subcentral do Cadastro \u00danico, localizada na sede da Secretaria Municipal da Mulher, Assist\u00eancia Social e Cidadania (Semasc), na avenida Ayr\u00e3o, Centro.","breadcrumb":{"@id":"https:\/\/www.manaus.am.gov.br\/semasc\/nota-semasc-3\/#breadcrumb"},"inLanguage":"pt-BR","potentialAction":[{"@type":"ReadAction","target":["https:\/\/www.manaus.am.gov.br\/semasc\/nota-semasc-3\/"]}]},{"@type":"ImageObject","inLanguage":"pt-BR","@id":"https:\/\/www.manaus.am.gov.br\/semasc\/nota-semasc-3\/#primaryimage","url":"https:\/\/www.manaus.am.gov.br\/semasc\/wp-content\/uploads\/sites\/17\/2023\/06\/Nota.png","contentUrl":"https:\/\/www.manaus.am.gov.br\/semasc\/wp-content\/uploads\/sites\/17\/2023\/06\/Nota.png","width":900,"height":509},{"@type":"BreadcrumbList","@id":"https:\/\/www.manaus.am.gov.br\/semasc\/nota-semasc-3\/#breadcrumb","itemListElement":[{"@type":"ListItem","position":1,"name":"Home","item":"https:\/\/www.manaus.am.gov.br\/semasc\/"},{"@type":"ListItem","position":2,"name":"Homem sofre mal s\u00fabito em unidade da Semasc"}]},{"@type":"WebSite","@id":"https:\/\/www.manaus.am.gov.br\/semasc\/#website","url":"https:\/\/www.manaus.am.gov.br\/semasc\/","name":"SEMASC","description":"Secretaria Municipal da Mulher, Assist\u00eancia Social e Cidadania.","publisher":{"@id":"https:\/\/www.manaus.am.gov.br\/semasc\/#organization"},"alternateName":"Secretaria Municipal da Mulher, Assist\u00eancia Social e Cidadania","potentialAction":[{"@type":"SearchAction","target":{"@type":"EntryPoint","urlTemplate":"https:\/\/www.manaus.am.gov.br\/semasc\/?s={search_term_string}"},"query-input":"required name=search_term_string"}],"inLanguage":"pt-BR"},{"@type":"Organization","@id":"https:\/\/www.manaus.am.gov.br\/semasc\/#organization","name":"Prefeitura de Manaus","alternateName":"Prefeitura Municipal de Manaus","url":"https:\/\/www.manaus.am.gov.br\/semasc\/","logo":{"@type":"ImageObject","inLanguage":"pt-BR","@id":"https:\/\/www.manaus.am.gov.br\/semasc\/#\/schema\/logo\/image\/","url":"https:\/\/www.manaus.am.gov.br\/semasc\/wp-content\/uploads\/sites\/17\/2024\/07\/favicon.png","contentUrl":"https:\/\/www.manaus.am.gov.br\/semasc\/wp-content\/uploads\/sites\/17\/2024\/07\/favicon.png","width":300,"height":300,"caption":"Prefeitura de Manaus"},"image":{"@id":"https:\/\/www.manaus.am.gov.br\/semasc\/#\/schema\/logo\/image\/"},"sameAs":["https:\/\/www.facebook.com\/semascmanaus","https:\/\/www.instagram.com\/semascmanaus\/"]},{"@type":"Person","@id":"https:\/\/www.manaus.am.gov.br\/semasc\/#\/schema\/person\/4e49f4e267757a06ca072ec61b2b9968","name":"Adriana Costa","image":{"@type":"ImageObject","inLanguage":"pt-BR","@id":"https:\/\/www.manaus.am.gov.br\/semasc\/#\/schema\/person\/image\/","url":"https:\/\/secure.gravatar.com\/avatar\/576258617ef7194f718179e766d57bd4?s=96&d=mm&r=g","contentUrl":"https:\/\/secure.gravatar.com\/avatar\/576258617ef7194f718179e766d57bd4?s=96&d=mm&r=g","caption":"Adriana Costa"}}]}},"_links":{"self":[{"href":"https:\/\/www.manaus.am.gov.br\/semasc\/wp-json\/wp\/v2\/posts\/209859"}],"collection":[{"href":"https:\/\/www.manaus.am.gov.br\/semasc\/wp-json\/wp\/v2\/posts"}],"about":[{"href":"https:\/\/www.manaus.am.gov.br\/semasc\/wp-json\/wp\/v2\/types\/post"}],"author":[{"embeddable":true,"href":"https:\/\/www.manaus.am.gov.br\/semasc\/wp-json\/wp\/v2\/users\/23"}],"replies":[{"embeddable":true,"href":"https:\/\/www.manaus.am.gov.br\/semasc\/wp-json\/wp\/v2\/comments?post=209859"}],"version-history":[{"count":0,"href":"https:\/\/www.manaus.am.gov.br\/semasc\/wp-json\/wp\/v2\/posts\/209859\/revisions"}],"wp:featuredmedia":[{"embeddable":true,"href":"https:\/\/www.manaus.am.gov.br\/semasc\/wp-json\/wp\/v2\/media\/207692"}],"wp:attachment":[{"href":"https:\/\/www.manaus.am.gov.br\/semasc\/wp-json\/wp\/v2\/media?parent=209859"}],"wp:term":[{"taxonomy":"category","embeddable":true,"href":"https:\/\/www.manaus.am.gov.br\/semasc\/wp-json\/wp\/v2\/categories?post=209859"},{"taxonomy":"post_tag","embeddable":true,"href":"https:\/\/www.manaus.am.gov.br\/semasc\/wp-json\/wp\/v2\/tags?post=209859"}],"curies":[{"name":"wp","href":"https:\/\/api.w.org\/{rel}","templated":true}]}}