{"id":209846,"date":"2024-02-16T16:30:18","date_gmt":"2024-02-16T20:30:18","guid":{"rendered":"https:\/\/www.manaus.am.gov.br\/semasc\/bloco-da-ycamiabas-leva-a-folia-do-carnaval-a-familias-atendidas-por-casa-de-acolhimento\/"},"modified":"2024-02-27T16:16:58","modified_gmt":"2024-02-27T20:16:58","slug":"bloco-da-ycamiabas-leva-a-folia-do-carnaval-a-familias-atendidas-por-casa-de-acolhimento","status":"publish","type":"post","link":"https:\/\/www.manaus.am.gov.br\/semasc\/bloco-da-ycamiabas-leva-a-folia-do-carnaval-a-familias-atendidas-por-casa-de-acolhimento\/","title":{"rendered":"\u201cBloco da Ycamiabas\u201d leva a folia do carnaval a fam\u00edlias atendidas por casa de acolhimento"},"content":{"rendered":"\n<p>A Prefeitura de Manaus, por meio da Secretaria Municipal da Mulher, Assist\u00eancia Social e Cidadania (Semasc), realizou, nesta sexta-feira, 16\/2, o \u201cBloco da Ycamiabas\u201d, com o intuito de promover uma atividade de socializa\u00e7\u00e3o e lazer para as fam\u00edlias atendidas pelo equipamento, localizado na zona Sul. Durante a programa\u00e7\u00e3o, foi realizado um desfile de fantasias para as crian\u00e7as acolhidas, premia\u00e7\u00f5es para as melhores fantasias e atividades l\u00fadicas diversas.<\/p>\n\n\n\n<p>\u201c\u00c9 um momento de descontra\u00e7\u00e3o, de celebra\u00e7\u00e3o daquilo que a vida tem de melhor. Sabemos que viver o processo de acolhimento institucional n\u00e3o \u00e9 nada f\u00e1cil, principalmente para crian\u00e7as e adolescentes, ent\u00e3o porque n\u00e3o propiciarmos isso a essas fam\u00edlias?\u201d, explicou a coordenadora da Ycamiabas, Gessilvia Lima.<\/p>\n\n\n\n<p>Para a usu\u00e1ria K. Neves, 21, o momento foi muito especial para ela e suas colegas, por lembrar a todas que ainda h\u00e1 muito para viver. \u201cN\u00f3s nos sentimos lembradas, amadas e acolhidas mesmo e isso tudo \u00e9 muito importante para todas aqui\u201d, afirmou.<\/p>\n\n\n\n<p><strong>Sobre a Ycamiabas<\/strong><\/p>\n\n\n\n<p>Administrada pela Prefeitura de Manaus, por meio da Secretaria Municipal da Mulher, Assist\u00eancia Social e Cidadania (Semasc), a \u201cYcamiabas \u2013 Casa de Acolhimento para Mulheres\u201d \u00e9 respons\u00e1vel por fornecer abrigo e atendimento psicossocial 24 horas para mulheres e seus filhos que se encontram em situa\u00e7\u00e3o de viol\u00eancia ou vulnerabilidade social.<\/p>\n\n\n\n<p>O abrigo tempor\u00e1rio fornecido pela Ycamiabas tem dura\u00e7\u00e3o de at\u00e9 90 dias, variando de acordo com a gravidade de cada caso recebido. O atendimento \u00e9 realizado somente por meio de encaminhamentos expedidos por outros equipamentos e institui\u00e7\u00f5es da Rede de Atendimento \u00e0 Mulher, como delegacias, varas especializadas no combate \u00e0 viol\u00eancia dom\u00e9stica e familiar e Organiza\u00e7\u00f5es da Sociedade Civil (OSCs).<\/p>\n\n\n\n<p>&#8212; &#8212; &#8212;<\/p>\n\n\n\n<p><strong>Texto<\/strong> &#8211; Guilherme Pacheco \/ Semasc<\/p>\n\n\n\n<p><strong>Fotos<\/strong> &#8211; Diego Lima \/ Semasc<\/p>\n","protected":false},"excerpt":{"rendered":"","protected":false},"author":61,"featured_media":209847,"comment_status":"closed","ping_status":"closed","sticky":false,"template":"","format":"standard","meta":{"footnotes":""},"categories":[34],"tags":[939,7,18,529],"acf":[],"yoast_head":"<!-- This site is optimized with the Yoast SEO plugin v23.0 - https:\/\/yoast.com\/wordpress\/plugins\/seo\/ -->\n<title>\u201cBloco da Ycamiabas\u201d leva a folia do carnaval a fam\u00edlias acolhidas<\/title>\n<meta name=\"description\" content=\"A Prefeitura de Manaus, por meio da Semasc, realizou, nesta sexta-feira, 16\/2, o \u201cBloco da Ycamiabas\u201d para fam\u00edlias acolhidas.\" \/>\n<meta name=\"robots\" content=\"noindex, follow\" \/>\n<meta property=\"og:locale\" content=\"pt_BR\" \/>\n<meta property=\"og:type\" content=\"article\" \/>\n<meta property=\"og:title\" content=\"\u201cBloco da Ycamiabas\u201d leva a folia do carnaval a fam\u00edlias acolhidas\" \/>\n<meta property=\"og:description\" content=\"A Prefeitura de Manaus, por meio da Semasc, realizou, nesta sexta-feira, 16\/2, o \u201cBloco da Ycamiabas\u201d para fam\u00edlias acolhidas.\" \/>\n<meta property=\"og:url\" content=\"https:\/\/www.manaus.am.gov.br\/semasc\/bloco-da-ycamiabas-leva-a-folia-do-carnaval-a-familias-atendidas-por-casa-de-acolhimento\/\" \/>\n<meta property=\"og:site_name\" content=\"SEMASC\" \/>\n<meta property=\"article:publisher\" content=\"https:\/\/www.facebook.com\/semascmanaus\" \/>\n<meta property=\"article:published_time\" content=\"2024-02-16T20:30:18+00:00\" \/>\n<meta property=\"article:modified_time\" content=\"2024-02-27T20:16:58+00:00\" \/>\n<meta property=\"og:image\" content=\"https:\/\/www.manaus.am.gov.br\/semasc\/wp-content\/uploads\/sites\/17\/2024\/02\/Carnaval-Ycamiabas.jpg\" \/>\n\t<meta property=\"og:image:width\" content=\"1274\" \/>\n\t<meta property=\"og:image:height\" content=\"1066\" \/>\n\t<meta property=\"og:image:type\" content=\"image\/jpeg\" \/>\n<meta name=\"author\" content=\"smonteiro\" \/>\n<meta name=\"twitter:card\" content=\"summary_large_image\" \/>\n<meta name=\"twitter:label1\" content=\"Written by\" \/>\n\t<meta name=\"twitter:data1\" content=\"smonteiro\" \/>\n\t<meta name=\"twitter:label2\" content=\"Est. reading time\" \/>\n\t<meta name=\"twitter:data2\" content=\"2 minutos\" \/>\n<script type=\"application\/ld+json\" class=\"yoast-schema-graph\">{\"@context\":\"https:\/\/schema.org\",\"@graph\":[{\"@type\":\"Article\",\"@id\":\"https:\/\/www.manaus.am.gov.br\/semasc\/bloco-da-ycamiabas-leva-a-folia-do-carnaval-a-familias-atendidas-por-casa-de-acolhimento\/#article\",\"isPartOf\":{\"@id\":\"https:\/\/www.manaus.am.gov.br\/semasc\/bloco-da-ycamiabas-leva-a-folia-do-carnaval-a-familias-atendidas-por-casa-de-acolhimento\/\"},\"author\":{\"name\":\"smonteiro\",\"@id\":\"https:\/\/www.manaus.am.gov.br\/semasc\/#\/schema\/person\/ab4dcf766a54dff74e8d267f5c591961\"},\"headline\":\"\u201cBloco da Ycamiabas\u201d leva a folia do carnaval a fam\u00edlias atendidas por casa de acolhimento\",\"datePublished\":\"2024-02-16T20:30:18+00:00\",\"dateModified\":\"2024-02-27T20:16:58+00:00\",\"mainEntityOfPage\":{\"@id\":\"https:\/\/www.manaus.am.gov.br\/semasc\/bloco-da-ycamiabas-leva-a-folia-do-carnaval-a-familias-atendidas-por-casa-de-acolhimento\/\"},\"wordCount\":314,\"publisher\":{\"@id\":\"https:\/\/www.manaus.am.gov.br\/semasc\/#organization\"},\"image\":{\"@id\":\"https:\/\/www.manaus.am.gov.br\/semasc\/bloco-da-ycamiabas-leva-a-folia-do-carnaval-a-familias-atendidas-por-casa-de-acolhimento\/#primaryimage\"},\"thumbnailUrl\":\"https:\/\/www.manaus.am.gov.br\/semasc\/wp-content\/uploads\/sites\/17\/2024\/02\/Carnaval-Ycamiabas.jpg\",\"keywords\":[\"carnaval\",\"prefeitura de manaus\",\"Semasc\",\"Ycamiabas\"],\"articleSection\":[\"Assist\u00eancia Social\"],\"inLanguage\":\"pt-BR\"},{\"@type\":\"WebPage\",\"@id\":\"https:\/\/www.manaus.am.gov.br\/semasc\/bloco-da-ycamiabas-leva-a-folia-do-carnaval-a-familias-atendidas-por-casa-de-acolhimento\/\",\"url\":\"https:\/\/www.manaus.am.gov.br\/semasc\/bloco-da-ycamiabas-leva-a-folia-do-carnaval-a-familias-atendidas-por-casa-de-acolhimento\/\",\"name\":\"\u201cBloco da Ycamiabas\u201d leva a folia do carnaval a fam\u00edlias acolhidas\",\"isPartOf\":{\"@id\":\"https:\/\/www.manaus.am.gov.br\/semasc\/#website\"},\"primaryImageOfPage\":{\"@id\":\"https:\/\/www.manaus.am.gov.br\/semasc\/bloco-da-ycamiabas-leva-a-folia-do-carnaval-a-familias-atendidas-por-casa-de-acolhimento\/#primaryimage\"},\"image\":{\"@id\":\"https:\/\/www.manaus.am.gov.br\/semasc\/bloco-da-ycamiabas-leva-a-folia-do-carnaval-a-familias-atendidas-por-casa-de-acolhimento\/#primaryimage\"},\"thumbnailUrl\":\"https:\/\/www.manaus.am.gov.br\/semasc\/wp-content\/uploads\/sites\/17\/2024\/02\/Carnaval-Ycamiabas.jpg\",\"datePublished\":\"2024-02-16T20:30:18+00:00\",\"dateModified\":\"2024-02-27T20:16:58+00:00\",\"description\":\"A Prefeitura de Manaus, por meio da Semasc, realizou, nesta sexta-feira, 16\/2, o \u201cBloco da Ycamiabas\u201d para fam\u00edlias acolhidas.\",\"breadcrumb\":{\"@id\":\"https:\/\/www.manaus.am.gov.br\/semasc\/bloco-da-ycamiabas-leva-a-folia-do-carnaval-a-familias-atendidas-por-casa-de-acolhimento\/#breadcrumb\"},\"inLanguage\":\"pt-BR\",\"potentialAction\":[{\"@type\":\"ReadAction\",\"target\":[\"https:\/\/www.manaus.am.gov.br\/semasc\/bloco-da-ycamiabas-leva-a-folia-do-carnaval-a-familias-atendidas-por-casa-de-acolhimento\/\"]}]},{\"@type\":\"ImageObject\",\"inLanguage\":\"pt-BR\",\"@id\":\"https:\/\/www.manaus.am.gov.br\/semasc\/bloco-da-ycamiabas-leva-a-folia-do-carnaval-a-familias-atendidas-por-casa-de-acolhimento\/#primaryimage\",\"url\":\"https:\/\/www.manaus.am.gov.br\/semasc\/wp-content\/uploads\/sites\/17\/2024\/02\/Carnaval-Ycamiabas.jpg\",\"contentUrl\":\"https:\/\/www.manaus.am.gov.br\/semasc\/wp-content\/uploads\/sites\/17\/2024\/02\/Carnaval-Ycamiabas.jpg\",\"width\":1274,\"height\":1066,\"caption\":\"#paratodosverem - fam\u00edlias acolhidas na Ycamiabas participam de evento de carnaval\"},{\"@type\":\"BreadcrumbList\",\"@id\":\"https:\/\/www.manaus.am.gov.br\/semasc\/bloco-da-ycamiabas-leva-a-folia-do-carnaval-a-familias-atendidas-por-casa-de-acolhimento\/#breadcrumb\",\"itemListElement\":[{\"@type\":\"ListItem\",\"position\":1,\"name\":\"Home\",\"item\":\"https:\/\/www.manaus.am.gov.br\/semasc\/\"},{\"@type\":\"ListItem\",\"position\":2,\"name\":\"\u201cBloco da Ycamiabas\u201d leva a folia do carnaval a fam\u00edlias atendidas por casa de acolhimento\"}]},{\"@type\":\"WebSite\",\"@id\":\"https:\/\/www.manaus.am.gov.br\/semasc\/#website\",\"url\":\"https:\/\/www.manaus.am.gov.br\/semasc\/\",\"name\":\"SEMASC\",\"description\":\"Secretaria Municipal da Mulher, Assist\u00eancia Social e Cidadania.\",\"publisher\":{\"@id\":\"https:\/\/www.manaus.am.gov.br\/semasc\/#organization\"},\"alternateName\":\"Secretaria Municipal da Mulher, Assist\u00eancia Social e Cidadania\",\"potentialAction\":[{\"@type\":\"SearchAction\",\"target\":{\"@type\":\"EntryPoint\",\"urlTemplate\":\"https:\/\/www.manaus.am.gov.br\/semasc\/?s={search_term_string}\"},\"query-input\":\"required name=search_term_string\"}],\"inLanguage\":\"pt-BR\"},{\"@type\":\"Organization\",\"@id\":\"https:\/\/www.manaus.am.gov.br\/semasc\/#organization\",\"name\":\"Prefeitura de Manaus\",\"alternateName\":\"Prefeitura Municipal de Manaus\",\"url\":\"https:\/\/www.manaus.am.gov.br\/semasc\/\",\"logo\":{\"@type\":\"ImageObject\",\"inLanguage\":\"pt-BR\",\"@id\":\"https:\/\/www.manaus.am.gov.br\/semasc\/#\/schema\/logo\/image\/\",\"url\":\"https:\/\/www.manaus.am.gov.br\/semasc\/wp-content\/uploads\/sites\/17\/2024\/07\/favicon.png\",\"contentUrl\":\"https:\/\/www.manaus.am.gov.br\/semasc\/wp-content\/uploads\/sites\/17\/2024\/07\/favicon.png\",\"width\":300,\"height\":300,\"caption\":\"Prefeitura de Manaus\"},\"image\":{\"@id\":\"https:\/\/www.manaus.am.gov.br\/semasc\/#\/schema\/logo\/image\/\"},\"sameAs\":[\"https:\/\/www.facebook.com\/semascmanaus\",\"https:\/\/www.instagram.com\/semascmanaus\/\"]},{\"@type\":\"Person\",\"@id\":\"https:\/\/www.manaus.am.gov.br\/semasc\/#\/schema\/person\/ab4dcf766a54dff74e8d267f5c591961\",\"name\":\"smonteiro\",\"image\":{\"@type\":\"ImageObject\",\"inLanguage\":\"pt-BR\",\"@id\":\"https:\/\/www.manaus.am.gov.br\/semasc\/#\/schema\/person\/image\/\",\"url\":\"https:\/\/secure.gravatar.com\/avatar\/21c8776ef61d9272c73322052e042d77?s=96&d=mm&r=g\",\"contentUrl\":\"https:\/\/secure.gravatar.com\/avatar\/21c8776ef61d9272c73322052e042d77?s=96&d=mm&r=g\",\"caption\":\"smonteiro\"}}]}<\/script>\n<!-- \/ Yoast SEO plugin. -->","yoast_head_json":{"title":"\u201cBloco da Ycamiabas\u201d leva a folia do carnaval a fam\u00edlias acolhidas","description":"A Prefeitura de Manaus, por meio da Semasc, realizou, nesta sexta-feira, 16\/2, o \u201cBloco da Ycamiabas\u201d para fam\u00edlias acolhidas.","robots":{"index":"noindex","follow":"follow"},"og_locale":"pt_BR","og_type":"article","og_title":"\u201cBloco da Ycamiabas\u201d leva a folia do carnaval a fam\u00edlias acolhidas","og_description":"A Prefeitura de Manaus, por meio da Semasc, realizou, nesta sexta-feira, 16\/2, o \u201cBloco da Ycamiabas\u201d para fam\u00edlias acolhidas.","og_url":"https:\/\/www.manaus.am.gov.br\/semasc\/bloco-da-ycamiabas-leva-a-folia-do-carnaval-a-familias-atendidas-por-casa-de-acolhimento\/","og_site_name":"SEMASC","article_publisher":"https:\/\/www.facebook.com\/semascmanaus","article_published_time":"2024-02-16T20:30:18+00:00","article_modified_time":"2024-02-27T20:16:58+00:00","og_image":[{"width":1274,"height":1066,"url":"https:\/\/www.manaus.am.gov.br\/semasc\/wp-content\/uploads\/sites\/17\/2024\/02\/Carnaval-Ycamiabas.jpg","type":"image\/jpeg"}],"author":"smonteiro","twitter_card":"summary_large_image","twitter_misc":{"Written by":"smonteiro","Est. reading time":"2 minutos"},"schema":{"@context":"https:\/\/schema.org","@graph":[{"@type":"Article","@id":"https:\/\/www.manaus.am.gov.br\/semasc\/bloco-da-ycamiabas-leva-a-folia-do-carnaval-a-familias-atendidas-por-casa-de-acolhimento\/#article","isPartOf":{"@id":"https:\/\/www.manaus.am.gov.br\/semasc\/bloco-da-ycamiabas-leva-a-folia-do-carnaval-a-familias-atendidas-por-casa-de-acolhimento\/"},"author":{"name":"smonteiro","@id":"https:\/\/www.manaus.am.gov.br\/semasc\/#\/schema\/person\/ab4dcf766a54dff74e8d267f5c591961"},"headline":"\u201cBloco da Ycamiabas\u201d leva a folia do carnaval a fam\u00edlias atendidas por casa de acolhimento","datePublished":"2024-02-16T20:30:18+00:00","dateModified":"2024-02-27T20:16:58+00:00","mainEntityOfPage":{"@id":"https:\/\/www.manaus.am.gov.br\/semasc\/bloco-da-ycamiabas-leva-a-folia-do-carnaval-a-familias-atendidas-por-casa-de-acolhimento\/"},"wordCount":314,"publisher":{"@id":"https:\/\/www.manaus.am.gov.br\/semasc\/#organization"},"image":{"@id":"https:\/\/www.manaus.am.gov.br\/semasc\/bloco-da-ycamiabas-leva-a-folia-do-carnaval-a-familias-atendidas-por-casa-de-acolhimento\/#primaryimage"},"thumbnailUrl":"https:\/\/www.manaus.am.gov.br\/semasc\/wp-content\/uploads\/sites\/17\/2024\/02\/Carnaval-Ycamiabas.jpg","keywords":["carnaval","prefeitura de manaus","Semasc","Ycamiabas"],"articleSection":["Assist\u00eancia Social"],"inLanguage":"pt-BR"},{"@type":"WebPage","@id":"https:\/\/www.manaus.am.gov.br\/semasc\/bloco-da-ycamiabas-leva-a-folia-do-carnaval-a-familias-atendidas-por-casa-de-acolhimento\/","url":"https:\/\/www.manaus.am.gov.br\/semasc\/bloco-da-ycamiabas-leva-a-folia-do-carnaval-a-familias-atendidas-por-casa-de-acolhimento\/","name":"\u201cBloco da Ycamiabas\u201d leva a folia do carnaval a fam\u00edlias acolhidas","isPartOf":{"@id":"https:\/\/www.manaus.am.gov.br\/semasc\/#website"},"primaryImageOfPage":{"@id":"https:\/\/www.manaus.am.gov.br\/semasc\/bloco-da-ycamiabas-leva-a-folia-do-carnaval-a-familias-atendidas-por-casa-de-acolhimento\/#primaryimage"},"image":{"@id":"https:\/\/www.manaus.am.gov.br\/semasc\/bloco-da-ycamiabas-leva-a-folia-do-carnaval-a-familias-atendidas-por-casa-de-acolhimento\/#primaryimage"},"thumbnailUrl":"https:\/\/www.manaus.am.gov.br\/semasc\/wp-content\/uploads\/sites\/17\/2024\/02\/Carnaval-Ycamiabas.jpg","datePublished":"2024-02-16T20:30:18+00:00","dateModified":"2024-02-27T20:16:58+00:00","description":"A Prefeitura de Manaus, por meio da Semasc, realizou, nesta sexta-feira, 16\/2, o \u201cBloco da Ycamiabas\u201d para fam\u00edlias acolhidas.","breadcrumb":{"@id":"https:\/\/www.manaus.am.gov.br\/semasc\/bloco-da-ycamiabas-leva-a-folia-do-carnaval-a-familias-atendidas-por-casa-de-acolhimento\/#breadcrumb"},"inLanguage":"pt-BR","potentialAction":[{"@type":"ReadAction","target":["https:\/\/www.manaus.am.gov.br\/semasc\/bloco-da-ycamiabas-leva-a-folia-do-carnaval-a-familias-atendidas-por-casa-de-acolhimento\/"]}]},{"@type":"ImageObject","inLanguage":"pt-BR","@id":"https:\/\/www.manaus.am.gov.br\/semasc\/bloco-da-ycamiabas-leva-a-folia-do-carnaval-a-familias-atendidas-por-casa-de-acolhimento\/#primaryimage","url":"https:\/\/www.manaus.am.gov.br\/semasc\/wp-content\/uploads\/sites\/17\/2024\/02\/Carnaval-Ycamiabas.jpg","contentUrl":"https:\/\/www.manaus.am.gov.br\/semasc\/wp-content\/uploads\/sites\/17\/2024\/02\/Carnaval-Ycamiabas.jpg","width":1274,"height":1066,"caption":"#paratodosverem - fam\u00edlias acolhidas na Ycamiabas participam de evento de carnaval"},{"@type":"BreadcrumbList","@id":"https:\/\/www.manaus.am.gov.br\/semasc\/bloco-da-ycamiabas-leva-a-folia-do-carnaval-a-familias-atendidas-por-casa-de-acolhimento\/#breadcrumb","itemListElement":[{"@type":"ListItem","position":1,"name":"Home","item":"https:\/\/www.manaus.am.gov.br\/semasc\/"},{"@type":"ListItem","position":2,"name":"\u201cBloco da Ycamiabas\u201d leva a folia do carnaval a fam\u00edlias atendidas por casa de acolhimento"}]},{"@type":"WebSite","@id":"https:\/\/www.manaus.am.gov.br\/semasc\/#website","url":"https:\/\/www.manaus.am.gov.br\/semasc\/","name":"SEMASC","description":"Secretaria Municipal da Mulher, Assist\u00eancia Social e Cidadania.","publisher":{"@id":"https:\/\/www.manaus.am.gov.br\/semasc\/#organization"},"alternateName":"Secretaria Municipal da Mulher, Assist\u00eancia Social e Cidadania","potentialAction":[{"@type":"SearchAction","target":{"@type":"EntryPoint","urlTemplate":"https:\/\/www.manaus.am.gov.br\/semasc\/?s={search_term_string}"},"query-input":"required name=search_term_string"}],"inLanguage":"pt-BR"},{"@type":"Organization","@id":"https:\/\/www.manaus.am.gov.br\/semasc\/#organization","name":"Prefeitura de Manaus","alternateName":"Prefeitura Municipal de Manaus","url":"https:\/\/www.manaus.am.gov.br\/semasc\/","logo":{"@type":"ImageObject","inLanguage":"pt-BR","@id":"https:\/\/www.manaus.am.gov.br\/semasc\/#\/schema\/logo\/image\/","url":"https:\/\/www.manaus.am.gov.br\/semasc\/wp-content\/uploads\/sites\/17\/2024\/07\/favicon.png","contentUrl":"https:\/\/www.manaus.am.gov.br\/semasc\/wp-content\/uploads\/sites\/17\/2024\/07\/favicon.png","width":300,"height":300,"caption":"Prefeitura de Manaus"},"image":{"@id":"https:\/\/www.manaus.am.gov.br\/semasc\/#\/schema\/logo\/image\/"},"sameAs":["https:\/\/www.facebook.com\/semascmanaus","https:\/\/www.instagram.com\/semascmanaus\/"]},{"@type":"Person","@id":"https:\/\/www.manaus.am.gov.br\/semasc\/#\/schema\/person\/ab4dcf766a54dff74e8d267f5c591961","name":"smonteiro","image":{"@type":"ImageObject","inLanguage":"pt-BR","@id":"https:\/\/www.manaus.am.gov.br\/semasc\/#\/schema\/person\/image\/","url":"https:\/\/secure.gravatar.com\/avatar\/21c8776ef61d9272c73322052e042d77?s=96&d=mm&r=g","contentUrl":"https:\/\/secure.gravatar.com\/avatar\/21c8776ef61d9272c73322052e042d77?s=96&d=mm&r=g","caption":"smonteiro"}}]}},"_links":{"self":[{"href":"https:\/\/www.manaus.am.gov.br\/semasc\/wp-json\/wp\/v2\/posts\/209846"}],"collection":[{"href":"https:\/\/www.manaus.am.gov.br\/semasc\/wp-json\/wp\/v2\/posts"}],"about":[{"href":"https:\/\/www.manaus.am.gov.br\/semasc\/wp-json\/wp\/v2\/types\/post"}],"author":[{"embeddable":true,"href":"https:\/\/www.manaus.am.gov.br\/semasc\/wp-json\/wp\/v2\/users\/61"}],"replies":[{"embeddable":true,"href":"https:\/\/www.manaus.am.gov.br\/semasc\/wp-json\/wp\/v2\/comments?post=209846"}],"version-history":[{"count":1,"href":"https:\/\/www.manaus.am.gov.br\/semasc\/wp-json\/wp\/v2\/posts\/209846\/revisions"}],"predecessor-version":[{"id":209848,"href":"https:\/\/www.manaus.am.gov.br\/semasc\/wp-json\/wp\/v2\/posts\/209846\/revisions\/209848"}],"wp:featuredmedia":[{"embeddable":true,"href":"https:\/\/www.manaus.am.gov.br\/semasc\/wp-json\/wp\/v2\/media\/209847"}],"wp:attachment":[{"href":"https:\/\/www.manaus.am.gov.br\/semasc\/wp-json\/wp\/v2\/media?parent=209846"}],"wp:term":[{"taxonomy":"category","embeddable":true,"href":"https:\/\/www.manaus.am.gov.br\/semasc\/wp-json\/wp\/v2\/categories?post=209846"},{"taxonomy":"post_tag","embeddable":true,"href":"https:\/\/www.manaus.am.gov.br\/semasc\/wp-json\/wp\/v2\/tags?post=209846"}],"curies":[{"name":"wp","href":"https:\/\/api.w.org\/{rel}","templated":true}]}}