{"id":209815,"date":"2024-02-08T18:17:19","date_gmt":"2024-02-08T22:17:19","guid":{"rendered":"https:\/\/www.manaus.am.gov.br\/semasc\/prefeitura-e-cmdca-realizam-cerimonia-de-posse-da-nova-coordenacao-geral-dos-conselheiros-tutelares-de-manaus\/"},"modified":"2024-02-22T14:56:21","modified_gmt":"2024-02-22T18:56:21","slug":"prefeitura-e-cmdca-realizam-cerimonia-de-posse-da-nova-coordenacao-geral-dos-conselheiros-tutelares-de-manaus","status":"publish","type":"post","link":"https:\/\/www.manaus.am.gov.br\/semasc\/prefeitura-e-cmdca-realizam-cerimonia-de-posse-da-nova-coordenacao-geral-dos-conselheiros-tutelares-de-manaus\/","title":{"rendered":"Prefeitura e CMDCA realizam cerim\u00f4nia de posse da nova coordena\u00e7\u00e3o-geral dos Conselheiros Tutelares de Manaus"},"content":{"rendered":"\n<p>A Prefeitura de Manaus, por meio da Secretaria Municipal da Mulher, Assist\u00eancia Social e Cidadania (Semasc), e o Conselho Municipal dos Direitos da Crian\u00e7a e do Adolescente (CMDCA), realizaram, nesta quinta-feira, 8\/2, a cerim\u00f4nia de posse da nova Coordena\u00e7\u00e3o-Geral dos Conselheiros Tutelares da capital amazonense. A solenidade ocorreu no audit\u00f3rio Senador Jo\u00e3o Bosco Ramos de Lima, na Escola Legislativa Senador Jos\u00e9 Lindoso da Assembleia Legislativa do Estado do Amazonas (Aleam), na zona Centro-Sul.<\/p>\n\n\n\n<p>Foram empossados os conselheiros Ana Paula Mesquita, da zona Norte I, Felipe Sahdo, da zona Centro-Oeste, Daniel Serr\u00e3o, da zona Centro-Sul, e \u00c2ngela Santos, da zona Leste II, para os cargos de coordenadora-geral, vice-coordenador, 1\u00ba secret\u00e1rio e 2\u00aa secret\u00e1ria, respectivamente. A elei\u00e7\u00e3o da chapa ocorreu por meio de assembleia realizada no \u00faltimo dia 25\/1.<\/p>\n\n\n\n<p>\u201cA posse da nova coordena\u00e7\u00e3o-geral dos Conselheiros Tutelares do munic\u00edpio de Manaus representa a \u00faltima etapa, de fato, de todo o processo eleitoral para o quadri\u00eanio de 2024\/2027. Aqui tamb\u00e9m reiteramos nossos votos de boa sorte a todos os conselheiros eleitos no \u00faltimo pleito, destacando seu importante trabalho na prote\u00e7\u00e3o dos direitos de crian\u00e7as e adolescentes de nossa cidade\u201d, destacou o secret\u00e1rio da Semasc, Eduardo Lucas.<\/p>\n\n\n\n<p>Primeira coordenadora-geral da hist\u00f3ria do Conselho Tutelar em Manaus, Ana Paula Mesquita ressaltou as expectativas para o decorrer de seu mandato e reafirmou o compromisso di\u00e1rio de seus colegas para a pol\u00edtica de prote\u00e7\u00e3o social do munic\u00edpio.<\/p>\n\n\n\n<p>\u201cPara mim, enquanto mulher e conselheira, \u00e9 uma honra poder representar essa classe, que trabalha para garantir o cumprimento dos direitos de crian\u00e7as e adolescentes de todas as zonas do munic\u00edpio. A cidade cresce a cada dia e o nosso trabalho, por consequ\u00eancia, tamb\u00e9m, ent\u00e3o, trabalharemos mais do que nunca durante este quadri\u00eanio que se inicia para que a garantia de direitos seja uma realidade concreta desde as \u00e1reas centrais at\u00e9 a zona Rural de Manaus\u201d, afirmou.<\/p>\n\n\n\n<p>Elis\u00e2ngela Amorim, presidente do CMDCA, destacou a posse como o in\u00edcio de um novo ciclo para o Conselho Tutelar manauara. \u201c\u00c9 a partir daqui que come\u00e7amos, por definitivo, o quadri\u00eanio de trabalhos. \u00c9 um momento muito importante para o munic\u00edpio, para a classe dos conselheiros tutelares, para todos n\u00f3s\u201d, disse.<\/p>\n\n\n\n<p>&#8212; &#8212; &#8212;<\/p>\n\n\n\n<p><strong>Texto &#8211; <\/strong>Guilherme Pacheco \/ Semasc<\/p>\n\n\n\n<p><strong>Fotos &#8211; <\/strong>Diego Lima \/ Semasc<\/p>\n","protected":false},"excerpt":{"rendered":"","protected":false},"author":61,"featured_media":209816,"comment_status":"closed","ping_status":"closed","sticky":false,"template":"","format":"standard","meta":{"footnotes":""},"categories":[66],"tags":[82,7,18],"acf":[],"yoast_head":"<!-- This site is optimized with the Yoast SEO plugin v23.0 - https:\/\/yoast.com\/wordpress\/plugins\/seo\/ -->\n<title>Prefeitura realiza posse a coordena\u00e7\u00e3o dos Conselheiros Tutelares<\/title>\n<meta name=\"description\" content=\"A Prefeitura e o CMDCA realizaram, nesta quinta-feira, 8\/2, a cerim\u00f4nia de posse da nova Coordena\u00e7\u00e3o-Geral dos Conselheiros Tutelares\" \/>\n<meta name=\"robots\" content=\"noindex, follow\" \/>\n<meta property=\"og:locale\" content=\"pt_BR\" \/>\n<meta property=\"og:type\" content=\"article\" \/>\n<meta property=\"og:title\" content=\"Prefeitura realiza posse a coordena\u00e7\u00e3o dos Conselheiros Tutelares\" \/>\n<meta property=\"og:description\" content=\"A Prefeitura e o CMDCA realizaram, nesta quinta-feira, 8\/2, a cerim\u00f4nia de posse da nova Coordena\u00e7\u00e3o-Geral dos Conselheiros Tutelares\" \/>\n<meta property=\"og:url\" content=\"https:\/\/www.manaus.am.gov.br\/semasc\/prefeitura-e-cmdca-realizam-cerimonia-de-posse-da-nova-coordenacao-geral-dos-conselheiros-tutelares-de-manaus\/\" \/>\n<meta property=\"og:site_name\" content=\"SEMASC\" \/>\n<meta property=\"article:publisher\" content=\"https:\/\/www.facebook.com\/semascmanaus\" \/>\n<meta property=\"article:published_time\" content=\"2024-02-08T22:17:19+00:00\" \/>\n<meta property=\"article:modified_time\" content=\"2024-02-22T18:56:21+00:00\" \/>\n<meta property=\"og:image\" content=\"https:\/\/www.manaus.am.gov.br\/semasc\/wp-content\/uploads\/sites\/17\/2024\/02\/Posse-CMDCA-3.jpg\" \/>\n\t<meta property=\"og:image:width\" content=\"800\" \/>\n\t<meta property=\"og:image:height\" content=\"600\" \/>\n\t<meta property=\"og:image:type\" content=\"image\/jpeg\" \/>\n<meta name=\"author\" content=\"smonteiro\" \/>\n<meta name=\"twitter:card\" content=\"summary_large_image\" \/>\n<meta name=\"twitter:label1\" content=\"Written by\" \/>\n\t<meta name=\"twitter:data1\" content=\"smonteiro\" \/>\n\t<meta name=\"twitter:label2\" content=\"Est. reading time\" \/>\n\t<meta name=\"twitter:data2\" content=\"3 minutos\" \/>\n<script type=\"application\/ld+json\" class=\"yoast-schema-graph\">{\"@context\":\"https:\/\/schema.org\",\"@graph\":[{\"@type\":\"Article\",\"@id\":\"https:\/\/www.manaus.am.gov.br\/semasc\/prefeitura-e-cmdca-realizam-cerimonia-de-posse-da-nova-coordenacao-geral-dos-conselheiros-tutelares-de-manaus\/#article\",\"isPartOf\":{\"@id\":\"https:\/\/www.manaus.am.gov.br\/semasc\/prefeitura-e-cmdca-realizam-cerimonia-de-posse-da-nova-coordenacao-geral-dos-conselheiros-tutelares-de-manaus\/\"},\"author\":{\"name\":\"smonteiro\",\"@id\":\"https:\/\/www.manaus.am.gov.br\/semasc\/#\/schema\/person\/ab4dcf766a54dff74e8d267f5c591961\"},\"headline\":\"Prefeitura e CMDCA realizam cerim\u00f4nia de posse da nova coordena\u00e7\u00e3o-geral dos Conselheiros Tutelares de Manaus\",\"datePublished\":\"2024-02-08T22:17:19+00:00\",\"dateModified\":\"2024-02-22T18:56:21+00:00\",\"mainEntityOfPage\":{\"@id\":\"https:\/\/www.manaus.am.gov.br\/semasc\/prefeitura-e-cmdca-realizam-cerimonia-de-posse-da-nova-coordenacao-geral-dos-conselheiros-tutelares-de-manaus\/\"},\"wordCount\":413,\"publisher\":{\"@id\":\"https:\/\/www.manaus.am.gov.br\/semasc\/#organization\"},\"image\":{\"@id\":\"https:\/\/www.manaus.am.gov.br\/semasc\/prefeitura-e-cmdca-realizam-cerimonia-de-posse-da-nova-coordenacao-geral-dos-conselheiros-tutelares-de-manaus\/#primaryimage\"},\"thumbnailUrl\":\"https:\/\/www.manaus.am.gov.br\/semasc\/wp-content\/uploads\/sites\/17\/2024\/02\/Posse-CMDCA-3.jpg\",\"keywords\":[\"Conselho Tutelar\",\"prefeitura de manaus\",\"Semasc\"],\"articleSection\":[\"Conselho\"],\"inLanguage\":\"pt-BR\"},{\"@type\":\"WebPage\",\"@id\":\"https:\/\/www.manaus.am.gov.br\/semasc\/prefeitura-e-cmdca-realizam-cerimonia-de-posse-da-nova-coordenacao-geral-dos-conselheiros-tutelares-de-manaus\/\",\"url\":\"https:\/\/www.manaus.am.gov.br\/semasc\/prefeitura-e-cmdca-realizam-cerimonia-de-posse-da-nova-coordenacao-geral-dos-conselheiros-tutelares-de-manaus\/\",\"name\":\"Prefeitura realiza posse a coordena\u00e7\u00e3o dos Conselheiros Tutelares\",\"isPartOf\":{\"@id\":\"https:\/\/www.manaus.am.gov.br\/semasc\/#website\"},\"primaryImageOfPage\":{\"@id\":\"https:\/\/www.manaus.am.gov.br\/semasc\/prefeitura-e-cmdca-realizam-cerimonia-de-posse-da-nova-coordenacao-geral-dos-conselheiros-tutelares-de-manaus\/#primaryimage\"},\"image\":{\"@id\":\"https:\/\/www.manaus.am.gov.br\/semasc\/prefeitura-e-cmdca-realizam-cerimonia-de-posse-da-nova-coordenacao-geral-dos-conselheiros-tutelares-de-manaus\/#primaryimage\"},\"thumbnailUrl\":\"https:\/\/www.manaus.am.gov.br\/semasc\/wp-content\/uploads\/sites\/17\/2024\/02\/Posse-CMDCA-3.jpg\",\"datePublished\":\"2024-02-08T22:17:19+00:00\",\"dateModified\":\"2024-02-22T18:56:21+00:00\",\"description\":\"A Prefeitura e o CMDCA realizaram, nesta quinta-feira, 8\/2, a cerim\u00f4nia de posse da nova Coordena\u00e7\u00e3o-Geral dos Conselheiros Tutelares\",\"breadcrumb\":{\"@id\":\"https:\/\/www.manaus.am.gov.br\/semasc\/prefeitura-e-cmdca-realizam-cerimonia-de-posse-da-nova-coordenacao-geral-dos-conselheiros-tutelares-de-manaus\/#breadcrumb\"},\"inLanguage\":\"pt-BR\",\"potentialAction\":[{\"@type\":\"ReadAction\",\"target\":[\"https:\/\/www.manaus.am.gov.br\/semasc\/prefeitura-e-cmdca-realizam-cerimonia-de-posse-da-nova-coordenacao-geral-dos-conselheiros-tutelares-de-manaus\/\"]}]},{\"@type\":\"ImageObject\",\"inLanguage\":\"pt-BR\",\"@id\":\"https:\/\/www.manaus.am.gov.br\/semasc\/prefeitura-e-cmdca-realizam-cerimonia-de-posse-da-nova-coordenacao-geral-dos-conselheiros-tutelares-de-manaus\/#primaryimage\",\"url\":\"https:\/\/www.manaus.am.gov.br\/semasc\/wp-content\/uploads\/sites\/17\/2024\/02\/Posse-CMDCA-3.jpg\",\"contentUrl\":\"https:\/\/www.manaus.am.gov.br\/semasc\/wp-content\/uploads\/sites\/17\/2024\/02\/Posse-CMDCA-3.jpg\",\"width\":800,\"height\":600,\"caption\":\"#paratodosverem - secret\u00e1rio da Semasc, Eduardo Lucas, fala na posse\"},{\"@type\":\"BreadcrumbList\",\"@id\":\"https:\/\/www.manaus.am.gov.br\/semasc\/prefeitura-e-cmdca-realizam-cerimonia-de-posse-da-nova-coordenacao-geral-dos-conselheiros-tutelares-de-manaus\/#breadcrumb\",\"itemListElement\":[{\"@type\":\"ListItem\",\"position\":1,\"name\":\"Home\",\"item\":\"https:\/\/www.manaus.am.gov.br\/semasc\/\"},{\"@type\":\"ListItem\",\"position\":2,\"name\":\"Prefeitura e CMDCA realizam cerim\u00f4nia de posse da nova coordena\u00e7\u00e3o-geral dos Conselheiros Tutelares de Manaus\"}]},{\"@type\":\"WebSite\",\"@id\":\"https:\/\/www.manaus.am.gov.br\/semasc\/#website\",\"url\":\"https:\/\/www.manaus.am.gov.br\/semasc\/\",\"name\":\"SEMASC\",\"description\":\"Secretaria Municipal da Mulher, Assist\u00eancia Social e Cidadania.\",\"publisher\":{\"@id\":\"https:\/\/www.manaus.am.gov.br\/semasc\/#organization\"},\"alternateName\":\"Secretaria Municipal da Mulher, Assist\u00eancia Social e Cidadania\",\"potentialAction\":[{\"@type\":\"SearchAction\",\"target\":{\"@type\":\"EntryPoint\",\"urlTemplate\":\"https:\/\/www.manaus.am.gov.br\/semasc\/?s={search_term_string}\"},\"query-input\":\"required name=search_term_string\"}],\"inLanguage\":\"pt-BR\"},{\"@type\":\"Organization\",\"@id\":\"https:\/\/www.manaus.am.gov.br\/semasc\/#organization\",\"name\":\"Prefeitura de Manaus\",\"alternateName\":\"Prefeitura Municipal de Manaus\",\"url\":\"https:\/\/www.manaus.am.gov.br\/semasc\/\",\"logo\":{\"@type\":\"ImageObject\",\"inLanguage\":\"pt-BR\",\"@id\":\"https:\/\/www.manaus.am.gov.br\/semasc\/#\/schema\/logo\/image\/\",\"url\":\"https:\/\/www.manaus.am.gov.br\/semasc\/wp-content\/uploads\/sites\/17\/2024\/07\/favicon.png\",\"contentUrl\":\"https:\/\/www.manaus.am.gov.br\/semasc\/wp-content\/uploads\/sites\/17\/2024\/07\/favicon.png\",\"width\":300,\"height\":300,\"caption\":\"Prefeitura de Manaus\"},\"image\":{\"@id\":\"https:\/\/www.manaus.am.gov.br\/semasc\/#\/schema\/logo\/image\/\"},\"sameAs\":[\"https:\/\/www.facebook.com\/semascmanaus\",\"https:\/\/www.instagram.com\/semascmanaus\/\"]},{\"@type\":\"Person\",\"@id\":\"https:\/\/www.manaus.am.gov.br\/semasc\/#\/schema\/person\/ab4dcf766a54dff74e8d267f5c591961\",\"name\":\"smonteiro\",\"image\":{\"@type\":\"ImageObject\",\"inLanguage\":\"pt-BR\",\"@id\":\"https:\/\/www.manaus.am.gov.br\/semasc\/#\/schema\/person\/image\/\",\"url\":\"https:\/\/secure.gravatar.com\/avatar\/21c8776ef61d9272c73322052e042d77?s=96&d=mm&r=g\",\"contentUrl\":\"https:\/\/secure.gravatar.com\/avatar\/21c8776ef61d9272c73322052e042d77?s=96&d=mm&r=g\",\"caption\":\"smonteiro\"}}]}<\/script>\n<!-- \/ Yoast SEO plugin. -->","yoast_head_json":{"title":"Prefeitura realiza posse a coordena\u00e7\u00e3o dos Conselheiros Tutelares","description":"A Prefeitura e o CMDCA realizaram, nesta quinta-feira, 8\/2, a cerim\u00f4nia de posse da nova Coordena\u00e7\u00e3o-Geral dos Conselheiros Tutelares","robots":{"index":"noindex","follow":"follow"},"og_locale":"pt_BR","og_type":"article","og_title":"Prefeitura realiza posse a coordena\u00e7\u00e3o dos Conselheiros Tutelares","og_description":"A Prefeitura e o CMDCA realizaram, nesta quinta-feira, 8\/2, a cerim\u00f4nia de posse da nova Coordena\u00e7\u00e3o-Geral dos Conselheiros Tutelares","og_url":"https:\/\/www.manaus.am.gov.br\/semasc\/prefeitura-e-cmdca-realizam-cerimonia-de-posse-da-nova-coordenacao-geral-dos-conselheiros-tutelares-de-manaus\/","og_site_name":"SEMASC","article_publisher":"https:\/\/www.facebook.com\/semascmanaus","article_published_time":"2024-02-08T22:17:19+00:00","article_modified_time":"2024-02-22T18:56:21+00:00","og_image":[{"width":800,"height":600,"url":"https:\/\/www.manaus.am.gov.br\/semasc\/wp-content\/uploads\/sites\/17\/2024\/02\/Posse-CMDCA-3.jpg","type":"image\/jpeg"}],"author":"smonteiro","twitter_card":"summary_large_image","twitter_misc":{"Written by":"smonteiro","Est. reading time":"3 minutos"},"schema":{"@context":"https:\/\/schema.org","@graph":[{"@type":"Article","@id":"https:\/\/www.manaus.am.gov.br\/semasc\/prefeitura-e-cmdca-realizam-cerimonia-de-posse-da-nova-coordenacao-geral-dos-conselheiros-tutelares-de-manaus\/#article","isPartOf":{"@id":"https:\/\/www.manaus.am.gov.br\/semasc\/prefeitura-e-cmdca-realizam-cerimonia-de-posse-da-nova-coordenacao-geral-dos-conselheiros-tutelares-de-manaus\/"},"author":{"name":"smonteiro","@id":"https:\/\/www.manaus.am.gov.br\/semasc\/#\/schema\/person\/ab4dcf766a54dff74e8d267f5c591961"},"headline":"Prefeitura e CMDCA realizam cerim\u00f4nia de posse da nova coordena\u00e7\u00e3o-geral dos Conselheiros Tutelares de Manaus","datePublished":"2024-02-08T22:17:19+00:00","dateModified":"2024-02-22T18:56:21+00:00","mainEntityOfPage":{"@id":"https:\/\/www.manaus.am.gov.br\/semasc\/prefeitura-e-cmdca-realizam-cerimonia-de-posse-da-nova-coordenacao-geral-dos-conselheiros-tutelares-de-manaus\/"},"wordCount":413,"publisher":{"@id":"https:\/\/www.manaus.am.gov.br\/semasc\/#organization"},"image":{"@id":"https:\/\/www.manaus.am.gov.br\/semasc\/prefeitura-e-cmdca-realizam-cerimonia-de-posse-da-nova-coordenacao-geral-dos-conselheiros-tutelares-de-manaus\/#primaryimage"},"thumbnailUrl":"https:\/\/www.manaus.am.gov.br\/semasc\/wp-content\/uploads\/sites\/17\/2024\/02\/Posse-CMDCA-3.jpg","keywords":["Conselho Tutelar","prefeitura de manaus","Semasc"],"articleSection":["Conselho"],"inLanguage":"pt-BR"},{"@type":"WebPage","@id":"https:\/\/www.manaus.am.gov.br\/semasc\/prefeitura-e-cmdca-realizam-cerimonia-de-posse-da-nova-coordenacao-geral-dos-conselheiros-tutelares-de-manaus\/","url":"https:\/\/www.manaus.am.gov.br\/semasc\/prefeitura-e-cmdca-realizam-cerimonia-de-posse-da-nova-coordenacao-geral-dos-conselheiros-tutelares-de-manaus\/","name":"Prefeitura realiza posse a coordena\u00e7\u00e3o dos Conselheiros Tutelares","isPartOf":{"@id":"https:\/\/www.manaus.am.gov.br\/semasc\/#website"},"primaryImageOfPage":{"@id":"https:\/\/www.manaus.am.gov.br\/semasc\/prefeitura-e-cmdca-realizam-cerimonia-de-posse-da-nova-coordenacao-geral-dos-conselheiros-tutelares-de-manaus\/#primaryimage"},"image":{"@id":"https:\/\/www.manaus.am.gov.br\/semasc\/prefeitura-e-cmdca-realizam-cerimonia-de-posse-da-nova-coordenacao-geral-dos-conselheiros-tutelares-de-manaus\/#primaryimage"},"thumbnailUrl":"https:\/\/www.manaus.am.gov.br\/semasc\/wp-content\/uploads\/sites\/17\/2024\/02\/Posse-CMDCA-3.jpg","datePublished":"2024-02-08T22:17:19+00:00","dateModified":"2024-02-22T18:56:21+00:00","description":"A Prefeitura e o CMDCA realizaram, nesta quinta-feira, 8\/2, a cerim\u00f4nia de posse da nova Coordena\u00e7\u00e3o-Geral dos Conselheiros Tutelares","breadcrumb":{"@id":"https:\/\/www.manaus.am.gov.br\/semasc\/prefeitura-e-cmdca-realizam-cerimonia-de-posse-da-nova-coordenacao-geral-dos-conselheiros-tutelares-de-manaus\/#breadcrumb"},"inLanguage":"pt-BR","potentialAction":[{"@type":"ReadAction","target":["https:\/\/www.manaus.am.gov.br\/semasc\/prefeitura-e-cmdca-realizam-cerimonia-de-posse-da-nova-coordenacao-geral-dos-conselheiros-tutelares-de-manaus\/"]}]},{"@type":"ImageObject","inLanguage":"pt-BR","@id":"https:\/\/www.manaus.am.gov.br\/semasc\/prefeitura-e-cmdca-realizam-cerimonia-de-posse-da-nova-coordenacao-geral-dos-conselheiros-tutelares-de-manaus\/#primaryimage","url":"https:\/\/www.manaus.am.gov.br\/semasc\/wp-content\/uploads\/sites\/17\/2024\/02\/Posse-CMDCA-3.jpg","contentUrl":"https:\/\/www.manaus.am.gov.br\/semasc\/wp-content\/uploads\/sites\/17\/2024\/02\/Posse-CMDCA-3.jpg","width":800,"height":600,"caption":"#paratodosverem - secret\u00e1rio da Semasc, Eduardo Lucas, fala na posse"},{"@type":"BreadcrumbList","@id":"https:\/\/www.manaus.am.gov.br\/semasc\/prefeitura-e-cmdca-realizam-cerimonia-de-posse-da-nova-coordenacao-geral-dos-conselheiros-tutelares-de-manaus\/#breadcrumb","itemListElement":[{"@type":"ListItem","position":1,"name":"Home","item":"https:\/\/www.manaus.am.gov.br\/semasc\/"},{"@type":"ListItem","position":2,"name":"Prefeitura e CMDCA realizam cerim\u00f4nia de posse da nova coordena\u00e7\u00e3o-geral dos Conselheiros Tutelares de Manaus"}]},{"@type":"WebSite","@id":"https:\/\/www.manaus.am.gov.br\/semasc\/#website","url":"https:\/\/www.manaus.am.gov.br\/semasc\/","name":"SEMASC","description":"Secretaria Municipal da Mulher, Assist\u00eancia Social e Cidadania.","publisher":{"@id":"https:\/\/www.manaus.am.gov.br\/semasc\/#organization"},"alternateName":"Secretaria Municipal da Mulher, Assist\u00eancia Social e Cidadania","potentialAction":[{"@type":"SearchAction","target":{"@type":"EntryPoint","urlTemplate":"https:\/\/www.manaus.am.gov.br\/semasc\/?s={search_term_string}"},"query-input":"required name=search_term_string"}],"inLanguage":"pt-BR"},{"@type":"Organization","@id":"https:\/\/www.manaus.am.gov.br\/semasc\/#organization","name":"Prefeitura de Manaus","alternateName":"Prefeitura Municipal de Manaus","url":"https:\/\/www.manaus.am.gov.br\/semasc\/","logo":{"@type":"ImageObject","inLanguage":"pt-BR","@id":"https:\/\/www.manaus.am.gov.br\/semasc\/#\/schema\/logo\/image\/","url":"https:\/\/www.manaus.am.gov.br\/semasc\/wp-content\/uploads\/sites\/17\/2024\/07\/favicon.png","contentUrl":"https:\/\/www.manaus.am.gov.br\/semasc\/wp-content\/uploads\/sites\/17\/2024\/07\/favicon.png","width":300,"height":300,"caption":"Prefeitura de Manaus"},"image":{"@id":"https:\/\/www.manaus.am.gov.br\/semasc\/#\/schema\/logo\/image\/"},"sameAs":["https:\/\/www.facebook.com\/semascmanaus","https:\/\/www.instagram.com\/semascmanaus\/"]},{"@type":"Person","@id":"https:\/\/www.manaus.am.gov.br\/semasc\/#\/schema\/person\/ab4dcf766a54dff74e8d267f5c591961","name":"smonteiro","image":{"@type":"ImageObject","inLanguage":"pt-BR","@id":"https:\/\/www.manaus.am.gov.br\/semasc\/#\/schema\/person\/image\/","url":"https:\/\/secure.gravatar.com\/avatar\/21c8776ef61d9272c73322052e042d77?s=96&d=mm&r=g","contentUrl":"https:\/\/secure.gravatar.com\/avatar\/21c8776ef61d9272c73322052e042d77?s=96&d=mm&r=g","caption":"smonteiro"}}]}},"_links":{"self":[{"href":"https:\/\/www.manaus.am.gov.br\/semasc\/wp-json\/wp\/v2\/posts\/209815"}],"collection":[{"href":"https:\/\/www.manaus.am.gov.br\/semasc\/wp-json\/wp\/v2\/posts"}],"about":[{"href":"https:\/\/www.manaus.am.gov.br\/semasc\/wp-json\/wp\/v2\/types\/post"}],"author":[{"embeddable":true,"href":"https:\/\/www.manaus.am.gov.br\/semasc\/wp-json\/wp\/v2\/users\/61"}],"replies":[{"embeddable":true,"href":"https:\/\/www.manaus.am.gov.br\/semasc\/wp-json\/wp\/v2\/comments?post=209815"}],"version-history":[{"count":1,"href":"https:\/\/www.manaus.am.gov.br\/semasc\/wp-json\/wp\/v2\/posts\/209815\/revisions"}],"predecessor-version":[{"id":209817,"href":"https:\/\/www.manaus.am.gov.br\/semasc\/wp-json\/wp\/v2\/posts\/209815\/revisions\/209817"}],"wp:featuredmedia":[{"embeddable":true,"href":"https:\/\/www.manaus.am.gov.br\/semasc\/wp-json\/wp\/v2\/media\/209816"}],"wp:attachment":[{"href":"https:\/\/www.manaus.am.gov.br\/semasc\/wp-json\/wp\/v2\/media?parent=209815"}],"wp:term":[{"taxonomy":"category","embeddable":true,"href":"https:\/\/www.manaus.am.gov.br\/semasc\/wp-json\/wp\/v2\/categories?post=209815"},{"taxonomy":"post_tag","embeddable":true,"href":"https:\/\/www.manaus.am.gov.br\/semasc\/wp-json\/wp\/v2\/tags?post=209815"}],"curies":[{"name":"wp","href":"https:\/\/api.w.org\/{rel}","templated":true}]}}