{"id":209776,"date":"2024-01-30T15:25:53","date_gmt":"2024-01-30T19:25:53","guid":{"rendered":"https:\/\/www.manaus.am.gov.br\/semasc\/prefeitura-promove-debate-sobre-saude-mental-para-servidores-da-assistencia-social\/"},"modified":"2024-02-09T10:08:05","modified_gmt":"2024-02-09T14:08:05","slug":"prefeitura-promove-debate-sobre-saude-mental-para-servidores-da-assistencia-social","status":"publish","type":"post","link":"https:\/\/www.manaus.am.gov.br\/semasc\/prefeitura-promove-debate-sobre-saude-mental-para-servidores-da-assistencia-social\/","title":{"rendered":"Prefeitura promove debate sobre sa\u00fade mental para servidores da assist\u00eancia social"},"content":{"rendered":"\n<p>Encerrando a programa\u00e7\u00e3o de atividades alusivas \u00e0 campanha de conscientiza\u00e7\u00e3o sobre sa\u00fade mental, o \u201cJaneiro Branco\u201d, a Secretaria da Mulher, Assist\u00eancia Social e Cidadania (Semasc), da Prefeitura de Manaus, promoveu, nesta ter\u00e7a-feira, 30\/1, um debate com servidores da assist\u00eancia social municipal sobre cuidados com a sa\u00fade mental no ambiente de trabalho.<\/p>\n\n\n\n<p>Seguindo o tema da campanha deste ano, \u201cVida e Harmonia\u201d, o evento foi realizado no audit\u00f3rio Senador Jo\u00e3o Bosco Ramos de Lima, na Escola do Legislativo Senador Jos\u00e9 Lindoso, da Assembleia Legislativa do Estado do Amazonas (Aleam), na zona Centro-Sul. A iniciativa teve apoio do Instituto Silv\u00e9rio de Almeida Tundis (Isat), Organiza\u00e7\u00e3o da Sociedade Civil (OSC) respons\u00e1vel por oferecer assist\u00eancia psicossocial a pessoas em situa\u00e7\u00e3o de vulnerabilidade.<\/p>\n\n\n\n<p>\u201cDurante o m\u00eas de janeiro, em todas as unidades de atendimento socioassistencial da gest\u00e3o municipal, desenvolvemos diversas atividades de conscientiza\u00e7\u00e3o e abordagem psicossocial, n\u00e3o apenas com os usu\u00e1rios destes equipamentos, mas principalmente com servidores, promovendo a aten\u00e7\u00e3o e o cuidado para quem tamb\u00e9m cuida diariamente da popula\u00e7\u00e3o. Encerramos esta campanha com este enfoque, em nossos colaboradores, e com o sentimento de miss\u00e3o cumprida, ainda que nosso trabalho de zelo pela integridade mental de nossos servidores continue ao longo de todo o ano\u201d, destacou a subsecret\u00e1ria de Pol\u00edticas Afirmativas para Mulheres e Direitos Humanos da Semasc, Gra\u00e7a Prola.<\/p>\n\n\n\n<p>Johnson Almeida, psic\u00f3logo do Isat convidado para mediar o debate entre servidores, ressaltou a import\u00e2ncia do cuidado cont\u00ednuo com a sa\u00fade mental, principalmente para os servidores do Sistema \u00danico de Assist\u00eancia Social (Suas) em decorr\u00eancia da alta demanda de atendimentos socioassistenciais e que necessitam de um constante \u201colhar pr\u00f3ximo\u201d \u00e0 dif\u00edcil realidade vivida por milhares de fam\u00edlias na capital amazonense.<\/p>\n\n\n\n<p>\u201cA sa\u00fade mental \u00e9 um tema muito delicado e que vem sendo discutido de forma s\u00e9ria h\u00e1 muito pouco tempo. Ent\u00e3o, \u00e9 muito importante que nos atentemos a essas quest\u00f5es em nosso dia a dia e, principalmente, em nosso ambiente de trabalho. Garantir uma sa\u00fade mental em dia a esses servidores \u00e9 garantir um atendimento de qualidade \u00e0s fam\u00edlias que necessitam dos servi\u00e7os oferecidos por seus equipamentos\u201d, explicou.<\/p>\n\n\n\n<p>A servidora De\u00eddre Nascimento aprovou a iniciativa. Ela destacou a import\u00e2ncia de debates dessa tem\u00e1tica, em um contexto de p\u00f3s-pandemia, quando muitos servidores do Suas ainda enfrentam quest\u00f5es internas n\u00e3o discutidas ou diagnosticadas.<\/p>\n\n\n\n<p>\u201cIsso mostra uma valoriza\u00e7\u00e3o do servidor que precisa, mais do que nunca, em raz\u00e3o do momento que vivemos nos \u00faltimos anos. Desde a pandemia, muitos de n\u00f3s descobrimos novos medos, ansiedades, dist\u00farbios e outros problemas que ainda n\u00e3o foram devidamente diagnosticados ou discutidos, seja por medo ou por falta de informa\u00e7\u00e3o. Acho muito importante que participemos de um debate como este\u201d, afirmou.<\/p>\n\n\n\n<p>&#8212; &#8212; &#8212;<\/p>\n\n\n\n<p><strong>Texto<\/strong> &#8211; Guilherme Pacheco \/ Semasc<\/p>\n\n\n\n<p><strong>Fotos<\/strong> &#8211; Diego Lima \/ Semcom<\/p>\n","protected":false},"excerpt":{"rendered":"","protected":false},"author":61,"featured_media":209777,"comment_status":"closed","ping_status":"closed","sticky":false,"template":"","format":"standard","meta":{"footnotes":""},"categories":[34],"tags":[908,909,7,910,18],"acf":[],"yoast_head":"<!-- This site is optimized with the Yoast SEO plugin v23.0 - https:\/\/yoast.com\/wordpress\/plugins\/seo\/ -->\n<title>Prefeitura debate sa\u00fade mental com servidores da Semasc<\/title>\n<meta name=\"description\" content=\"A Prefeitura promoveu, nesta ter\u00e7a-feira, debate com servidores da assist\u00eancia social municipal sobre sa\u00fade mental no ambiente de trabalho.\" \/>\n<meta name=\"robots\" content=\"noindex, follow\" \/>\n<meta property=\"og:locale\" content=\"pt_BR\" \/>\n<meta property=\"og:type\" content=\"article\" \/>\n<meta property=\"og:title\" content=\"Prefeitura debate sa\u00fade mental com servidores da Semasc\" \/>\n<meta property=\"og:description\" content=\"A Prefeitura promoveu, nesta ter\u00e7a-feira, debate com servidores da assist\u00eancia social municipal sobre sa\u00fade mental no ambiente de trabalho.\" \/>\n<meta property=\"og:url\" content=\"https:\/\/www.manaus.am.gov.br\/semasc\/prefeitura-promove-debate-sobre-saude-mental-para-servidores-da-assistencia-social\/\" \/>\n<meta property=\"og:site_name\" content=\"SEMASC\" \/>\n<meta property=\"article:publisher\" content=\"https:\/\/www.facebook.com\/semascmanaus\" \/>\n<meta property=\"article:published_time\" content=\"2024-01-30T19:25:53+00:00\" \/>\n<meta property=\"article:modified_time\" content=\"2024-02-09T14:08:05+00:00\" \/>\n<meta property=\"og:image\" content=\"https:\/\/www.manaus.am.gov.br\/semasc\/wp-content\/uploads\/sites\/17\/2024\/01\/Debate-Saude-Mental-Semasc.jpeg\" \/>\n\t<meta property=\"og:image:width\" content=\"800\" \/>\n\t<meta property=\"og:image:height\" content=\"533\" \/>\n\t<meta property=\"og:image:type\" content=\"image\/jpeg\" \/>\n<meta name=\"author\" content=\"smonteiro\" \/>\n<meta name=\"twitter:card\" content=\"summary_large_image\" \/>\n<meta name=\"twitter:label1\" content=\"Written by\" \/>\n\t<meta name=\"twitter:data1\" content=\"smonteiro\" \/>\n\t<meta name=\"twitter:label2\" content=\"Est. reading time\" \/>\n\t<meta name=\"twitter:data2\" content=\"3 minutos\" \/>\n<script type=\"application\/ld+json\" class=\"yoast-schema-graph\">{\"@context\":\"https:\/\/schema.org\",\"@graph\":[{\"@type\":\"Article\",\"@id\":\"https:\/\/www.manaus.am.gov.br\/semasc\/prefeitura-promove-debate-sobre-saude-mental-para-servidores-da-assistencia-social\/#article\",\"isPartOf\":{\"@id\":\"https:\/\/www.manaus.am.gov.br\/semasc\/prefeitura-promove-debate-sobre-saude-mental-para-servidores-da-assistencia-social\/\"},\"author\":{\"name\":\"smonteiro\",\"@id\":\"https:\/\/www.manaus.am.gov.br\/semasc\/#\/schema\/person\/ab4dcf766a54dff74e8d267f5c591961\"},\"headline\":\"Prefeitura promove debate sobre sa\u00fade mental para servidores da assist\u00eancia social\",\"datePublished\":\"2024-01-30T19:25:53+00:00\",\"dateModified\":\"2024-02-09T14:08:05+00:00\",\"mainEntityOfPage\":{\"@id\":\"https:\/\/www.manaus.am.gov.br\/semasc\/prefeitura-promove-debate-sobre-saude-mental-para-servidores-da-assistencia-social\/\"},\"wordCount\":512,\"publisher\":{\"@id\":\"https:\/\/www.manaus.am.gov.br\/semasc\/#organization\"},\"image\":{\"@id\":\"https:\/\/www.manaus.am.gov.br\/semasc\/prefeitura-promove-debate-sobre-saude-mental-para-servidores-da-assistencia-social\/#primaryimage\"},\"thumbnailUrl\":\"https:\/\/www.manaus.am.gov.br\/semasc\/wp-content\/uploads\/sites\/17\/2024\/01\/Debate-Saude-Mental-Semasc.jpeg\",\"keywords\":[\"debate\",\"janeiro branco\",\"prefeitura de manaus\",\"sa\u00fade mental\",\"Semasc\"],\"articleSection\":[\"Assist\u00eancia Social\"],\"inLanguage\":\"pt-BR\"},{\"@type\":\"WebPage\",\"@id\":\"https:\/\/www.manaus.am.gov.br\/semasc\/prefeitura-promove-debate-sobre-saude-mental-para-servidores-da-assistencia-social\/\",\"url\":\"https:\/\/www.manaus.am.gov.br\/semasc\/prefeitura-promove-debate-sobre-saude-mental-para-servidores-da-assistencia-social\/\",\"name\":\"Prefeitura debate sa\u00fade mental com servidores da Semasc\",\"isPartOf\":{\"@id\":\"https:\/\/www.manaus.am.gov.br\/semasc\/#website\"},\"primaryImageOfPage\":{\"@id\":\"https:\/\/www.manaus.am.gov.br\/semasc\/prefeitura-promove-debate-sobre-saude-mental-para-servidores-da-assistencia-social\/#primaryimage\"},\"image\":{\"@id\":\"https:\/\/www.manaus.am.gov.br\/semasc\/prefeitura-promove-debate-sobre-saude-mental-para-servidores-da-assistencia-social\/#primaryimage\"},\"thumbnailUrl\":\"https:\/\/www.manaus.am.gov.br\/semasc\/wp-content\/uploads\/sites\/17\/2024\/01\/Debate-Saude-Mental-Semasc.jpeg\",\"datePublished\":\"2024-01-30T19:25:53+00:00\",\"dateModified\":\"2024-02-09T14:08:05+00:00\",\"description\":\"A Prefeitura promoveu, nesta ter\u00e7a-feira, debate com servidores da assist\u00eancia social municipal sobre sa\u00fade mental no ambiente de trabalho.\",\"breadcrumb\":{\"@id\":\"https:\/\/www.manaus.am.gov.br\/semasc\/prefeitura-promove-debate-sobre-saude-mental-para-servidores-da-assistencia-social\/#breadcrumb\"},\"inLanguage\":\"pt-BR\",\"potentialAction\":[{\"@type\":\"ReadAction\",\"target\":[\"https:\/\/www.manaus.am.gov.br\/semasc\/prefeitura-promove-debate-sobre-saude-mental-para-servidores-da-assistencia-social\/\"]}]},{\"@type\":\"ImageObject\",\"inLanguage\":\"pt-BR\",\"@id\":\"https:\/\/www.manaus.am.gov.br\/semasc\/prefeitura-promove-debate-sobre-saude-mental-para-servidores-da-assistencia-social\/#primaryimage\",\"url\":\"https:\/\/www.manaus.am.gov.br\/semasc\/wp-content\/uploads\/sites\/17\/2024\/01\/Debate-Saude-Mental-Semasc.jpeg\",\"contentUrl\":\"https:\/\/www.manaus.am.gov.br\/semasc\/wp-content\/uploads\/sites\/17\/2024\/01\/Debate-Saude-Mental-Semasc.jpeg\",\"width\":800,\"height\":533,\"caption\":\"#paratodosverem - Subsecret\u00e1ria da Semasc, Gra\u00e7a Prola, fala para servidores da assist\u00eancia social sobre sa\u00fade mental\"},{\"@type\":\"BreadcrumbList\",\"@id\":\"https:\/\/www.manaus.am.gov.br\/semasc\/prefeitura-promove-debate-sobre-saude-mental-para-servidores-da-assistencia-social\/#breadcrumb\",\"itemListElement\":[{\"@type\":\"ListItem\",\"position\":1,\"name\":\"Home\",\"item\":\"https:\/\/www.manaus.am.gov.br\/semasc\/\"},{\"@type\":\"ListItem\",\"position\":2,\"name\":\"Prefeitura promove debate sobre sa\u00fade mental para servidores da assist\u00eancia social\"}]},{\"@type\":\"WebSite\",\"@id\":\"https:\/\/www.manaus.am.gov.br\/semasc\/#website\",\"url\":\"https:\/\/www.manaus.am.gov.br\/semasc\/\",\"name\":\"SEMASC\",\"description\":\"Secretaria Municipal da Mulher, Assist\u00eancia Social e Cidadania.\",\"publisher\":{\"@id\":\"https:\/\/www.manaus.am.gov.br\/semasc\/#organization\"},\"alternateName\":\"Secretaria Municipal da Mulher, Assist\u00eancia Social e Cidadania\",\"potentialAction\":[{\"@type\":\"SearchAction\",\"target\":{\"@type\":\"EntryPoint\",\"urlTemplate\":\"https:\/\/www.manaus.am.gov.br\/semasc\/?s={search_term_string}\"},\"query-input\":\"required name=search_term_string\"}],\"inLanguage\":\"pt-BR\"},{\"@type\":\"Organization\",\"@id\":\"https:\/\/www.manaus.am.gov.br\/semasc\/#organization\",\"name\":\"Prefeitura de Manaus\",\"alternateName\":\"Prefeitura Municipal de Manaus\",\"url\":\"https:\/\/www.manaus.am.gov.br\/semasc\/\",\"logo\":{\"@type\":\"ImageObject\",\"inLanguage\":\"pt-BR\",\"@id\":\"https:\/\/www.manaus.am.gov.br\/semasc\/#\/schema\/logo\/image\/\",\"url\":\"https:\/\/www.manaus.am.gov.br\/semasc\/wp-content\/uploads\/sites\/17\/2024\/07\/favicon.png\",\"contentUrl\":\"https:\/\/www.manaus.am.gov.br\/semasc\/wp-content\/uploads\/sites\/17\/2024\/07\/favicon.png\",\"width\":300,\"height\":300,\"caption\":\"Prefeitura de Manaus\"},\"image\":{\"@id\":\"https:\/\/www.manaus.am.gov.br\/semasc\/#\/schema\/logo\/image\/\"},\"sameAs\":[\"https:\/\/www.facebook.com\/semascmanaus\",\"https:\/\/www.instagram.com\/semascmanaus\/\"]},{\"@type\":\"Person\",\"@id\":\"https:\/\/www.manaus.am.gov.br\/semasc\/#\/schema\/person\/ab4dcf766a54dff74e8d267f5c591961\",\"name\":\"smonteiro\",\"image\":{\"@type\":\"ImageObject\",\"inLanguage\":\"pt-BR\",\"@id\":\"https:\/\/www.manaus.am.gov.br\/semasc\/#\/schema\/person\/image\/\",\"url\":\"https:\/\/secure.gravatar.com\/avatar\/21c8776ef61d9272c73322052e042d77?s=96&d=mm&r=g\",\"contentUrl\":\"https:\/\/secure.gravatar.com\/avatar\/21c8776ef61d9272c73322052e042d77?s=96&d=mm&r=g\",\"caption\":\"smonteiro\"}}]}<\/script>\n<!-- \/ Yoast SEO plugin. -->","yoast_head_json":{"title":"Prefeitura debate sa\u00fade mental com servidores da Semasc","description":"A Prefeitura promoveu, nesta ter\u00e7a-feira, debate com servidores da assist\u00eancia social municipal sobre sa\u00fade mental no ambiente de trabalho.","robots":{"index":"noindex","follow":"follow"},"og_locale":"pt_BR","og_type":"article","og_title":"Prefeitura debate sa\u00fade mental com servidores da Semasc","og_description":"A Prefeitura promoveu, nesta ter\u00e7a-feira, debate com servidores da assist\u00eancia social municipal sobre sa\u00fade mental no ambiente de trabalho.","og_url":"https:\/\/www.manaus.am.gov.br\/semasc\/prefeitura-promove-debate-sobre-saude-mental-para-servidores-da-assistencia-social\/","og_site_name":"SEMASC","article_publisher":"https:\/\/www.facebook.com\/semascmanaus","article_published_time":"2024-01-30T19:25:53+00:00","article_modified_time":"2024-02-09T14:08:05+00:00","og_image":[{"width":800,"height":533,"url":"https:\/\/www.manaus.am.gov.br\/semasc\/wp-content\/uploads\/sites\/17\/2024\/01\/Debate-Saude-Mental-Semasc.jpeg","type":"image\/jpeg"}],"author":"smonteiro","twitter_card":"summary_large_image","twitter_misc":{"Written by":"smonteiro","Est. reading time":"3 minutos"},"schema":{"@context":"https:\/\/schema.org","@graph":[{"@type":"Article","@id":"https:\/\/www.manaus.am.gov.br\/semasc\/prefeitura-promove-debate-sobre-saude-mental-para-servidores-da-assistencia-social\/#article","isPartOf":{"@id":"https:\/\/www.manaus.am.gov.br\/semasc\/prefeitura-promove-debate-sobre-saude-mental-para-servidores-da-assistencia-social\/"},"author":{"name":"smonteiro","@id":"https:\/\/www.manaus.am.gov.br\/semasc\/#\/schema\/person\/ab4dcf766a54dff74e8d267f5c591961"},"headline":"Prefeitura promove debate sobre sa\u00fade mental para servidores da assist\u00eancia social","datePublished":"2024-01-30T19:25:53+00:00","dateModified":"2024-02-09T14:08:05+00:00","mainEntityOfPage":{"@id":"https:\/\/www.manaus.am.gov.br\/semasc\/prefeitura-promove-debate-sobre-saude-mental-para-servidores-da-assistencia-social\/"},"wordCount":512,"publisher":{"@id":"https:\/\/www.manaus.am.gov.br\/semasc\/#organization"},"image":{"@id":"https:\/\/www.manaus.am.gov.br\/semasc\/prefeitura-promove-debate-sobre-saude-mental-para-servidores-da-assistencia-social\/#primaryimage"},"thumbnailUrl":"https:\/\/www.manaus.am.gov.br\/semasc\/wp-content\/uploads\/sites\/17\/2024\/01\/Debate-Saude-Mental-Semasc.jpeg","keywords":["debate","janeiro branco","prefeitura de manaus","sa\u00fade mental","Semasc"],"articleSection":["Assist\u00eancia Social"],"inLanguage":"pt-BR"},{"@type":"WebPage","@id":"https:\/\/www.manaus.am.gov.br\/semasc\/prefeitura-promove-debate-sobre-saude-mental-para-servidores-da-assistencia-social\/","url":"https:\/\/www.manaus.am.gov.br\/semasc\/prefeitura-promove-debate-sobre-saude-mental-para-servidores-da-assistencia-social\/","name":"Prefeitura debate sa\u00fade mental com servidores da Semasc","isPartOf":{"@id":"https:\/\/www.manaus.am.gov.br\/semasc\/#website"},"primaryImageOfPage":{"@id":"https:\/\/www.manaus.am.gov.br\/semasc\/prefeitura-promove-debate-sobre-saude-mental-para-servidores-da-assistencia-social\/#primaryimage"},"image":{"@id":"https:\/\/www.manaus.am.gov.br\/semasc\/prefeitura-promove-debate-sobre-saude-mental-para-servidores-da-assistencia-social\/#primaryimage"},"thumbnailUrl":"https:\/\/www.manaus.am.gov.br\/semasc\/wp-content\/uploads\/sites\/17\/2024\/01\/Debate-Saude-Mental-Semasc.jpeg","datePublished":"2024-01-30T19:25:53+00:00","dateModified":"2024-02-09T14:08:05+00:00","description":"A Prefeitura promoveu, nesta ter\u00e7a-feira, debate com servidores da assist\u00eancia social municipal sobre sa\u00fade mental no ambiente de trabalho.","breadcrumb":{"@id":"https:\/\/www.manaus.am.gov.br\/semasc\/prefeitura-promove-debate-sobre-saude-mental-para-servidores-da-assistencia-social\/#breadcrumb"},"inLanguage":"pt-BR","potentialAction":[{"@type":"ReadAction","target":["https:\/\/www.manaus.am.gov.br\/semasc\/prefeitura-promove-debate-sobre-saude-mental-para-servidores-da-assistencia-social\/"]}]},{"@type":"ImageObject","inLanguage":"pt-BR","@id":"https:\/\/www.manaus.am.gov.br\/semasc\/prefeitura-promove-debate-sobre-saude-mental-para-servidores-da-assistencia-social\/#primaryimage","url":"https:\/\/www.manaus.am.gov.br\/semasc\/wp-content\/uploads\/sites\/17\/2024\/01\/Debate-Saude-Mental-Semasc.jpeg","contentUrl":"https:\/\/www.manaus.am.gov.br\/semasc\/wp-content\/uploads\/sites\/17\/2024\/01\/Debate-Saude-Mental-Semasc.jpeg","width":800,"height":533,"caption":"#paratodosverem - Subsecret\u00e1ria da Semasc, Gra\u00e7a Prola, fala para servidores da assist\u00eancia social sobre sa\u00fade mental"},{"@type":"BreadcrumbList","@id":"https:\/\/www.manaus.am.gov.br\/semasc\/prefeitura-promove-debate-sobre-saude-mental-para-servidores-da-assistencia-social\/#breadcrumb","itemListElement":[{"@type":"ListItem","position":1,"name":"Home","item":"https:\/\/www.manaus.am.gov.br\/semasc\/"},{"@type":"ListItem","position":2,"name":"Prefeitura promove debate sobre sa\u00fade mental para servidores da assist\u00eancia social"}]},{"@type":"WebSite","@id":"https:\/\/www.manaus.am.gov.br\/semasc\/#website","url":"https:\/\/www.manaus.am.gov.br\/semasc\/","name":"SEMASC","description":"Secretaria Municipal da Mulher, Assist\u00eancia Social e Cidadania.","publisher":{"@id":"https:\/\/www.manaus.am.gov.br\/semasc\/#organization"},"alternateName":"Secretaria Municipal da Mulher, Assist\u00eancia Social e Cidadania","potentialAction":[{"@type":"SearchAction","target":{"@type":"EntryPoint","urlTemplate":"https:\/\/www.manaus.am.gov.br\/semasc\/?s={search_term_string}"},"query-input":"required name=search_term_string"}],"inLanguage":"pt-BR"},{"@type":"Organization","@id":"https:\/\/www.manaus.am.gov.br\/semasc\/#organization","name":"Prefeitura de Manaus","alternateName":"Prefeitura Municipal de Manaus","url":"https:\/\/www.manaus.am.gov.br\/semasc\/","logo":{"@type":"ImageObject","inLanguage":"pt-BR","@id":"https:\/\/www.manaus.am.gov.br\/semasc\/#\/schema\/logo\/image\/","url":"https:\/\/www.manaus.am.gov.br\/semasc\/wp-content\/uploads\/sites\/17\/2024\/07\/favicon.png","contentUrl":"https:\/\/www.manaus.am.gov.br\/semasc\/wp-content\/uploads\/sites\/17\/2024\/07\/favicon.png","width":300,"height":300,"caption":"Prefeitura de Manaus"},"image":{"@id":"https:\/\/www.manaus.am.gov.br\/semasc\/#\/schema\/logo\/image\/"},"sameAs":["https:\/\/www.facebook.com\/semascmanaus","https:\/\/www.instagram.com\/semascmanaus\/"]},{"@type":"Person","@id":"https:\/\/www.manaus.am.gov.br\/semasc\/#\/schema\/person\/ab4dcf766a54dff74e8d267f5c591961","name":"smonteiro","image":{"@type":"ImageObject","inLanguage":"pt-BR","@id":"https:\/\/www.manaus.am.gov.br\/semasc\/#\/schema\/person\/image\/","url":"https:\/\/secure.gravatar.com\/avatar\/21c8776ef61d9272c73322052e042d77?s=96&d=mm&r=g","contentUrl":"https:\/\/secure.gravatar.com\/avatar\/21c8776ef61d9272c73322052e042d77?s=96&d=mm&r=g","caption":"smonteiro"}}]}},"_links":{"self":[{"href":"https:\/\/www.manaus.am.gov.br\/semasc\/wp-json\/wp\/v2\/posts\/209776"}],"collection":[{"href":"https:\/\/www.manaus.am.gov.br\/semasc\/wp-json\/wp\/v2\/posts"}],"about":[{"href":"https:\/\/www.manaus.am.gov.br\/semasc\/wp-json\/wp\/v2\/types\/post"}],"author":[{"embeddable":true,"href":"https:\/\/www.manaus.am.gov.br\/semasc\/wp-json\/wp\/v2\/users\/61"}],"replies":[{"embeddable":true,"href":"https:\/\/www.manaus.am.gov.br\/semasc\/wp-json\/wp\/v2\/comments?post=209776"}],"version-history":[{"count":1,"href":"https:\/\/www.manaus.am.gov.br\/semasc\/wp-json\/wp\/v2\/posts\/209776\/revisions"}],"predecessor-version":[{"id":209778,"href":"https:\/\/www.manaus.am.gov.br\/semasc\/wp-json\/wp\/v2\/posts\/209776\/revisions\/209778"}],"wp:featuredmedia":[{"embeddable":true,"href":"https:\/\/www.manaus.am.gov.br\/semasc\/wp-json\/wp\/v2\/media\/209777"}],"wp:attachment":[{"href":"https:\/\/www.manaus.am.gov.br\/semasc\/wp-json\/wp\/v2\/media?parent=209776"}],"wp:term":[{"taxonomy":"category","embeddable":true,"href":"https:\/\/www.manaus.am.gov.br\/semasc\/wp-json\/wp\/v2\/categories?post=209776"},{"taxonomy":"post_tag","embeddable":true,"href":"https:\/\/www.manaus.am.gov.br\/semasc\/wp-json\/wp\/v2\/tags?post=209776"}],"curies":[{"name":"wp","href":"https:\/\/api.w.org\/{rel}","templated":true}]}}