{"id":209771,"date":"2024-01-25T18:43:34","date_gmt":"2024-01-25T22:43:34","guid":{"rendered":"https:\/\/www.manaus.am.gov.br\/semasc\/conselho-municipal-dos-direitos-da-mulher-discute-politicas-voltadas-para-a-saude-feminina\/"},"modified":"2024-02-08T09:48:14","modified_gmt":"2024-02-08T13:48:14","slug":"conselho-municipal-dos-direitos-da-mulher-discute-politicas-voltadas-para-a-saude-feminina","status":"publish","type":"post","link":"https:\/\/www.manaus.am.gov.br\/semasc\/conselho-municipal-dos-direitos-da-mulher-discute-politicas-voltadas-para-a-saude-feminina\/","title":{"rendered":"Conselho Municipal dos Direitos da Mulher discute pol\u00edticas voltadas para a sa\u00fade feminina"},"content":{"rendered":"\n<p>A Prefeitura de Manaus, por meio do Conselho Municipal dos Direitos da Mulher (CMDM), realizou, nesta quinta-feira, 25\/1, a 1\u00aa Audi\u00eancia P\u00fablica de Sa\u00fade da Mulher, com o tema \u201cAvan\u00e7os e Desafios na Sa\u00fade da Mulher no munic\u00edpio de Manaus\u201d. O encontro ocorreu no Centro de Refer\u00eancia dos Direitos da Mulher (CRDM), na zona Centro-Sul.<\/p>\n\n\n\n<p>Participaram da reuni\u00e3o representantes de todas as Organiza\u00e7\u00f5es da Sociedade Civil (OSC) e secretarias municipais que possuem assento no conselho, para discutir dados coletados, servi\u00e7os oferecidos e pol\u00edticas p\u00fablicas desenvolvidas na capital pela Secretaria Municipal de Sa\u00fade (Semsa).&nbsp;<\/p>\n\n\n\n<p>\u201cEnquanto \u00f3rg\u00e3o de controle social, temos o dever de fiscalizar as pol\u00edticas p\u00fablicas desenvolvidas na cidade de Manaus, neste caso as pol\u00edticas voltadas \u00e0 sa\u00fade da mulher. Hoje, como parte deste processo de fiscaliza\u00e7\u00e3o, ouvimos os representantes da sa\u00fade municipal para que possamos tra\u00e7ar um panorama geral da sa\u00fade feminina em Manaus, discutir nossos principais desafios e avaliar novas propostas para o avan\u00e7o dessas pol\u00edticas\u201d, destacou Gra\u00e7a Prola, presidente do CMDM e subsecret\u00e1ria de Pol\u00edticas Afirmativas para Mulheres e Direitos Humanos da Secretaria Municipal da Mulher, Assist\u00eancia Social e Cidadania (Semasc).<\/p>\n\n\n\n<p>Chefe da Divis\u00e3o de Aten\u00e7\u00e3o \u00e0 Sa\u00fade da Mulher da Semsa, a enfermeira L\u00facia Freitas ressaltou a import\u00e2ncia da atua\u00e7\u00e3o conjunta entre membros do poder p\u00fablico e da sociedade civil para a qualifica\u00e7\u00e3o dos servi\u00e7os de sa\u00fade oferecidos \u00e0 popula\u00e7\u00e3o manauara em situa\u00e7\u00e3o de vulnerabilidade social.<\/p>\n\n\n\n<p>\u201cParticipar de uma audi\u00eancia p\u00fablica voltada para a sa\u00fade da mulher \u00e9 muito importante para a Semsa, pois \u00e9 assim que n\u00f3s conseguimos trabalhar junto \u00e0s OSCs da cidade e comunidades atendidas por essas institui\u00e7\u00f5es, desenvolvendo e ampliando os trabalhos que j\u00e1 realizamos no cotidiano\u201d, afirmou.<\/p>\n\n\n\n<p>Silvana Colares, fundadora e presidente do Centro de Refer\u00eancia de Amparo \u00e0 Mulher M\u00e3e C\u00e9lia Colares (Cramer), aprovou a finalidade do encontro e tamb\u00e9m destacou sua import\u00e2ncia para as mulheres atendidas por sua institui\u00e7\u00e3o.<\/p>\n\n\n\n<p>\u201cTemos muitas coisas positivas para tirar deste encontro, muito a aprender e muito a repensar na forma que integramos as pol\u00edticas de sa\u00fade ao nosso trabalho\u201d, ressaltou.<\/p>\n\n\n\n<p>&#8212; &#8212; &#8212;<\/p>\n\n\n\n<p><strong>Texto<\/strong> &#8211; Guilherme Pacheco \/ Semasc<\/p>\n\n\n\n<p><strong>Fotos <\/strong>&#8211; Diego Lima \/ Semasc<\/p>\n","protected":false},"excerpt":{"rendered":"","protected":false},"author":61,"featured_media":209772,"comment_status":"closed","ping_status":"closed","sticky":false,"template":"","format":"standard","meta":{"footnotes":""},"categories":[66],"tags":[907,7,18],"acf":[],"yoast_head":"<!-- This site is optimized with the Yoast SEO plugin v23.0 - https:\/\/yoast.com\/wordpress\/plugins\/seo\/ -->\n<title>CMDM discute pol\u00edticas voltadas para a sa\u00fade feminina<\/title>\n<meta name=\"description\" content=\"A Prefeitura de Manaus, por meio do CMDM, realizou, nesta quinta-feira, 25\/1, a 1\u00aa Audi\u00eancia P\u00fablica de Sa\u00fade da Mulher.\" \/>\n<meta name=\"robots\" content=\"noindex, follow\" \/>\n<meta property=\"og:locale\" content=\"pt_BR\" \/>\n<meta property=\"og:type\" content=\"article\" \/>\n<meta property=\"og:title\" content=\"CMDM discute pol\u00edticas voltadas para a sa\u00fade feminina\" \/>\n<meta property=\"og:description\" content=\"A Prefeitura de Manaus, por meio do CMDM, realizou, nesta quinta-feira, 25\/1, a 1\u00aa Audi\u00eancia P\u00fablica de Sa\u00fade da Mulher.\" \/>\n<meta property=\"og:url\" content=\"https:\/\/www.manaus.am.gov.br\/semasc\/conselho-municipal-dos-direitos-da-mulher-discute-politicas-voltadas-para-a-saude-feminina\/\" \/>\n<meta property=\"og:site_name\" content=\"SEMASC\" \/>\n<meta property=\"article:publisher\" content=\"https:\/\/www.facebook.com\/semascmanaus\" \/>\n<meta property=\"article:published_time\" content=\"2024-01-25T22:43:34+00:00\" \/>\n<meta property=\"article:modified_time\" content=\"2024-02-08T13:48:14+00:00\" \/>\n<meta property=\"og:image\" content=\"https:\/\/www.manaus.am.gov.br\/semasc\/wp-content\/uploads\/sites\/17\/2024\/01\/CMDM-2.jpeg\" \/>\n\t<meta property=\"og:image:width\" content=\"2440\" \/>\n\t<meta property=\"og:image:height\" content=\"1627\" \/>\n\t<meta property=\"og:image:type\" content=\"image\/jpeg\" \/>\n<meta name=\"author\" content=\"smonteiro\" \/>\n<meta name=\"twitter:card\" content=\"summary_large_image\" \/>\n<meta name=\"twitter:label1\" content=\"Written by\" \/>\n\t<meta name=\"twitter:data1\" content=\"smonteiro\" \/>\n\t<meta name=\"twitter:label2\" content=\"Est. reading time\" \/>\n\t<meta name=\"twitter:data2\" content=\"3 minutos\" \/>\n<script type=\"application\/ld+json\" class=\"yoast-schema-graph\">{\"@context\":\"https:\/\/schema.org\",\"@graph\":[{\"@type\":\"Article\",\"@id\":\"https:\/\/www.manaus.am.gov.br\/semasc\/conselho-municipal-dos-direitos-da-mulher-discute-politicas-voltadas-para-a-saude-feminina\/#article\",\"isPartOf\":{\"@id\":\"https:\/\/www.manaus.am.gov.br\/semasc\/conselho-municipal-dos-direitos-da-mulher-discute-politicas-voltadas-para-a-saude-feminina\/\"},\"author\":{\"name\":\"smonteiro\",\"@id\":\"https:\/\/www.manaus.am.gov.br\/semasc\/#\/schema\/person\/ab4dcf766a54dff74e8d267f5c591961\"},\"headline\":\"Conselho Municipal dos Direitos da Mulher discute pol\u00edticas voltadas para a sa\u00fade feminina\",\"datePublished\":\"2024-01-25T22:43:34+00:00\",\"dateModified\":\"2024-02-08T13:48:14+00:00\",\"mainEntityOfPage\":{\"@id\":\"https:\/\/www.manaus.am.gov.br\/semasc\/conselho-municipal-dos-direitos-da-mulher-discute-politicas-voltadas-para-a-saude-feminina\/\"},\"wordCount\":411,\"publisher\":{\"@id\":\"https:\/\/www.manaus.am.gov.br\/semasc\/#organization\"},\"image\":{\"@id\":\"https:\/\/www.manaus.am.gov.br\/semasc\/conselho-municipal-dos-direitos-da-mulher-discute-politicas-voltadas-para-a-saude-feminina\/#primaryimage\"},\"thumbnailUrl\":\"https:\/\/www.manaus.am.gov.br\/semasc\/wp-content\/uploads\/sites\/17\/2024\/01\/CMDM-2.jpeg\",\"keywords\":[\"CMDM\",\"prefeitura de manaus\",\"Semasc\"],\"articleSection\":[\"Conselho\"],\"inLanguage\":\"pt-BR\"},{\"@type\":\"WebPage\",\"@id\":\"https:\/\/www.manaus.am.gov.br\/semasc\/conselho-municipal-dos-direitos-da-mulher-discute-politicas-voltadas-para-a-saude-feminina\/\",\"url\":\"https:\/\/www.manaus.am.gov.br\/semasc\/conselho-municipal-dos-direitos-da-mulher-discute-politicas-voltadas-para-a-saude-feminina\/\",\"name\":\"CMDM discute pol\u00edticas voltadas para a sa\u00fade feminina\",\"isPartOf\":{\"@id\":\"https:\/\/www.manaus.am.gov.br\/semasc\/#website\"},\"primaryImageOfPage\":{\"@id\":\"https:\/\/www.manaus.am.gov.br\/semasc\/conselho-municipal-dos-direitos-da-mulher-discute-politicas-voltadas-para-a-saude-feminina\/#primaryimage\"},\"image\":{\"@id\":\"https:\/\/www.manaus.am.gov.br\/semasc\/conselho-municipal-dos-direitos-da-mulher-discute-politicas-voltadas-para-a-saude-feminina\/#primaryimage\"},\"thumbnailUrl\":\"https:\/\/www.manaus.am.gov.br\/semasc\/wp-content\/uploads\/sites\/17\/2024\/01\/CMDM-2.jpeg\",\"datePublished\":\"2024-01-25T22:43:34+00:00\",\"dateModified\":\"2024-02-08T13:48:14+00:00\",\"description\":\"A Prefeitura de Manaus, por meio do CMDM, realizou, nesta quinta-feira, 25\/1, a 1\u00aa Audi\u00eancia P\u00fablica de Sa\u00fade da Mulher.\",\"breadcrumb\":{\"@id\":\"https:\/\/www.manaus.am.gov.br\/semasc\/conselho-municipal-dos-direitos-da-mulher-discute-politicas-voltadas-para-a-saude-feminina\/#breadcrumb\"},\"inLanguage\":\"pt-BR\",\"potentialAction\":[{\"@type\":\"ReadAction\",\"target\":[\"https:\/\/www.manaus.am.gov.br\/semasc\/conselho-municipal-dos-direitos-da-mulher-discute-politicas-voltadas-para-a-saude-feminina\/\"]}]},{\"@type\":\"ImageObject\",\"inLanguage\":\"pt-BR\",\"@id\":\"https:\/\/www.manaus.am.gov.br\/semasc\/conselho-municipal-dos-direitos-da-mulher-discute-politicas-voltadas-para-a-saude-feminina\/#primaryimage\",\"url\":\"https:\/\/www.manaus.am.gov.br\/semasc\/wp-content\/uploads\/sites\/17\/2024\/01\/CMDM-2.jpeg\",\"contentUrl\":\"https:\/\/www.manaus.am.gov.br\/semasc\/wp-content\/uploads\/sites\/17\/2024\/01\/CMDM-2.jpeg\",\"width\":2440,\"height\":1627,\"caption\":\"#paratodosverem - reuni\u00e3o do CMDM\"},{\"@type\":\"BreadcrumbList\",\"@id\":\"https:\/\/www.manaus.am.gov.br\/semasc\/conselho-municipal-dos-direitos-da-mulher-discute-politicas-voltadas-para-a-saude-feminina\/#breadcrumb\",\"itemListElement\":[{\"@type\":\"ListItem\",\"position\":1,\"name\":\"Home\",\"item\":\"https:\/\/www.manaus.am.gov.br\/semasc\/\"},{\"@type\":\"ListItem\",\"position\":2,\"name\":\"Conselho Municipal dos Direitos da Mulher discute pol\u00edticas voltadas para a sa\u00fade feminina\"}]},{\"@type\":\"WebSite\",\"@id\":\"https:\/\/www.manaus.am.gov.br\/semasc\/#website\",\"url\":\"https:\/\/www.manaus.am.gov.br\/semasc\/\",\"name\":\"SEMASC\",\"description\":\"Secretaria Municipal da Mulher, Assist\u00eancia Social e Cidadania.\",\"publisher\":{\"@id\":\"https:\/\/www.manaus.am.gov.br\/semasc\/#organization\"},\"alternateName\":\"Secretaria Municipal da Mulher, Assist\u00eancia Social e Cidadania\",\"potentialAction\":[{\"@type\":\"SearchAction\",\"target\":{\"@type\":\"EntryPoint\",\"urlTemplate\":\"https:\/\/www.manaus.am.gov.br\/semasc\/?s={search_term_string}\"},\"query-input\":\"required name=search_term_string\"}],\"inLanguage\":\"pt-BR\"},{\"@type\":\"Organization\",\"@id\":\"https:\/\/www.manaus.am.gov.br\/semasc\/#organization\",\"name\":\"Prefeitura de Manaus\",\"alternateName\":\"Prefeitura Municipal de Manaus\",\"url\":\"https:\/\/www.manaus.am.gov.br\/semasc\/\",\"logo\":{\"@type\":\"ImageObject\",\"inLanguage\":\"pt-BR\",\"@id\":\"https:\/\/www.manaus.am.gov.br\/semasc\/#\/schema\/logo\/image\/\",\"url\":\"https:\/\/www.manaus.am.gov.br\/semasc\/wp-content\/uploads\/sites\/17\/2024\/07\/favicon.png\",\"contentUrl\":\"https:\/\/www.manaus.am.gov.br\/semasc\/wp-content\/uploads\/sites\/17\/2024\/07\/favicon.png\",\"width\":300,\"height\":300,\"caption\":\"Prefeitura de Manaus\"},\"image\":{\"@id\":\"https:\/\/www.manaus.am.gov.br\/semasc\/#\/schema\/logo\/image\/\"},\"sameAs\":[\"https:\/\/www.facebook.com\/semascmanaus\",\"https:\/\/www.instagram.com\/semascmanaus\/\"]},{\"@type\":\"Person\",\"@id\":\"https:\/\/www.manaus.am.gov.br\/semasc\/#\/schema\/person\/ab4dcf766a54dff74e8d267f5c591961\",\"name\":\"smonteiro\",\"image\":{\"@type\":\"ImageObject\",\"inLanguage\":\"pt-BR\",\"@id\":\"https:\/\/www.manaus.am.gov.br\/semasc\/#\/schema\/person\/image\/\",\"url\":\"https:\/\/secure.gravatar.com\/avatar\/21c8776ef61d9272c73322052e042d77?s=96&d=mm&r=g\",\"contentUrl\":\"https:\/\/secure.gravatar.com\/avatar\/21c8776ef61d9272c73322052e042d77?s=96&d=mm&r=g\",\"caption\":\"smonteiro\"}}]}<\/script>\n<!-- \/ Yoast SEO plugin. -->","yoast_head_json":{"title":"CMDM discute pol\u00edticas voltadas para a sa\u00fade feminina","description":"A Prefeitura de Manaus, por meio do CMDM, realizou, nesta quinta-feira, 25\/1, a 1\u00aa Audi\u00eancia P\u00fablica de Sa\u00fade da Mulher.","robots":{"index":"noindex","follow":"follow"},"og_locale":"pt_BR","og_type":"article","og_title":"CMDM discute pol\u00edticas voltadas para a sa\u00fade feminina","og_description":"A Prefeitura de Manaus, por meio do CMDM, realizou, nesta quinta-feira, 25\/1, a 1\u00aa Audi\u00eancia P\u00fablica de Sa\u00fade da Mulher.","og_url":"https:\/\/www.manaus.am.gov.br\/semasc\/conselho-municipal-dos-direitos-da-mulher-discute-politicas-voltadas-para-a-saude-feminina\/","og_site_name":"SEMASC","article_publisher":"https:\/\/www.facebook.com\/semascmanaus","article_published_time":"2024-01-25T22:43:34+00:00","article_modified_time":"2024-02-08T13:48:14+00:00","og_image":[{"width":2440,"height":1627,"url":"https:\/\/www.manaus.am.gov.br\/semasc\/wp-content\/uploads\/sites\/17\/2024\/01\/CMDM-2.jpeg","type":"image\/jpeg"}],"author":"smonteiro","twitter_card":"summary_large_image","twitter_misc":{"Written by":"smonteiro","Est. reading time":"3 minutos"},"schema":{"@context":"https:\/\/schema.org","@graph":[{"@type":"Article","@id":"https:\/\/www.manaus.am.gov.br\/semasc\/conselho-municipal-dos-direitos-da-mulher-discute-politicas-voltadas-para-a-saude-feminina\/#article","isPartOf":{"@id":"https:\/\/www.manaus.am.gov.br\/semasc\/conselho-municipal-dos-direitos-da-mulher-discute-politicas-voltadas-para-a-saude-feminina\/"},"author":{"name":"smonteiro","@id":"https:\/\/www.manaus.am.gov.br\/semasc\/#\/schema\/person\/ab4dcf766a54dff74e8d267f5c591961"},"headline":"Conselho Municipal dos Direitos da Mulher discute pol\u00edticas voltadas para a sa\u00fade feminina","datePublished":"2024-01-25T22:43:34+00:00","dateModified":"2024-02-08T13:48:14+00:00","mainEntityOfPage":{"@id":"https:\/\/www.manaus.am.gov.br\/semasc\/conselho-municipal-dos-direitos-da-mulher-discute-politicas-voltadas-para-a-saude-feminina\/"},"wordCount":411,"publisher":{"@id":"https:\/\/www.manaus.am.gov.br\/semasc\/#organization"},"image":{"@id":"https:\/\/www.manaus.am.gov.br\/semasc\/conselho-municipal-dos-direitos-da-mulher-discute-politicas-voltadas-para-a-saude-feminina\/#primaryimage"},"thumbnailUrl":"https:\/\/www.manaus.am.gov.br\/semasc\/wp-content\/uploads\/sites\/17\/2024\/01\/CMDM-2.jpeg","keywords":["CMDM","prefeitura de manaus","Semasc"],"articleSection":["Conselho"],"inLanguage":"pt-BR"},{"@type":"WebPage","@id":"https:\/\/www.manaus.am.gov.br\/semasc\/conselho-municipal-dos-direitos-da-mulher-discute-politicas-voltadas-para-a-saude-feminina\/","url":"https:\/\/www.manaus.am.gov.br\/semasc\/conselho-municipal-dos-direitos-da-mulher-discute-politicas-voltadas-para-a-saude-feminina\/","name":"CMDM discute pol\u00edticas voltadas para a sa\u00fade feminina","isPartOf":{"@id":"https:\/\/www.manaus.am.gov.br\/semasc\/#website"},"primaryImageOfPage":{"@id":"https:\/\/www.manaus.am.gov.br\/semasc\/conselho-municipal-dos-direitos-da-mulher-discute-politicas-voltadas-para-a-saude-feminina\/#primaryimage"},"image":{"@id":"https:\/\/www.manaus.am.gov.br\/semasc\/conselho-municipal-dos-direitos-da-mulher-discute-politicas-voltadas-para-a-saude-feminina\/#primaryimage"},"thumbnailUrl":"https:\/\/www.manaus.am.gov.br\/semasc\/wp-content\/uploads\/sites\/17\/2024\/01\/CMDM-2.jpeg","datePublished":"2024-01-25T22:43:34+00:00","dateModified":"2024-02-08T13:48:14+00:00","description":"A Prefeitura de Manaus, por meio do CMDM, realizou, nesta quinta-feira, 25\/1, a 1\u00aa Audi\u00eancia P\u00fablica de Sa\u00fade da Mulher.","breadcrumb":{"@id":"https:\/\/www.manaus.am.gov.br\/semasc\/conselho-municipal-dos-direitos-da-mulher-discute-politicas-voltadas-para-a-saude-feminina\/#breadcrumb"},"inLanguage":"pt-BR","potentialAction":[{"@type":"ReadAction","target":["https:\/\/www.manaus.am.gov.br\/semasc\/conselho-municipal-dos-direitos-da-mulher-discute-politicas-voltadas-para-a-saude-feminina\/"]}]},{"@type":"ImageObject","inLanguage":"pt-BR","@id":"https:\/\/www.manaus.am.gov.br\/semasc\/conselho-municipal-dos-direitos-da-mulher-discute-politicas-voltadas-para-a-saude-feminina\/#primaryimage","url":"https:\/\/www.manaus.am.gov.br\/semasc\/wp-content\/uploads\/sites\/17\/2024\/01\/CMDM-2.jpeg","contentUrl":"https:\/\/www.manaus.am.gov.br\/semasc\/wp-content\/uploads\/sites\/17\/2024\/01\/CMDM-2.jpeg","width":2440,"height":1627,"caption":"#paratodosverem - reuni\u00e3o do CMDM"},{"@type":"BreadcrumbList","@id":"https:\/\/www.manaus.am.gov.br\/semasc\/conselho-municipal-dos-direitos-da-mulher-discute-politicas-voltadas-para-a-saude-feminina\/#breadcrumb","itemListElement":[{"@type":"ListItem","position":1,"name":"Home","item":"https:\/\/www.manaus.am.gov.br\/semasc\/"},{"@type":"ListItem","position":2,"name":"Conselho Municipal dos Direitos da Mulher discute pol\u00edticas voltadas para a sa\u00fade feminina"}]},{"@type":"WebSite","@id":"https:\/\/www.manaus.am.gov.br\/semasc\/#website","url":"https:\/\/www.manaus.am.gov.br\/semasc\/","name":"SEMASC","description":"Secretaria Municipal da Mulher, Assist\u00eancia Social e Cidadania.","publisher":{"@id":"https:\/\/www.manaus.am.gov.br\/semasc\/#organization"},"alternateName":"Secretaria Municipal da Mulher, Assist\u00eancia Social e Cidadania","potentialAction":[{"@type":"SearchAction","target":{"@type":"EntryPoint","urlTemplate":"https:\/\/www.manaus.am.gov.br\/semasc\/?s={search_term_string}"},"query-input":"required name=search_term_string"}],"inLanguage":"pt-BR"},{"@type":"Organization","@id":"https:\/\/www.manaus.am.gov.br\/semasc\/#organization","name":"Prefeitura de Manaus","alternateName":"Prefeitura Municipal de Manaus","url":"https:\/\/www.manaus.am.gov.br\/semasc\/","logo":{"@type":"ImageObject","inLanguage":"pt-BR","@id":"https:\/\/www.manaus.am.gov.br\/semasc\/#\/schema\/logo\/image\/","url":"https:\/\/www.manaus.am.gov.br\/semasc\/wp-content\/uploads\/sites\/17\/2024\/07\/favicon.png","contentUrl":"https:\/\/www.manaus.am.gov.br\/semasc\/wp-content\/uploads\/sites\/17\/2024\/07\/favicon.png","width":300,"height":300,"caption":"Prefeitura de Manaus"},"image":{"@id":"https:\/\/www.manaus.am.gov.br\/semasc\/#\/schema\/logo\/image\/"},"sameAs":["https:\/\/www.facebook.com\/semascmanaus","https:\/\/www.instagram.com\/semascmanaus\/"]},{"@type":"Person","@id":"https:\/\/www.manaus.am.gov.br\/semasc\/#\/schema\/person\/ab4dcf766a54dff74e8d267f5c591961","name":"smonteiro","image":{"@type":"ImageObject","inLanguage":"pt-BR","@id":"https:\/\/www.manaus.am.gov.br\/semasc\/#\/schema\/person\/image\/","url":"https:\/\/secure.gravatar.com\/avatar\/21c8776ef61d9272c73322052e042d77?s=96&d=mm&r=g","contentUrl":"https:\/\/secure.gravatar.com\/avatar\/21c8776ef61d9272c73322052e042d77?s=96&d=mm&r=g","caption":"smonteiro"}}]}},"_links":{"self":[{"href":"https:\/\/www.manaus.am.gov.br\/semasc\/wp-json\/wp\/v2\/posts\/209771"}],"collection":[{"href":"https:\/\/www.manaus.am.gov.br\/semasc\/wp-json\/wp\/v2\/posts"}],"about":[{"href":"https:\/\/www.manaus.am.gov.br\/semasc\/wp-json\/wp\/v2\/types\/post"}],"author":[{"embeddable":true,"href":"https:\/\/www.manaus.am.gov.br\/semasc\/wp-json\/wp\/v2\/users\/61"}],"replies":[{"embeddable":true,"href":"https:\/\/www.manaus.am.gov.br\/semasc\/wp-json\/wp\/v2\/comments?post=209771"}],"version-history":[{"count":1,"href":"https:\/\/www.manaus.am.gov.br\/semasc\/wp-json\/wp\/v2\/posts\/209771\/revisions"}],"predecessor-version":[{"id":209804,"href":"https:\/\/www.manaus.am.gov.br\/semasc\/wp-json\/wp\/v2\/posts\/209771\/revisions\/209804"}],"wp:featuredmedia":[{"embeddable":true,"href":"https:\/\/www.manaus.am.gov.br\/semasc\/wp-json\/wp\/v2\/media\/209772"}],"wp:attachment":[{"href":"https:\/\/www.manaus.am.gov.br\/semasc\/wp-json\/wp\/v2\/media?parent=209771"}],"wp:term":[{"taxonomy":"category","embeddable":true,"href":"https:\/\/www.manaus.am.gov.br\/semasc\/wp-json\/wp\/v2\/categories?post=209771"},{"taxonomy":"post_tag","embeddable":true,"href":"https:\/\/www.manaus.am.gov.br\/semasc\/wp-json\/wp\/v2\/tags?post=209771"}],"curies":[{"name":"wp","href":"https:\/\/api.w.org\/{rel}","templated":true}]}}