{"id":209753,"date":"2024-01-23T13:38:40","date_gmt":"2024-01-23T17:38:40","guid":{"rendered":"https:\/\/www.manaus.am.gov.br\/semasc\/prefeito-entrega-cras-totalmente-revitalizado-aos-moradores-do-bairro-colonia-terra-nova\/"},"modified":"2024-02-08T09:16:07","modified_gmt":"2024-02-08T13:16:07","slug":"prefeito-entrega-cras-totalmente-revitalizado-aos-moradores-do-bairro-colonia-terra-nova","status":"publish","type":"post","link":"https:\/\/www.manaus.am.gov.br\/semasc\/prefeito-entrega-cras-totalmente-revitalizado-aos-moradores-do-bairro-colonia-terra-nova\/","title":{"rendered":"Prefeito entrega Cras totalmente revitalizado aos moradores do bairro Col\u00f4nia Terra Nova"},"content":{"rendered":"\n<p>O prefeito de Manaus, David Almeida, reinaugurou, nesta ter\u00e7a-feira, 23\/1, o Centro de Refer\u00eancia de Assist\u00eancia Social (Cras) Terra Nova, localizado na avenida Itapemirim, n\u00ba 230, no bairro Col\u00f4nia Terra Nova, zona Norte da capital. A cerim\u00f4nia marcou a entrega de um espa\u00e7o totalmente revitalizado, proporcionando um ambiente mais confort\u00e1vel, seguro e digno para usu\u00e1rios e servidores.<\/p>\n\n\n\n<p>O equipamento social, gerenciado pela Secretaria Municipal da Mulher, Assist\u00eancia Social e Cidadania (Semasc), passou por uma abrangente reforma, incluindo melhorias nos ambientes internos e externos.<\/p>\n\n\n\n<p>\u201cEsta \u00e9 a d\u00e9cima terceira, das 22 estruturas de assist\u00eancia social que estamos reformando. Este equipamento ir\u00e1 beneficiar mais de 38 mil fam\u00edlias, abrangendo diversas comunidades e bairros. Ao vir aqui, prometi a reforma e a melhoria desse espa\u00e7o nos padr\u00f5es de qualidade da Prefeitura de Manaus. Este local \u00e9 um ponto di\u00e1rio de acolhimento, porta de entrada da assist\u00eancia social para aqueles que mais necessitam. As pessoas em situa\u00e7\u00e3o de vulnerabilidade precisam de um ambiente de qualidade para serem atendidas, e essa foi nossa determina\u00e7\u00e3o\u201d, enfatizou o chefe do Executivo municipal.<\/p>\n\n\n\n<figure class=\"wp-block-image size-large\"><img loading=\"lazy\" decoding=\"async\" width=\"1024\" height=\"683\" src=\"https:\/\/www.manaus.am.gov.br\/semasc\/wp-content\/uploads\/sites\/17\/2024\/01\/53482686194_4cbe171c9d_k-1024x683.jpg\" alt=\"\" class=\"wp-image-209756\" srcset=\"https:\/\/www.manaus.am.gov.br\/semasc\/wp-content\/uploads\/sites\/17\/2024\/01\/53482686194_4cbe171c9d_k-1024x683.jpg 1024w, https:\/\/www.manaus.am.gov.br\/semasc\/wp-content\/uploads\/sites\/17\/2024\/01\/53482686194_4cbe171c9d_k-300x200.jpg 300w, https:\/\/www.manaus.am.gov.br\/semasc\/wp-content\/uploads\/sites\/17\/2024\/01\/53482686194_4cbe171c9d_k-768x512.jpg 768w, https:\/\/www.manaus.am.gov.br\/semasc\/wp-content\/uploads\/sites\/17\/2024\/01\/53482686194_4cbe171c9d_k-1536x1024.jpg 1536w, https:\/\/www.manaus.am.gov.br\/semasc\/wp-content\/uploads\/sites\/17\/2024\/01\/53482686194_4cbe171c9d_k.jpg 2048w\" sizes=\"(max-width: 1024px) 100vw, 1024px\" \/><\/figure>\n\n\n\n<p>Entre as melhorias no espa\u00e7o, foram efetuadas as trocas de pisos e revestimentos cer\u00e2micos nos banheiros, acompanhadas da substitui\u00e7\u00e3o de lou\u00e7as sanit\u00e1rias, acess\u00f3rios e metais; servi\u00e7os el\u00e9tricos, hidr\u00e1ulicos e o refor\u00e7o da seguran\u00e7a; al\u00e9m da substitui\u00e7\u00e3o das telhas, divis\u00f3rias e forro.<\/p>\n\n\n\n<p>\u201cReinaugurar o Cras Terra Nova \u00e9 reduzir a vulnerabilidade social promovendo o desenvolvimento atrav\u00e9s do atendimento humanit\u00e1rio que o Cras desempenha. Hoje, a popula\u00e7\u00e3o do bairro Terra Nova recebe uma unidade inteiramente revitalizada, ap\u00f3s anos de abandono\u201d, disse o vice-prefeito e secret\u00e1rio-chefe da Casa Civil, Marcos Rotta.<\/p>\n\n\n\n<p>Para o titular da Semasc, Eduardo Lucas, a presen\u00e7a do Cras na comunidade \u00e9 motivo de grande felicidade. Ele destaca ainda a import\u00e2ncia desse equipamento na pol\u00edtica de assist\u00eancia social, que por ser da comunidade a conquista \u00e9 ainda mais significativa.<\/p>\n\n\n\n<p>\u201cA comunidade reivindicou, levei essa demanda ao prefeito, que veio aqui, enfrentamos obst\u00e1culos, pois alguns empres\u00e1rios n\u00e3o queriam que sa\u00edssemos de l\u00e1, fam\u00edlias que haviam ocupado o pr\u00e9dio h\u00e1 mais de oito anos resistiam \u00e0 nossa entrada. Agora, as pessoas ser\u00e3o atendidas praticamente na porta de casa, tendo acesso ao Cadastro \u00danico, Bolsa Fam\u00edlia, BPC, e servi\u00e7os de conviv\u00eancia e fortalecimento de v\u00ednculos\u201d, afirmou o secret\u00e1rio.<\/p>\n\n\n\n<p>Este representa o 13\u00ba equipamento revitalizado, fruto de emendas parlamentares concedidas pelo ent\u00e3o deputado federal Marcelo Ramos, totalizando um investimento aproximado de R$ 5 milh\u00f5es, em junho de 2022. Al\u00e9m dos 12 Cras, uma unidade do Centro de Refer\u00eancia Especializado de Assist\u00eancia Social (Creas) tamb\u00e9m foi submetida a um processo abrangente de revitaliza\u00e7\u00e3o.<\/p>\n\n\n\n<p>&#8212; &#8212; &#8212;<\/p>\n\n\n\n<p><strong>Texto \u2013 <\/strong>La\u00eds Fernandes \/ Semcom<\/p>\n\n\n\n<p><strong>Fotos \u2013 <\/strong>Valdo Le\u00e3o \/ Semcom e Antonio Pereira \/ Casa Civil<\/p>\n\n\n\n<p><strong>Dispon\u00edveis em &#8211;<\/strong> <a href=\"https:\/\/flic.kr\/s\/aHBqjBbsVA\">https:\/\/flic.kr\/s\/aHBqjBbsVA<\/a><\/p>\n","protected":false},"excerpt":{"rendered":"","protected":false},"author":39,"featured_media":209754,"comment_status":"closed","ping_status":"closed","sticky":false,"template":"","format":"standard","meta":{"footnotes":""},"categories":[34],"tags":[895,896,897,274,898,899,7,18,86],"acf":[],"yoast_head":"<!-- This site is optimized with the Yoast SEO plugin v23.0 - https:\/\/yoast.com\/wordpress\/plugins\/seo\/ -->\n<title>Prefeito entrega Cras totalmente revitalizado no Col\u00f4nia Terra Nova<\/title>\n<meta name=\"description\" content=\"Prefeito David Almeida entrega Cras totalmente revitalizado aos moradores do bairro Col\u00f4nia Terra Nova, zona Norte.\" \/>\n<meta name=\"robots\" content=\"noindex, follow\" \/>\n<meta property=\"og:locale\" content=\"pt_BR\" \/>\n<meta property=\"og:type\" content=\"article\" \/>\n<meta property=\"og:title\" content=\"Prefeito entrega Cras totalmente revitalizado no Col\u00f4nia Terra Nova\" \/>\n<meta property=\"og:description\" content=\"Prefeito David Almeida entrega Cras totalmente revitalizado aos moradores do bairro Col\u00f4nia Terra Nova, zona Norte.\" \/>\n<meta property=\"og:url\" content=\"https:\/\/www.manaus.am.gov.br\/semasc\/prefeito-entrega-cras-totalmente-revitalizado-aos-moradores-do-bairro-colonia-terra-nova\/\" \/>\n<meta property=\"og:site_name\" content=\"SEMASC\" \/>\n<meta property=\"article:publisher\" content=\"https:\/\/www.facebook.com\/semascmanaus\" \/>\n<meta property=\"article:published_time\" content=\"2024-01-23T17:38:40+00:00\" \/>\n<meta property=\"article:modified_time\" content=\"2024-02-08T13:16:07+00:00\" \/>\n<meta property=\"og:image\" content=\"https:\/\/www.manaus.am.gov.br\/semasc\/wp-content\/uploads\/sites\/17\/2024\/01\/53483068010_8a3edd6a0f_k.jpg\" \/>\n\t<meta property=\"og:image:width\" content=\"2047\" \/>\n\t<meta property=\"og:image:height\" content=\"1365\" \/>\n\t<meta property=\"og:image:type\" content=\"image\/jpeg\" \/>\n<meta name=\"author\" content=\"Bruna Greco\" \/>\n<meta name=\"twitter:card\" content=\"summary_large_image\" \/>\n<meta name=\"twitter:label1\" content=\"Written by\" \/>\n\t<meta name=\"twitter:data1\" content=\"Bruna Greco\" \/>\n\t<meta name=\"twitter:label2\" content=\"Est. reading time\" \/>\n\t<meta name=\"twitter:data2\" content=\"3 minutos\" \/>\n<script type=\"application\/ld+json\" class=\"yoast-schema-graph\">{\"@context\":\"https:\/\/schema.org\",\"@graph\":[{\"@type\":\"Article\",\"@id\":\"https:\/\/www.manaus.am.gov.br\/semasc\/prefeito-entrega-cras-totalmente-revitalizado-aos-moradores-do-bairro-colonia-terra-nova\/#article\",\"isPartOf\":{\"@id\":\"https:\/\/www.manaus.am.gov.br\/semasc\/prefeito-entrega-cras-totalmente-revitalizado-aos-moradores-do-bairro-colonia-terra-nova\/\"},\"author\":{\"name\":\"Bruna Greco\",\"@id\":\"https:\/\/www.manaus.am.gov.br\/semasc\/#\/schema\/person\/05d223aea2bf115f9883a6ff3683d81b\"},\"headline\":\"Prefeito entrega Cras totalmente revitalizado aos moradores do bairro Col\u00f4nia Terra Nova\",\"datePublished\":\"2024-01-23T17:38:40+00:00\",\"dateModified\":\"2024-02-08T13:16:07+00:00\",\"mainEntityOfPage\":{\"@id\":\"https:\/\/www.manaus.am.gov.br\/semasc\/prefeito-entrega-cras-totalmente-revitalizado-aos-moradores-do-bairro-colonia-terra-nova\/\"},\"wordCount\":509,\"publisher\":{\"@id\":\"https:\/\/www.manaus.am.gov.br\/semasc\/#organization\"},\"image\":{\"@id\":\"https:\/\/www.manaus.am.gov.br\/semasc\/prefeito-entrega-cras-totalmente-revitalizado-aos-moradores-do-bairro-colonia-terra-nova\/#primaryimage\"},\"thumbnailUrl\":\"https:\/\/www.manaus.am.gov.br\/semasc\/wp-content\/uploads\/sites\/17\/2024\/01\/53483068010_8a3edd6a0f_k.jpg\",\"keywords\":[\"13\u00ba equipamento revitalizado\",\"bairro Col\u00f4nia Terra Nova\",\"Cras Terra Nova\",\"David Almeida\",\"fruto de emendas parlamentares\",\"investimento aproximado de R$ 5 milh\u00f5es\",\"prefeitura de manaus\",\"Semasc\",\"zona norte\"],\"articleSection\":[\"Assist\u00eancia Social\"],\"inLanguage\":\"pt-BR\"},{\"@type\":\"WebPage\",\"@id\":\"https:\/\/www.manaus.am.gov.br\/semasc\/prefeito-entrega-cras-totalmente-revitalizado-aos-moradores-do-bairro-colonia-terra-nova\/\",\"url\":\"https:\/\/www.manaus.am.gov.br\/semasc\/prefeito-entrega-cras-totalmente-revitalizado-aos-moradores-do-bairro-colonia-terra-nova\/\",\"name\":\"Prefeito entrega Cras totalmente revitalizado no Col\u00f4nia Terra Nova\",\"isPartOf\":{\"@id\":\"https:\/\/www.manaus.am.gov.br\/semasc\/#website\"},\"primaryImageOfPage\":{\"@id\":\"https:\/\/www.manaus.am.gov.br\/semasc\/prefeito-entrega-cras-totalmente-revitalizado-aos-moradores-do-bairro-colonia-terra-nova\/#primaryimage\"},\"image\":{\"@id\":\"https:\/\/www.manaus.am.gov.br\/semasc\/prefeito-entrega-cras-totalmente-revitalizado-aos-moradores-do-bairro-colonia-terra-nova\/#primaryimage\"},\"thumbnailUrl\":\"https:\/\/www.manaus.am.gov.br\/semasc\/wp-content\/uploads\/sites\/17\/2024\/01\/53483068010_8a3edd6a0f_k.jpg\",\"datePublished\":\"2024-01-23T17:38:40+00:00\",\"dateModified\":\"2024-02-08T13:16:07+00:00\",\"description\":\"Prefeito David Almeida entrega Cras totalmente revitalizado aos moradores do bairro Col\u00f4nia Terra Nova, zona Norte.\",\"breadcrumb\":{\"@id\":\"https:\/\/www.manaus.am.gov.br\/semasc\/prefeito-entrega-cras-totalmente-revitalizado-aos-moradores-do-bairro-colonia-terra-nova\/#breadcrumb\"},\"inLanguage\":\"pt-BR\",\"potentialAction\":[{\"@type\":\"ReadAction\",\"target\":[\"https:\/\/www.manaus.am.gov.br\/semasc\/prefeito-entrega-cras-totalmente-revitalizado-aos-moradores-do-bairro-colonia-terra-nova\/\"]}]},{\"@type\":\"ImageObject\",\"inLanguage\":\"pt-BR\",\"@id\":\"https:\/\/www.manaus.am.gov.br\/semasc\/prefeito-entrega-cras-totalmente-revitalizado-aos-moradores-do-bairro-colonia-terra-nova\/#primaryimage\",\"url\":\"https:\/\/www.manaus.am.gov.br\/semasc\/wp-content\/uploads\/sites\/17\/2024\/01\/53483068010_8a3edd6a0f_k.jpg\",\"contentUrl\":\"https:\/\/www.manaus.am.gov.br\/semasc\/wp-content\/uploads\/sites\/17\/2024\/01\/53483068010_8a3edd6a0f_k.jpg\",\"width\":2047,\"height\":1365,\"caption\":\"#paratodosverem - Prefeito de Manaus, David Almeida, acompanhado do vice-prefeito Marcos Rotta e secretariado municipal, durante descerramento de placa da entrega do Cras Terra Nova\"},{\"@type\":\"BreadcrumbList\",\"@id\":\"https:\/\/www.manaus.am.gov.br\/semasc\/prefeito-entrega-cras-totalmente-revitalizado-aos-moradores-do-bairro-colonia-terra-nova\/#breadcrumb\",\"itemListElement\":[{\"@type\":\"ListItem\",\"position\":1,\"name\":\"Home\",\"item\":\"https:\/\/www.manaus.am.gov.br\/semasc\/\"},{\"@type\":\"ListItem\",\"position\":2,\"name\":\"Prefeito entrega Cras totalmente revitalizado aos moradores do bairro Col\u00f4nia Terra Nova\"}]},{\"@type\":\"WebSite\",\"@id\":\"https:\/\/www.manaus.am.gov.br\/semasc\/#website\",\"url\":\"https:\/\/www.manaus.am.gov.br\/semasc\/\",\"name\":\"SEMASC\",\"description\":\"Secretaria Municipal da Mulher, Assist\u00eancia Social e Cidadania.\",\"publisher\":{\"@id\":\"https:\/\/www.manaus.am.gov.br\/semasc\/#organization\"},\"alternateName\":\"Secretaria Municipal da Mulher, Assist\u00eancia Social e Cidadania\",\"potentialAction\":[{\"@type\":\"SearchAction\",\"target\":{\"@type\":\"EntryPoint\",\"urlTemplate\":\"https:\/\/www.manaus.am.gov.br\/semasc\/?s={search_term_string}\"},\"query-input\":\"required name=search_term_string\"}],\"inLanguage\":\"pt-BR\"},{\"@type\":\"Organization\",\"@id\":\"https:\/\/www.manaus.am.gov.br\/semasc\/#organization\",\"name\":\"Prefeitura de Manaus\",\"alternateName\":\"Prefeitura Municipal de Manaus\",\"url\":\"https:\/\/www.manaus.am.gov.br\/semasc\/\",\"logo\":{\"@type\":\"ImageObject\",\"inLanguage\":\"pt-BR\",\"@id\":\"https:\/\/www.manaus.am.gov.br\/semasc\/#\/schema\/logo\/image\/\",\"url\":\"https:\/\/www.manaus.am.gov.br\/semasc\/wp-content\/uploads\/sites\/17\/2024\/07\/favicon.png\",\"contentUrl\":\"https:\/\/www.manaus.am.gov.br\/semasc\/wp-content\/uploads\/sites\/17\/2024\/07\/favicon.png\",\"width\":300,\"height\":300,\"caption\":\"Prefeitura de Manaus\"},\"image\":{\"@id\":\"https:\/\/www.manaus.am.gov.br\/semasc\/#\/schema\/logo\/image\/\"},\"sameAs\":[\"https:\/\/www.facebook.com\/semascmanaus\",\"https:\/\/www.instagram.com\/semascmanaus\/\"]},{\"@type\":\"Person\",\"@id\":\"https:\/\/www.manaus.am.gov.br\/semasc\/#\/schema\/person\/05d223aea2bf115f9883a6ff3683d81b\",\"name\":\"Bruna Greco\",\"image\":{\"@type\":\"ImageObject\",\"inLanguage\":\"pt-BR\",\"@id\":\"https:\/\/www.manaus.am.gov.br\/semasc\/#\/schema\/person\/image\/\",\"url\":\"https:\/\/secure.gravatar.com\/avatar\/9c877d1a6adc2a055330e5c09a8653ce?s=96&d=mm&r=g\",\"contentUrl\":\"https:\/\/secure.gravatar.com\/avatar\/9c877d1a6adc2a055330e5c09a8653ce?s=96&d=mm&r=g\",\"caption\":\"Bruna Greco\"}}]}<\/script>\n<!-- \/ Yoast SEO plugin. -->","yoast_head_json":{"title":"Prefeito entrega Cras totalmente revitalizado no Col\u00f4nia Terra Nova","description":"Prefeito David Almeida entrega Cras totalmente revitalizado aos moradores do bairro Col\u00f4nia Terra Nova, zona Norte.","robots":{"index":"noindex","follow":"follow"},"og_locale":"pt_BR","og_type":"article","og_title":"Prefeito entrega Cras totalmente revitalizado no Col\u00f4nia Terra Nova","og_description":"Prefeito David Almeida entrega Cras totalmente revitalizado aos moradores do bairro Col\u00f4nia Terra Nova, zona Norte.","og_url":"https:\/\/www.manaus.am.gov.br\/semasc\/prefeito-entrega-cras-totalmente-revitalizado-aos-moradores-do-bairro-colonia-terra-nova\/","og_site_name":"SEMASC","article_publisher":"https:\/\/www.facebook.com\/semascmanaus","article_published_time":"2024-01-23T17:38:40+00:00","article_modified_time":"2024-02-08T13:16:07+00:00","og_image":[{"width":2047,"height":1365,"url":"https:\/\/www.manaus.am.gov.br\/semasc\/wp-content\/uploads\/sites\/17\/2024\/01\/53483068010_8a3edd6a0f_k.jpg","type":"image\/jpeg"}],"author":"Bruna Greco","twitter_card":"summary_large_image","twitter_misc":{"Written by":"Bruna Greco","Est. reading time":"3 minutos"},"schema":{"@context":"https:\/\/schema.org","@graph":[{"@type":"Article","@id":"https:\/\/www.manaus.am.gov.br\/semasc\/prefeito-entrega-cras-totalmente-revitalizado-aos-moradores-do-bairro-colonia-terra-nova\/#article","isPartOf":{"@id":"https:\/\/www.manaus.am.gov.br\/semasc\/prefeito-entrega-cras-totalmente-revitalizado-aos-moradores-do-bairro-colonia-terra-nova\/"},"author":{"name":"Bruna Greco","@id":"https:\/\/www.manaus.am.gov.br\/semasc\/#\/schema\/person\/05d223aea2bf115f9883a6ff3683d81b"},"headline":"Prefeito entrega Cras totalmente revitalizado aos moradores do bairro Col\u00f4nia Terra Nova","datePublished":"2024-01-23T17:38:40+00:00","dateModified":"2024-02-08T13:16:07+00:00","mainEntityOfPage":{"@id":"https:\/\/www.manaus.am.gov.br\/semasc\/prefeito-entrega-cras-totalmente-revitalizado-aos-moradores-do-bairro-colonia-terra-nova\/"},"wordCount":509,"publisher":{"@id":"https:\/\/www.manaus.am.gov.br\/semasc\/#organization"},"image":{"@id":"https:\/\/www.manaus.am.gov.br\/semasc\/prefeito-entrega-cras-totalmente-revitalizado-aos-moradores-do-bairro-colonia-terra-nova\/#primaryimage"},"thumbnailUrl":"https:\/\/www.manaus.am.gov.br\/semasc\/wp-content\/uploads\/sites\/17\/2024\/01\/53483068010_8a3edd6a0f_k.jpg","keywords":["13\u00ba equipamento revitalizado","bairro Col\u00f4nia Terra Nova","Cras Terra Nova","David Almeida","fruto de emendas parlamentares","investimento aproximado de R$ 5 milh\u00f5es","prefeitura de manaus","Semasc","zona norte"],"articleSection":["Assist\u00eancia Social"],"inLanguage":"pt-BR"},{"@type":"WebPage","@id":"https:\/\/www.manaus.am.gov.br\/semasc\/prefeito-entrega-cras-totalmente-revitalizado-aos-moradores-do-bairro-colonia-terra-nova\/","url":"https:\/\/www.manaus.am.gov.br\/semasc\/prefeito-entrega-cras-totalmente-revitalizado-aos-moradores-do-bairro-colonia-terra-nova\/","name":"Prefeito entrega Cras totalmente revitalizado no Col\u00f4nia Terra Nova","isPartOf":{"@id":"https:\/\/www.manaus.am.gov.br\/semasc\/#website"},"primaryImageOfPage":{"@id":"https:\/\/www.manaus.am.gov.br\/semasc\/prefeito-entrega-cras-totalmente-revitalizado-aos-moradores-do-bairro-colonia-terra-nova\/#primaryimage"},"image":{"@id":"https:\/\/www.manaus.am.gov.br\/semasc\/prefeito-entrega-cras-totalmente-revitalizado-aos-moradores-do-bairro-colonia-terra-nova\/#primaryimage"},"thumbnailUrl":"https:\/\/www.manaus.am.gov.br\/semasc\/wp-content\/uploads\/sites\/17\/2024\/01\/53483068010_8a3edd6a0f_k.jpg","datePublished":"2024-01-23T17:38:40+00:00","dateModified":"2024-02-08T13:16:07+00:00","description":"Prefeito David Almeida entrega Cras totalmente revitalizado aos moradores do bairro Col\u00f4nia Terra Nova, zona Norte.","breadcrumb":{"@id":"https:\/\/www.manaus.am.gov.br\/semasc\/prefeito-entrega-cras-totalmente-revitalizado-aos-moradores-do-bairro-colonia-terra-nova\/#breadcrumb"},"inLanguage":"pt-BR","potentialAction":[{"@type":"ReadAction","target":["https:\/\/www.manaus.am.gov.br\/semasc\/prefeito-entrega-cras-totalmente-revitalizado-aos-moradores-do-bairro-colonia-terra-nova\/"]}]},{"@type":"ImageObject","inLanguage":"pt-BR","@id":"https:\/\/www.manaus.am.gov.br\/semasc\/prefeito-entrega-cras-totalmente-revitalizado-aos-moradores-do-bairro-colonia-terra-nova\/#primaryimage","url":"https:\/\/www.manaus.am.gov.br\/semasc\/wp-content\/uploads\/sites\/17\/2024\/01\/53483068010_8a3edd6a0f_k.jpg","contentUrl":"https:\/\/www.manaus.am.gov.br\/semasc\/wp-content\/uploads\/sites\/17\/2024\/01\/53483068010_8a3edd6a0f_k.jpg","width":2047,"height":1365,"caption":"#paratodosverem - Prefeito de Manaus, David Almeida, acompanhado do vice-prefeito Marcos Rotta e secretariado municipal, durante descerramento de placa da entrega do Cras Terra Nova"},{"@type":"BreadcrumbList","@id":"https:\/\/www.manaus.am.gov.br\/semasc\/prefeito-entrega-cras-totalmente-revitalizado-aos-moradores-do-bairro-colonia-terra-nova\/#breadcrumb","itemListElement":[{"@type":"ListItem","position":1,"name":"Home","item":"https:\/\/www.manaus.am.gov.br\/semasc\/"},{"@type":"ListItem","position":2,"name":"Prefeito entrega Cras totalmente revitalizado aos moradores do bairro Col\u00f4nia Terra Nova"}]},{"@type":"WebSite","@id":"https:\/\/www.manaus.am.gov.br\/semasc\/#website","url":"https:\/\/www.manaus.am.gov.br\/semasc\/","name":"SEMASC","description":"Secretaria Municipal da Mulher, Assist\u00eancia Social e Cidadania.","publisher":{"@id":"https:\/\/www.manaus.am.gov.br\/semasc\/#organization"},"alternateName":"Secretaria Municipal da Mulher, Assist\u00eancia Social e Cidadania","potentialAction":[{"@type":"SearchAction","target":{"@type":"EntryPoint","urlTemplate":"https:\/\/www.manaus.am.gov.br\/semasc\/?s={search_term_string}"},"query-input":"required name=search_term_string"}],"inLanguage":"pt-BR"},{"@type":"Organization","@id":"https:\/\/www.manaus.am.gov.br\/semasc\/#organization","name":"Prefeitura de Manaus","alternateName":"Prefeitura Municipal de Manaus","url":"https:\/\/www.manaus.am.gov.br\/semasc\/","logo":{"@type":"ImageObject","inLanguage":"pt-BR","@id":"https:\/\/www.manaus.am.gov.br\/semasc\/#\/schema\/logo\/image\/","url":"https:\/\/www.manaus.am.gov.br\/semasc\/wp-content\/uploads\/sites\/17\/2024\/07\/favicon.png","contentUrl":"https:\/\/www.manaus.am.gov.br\/semasc\/wp-content\/uploads\/sites\/17\/2024\/07\/favicon.png","width":300,"height":300,"caption":"Prefeitura de Manaus"},"image":{"@id":"https:\/\/www.manaus.am.gov.br\/semasc\/#\/schema\/logo\/image\/"},"sameAs":["https:\/\/www.facebook.com\/semascmanaus","https:\/\/www.instagram.com\/semascmanaus\/"]},{"@type":"Person","@id":"https:\/\/www.manaus.am.gov.br\/semasc\/#\/schema\/person\/05d223aea2bf115f9883a6ff3683d81b","name":"Bruna Greco","image":{"@type":"ImageObject","inLanguage":"pt-BR","@id":"https:\/\/www.manaus.am.gov.br\/semasc\/#\/schema\/person\/image\/","url":"https:\/\/secure.gravatar.com\/avatar\/9c877d1a6adc2a055330e5c09a8653ce?s=96&d=mm&r=g","contentUrl":"https:\/\/secure.gravatar.com\/avatar\/9c877d1a6adc2a055330e5c09a8653ce?s=96&d=mm&r=g","caption":"Bruna Greco"}}]}},"_links":{"self":[{"href":"https:\/\/www.manaus.am.gov.br\/semasc\/wp-json\/wp\/v2\/posts\/209753"}],"collection":[{"href":"https:\/\/www.manaus.am.gov.br\/semasc\/wp-json\/wp\/v2\/posts"}],"about":[{"href":"https:\/\/www.manaus.am.gov.br\/semasc\/wp-json\/wp\/v2\/types\/post"}],"author":[{"embeddable":true,"href":"https:\/\/www.manaus.am.gov.br\/semasc\/wp-json\/wp\/v2\/users\/39"}],"replies":[{"embeddable":true,"href":"https:\/\/www.manaus.am.gov.br\/semasc\/wp-json\/wp\/v2\/comments?post=209753"}],"version-history":[{"count":2,"href":"https:\/\/www.manaus.am.gov.br\/semasc\/wp-json\/wp\/v2\/posts\/209753\/revisions"}],"predecessor-version":[{"id":209757,"href":"https:\/\/www.manaus.am.gov.br\/semasc\/wp-json\/wp\/v2\/posts\/209753\/revisions\/209757"}],"wp:featuredmedia":[{"embeddable":true,"href":"https:\/\/www.manaus.am.gov.br\/semasc\/wp-json\/wp\/v2\/media\/209754"}],"wp:attachment":[{"href":"https:\/\/www.manaus.am.gov.br\/semasc\/wp-json\/wp\/v2\/media?parent=209753"}],"wp:term":[{"taxonomy":"category","embeddable":true,"href":"https:\/\/www.manaus.am.gov.br\/semasc\/wp-json\/wp\/v2\/categories?post=209753"},{"taxonomy":"post_tag","embeddable":true,"href":"https:\/\/www.manaus.am.gov.br\/semasc\/wp-json\/wp\/v2\/tags?post=209753"}],"curies":[{"name":"wp","href":"https:\/\/api.w.org\/{rel}","templated":true}]}}