{"id":209742,"date":"2024-01-22T13:42:31","date_gmt":"2024-01-22T17:42:31","guid":{"rendered":"https:\/\/www.manaus.am.gov.br\/semasc\/prefeito-empossa-novos-conselheiros-tutelares-para-o-quadrienio-2024-2027\/"},"modified":"2024-02-08T09:11:37","modified_gmt":"2024-02-08T13:11:37","slug":"prefeito-empossa-novos-conselheiros-tutelares-para-o-quadrienio-2024-2027","status":"publish","type":"post","link":"https:\/\/www.manaus.am.gov.br\/semasc\/prefeito-empossa-novos-conselheiros-tutelares-para-o-quadrienio-2024-2027\/","title":{"rendered":"Prefeito empossa novos conselheiros tutelares para o quadri\u00eanio 2024\/2027"},"content":{"rendered":"\n<p>Para fortalecer o sistema de prote\u00e7\u00e3o \u00e0 inf\u00e2ncia e adolesc\u00eancia em Manaus, o prefeito David Almeida deu posse, na manh\u00e3 desta segunda-feira, 22\/1, aos novos 50 conselheiros tutelares eleitos pelo munic\u00edpio para o quadri\u00eanio 2024\/2027. A cerim\u00f4nia realizada por meio da Secretaria Municipal da Mulher, Assist\u00eancia Social e Cidadania (Semasc), e do Conselho Municipal dos Direitos da Crian\u00e7a e do Adolescente (CMDCA), aconteceu no audit\u00f3rio Isabel Victoria de Mattos Pereira do Carmo Ribeiro, na sede da Prefeitura de Manaus, no bairro Compensa, zona Oeste.<\/p>\n\n\n\n<p>O chefe do Executivo municipal destacou que a solenidade foi remarcada ap\u00f3s o ministro Og Fernandes, vice-presidente do Superior Tribunal de Justi\u00e7a (STJ) e presidente em exerc\u00edcio da pasta, assinar e publicar, a Suspens\u00e3o de Liminar referente \u00e0 decis\u00e3o judicial, que impossibilitava a realiza\u00e7\u00e3o da solenidade de posse dos Conselheiros Tutelares.<\/p>\n\n\n\n<p>\u201cHoje \u00e9 um dia importante, o munic\u00edpio de Manaus era o \u00fanico que ainda n\u00e3o tinha empossado os seus conselheiros, e atrav\u00e9s de uma decis\u00e3o do STJ, hoje n\u00f3s estamos empossando esses conselheiros, esquecendo o que passou, esquecendo os dias de preju\u00edzo. Agora, n\u00f3s olhamos para frente para que possamos trabalhar a quest\u00e3o da defesa e dos direitos da crian\u00e7a e adolescentes. Parabenizamos os conselheiros pelo trabalho que eles fizeram, desejando o sucesso da sua oportunidade e do seu mandato\u201d, disse Almeida.<\/p>\n\n\n\n<p>Na oportunidade, o vice-prefeito e secret\u00e1rio-chefe da Casa Civil, Marcos Rotta, enfatizou que a atua\u00e7\u00e3o dos conselheiros tutelares \u00e9 fundamental na prote\u00e7\u00e3o dos direitos das crian\u00e7as e adolescentes.<\/p>\n\n\n\n<p>\u201cA gest\u00e3o do prefeito David Almeida tem se traduzido em melhorias e viabiliza\u00e7\u00e3o na garantia dos direitos infantojuvenis. Hoje, empossamos 50 conselheiros tutelares para seguir nesta miss\u00e3o important\u00edssima que \u00e9 a defesa do direito das crian\u00e7as e adolescentes, de forma abrangente e eficaz\u201d, afirmou Rotta.<\/p>\n\n\n\n<p>Segundo o secret\u00e1rio da Semasc, Eduardo Lucas, a determina\u00e7\u00e3o ressalta a import\u00e2ncia do sistema judici\u00e1rio na garantia dos direitos democr\u00e1ticos e da participa\u00e7\u00e3o ativa da comunidade na escolha de seus representantes.<\/p>\n\n\n\n<p>\u201cEstamos muito felizes. N\u00f3s est\u00e1vamos angustiados, mas tendo que cumprir a decis\u00e3o da Justi\u00e7a local. A prefeitura n\u00e3o poderia deixar de cumprir aquela decis\u00e3o, mas gra\u00e7as a Deus o ministro aceitou os argumentos da nossa procuradoria, prevaleceu a justi\u00e7a, a decis\u00e3o local foi revista, enfim, prevaleceu o consenso\u201d, explicou o secret\u00e1rio.<\/p>\n\n\n\n<figure class=\"wp-block-image size-large\"><img loading=\"lazy\" decoding=\"async\" width=\"1024\" height=\"683\" src=\"https:\/\/www.manaus.am.gov.br\/semasc\/wp-content\/uploads\/sites\/17\/2024\/01\/53480819859_2ace3a37d1_k-1024x683.jpg\" alt=\"\" class=\"wp-image-209743\" srcset=\"https:\/\/www.manaus.am.gov.br\/semasc\/wp-content\/uploads\/sites\/17\/2024\/01\/53480819859_2ace3a37d1_k-1024x683.jpg 1024w, https:\/\/www.manaus.am.gov.br\/semasc\/wp-content\/uploads\/sites\/17\/2024\/01\/53480819859_2ace3a37d1_k-300x200.jpg 300w, https:\/\/www.manaus.am.gov.br\/semasc\/wp-content\/uploads\/sites\/17\/2024\/01\/53480819859_2ace3a37d1_k-768x512.jpg 768w, https:\/\/www.manaus.am.gov.br\/semasc\/wp-content\/uploads\/sites\/17\/2024\/01\/53480819859_2ace3a37d1_k-1536x1024.jpg 1536w, https:\/\/www.manaus.am.gov.br\/semasc\/wp-content\/uploads\/sites\/17\/2024\/01\/53480819859_2ace3a37d1_k.jpg 2047w\" sizes=\"(max-width: 1024px) 100vw, 1024px\" \/><\/figure>\n\n\n\n<p><strong>Atua\u00e7\u00e3o<\/strong><\/p>\n\n\n\n<p>Os conselheiros empossados receberam treinamento e orienta\u00e7\u00f5es para desempenhar suas fun\u00e7\u00f5es de maneira eficaz e sens\u00edvel, lidando com situa\u00e7\u00f5es delicadas e contribuindo para a constru\u00e7\u00e3o de uma cidade mais justa e inclusiva para as futuras gera\u00e7\u00f5es. Os profissionais ir\u00e3o atuar na zona Centro-Sul, Sul 1, Sul 2, Leste 1, Leste 2, Norte 1, Norte 2, Oeste, Centro-Oeste, Oeste e zona rural de Manaus.<\/p>\n\n\n\n<p>A posse dos 50 novos conselheiros tutelares \u00e9 um passo essencial para fortalecer o sistema de prote\u00e7\u00e3o \u00e0 inf\u00e2ncia em Manaus e garantir que as pol\u00edticas e a\u00e7\u00f5es em prol dos direitos das crian\u00e7as e adolescentes sejam efetivas e abrangentes.<\/p>\n\n\n\n<p>\u201cA principal miss\u00e3o dos conselheiros tutelares \u00e9 de respeitar e garantir o direito da crian\u00e7a e do adolescente. Ent\u00e3o, \u00e9 de suma import\u00e2ncia o trabalho deles, anteriormente sendo feito pelo juizado, mas a partir de 1990, atrav\u00e9s da Lei 8.069, que \u00e9 o Estatuto da Crian\u00e7a e do Adolescente (ECA), trouxe essa responsabilidade para essa fun\u00e7\u00e3o dos conselheiros tutelares\u201d, informou a presidente do CMDCA, Elis\u00e2ngela Amorim.<\/p>\n\n\n\n<p>&#8212; &#8212; &#8212;<\/p>\n\n\n\n<p><strong>Texto &#8211;<\/strong> Beathriz Torres \/ Semcom e Divulga\u00e7\u00e3o \/ Semasc<\/p>\n\n\n\n<p><strong>Fotos \u2013 <\/strong>Ruan Souza \/ Semcom e Antonio Pereira \/ Casa Civil<\/p>\n\n\n\n<p><strong>Dispon\u00edveis em &#8211; <\/strong><a href=\"https:\/\/flic.kr\/s\/aHBqjBbmAh\">https:\/\/flic.kr\/s\/aHBqjBbmAh<\/a><\/p>\n","protected":false},"excerpt":{"rendered":"","protected":false},"author":39,"featured_media":209744,"comment_status":"closed","ping_status":"closed","sticky":false,"template":"","format":"standard","meta":{"footnotes":""},"categories":[15],"tags":[274,891,892,7,893,894,18],"acf":[],"yoast_head":"<!-- This site is optimized with the Yoast SEO plugin v23.0 - https:\/\/yoast.com\/wordpress\/plugins\/seo\/ -->\n<title>Posse dos novos conselheiros tutelares quadri\u00eanio 2024\/2027<\/title>\n<meta name=\"description\" content=\"Prefeito de Manaus, David Almeida, empossa 50 novos conselheiros tutelares no munic\u00edpio para o quadri\u00eanio 2024\/2027.\" \/>\n<meta name=\"robots\" content=\"noindex, follow\" \/>\n<meta property=\"og:locale\" content=\"pt_BR\" \/>\n<meta property=\"og:type\" content=\"article\" \/>\n<meta property=\"og:title\" content=\"Posse dos novos conselheiros tutelares quadri\u00eanio 2024\/2027\" \/>\n<meta property=\"og:description\" content=\"Prefeito de Manaus, David Almeida, empossa 50 novos conselheiros tutelares no munic\u00edpio para o quadri\u00eanio 2024\/2027.\" \/>\n<meta property=\"og:url\" content=\"https:\/\/www.manaus.am.gov.br\/semasc\/prefeito-empossa-novos-conselheiros-tutelares-para-o-quadrienio-2024-2027\/\" \/>\n<meta property=\"og:site_name\" content=\"SEMASC\" \/>\n<meta property=\"article:publisher\" content=\"https:\/\/www.facebook.com\/semascmanaus\" \/>\n<meta property=\"article:published_time\" content=\"2024-01-22T17:42:31+00:00\" \/>\n<meta property=\"article:modified_time\" content=\"2024-02-08T13:11:37+00:00\" \/>\n<meta property=\"og:image\" content=\"https:\/\/www.manaus.am.gov.br\/semasc\/wp-content\/uploads\/sites\/17\/2024\/01\/53480347846_5c7d59e4a0_k.jpg\" \/>\n\t<meta property=\"og:image:width\" content=\"2048\" \/>\n\t<meta property=\"og:image:height\" content=\"1365\" \/>\n\t<meta property=\"og:image:type\" content=\"image\/jpeg\" \/>\n<meta name=\"author\" content=\"Bruna Greco\" \/>\n<meta name=\"twitter:card\" content=\"summary_large_image\" \/>\n<meta name=\"twitter:label1\" content=\"Written by\" \/>\n\t<meta name=\"twitter:data1\" content=\"Bruna Greco\" \/>\n\t<meta name=\"twitter:label2\" content=\"Est. reading time\" \/>\n\t<meta name=\"twitter:data2\" content=\"4 minutos\" \/>\n<script type=\"application\/ld+json\" class=\"yoast-schema-graph\">{\"@context\":\"https:\/\/schema.org\",\"@graph\":[{\"@type\":\"Article\",\"@id\":\"https:\/\/www.manaus.am.gov.br\/semasc\/prefeito-empossa-novos-conselheiros-tutelares-para-o-quadrienio-2024-2027\/#article\",\"isPartOf\":{\"@id\":\"https:\/\/www.manaus.am.gov.br\/semasc\/prefeito-empossa-novos-conselheiros-tutelares-para-o-quadrienio-2024-2027\/\"},\"author\":{\"name\":\"Bruna Greco\",\"@id\":\"https:\/\/www.manaus.am.gov.br\/semasc\/#\/schema\/person\/05d223aea2bf115f9883a6ff3683d81b\"},\"headline\":\"Prefeito empossa novos conselheiros tutelares para o quadri\u00eanio 2024\/2027\",\"datePublished\":\"2024-01-22T17:42:31+00:00\",\"dateModified\":\"2024-02-08T13:11:37+00:00\",\"mainEntityOfPage\":{\"@id\":\"https:\/\/www.manaus.am.gov.br\/semasc\/prefeito-empossa-novos-conselheiros-tutelares-para-o-quadrienio-2024-2027\/\"},\"wordCount\":628,\"publisher\":{\"@id\":\"https:\/\/www.manaus.am.gov.br\/semasc\/#organization\"},\"image\":{\"@id\":\"https:\/\/www.manaus.am.gov.br\/semasc\/prefeito-empossa-novos-conselheiros-tutelares-para-o-quadrienio-2024-2027\/#primaryimage\"},\"thumbnailUrl\":\"https:\/\/www.manaus.am.gov.br\/semasc\/wp-content\/uploads\/sites\/17\/2024\/01\/53480347846_5c7d59e4a0_k.jpg\",\"keywords\":[\"David Almeida\",\"decis\u00e3o do STJ\",\"Posse dos 50 novos conselheiros tutelares\",\"prefeitura de manaus\",\"prote\u00e7\u00e3o dos direitos das crian\u00e7as e adolescentes\",\"quadri\u00eanio 2024\/2027\",\"Semasc\"],\"articleSection\":[\"Posse\"],\"inLanguage\":\"pt-BR\"},{\"@type\":\"WebPage\",\"@id\":\"https:\/\/www.manaus.am.gov.br\/semasc\/prefeito-empossa-novos-conselheiros-tutelares-para-o-quadrienio-2024-2027\/\",\"url\":\"https:\/\/www.manaus.am.gov.br\/semasc\/prefeito-empossa-novos-conselheiros-tutelares-para-o-quadrienio-2024-2027\/\",\"name\":\"Posse dos novos conselheiros tutelares quadri\u00eanio 2024\/2027\",\"isPartOf\":{\"@id\":\"https:\/\/www.manaus.am.gov.br\/semasc\/#website\"},\"primaryImageOfPage\":{\"@id\":\"https:\/\/www.manaus.am.gov.br\/semasc\/prefeito-empossa-novos-conselheiros-tutelares-para-o-quadrienio-2024-2027\/#primaryimage\"},\"image\":{\"@id\":\"https:\/\/www.manaus.am.gov.br\/semasc\/prefeito-empossa-novos-conselheiros-tutelares-para-o-quadrienio-2024-2027\/#primaryimage\"},\"thumbnailUrl\":\"https:\/\/www.manaus.am.gov.br\/semasc\/wp-content\/uploads\/sites\/17\/2024\/01\/53480347846_5c7d59e4a0_k.jpg\",\"datePublished\":\"2024-01-22T17:42:31+00:00\",\"dateModified\":\"2024-02-08T13:11:37+00:00\",\"description\":\"Prefeito de Manaus, David Almeida, empossa 50 novos conselheiros tutelares no munic\u00edpio para o quadri\u00eanio 2024\/2027.\",\"breadcrumb\":{\"@id\":\"https:\/\/www.manaus.am.gov.br\/semasc\/prefeito-empossa-novos-conselheiros-tutelares-para-o-quadrienio-2024-2027\/#breadcrumb\"},\"inLanguage\":\"pt-BR\",\"potentialAction\":[{\"@type\":\"ReadAction\",\"target\":[\"https:\/\/www.manaus.am.gov.br\/semasc\/prefeito-empossa-novos-conselheiros-tutelares-para-o-quadrienio-2024-2027\/\"]}]},{\"@type\":\"ImageObject\",\"inLanguage\":\"pt-BR\",\"@id\":\"https:\/\/www.manaus.am.gov.br\/semasc\/prefeito-empossa-novos-conselheiros-tutelares-para-o-quadrienio-2024-2027\/#primaryimage\",\"url\":\"https:\/\/www.manaus.am.gov.br\/semasc\/wp-content\/uploads\/sites\/17\/2024\/01\/53480347846_5c7d59e4a0_k.jpg\",\"contentUrl\":\"https:\/\/www.manaus.am.gov.br\/semasc\/wp-content\/uploads\/sites\/17\/2024\/01\/53480347846_5c7d59e4a0_k.jpg\",\"width\":2048,\"height\":1365,\"caption\":\"#paratodosverem - Prefeito David Almeida, acompanhado do vice-prefeito Marcos Rotta e demais secret\u00e1rios municipais, durante solenidade de posse dos 50 novos conselheiros tutelares de Manaus\"},{\"@type\":\"BreadcrumbList\",\"@id\":\"https:\/\/www.manaus.am.gov.br\/semasc\/prefeito-empossa-novos-conselheiros-tutelares-para-o-quadrienio-2024-2027\/#breadcrumb\",\"itemListElement\":[{\"@type\":\"ListItem\",\"position\":1,\"name\":\"Home\",\"item\":\"https:\/\/www.manaus.am.gov.br\/semasc\/\"},{\"@type\":\"ListItem\",\"position\":2,\"name\":\"Prefeito empossa novos conselheiros tutelares para o quadri\u00eanio 2024\/2027\"}]},{\"@type\":\"WebSite\",\"@id\":\"https:\/\/www.manaus.am.gov.br\/semasc\/#website\",\"url\":\"https:\/\/www.manaus.am.gov.br\/semasc\/\",\"name\":\"SEMASC\",\"description\":\"Secretaria Municipal da Mulher, Assist\u00eancia Social e Cidadania.\",\"publisher\":{\"@id\":\"https:\/\/www.manaus.am.gov.br\/semasc\/#organization\"},\"alternateName\":\"Secretaria Municipal da Mulher, Assist\u00eancia Social e Cidadania\",\"potentialAction\":[{\"@type\":\"SearchAction\",\"target\":{\"@type\":\"EntryPoint\",\"urlTemplate\":\"https:\/\/www.manaus.am.gov.br\/semasc\/?s={search_term_string}\"},\"query-input\":\"required name=search_term_string\"}],\"inLanguage\":\"pt-BR\"},{\"@type\":\"Organization\",\"@id\":\"https:\/\/www.manaus.am.gov.br\/semasc\/#organization\",\"name\":\"Prefeitura de Manaus\",\"alternateName\":\"Prefeitura Municipal de Manaus\",\"url\":\"https:\/\/www.manaus.am.gov.br\/semasc\/\",\"logo\":{\"@type\":\"ImageObject\",\"inLanguage\":\"pt-BR\",\"@id\":\"https:\/\/www.manaus.am.gov.br\/semasc\/#\/schema\/logo\/image\/\",\"url\":\"https:\/\/www.manaus.am.gov.br\/semasc\/wp-content\/uploads\/sites\/17\/2024\/07\/favicon.png\",\"contentUrl\":\"https:\/\/www.manaus.am.gov.br\/semasc\/wp-content\/uploads\/sites\/17\/2024\/07\/favicon.png\",\"width\":300,\"height\":300,\"caption\":\"Prefeitura de Manaus\"},\"image\":{\"@id\":\"https:\/\/www.manaus.am.gov.br\/semasc\/#\/schema\/logo\/image\/\"},\"sameAs\":[\"https:\/\/www.facebook.com\/semascmanaus\",\"https:\/\/www.instagram.com\/semascmanaus\/\"]},{\"@type\":\"Person\",\"@id\":\"https:\/\/www.manaus.am.gov.br\/semasc\/#\/schema\/person\/05d223aea2bf115f9883a6ff3683d81b\",\"name\":\"Bruna Greco\",\"image\":{\"@type\":\"ImageObject\",\"inLanguage\":\"pt-BR\",\"@id\":\"https:\/\/www.manaus.am.gov.br\/semasc\/#\/schema\/person\/image\/\",\"url\":\"https:\/\/secure.gravatar.com\/avatar\/9c877d1a6adc2a055330e5c09a8653ce?s=96&d=mm&r=g\",\"contentUrl\":\"https:\/\/secure.gravatar.com\/avatar\/9c877d1a6adc2a055330e5c09a8653ce?s=96&d=mm&r=g\",\"caption\":\"Bruna Greco\"}}]}<\/script>\n<!-- \/ Yoast SEO plugin. -->","yoast_head_json":{"title":"Posse dos novos conselheiros tutelares quadri\u00eanio 2024\/2027","description":"Prefeito de Manaus, David Almeida, empossa 50 novos conselheiros tutelares no munic\u00edpio para o quadri\u00eanio 2024\/2027.","robots":{"index":"noindex","follow":"follow"},"og_locale":"pt_BR","og_type":"article","og_title":"Posse dos novos conselheiros tutelares quadri\u00eanio 2024\/2027","og_description":"Prefeito de Manaus, David Almeida, empossa 50 novos conselheiros tutelares no munic\u00edpio para o quadri\u00eanio 2024\/2027.","og_url":"https:\/\/www.manaus.am.gov.br\/semasc\/prefeito-empossa-novos-conselheiros-tutelares-para-o-quadrienio-2024-2027\/","og_site_name":"SEMASC","article_publisher":"https:\/\/www.facebook.com\/semascmanaus","article_published_time":"2024-01-22T17:42:31+00:00","article_modified_time":"2024-02-08T13:11:37+00:00","og_image":[{"width":2048,"height":1365,"url":"https:\/\/www.manaus.am.gov.br\/semasc\/wp-content\/uploads\/sites\/17\/2024\/01\/53480347846_5c7d59e4a0_k.jpg","type":"image\/jpeg"}],"author":"Bruna Greco","twitter_card":"summary_large_image","twitter_misc":{"Written by":"Bruna Greco","Est. reading time":"4 minutos"},"schema":{"@context":"https:\/\/schema.org","@graph":[{"@type":"Article","@id":"https:\/\/www.manaus.am.gov.br\/semasc\/prefeito-empossa-novos-conselheiros-tutelares-para-o-quadrienio-2024-2027\/#article","isPartOf":{"@id":"https:\/\/www.manaus.am.gov.br\/semasc\/prefeito-empossa-novos-conselheiros-tutelares-para-o-quadrienio-2024-2027\/"},"author":{"name":"Bruna Greco","@id":"https:\/\/www.manaus.am.gov.br\/semasc\/#\/schema\/person\/05d223aea2bf115f9883a6ff3683d81b"},"headline":"Prefeito empossa novos conselheiros tutelares para o quadri\u00eanio 2024\/2027","datePublished":"2024-01-22T17:42:31+00:00","dateModified":"2024-02-08T13:11:37+00:00","mainEntityOfPage":{"@id":"https:\/\/www.manaus.am.gov.br\/semasc\/prefeito-empossa-novos-conselheiros-tutelares-para-o-quadrienio-2024-2027\/"},"wordCount":628,"publisher":{"@id":"https:\/\/www.manaus.am.gov.br\/semasc\/#organization"},"image":{"@id":"https:\/\/www.manaus.am.gov.br\/semasc\/prefeito-empossa-novos-conselheiros-tutelares-para-o-quadrienio-2024-2027\/#primaryimage"},"thumbnailUrl":"https:\/\/www.manaus.am.gov.br\/semasc\/wp-content\/uploads\/sites\/17\/2024\/01\/53480347846_5c7d59e4a0_k.jpg","keywords":["David Almeida","decis\u00e3o do STJ","Posse dos 50 novos conselheiros tutelares","prefeitura de manaus","prote\u00e7\u00e3o dos direitos das crian\u00e7as e adolescentes","quadri\u00eanio 2024\/2027","Semasc"],"articleSection":["Posse"],"inLanguage":"pt-BR"},{"@type":"WebPage","@id":"https:\/\/www.manaus.am.gov.br\/semasc\/prefeito-empossa-novos-conselheiros-tutelares-para-o-quadrienio-2024-2027\/","url":"https:\/\/www.manaus.am.gov.br\/semasc\/prefeito-empossa-novos-conselheiros-tutelares-para-o-quadrienio-2024-2027\/","name":"Posse dos novos conselheiros tutelares quadri\u00eanio 2024\/2027","isPartOf":{"@id":"https:\/\/www.manaus.am.gov.br\/semasc\/#website"},"primaryImageOfPage":{"@id":"https:\/\/www.manaus.am.gov.br\/semasc\/prefeito-empossa-novos-conselheiros-tutelares-para-o-quadrienio-2024-2027\/#primaryimage"},"image":{"@id":"https:\/\/www.manaus.am.gov.br\/semasc\/prefeito-empossa-novos-conselheiros-tutelares-para-o-quadrienio-2024-2027\/#primaryimage"},"thumbnailUrl":"https:\/\/www.manaus.am.gov.br\/semasc\/wp-content\/uploads\/sites\/17\/2024\/01\/53480347846_5c7d59e4a0_k.jpg","datePublished":"2024-01-22T17:42:31+00:00","dateModified":"2024-02-08T13:11:37+00:00","description":"Prefeito de Manaus, David Almeida, empossa 50 novos conselheiros tutelares no munic\u00edpio para o quadri\u00eanio 2024\/2027.","breadcrumb":{"@id":"https:\/\/www.manaus.am.gov.br\/semasc\/prefeito-empossa-novos-conselheiros-tutelares-para-o-quadrienio-2024-2027\/#breadcrumb"},"inLanguage":"pt-BR","potentialAction":[{"@type":"ReadAction","target":["https:\/\/www.manaus.am.gov.br\/semasc\/prefeito-empossa-novos-conselheiros-tutelares-para-o-quadrienio-2024-2027\/"]}]},{"@type":"ImageObject","inLanguage":"pt-BR","@id":"https:\/\/www.manaus.am.gov.br\/semasc\/prefeito-empossa-novos-conselheiros-tutelares-para-o-quadrienio-2024-2027\/#primaryimage","url":"https:\/\/www.manaus.am.gov.br\/semasc\/wp-content\/uploads\/sites\/17\/2024\/01\/53480347846_5c7d59e4a0_k.jpg","contentUrl":"https:\/\/www.manaus.am.gov.br\/semasc\/wp-content\/uploads\/sites\/17\/2024\/01\/53480347846_5c7d59e4a0_k.jpg","width":2048,"height":1365,"caption":"#paratodosverem - Prefeito David Almeida, acompanhado do vice-prefeito Marcos Rotta e demais secret\u00e1rios municipais, durante solenidade de posse dos 50 novos conselheiros tutelares de Manaus"},{"@type":"BreadcrumbList","@id":"https:\/\/www.manaus.am.gov.br\/semasc\/prefeito-empossa-novos-conselheiros-tutelares-para-o-quadrienio-2024-2027\/#breadcrumb","itemListElement":[{"@type":"ListItem","position":1,"name":"Home","item":"https:\/\/www.manaus.am.gov.br\/semasc\/"},{"@type":"ListItem","position":2,"name":"Prefeito empossa novos conselheiros tutelares para o quadri\u00eanio 2024\/2027"}]},{"@type":"WebSite","@id":"https:\/\/www.manaus.am.gov.br\/semasc\/#website","url":"https:\/\/www.manaus.am.gov.br\/semasc\/","name":"SEMASC","description":"Secretaria Municipal da Mulher, Assist\u00eancia Social e Cidadania.","publisher":{"@id":"https:\/\/www.manaus.am.gov.br\/semasc\/#organization"},"alternateName":"Secretaria Municipal da Mulher, Assist\u00eancia Social e Cidadania","potentialAction":[{"@type":"SearchAction","target":{"@type":"EntryPoint","urlTemplate":"https:\/\/www.manaus.am.gov.br\/semasc\/?s={search_term_string}"},"query-input":"required name=search_term_string"}],"inLanguage":"pt-BR"},{"@type":"Organization","@id":"https:\/\/www.manaus.am.gov.br\/semasc\/#organization","name":"Prefeitura de Manaus","alternateName":"Prefeitura Municipal de Manaus","url":"https:\/\/www.manaus.am.gov.br\/semasc\/","logo":{"@type":"ImageObject","inLanguage":"pt-BR","@id":"https:\/\/www.manaus.am.gov.br\/semasc\/#\/schema\/logo\/image\/","url":"https:\/\/www.manaus.am.gov.br\/semasc\/wp-content\/uploads\/sites\/17\/2024\/07\/favicon.png","contentUrl":"https:\/\/www.manaus.am.gov.br\/semasc\/wp-content\/uploads\/sites\/17\/2024\/07\/favicon.png","width":300,"height":300,"caption":"Prefeitura de Manaus"},"image":{"@id":"https:\/\/www.manaus.am.gov.br\/semasc\/#\/schema\/logo\/image\/"},"sameAs":["https:\/\/www.facebook.com\/semascmanaus","https:\/\/www.instagram.com\/semascmanaus\/"]},{"@type":"Person","@id":"https:\/\/www.manaus.am.gov.br\/semasc\/#\/schema\/person\/05d223aea2bf115f9883a6ff3683d81b","name":"Bruna Greco","image":{"@type":"ImageObject","inLanguage":"pt-BR","@id":"https:\/\/www.manaus.am.gov.br\/semasc\/#\/schema\/person\/image\/","url":"https:\/\/secure.gravatar.com\/avatar\/9c877d1a6adc2a055330e5c09a8653ce?s=96&d=mm&r=g","contentUrl":"https:\/\/secure.gravatar.com\/avatar\/9c877d1a6adc2a055330e5c09a8653ce?s=96&d=mm&r=g","caption":"Bruna Greco"}}]}},"_links":{"self":[{"href":"https:\/\/www.manaus.am.gov.br\/semasc\/wp-json\/wp\/v2\/posts\/209742"}],"collection":[{"href":"https:\/\/www.manaus.am.gov.br\/semasc\/wp-json\/wp\/v2\/posts"}],"about":[{"href":"https:\/\/www.manaus.am.gov.br\/semasc\/wp-json\/wp\/v2\/types\/post"}],"author":[{"embeddable":true,"href":"https:\/\/www.manaus.am.gov.br\/semasc\/wp-json\/wp\/v2\/users\/39"}],"replies":[{"embeddable":true,"href":"https:\/\/www.manaus.am.gov.br\/semasc\/wp-json\/wp\/v2\/comments?post=209742"}],"version-history":[{"count":3,"href":"https:\/\/www.manaus.am.gov.br\/semasc\/wp-json\/wp\/v2\/posts\/209742\/revisions"}],"predecessor-version":[{"id":209747,"href":"https:\/\/www.manaus.am.gov.br\/semasc\/wp-json\/wp\/v2\/posts\/209742\/revisions\/209747"}],"wp:featuredmedia":[{"embeddable":true,"href":"https:\/\/www.manaus.am.gov.br\/semasc\/wp-json\/wp\/v2\/media\/209744"}],"wp:attachment":[{"href":"https:\/\/www.manaus.am.gov.br\/semasc\/wp-json\/wp\/v2\/media?parent=209742"}],"wp:term":[{"taxonomy":"category","embeddable":true,"href":"https:\/\/www.manaus.am.gov.br\/semasc\/wp-json\/wp\/v2\/categories?post=209742"},{"taxonomy":"post_tag","embeddable":true,"href":"https:\/\/www.manaus.am.gov.br\/semasc\/wp-json\/wp\/v2\/tags?post=209742"}],"curies":[{"name":"wp","href":"https:\/\/api.w.org\/{rel}","templated":true}]}}